{"id":9915,"date":"2021-08-12T10:54:00","date_gmt":"2021-08-12T10:54:00","guid":{"rendered":"https:\/\/www.africa-press.net\/niger\/?p=9915"},"modified":"2021-08-12T18:48:35","modified_gmt":"2021-08-12T18:48:35","slug":"niger-installation-officielle-dun-comite-charge-de-conduire-a-la-signature-de-la-convention-collective-de-la-presse","status":"publish","type":"post","link":"https:\/\/www.africa-press.net\/niger\/culture-et-art\/niger-installation-officielle-dun-comite-charge-de-conduire-a-la-signature-de-la-convention-collective-de-la-presse","title":{"rendered":"Installation officielle d\u2019un comit\u00e9 charg\u00e9 de conduire \u00e0 la signature de la convention collective de la Presse"},"content":{"rendered":"<p><span style=\"color: #ff6600\"><strong><a href=\"https:\/\/www.africa-press.net\/\">Africa-Press<\/a> &#8211; <a href=\"https:\/\/www.africa-press.net\/niger\">Niger<\/a>.\u00a0 <\/strong><\/span>\u00a0Le ministre de la Communication, charg\u00e9 des relations avec les institutions, M. Zada Mahamadou, a install\u00e9 officiellement, ce mercredi 11 Ao\u00fbt 2021 \u00e0 la maison de la presse de Niamey, le comit\u00e9 ad hoc charg\u00e9 de conduire \u00e0 la signature de la convention collective de la presse.<\/p>\n<p>Ce comit\u00e9 aura pour t\u00e2che de mener des n\u00e9gociations sur les principaux points de blocage de la signature de cette convention collective, notamment l\u2019acc\u00e8s \u00e0 la publicit\u00e9, le probl\u00e8me de la redevance de la Nigelec, du r\u00e9gime fiscal et du fonds d\u2019aide \u00e0 la presse.<\/p>\n<p>A ce titre, le comit\u00e9 est charg\u00e9 de parachever les n\u00e9gociations entre employeurs et employ\u00e9s et de booster le processus devant mener \u00e0 la signature de la convention collective de la presse au Niger.<\/p>\n<p>Plus sp\u00e9cifiquement, ce comit\u00e9 aura \u00e0 acc\u00e9l\u00e9rer le processus d&rsquo;adoption de la convention collective et celui de suivi de sa mise en \u0153uvre ; de toiletter la version 2012 du document original de la convention ; de vulgariser la version actualis\u00e9e du document ; de proposer une grille salariale bas\u00e9e sur le SMIG et parachever le processus par la signature du document.<\/p>\n<p>Aussi, un moratoire d&rsquo;un an est pr\u00e9vu au comit\u00e9 pour permettre aux employeurs et aux employ\u00e9s ainsi qu\u2019\u00e0 leurs organes de s&rsquo;adapter progressivement de la mise en \u0153uvre du document, tout en poursuivant les discussions avec les autorit\u00e9s comp\u00e9tentes sectorielles sur les pr\u00e9occupations majeures soulev\u00e9es par les promoteurs.<\/p>\n<p>Le comit\u00e9 est presid\u00e9 par M. Grema Boukar du Groupe ANFANI, second\u00e9 d\u2019un vice-pr\u00e9sident en la personne de M. Idi Gambo (Syndicaliste) et de deux rapporteurs : MM. chaibou Mamane et Abdou Ibrahim Bagna.<\/p>\n<p>Par ailleurs, le comit\u00e9 est aussi compos\u00e9 par d&rsquo;autres membres issus des structures socioprofessionnelles de la presse.<\/p>\n<p>Dans son intervention, le Ministre de la Communication, Charg\u00e9 des Relations avec les Institutions, Monsieur ZADA MAHAMADOU a invit\u00e9 les diff\u00e9rents membres du Comit\u00e9 \u00e0 faire preuve de r\u00e9alisme, de pragmatisme, de respect, de courtoisie et de professionnalisme dans la conduite de leurs travaux et cela dans l&rsquo;int\u00e9r\u00eat bien compris des acteurs des m\u00e9dias et surtout de l&rsquo;avenir du secteur de la presse au Niger.<\/p>\n<p>&nbsp;<\/p>\n","protected":false},"excerpt":{"rendered":"<p>Africa-Press &#8211; Niger.\u00a0 \u00a0Le ministre de la Communication, charg\u00e9 des relations avec les institutions, M. Zada Mahamadou, a install\u00e9 officiellement, ce mercredi 11 Ao\u00fbt 2021 \u00e0 la maison de la presse de Niamey, le comit\u00e9 ad hoc charg\u00e9 de conduire \u00e0 la signature de la convention collective de la presse. Ce comit\u00e9 aura pour t\u00e2che [&hellip;]<\/p>\n","protected":false},"author":82,"featured_media":9914,"comment_status":"open","ping_status":"closed","sticky":false,"template":"","format":"standard","meta":{"footnotes":""},"categories":[5,11,20,10],"tags":[55,60,29],"class_list":["post-9915","post","type-post","status-publish","format-standard","has-post-thumbnail","hentry","category-culture-et-art","category-homepage-french","category-top-nouvelles","category-toutes-les-actualites","tag-africa-press","tag-africa-press-niger","tag-niger"],"yoast_head":"<!-- This site is optimized with the Yoast SEO Premium plugin v26.1 (Yoast SEO v27.0) - https:\/\/yoast.com\/product\/yoast-seo-premium-wordpress\/ -->\n<title>Installation officielle d\u2019un comit\u00e9 charg\u00e9 de conduire \u00e0 la signature de la convention collective de la Presse - niger<\/title>\n<meta name=\"description\" content=\", 11 Ao\u00fbt (ANP) - Le ministre de la Communication, charg\u00e9 des relations avec les institutions, M. Zada Mahamadou, a inst ...\" \/>\n<meta name=\"robots\" content=\"index, follow, max-snippet:-1, max-image-preview:large, max-video-preview:-1\" \/>\n<link rel=\"canonical\" href=\"https:\/\/www.africa-press.net\/niger\/culture-et-art\/niger-installation-officielle-dun-comite-charge-de-conduire-a-la-signature-de-la-convention-collective-de-la-presse\" \/>\n<meta property=\"og:locale\" content=\"fr_FR\" \/>\n<meta property=\"og:type\" content=\"article\" \/>\n<meta property=\"og:title\" content=\"Installation officielle d\u2019un comit\u00e9 charg\u00e9 de conduire \u00e0 la signature de la convention collective de la Presse\" \/>\n<meta property=\"og:description\" content=\", 11 Ao\u00fbt (ANP) - Le ministre de la Communication, charg\u00e9 des relations avec les institutions, M. Zada Mahamadou, a inst ...\" \/>\n<meta property=\"og:url\" content=\"https:\/\/www.africa-press.net\/niger\/culture-et-art\/niger-installation-officielle-dun-comite-charge-de-conduire-a-la-signature-de-la-convention-collective-de-la-presse\" \/>\n<meta property=\"og:site_name\" content=\"niger\" \/>\n<meta property=\"article:published_time\" content=\"2021-08-12T10:54:00+00:00\" \/>\n<meta property=\"article:modified_time\" content=\"2021-08-12T18:48:35+00:00\" \/>\n<meta property=\"og:image\" content=\"https:\/\/static.africa-press.net\/niger\/sites\/40\/2021\/08\/img-6114f6e64fcb1.jpg\" \/>\n\t<meta property=\"og:image:width\" content=\"1080\" \/>\n\t<meta property=\"og:image:height\" content=\"720\" \/>\n\t<meta property=\"og:image:type\" content=\"image\/jpeg\" \/>\n<meta name=\"author\" content=\"cfeditorfr\" \/>\n<meta name=\"twitter:card\" content=\"summary_large_image\" \/>\n<meta name=\"twitter:label1\" content=\"\u00c9crit par\" \/>\n\t<meta name=\"twitter:data1\" content=\"cfeditorfr\" \/>\n\t<meta name=\"twitter:label2\" content=\"Dur\u00e9e de lecture estim\u00e9e\" \/>\n\t<meta name=\"twitter:data2\" content=\"2 minutes\" \/>\n<script type=\"application\/ld+json\" class=\"yoast-schema-graph\">{\"@context\":\"https:\/\/schema.org\",\"@graph\":[{\"@type\":\"Article\",\"@id\":\"https:\/\/www.africa-press.net\/niger\/culture-et-art\/niger-installation-officielle-dun-comite-charge-de-conduire-a-la-signature-de-la-convention-collective-de-la-presse#article\",\"isPartOf\":{\"@id\":\"https:\/\/www.africa-press.net\/niger\/culture-et-art\/niger-installation-officielle-dun-comite-charge-de-conduire-a-la-signature-de-la-convention-collective-de-la-presse\"},\"author\":{\"name\":\"cfeditorfr\",\"@id\":\"https:\/\/www.africa-press.net\/niger\/#\/schema\/person\/2b1cf3cd81a31e3cd26889ca66d677f1\"},\"headline\":\"Installation officielle d\u2019un comit\u00e9 charg\u00e9 de conduire \u00e0 la signature de la convention collective de la Presse\",\"datePublished\":\"2021-08-12T10:54:00+00:00\",\"dateModified\":\"2021-08-12T18:48:35+00:00\",\"mainEntityOfPage\":{\"@id\":\"https:\/\/www.africa-press.net\/niger\/culture-et-art\/niger-installation-officielle-dun-comite-charge-de-conduire-a-la-signature-de-la-convention-collective-de-la-presse\"},\"wordCount\":393,\"commentCount\":0,\"image\":{\"@id\":\"https:\/\/www.africa-press.net\/niger\/culture-et-art\/niger-installation-officielle-dun-comite-charge-de-conduire-a-la-signature-de-la-convention-collective-de-la-presse#primaryimage\"},\"thumbnailUrl\":\"https:\/\/static.africa-press.net\/niger\/sites\/40\/2021\/08\/img-6114f6e64fcb1.jpg\",\"keywords\":[\"Africa Press\",\"Africa Press-Niger\",\"Niger\"],\"articleSection\":[\"Culture et Art\",\"homepage-french\",\"Top Nouvelles\",\"Toutes les actualit\u00e9s\"],\"inLanguage\":\"fr-FR\",\"potentialAction\":[{\"@type\":\"CommentAction\",\"name\":\"Comment\",\"target\":[\"https:\/\/www.africa-press.net\/niger\/culture-et-art\/niger-installation-officielle-dun-comite-charge-de-conduire-a-la-signature-de-la-convention-collective-de-la-presse#respond\"]}]},{\"@type\":\"WebPage\",\"@id\":\"https:\/\/www.africa-press.net\/niger\/culture-et-art\/niger-installation-officielle-dun-comite-charge-de-conduire-a-la-signature-de-la-convention-collective-de-la-presse\",\"url\":\"https:\/\/www.africa-press.net\/niger\/culture-et-art\/niger-installation-officielle-dun-comite-charge-de-conduire-a-la-signature-de-la-convention-collective-de-la-presse\",\"name\":\"Installation officielle d\u2019un comit\u00e9 charg\u00e9 de conduire \u00e0 la signature de la convention collective de la Presse - niger\",\"isPartOf\":{\"@id\":\"https:\/\/www.africa-press.net\/niger\/#website\"},\"primaryImageOfPage\":{\"@id\":\"https:\/\/www.africa-press.net\/niger\/culture-et-art\/niger-installation-officielle-dun-comite-charge-de-conduire-a-la-signature-de-la-convention-collective-de-la-presse#primaryimage\"},\"image\":{\"@id\":\"https:\/\/www.africa-press.net\/niger\/culture-et-art\/niger-installation-officielle-dun-comite-charge-de-conduire-a-la-signature-de-la-convention-collective-de-la-presse#primaryimage\"},\"thumbnailUrl\":\"https:\/\/static.africa-press.net\/niger\/sites\/40\/2021\/08\/img-6114f6e64fcb1.jpg\",\"datePublished\":\"2021-08-12T10:54:00+00:00\",\"dateModified\":\"2021-08-12T18:48:35+00:00\",\"author\":{\"@id\":\"https:\/\/www.africa-press.net\/niger\/#\/schema\/person\/2b1cf3cd81a31e3cd26889ca66d677f1\"},\"description\":\", 11 Ao\u00fbt (ANP) - Le ministre de la Communication, charg\u00e9 des relations avec les institutions, M. Zada Mahamadou, a inst ...\",\"breadcrumb\":{\"@id\":\"https:\/\/www.africa-press.net\/niger\/culture-et-art\/niger-installation-officielle-dun-comite-charge-de-conduire-a-la-signature-de-la-convention-collective-de-la-presse#breadcrumb\"},\"inLanguage\":\"fr-FR\",\"potentialAction\":[{\"@type\":\"ReadAction\",\"target\":[\"https:\/\/www.africa-press.net\/niger\/culture-et-art\/niger-installation-officielle-dun-comite-charge-de-conduire-a-la-signature-de-la-convention-collective-de-la-presse\"]}]},{\"@type\":\"ImageObject\",\"inLanguage\":\"fr-FR\",\"@id\":\"https:\/\/www.africa-press.net\/niger\/culture-et-art\/niger-installation-officielle-dun-comite-charge-de-conduire-a-la-signature-de-la-convention-collective-de-la-presse#primaryimage\",\"url\":\"https:\/\/static.africa-press.net\/niger\/sites\/40\/2021\/08\/img-6114f6e64fcb1.jpg\",\"contentUrl\":\"https:\/\/static.africa-press.net\/niger\/sites\/40\/2021\/08\/img-6114f6e64fcb1.jpg\",\"width\":1080,\"height\":720,\"caption\":\"Niger : Installation officielle d\u2019un comit\u00e9 charg\u00e9 de conduire \u00e0 la signature de la convention collective de la Presse\"},{\"@type\":\"BreadcrumbList\",\"@id\":\"https:\/\/www.africa-press.net\/niger\/culture-et-art\/niger-installation-officielle-dun-comite-charge-de-conduire-a-la-signature-de-la-convention-collective-de-la-presse#breadcrumb\",\"itemListElement\":[{\"@type\":\"ListItem\",\"position\":1,\"name\":\"Accueil\",\"item\":\"https:\/\/www.africa-press.net\/niger\/\"},{\"@type\":\"ListItem\",\"position\":2,\"name\":\"Installation officielle d\u2019un comit\u00e9 charg\u00e9 de conduire \u00e0 la signature de la convention collective de la Presse\"}]},{\"@type\":\"WebSite\",\"@id\":\"https:\/\/www.africa-press.net\/niger\/#website\",\"url\":\"https:\/\/www.africa-press.net\/niger\/\",\"name\":\"niger\",\"description\":\"Just another Africa News Agency Sites site\",\"potentialAction\":[{\"@type\":\"SearchAction\",\"target\":{\"@type\":\"EntryPoint\",\"urlTemplate\":\"https:\/\/www.africa-press.net\/niger\/?s={search_term_string}\"},\"query-input\":{\"@type\":\"PropertyValueSpecification\",\"valueRequired\":true,\"valueName\":\"search_term_string\"}}],\"inLanguage\":\"fr-FR\"},{\"@type\":\"Person\",\"@id\":\"https:\/\/www.africa-press.net\/niger\/#\/schema\/person\/2b1cf3cd81a31e3cd26889ca66d677f1\",\"name\":\"cfeditorfr\"}]}<\/script>\n<!-- \/ Yoast SEO Premium plugin. -->","yoast_head_json":{"title":"Installation officielle d\u2019un comit\u00e9 charg\u00e9 de conduire \u00e0 la signature de la convention collective de la Presse - niger","description":", 11 Ao\u00fbt (ANP) - Le ministre de la Communication, charg\u00e9 des relations avec les institutions, M. Zada Mahamadou, a inst ...","robots":{"index":"index","follow":"follow","max-snippet":"max-snippet:-1","max-image-preview":"max-image-preview:large","max-video-preview":"max-video-preview:-1"},"canonical":"https:\/\/www.africa-press.net\/niger\/culture-et-art\/niger-installation-officielle-dun-comite-charge-de-conduire-a-la-signature-de-la-convention-collective-de-la-presse","og_locale":"fr_FR","og_type":"article","og_title":"Installation officielle d\u2019un comit\u00e9 charg\u00e9 de conduire \u00e0 la signature de la convention collective de la Presse","og_description":", 11 Ao\u00fbt (ANP) - Le ministre de la Communication, charg\u00e9 des relations avec les institutions, M. Zada Mahamadou, a inst ...","og_url":"https:\/\/www.africa-press.net\/niger\/culture-et-art\/niger-installation-officielle-dun-comite-charge-de-conduire-a-la-signature-de-la-convention-collective-de-la-presse","og_site_name":"niger","article_published_time":"2021-08-12T10:54:00+00:00","article_modified_time":"2021-08-12T18:48:35+00:00","og_image":[{"width":1080,"height":720,"url":"https:\/\/static.africa-press.net\/niger\/sites\/40\/2021\/08\/img-6114f6e64fcb1.jpg","type":"image\/jpeg"}],"author":"cfeditorfr","twitter_card":"summary_large_image","twitter_misc":{"\u00c9crit par":"cfeditorfr","Dur\u00e9e de lecture estim\u00e9e":"2 minutes"},"schema":{"@context":"https:\/\/schema.org","@graph":[{"@type":"Article","@id":"https:\/\/www.africa-press.net\/niger\/culture-et-art\/niger-installation-officielle-dun-comite-charge-de-conduire-a-la-signature-de-la-convention-collective-de-la-presse#article","isPartOf":{"@id":"https:\/\/www.africa-press.net\/niger\/culture-et-art\/niger-installation-officielle-dun-comite-charge-de-conduire-a-la-signature-de-la-convention-collective-de-la-presse"},"author":{"name":"cfeditorfr","@id":"https:\/\/www.africa-press.net\/niger\/#\/schema\/person\/2b1cf3cd81a31e3cd26889ca66d677f1"},"headline":"Installation officielle d\u2019un comit\u00e9 charg\u00e9 de conduire \u00e0 la signature de la convention collective de la Presse","datePublished":"2021-08-12T10:54:00+00:00","dateModified":"2021-08-12T18:48:35+00:00","mainEntityOfPage":{"@id":"https:\/\/www.africa-press.net\/niger\/culture-et-art\/niger-installation-officielle-dun-comite-charge-de-conduire-a-la-signature-de-la-convention-collective-de-la-presse"},"wordCount":393,"commentCount":0,"image":{"@id":"https:\/\/www.africa-press.net\/niger\/culture-et-art\/niger-installation-officielle-dun-comite-charge-de-conduire-a-la-signature-de-la-convention-collective-de-la-presse#primaryimage"},"thumbnailUrl":"https:\/\/static.africa-press.net\/niger\/sites\/40\/2021\/08\/img-6114f6e64fcb1.jpg","keywords":["Africa Press","Africa Press-Niger","Niger"],"articleSection":["Culture et Art","homepage-french","Top Nouvelles","Toutes les actualit\u00e9s"],"inLanguage":"fr-FR","potentialAction":[{"@type":"CommentAction","name":"Comment","target":["https:\/\/www.africa-press.net\/niger\/culture-et-art\/niger-installation-officielle-dun-comite-charge-de-conduire-a-la-signature-de-la-convention-collective-de-la-presse#respond"]}]},{"@type":"WebPage","@id":"https:\/\/www.africa-press.net\/niger\/culture-et-art\/niger-installation-officielle-dun-comite-charge-de-conduire-a-la-signature-de-la-convention-collective-de-la-presse","url":"https:\/\/www.africa-press.net\/niger\/culture-et-art\/niger-installation-officielle-dun-comite-charge-de-conduire-a-la-signature-de-la-convention-collective-de-la-presse","name":"Installation officielle d\u2019un comit\u00e9 charg\u00e9 de conduire \u00e0 la signature de la convention collective de la Presse - niger","isPartOf":{"@id":"https:\/\/www.africa-press.net\/niger\/#website"},"primaryImageOfPage":{"@id":"https:\/\/www.africa-press.net\/niger\/culture-et-art\/niger-installation-officielle-dun-comite-charge-de-conduire-a-la-signature-de-la-convention-collective-de-la-presse#primaryimage"},"image":{"@id":"https:\/\/www.africa-press.net\/niger\/culture-et-art\/niger-installation-officielle-dun-comite-charge-de-conduire-a-la-signature-de-la-convention-collective-de-la-presse#primaryimage"},"thumbnailUrl":"https:\/\/static.africa-press.net\/niger\/sites\/40\/2021\/08\/img-6114f6e64fcb1.jpg","datePublished":"2021-08-12T10:54:00+00:00","dateModified":"2021-08-12T18:48:35+00:00","author":{"@id":"https:\/\/www.africa-press.net\/niger\/#\/schema\/person\/2b1cf3cd81a31e3cd26889ca66d677f1"},"description":", 11 Ao\u00fbt (ANP) - Le ministre de la Communication, charg\u00e9 des relations avec les institutions, M. Zada Mahamadou, a inst ...","breadcrumb":{"@id":"https:\/\/www.africa-press.net\/niger\/culture-et-art\/niger-installation-officielle-dun-comite-charge-de-conduire-a-la-signature-de-la-convention-collective-de-la-presse#breadcrumb"},"inLanguage":"fr-FR","potentialAction":[{"@type":"ReadAction","target":["https:\/\/www.africa-press.net\/niger\/culture-et-art\/niger-installation-officielle-dun-comite-charge-de-conduire-a-la-signature-de-la-convention-collective-de-la-presse"]}]},{"@type":"ImageObject","inLanguage":"fr-FR","@id":"https:\/\/www.africa-press.net\/niger\/culture-et-art\/niger-installation-officielle-dun-comite-charge-de-conduire-a-la-signature-de-la-convention-collective-de-la-presse#primaryimage","url":"https:\/\/static.africa-press.net\/niger\/sites\/40\/2021\/08\/img-6114f6e64fcb1.jpg","contentUrl":"https:\/\/static.africa-press.net\/niger\/sites\/40\/2021\/08\/img-6114f6e64fcb1.jpg","width":1080,"height":720,"caption":"Niger : Installation officielle d\u2019un comit\u00e9 charg\u00e9 de conduire \u00e0 la signature de la convention collective de la Presse"},{"@type":"BreadcrumbList","@id":"https:\/\/www.africa-press.net\/niger\/culture-et-art\/niger-installation-officielle-dun-comite-charge-de-conduire-a-la-signature-de-la-convention-collective-de-la-presse#breadcrumb","itemListElement":[{"@type":"ListItem","position":1,"name":"Accueil","item":"https:\/\/www.africa-press.net\/niger\/"},{"@type":"ListItem","position":2,"name":"Installation officielle d\u2019un comit\u00e9 charg\u00e9 de conduire \u00e0 la signature de la convention collective de la Presse"}]},{"@type":"WebSite","@id":"https:\/\/www.africa-press.net\/niger\/#website","url":"https:\/\/www.africa-press.net\/niger\/","name":"niger","description":"Just another Africa News Agency Sites site","potentialAction":[{"@type":"SearchAction","target":{"@type":"EntryPoint","urlTemplate":"https:\/\/www.africa-press.net\/niger\/?s={search_term_string}"},"query-input":{"@type":"PropertyValueSpecification","valueRequired":true,"valueName":"search_term_string"}}],"inLanguage":"fr-FR"},{"@type":"Person","@id":"https:\/\/www.africa-press.net\/niger\/#\/schema\/person\/2b1cf3cd81a31e3cd26889ca66d677f1","name":"cfeditorfr"}]}},"_links":{"self":[{"href":"https:\/\/www.africa-press.net\/niger\/wp-json\/wp\/v2\/posts\/9915","targetHints":{"allow":["GET"]}}],"collection":[{"href":"https:\/\/www.africa-press.net\/niger\/wp-json\/wp\/v2\/posts"}],"about":[{"href":"https:\/\/www.africa-press.net\/niger\/wp-json\/wp\/v2\/types\/post"}],"author":[{"embeddable":true,"href":"https:\/\/www.africa-press.net\/niger\/wp-json\/wp\/v2\/users\/82"}],"replies":[{"embeddable":true,"href":"https:\/\/www.africa-press.net\/niger\/wp-json\/wp\/v2\/comments?post=9915"}],"version-history":[{"count":0,"href":"https:\/\/www.africa-press.net\/niger\/wp-json\/wp\/v2\/posts\/9915\/revisions"}],"wp:featuredmedia":[{"embeddable":true,"href":"https:\/\/www.africa-press.net\/niger\/wp-json\/wp\/v2\/media\/9914"}],"wp:attachment":[{"href":"https:\/\/www.africa-press.net\/niger\/wp-json\/wp\/v2\/media?parent=9915"}],"wp:term":[{"taxonomy":"category","embeddable":true,"href":"https:\/\/www.africa-press.net\/niger\/wp-json\/wp\/v2\/categories?post=9915"},{"taxonomy":"post_tag","embeddable":true,"href":"https:\/\/www.africa-press.net\/niger\/wp-json\/wp\/v2\/tags?post=9915"}],"curies":[{"name":"wp","href":"https:\/\/api.w.org\/{rel}","templated":true}]}}