{"id":9918,"date":"2021-08-12T11:05:46","date_gmt":"2021-08-12T11:05:46","guid":{"rendered":"https:\/\/www.africa-press.net\/niger\/?p=9918"},"modified":"2021-08-12T18:48:47","modified_gmt":"2021-08-12T18:48:47","slug":"niger-installation-de-3-comites-relatifs-a-loperationnalisation-de-lagence-nationale-de-diffusion","status":"publish","type":"post","link":"https:\/\/www.africa-press.net\/niger\/politique\/niger-installation-de-3-comites-relatifs-a-loperationnalisation-de-lagence-nationale-de-diffusion","title":{"rendered":"Installation de 3 comit\u00e9s relatifs \u00e0 l&rsquo;op\u00e9rationnalisation de l&rsquo;Agence Nationale de Diffusion"},"content":{"rendered":"<p><span style=\"color: #ff6600\"><strong><a href=\"https:\/\/www.africa-press.net\/\">Africa-Press<\/a> &#8211; <a href=\"https:\/\/www.africa-press.net\/niger\">Niger<\/a>.\u00a0 <\/strong><\/span>Le Ministre de la communication, charg\u00e9 des Relations avec les Institutions, M. ZADA MAHAMADOU, a pr\u00e9sid\u00e9 dans l&rsquo;apr\u00e8s midi de ce mercredi 11 Ao\u00fbt 2021 \u00e0 la Maison de la Presse de Niamey, la c\u00e9r\u00e9monie d&rsquo;installation de trois comit\u00e9s relatifs \u00e0 l&rsquo;operationnalisation de l&rsquo;Agence Nationale de Diffusion (AND) et aux conditions de viabilit\u00e9 p\u00e9rennes des structures de presse sous tutelle du minist\u00e8re.<\/p>\n<p>Le premier comit\u00e9 ainsi install\u00e9 est charg\u00e9 du transfert du personnel et des infrastructures de l&rsquo;Office de Radiodiffusion et T\u00e9l\u00e9vision du Niger (ORTN) \u00e0 l&rsquo;Agence Nationale de Diffusion (AND).<\/p>\n<p>Le deuxi\u00e8me comit\u00e9, quant \u00e0 lui, est charg\u00e9 de faire le point sur les textes l\u00e9gislatifs et r\u00e9glementaires devant encadrer les missions de l&rsquo;AND. Il est pr\u00e9sid\u00e9 par M. Moumouni Idrissa, ancien Directeur G\u00e9n\u00e9ral de l&rsquo;ORTN.<\/p>\n<p>Le troisi\u00e8me et dernier comit\u00e9, pr\u00e9sid\u00e9 par M. Lo\u00efc Cr\u00e9pin, \u00e9galement ancien DG de l&rsquo;ORTN, est charg\u00e9 de r\u00e9fl\u00e9chir aux conditions de viabilit\u00e9 p\u00e9renne des structures de presse de l&rsquo;Etat sous tutelle du Minist\u00e8re, \u00e0 savoir l&rsquo;ORTN, l&rsquo;ONEP, l&rsquo;IFTIC, l&rsquo;ANP et l&rsquo;AND.<\/p>\n<p>Apr\u00e8s avoir souhait\u00e9 bonne chance aux membres des diff\u00e9rents comit\u00e9s dans leurs missions respectives, le Ministre de la Communication, Charg\u00e9 des Relations avec les Institutions, Monsieur ZADA MAHAMADOU, les a invit\u00e9s \u00e0 faire preuve de r\u00e9alisme, de pragmatisme, de respect, de courtoisie et de professionnalisme dans la conduite de leurs travaux et cela dans l&rsquo;int\u00e9r\u00eat bien compris des acteurs des m\u00e9dias et surtout de l&rsquo;avenir du secteur de la presse nig\u00e9rienne.<\/p>\n<p>Le Ministre ZADA a enfin remerci\u00e9 les membres des Comit\u00e9s qui disposent d&rsquo;un d\u00e9lai d&rsquo;un mois pour d\u00e9poser aupr\u00e8s du Ministre de la Communication, charg\u00e9 des Relations avec les Institutions, les conclusions de leurs travaux.<\/p>\n<p>&nbsp;<\/p>\n","protected":false},"excerpt":{"rendered":"<p>Africa-Press &#8211; Niger.\u00a0 Le Ministre de la communication, charg\u00e9 des Relations avec les Institutions, M. ZADA MAHAMADOU, a pr\u00e9sid\u00e9 dans l&rsquo;apr\u00e8s midi de ce mercredi 11 Ao\u00fbt 2021 \u00e0 la Maison de la Presse de Niamey, la c\u00e9r\u00e9monie d&rsquo;installation de trois comit\u00e9s relatifs \u00e0 l&rsquo;operationnalisation de l&rsquo;Agence Nationale de Diffusion (AND) et aux conditions de [&hellip;]<\/p>\n","protected":false},"author":82,"featured_media":9917,"comment_status":"open","ping_status":"closed","sticky":false,"template":"","format":"standard","meta":{"footnotes":""},"categories":[11,2,20,10],"tags":[55,60,29],"class_list":["post-9918","post","type-post","status-publish","format-standard","has-post-thumbnail","hentry","category-homepage-french","category-politique","category-top-nouvelles","category-toutes-les-actualites","tag-africa-press","tag-africa-press-niger","tag-niger"],"yoast_head":"<!-- This site is optimized with the Yoast SEO Premium plugin v26.1 (Yoast SEO v27.0) - https:\/\/yoast.com\/product\/yoast-seo-premium-wordpress\/ -->\n<title>Installation de 3 comit\u00e9s relatifs \u00e0 l&#039;op\u00e9rationnalisation de l&#039;Agence Nationale de Diffusion - niger<\/title>\n<meta name=\"description\" content=\", 11 Ao\u00fbt (ANP) - Le Ministre de la communication, charg\u00e9 des Relations avec les Institutions, M. ZADA MAHAMADOU, a pr\u00e9s ...\" \/>\n<meta name=\"robots\" content=\"index, follow, max-snippet:-1, max-image-preview:large, max-video-preview:-1\" \/>\n<link rel=\"canonical\" href=\"https:\/\/www.africa-press.net\/niger\/politique\/niger-installation-de-3-comites-relatifs-a-loperationnalisation-de-lagence-nationale-de-diffusion\" \/>\n<meta property=\"og:locale\" content=\"fr_FR\" \/>\n<meta property=\"og:type\" content=\"article\" \/>\n<meta property=\"og:title\" content=\"Installation de 3 comit\u00e9s relatifs \u00e0 l&#039;op\u00e9rationnalisation de l&#039;Agence Nationale de Diffusion\" \/>\n<meta property=\"og:description\" content=\", 11 Ao\u00fbt (ANP) - Le Ministre de la communication, charg\u00e9 des Relations avec les Institutions, M. ZADA MAHAMADOU, a pr\u00e9s ...\" \/>\n<meta property=\"og:url\" content=\"https:\/\/www.africa-press.net\/niger\/politique\/niger-installation-de-3-comites-relatifs-a-loperationnalisation-de-lagence-nationale-de-diffusion\" \/>\n<meta property=\"og:site_name\" content=\"niger\" \/>\n<meta property=\"article:published_time\" content=\"2021-08-12T11:05:46+00:00\" \/>\n<meta property=\"article:modified_time\" content=\"2021-08-12T18:48:47+00:00\" \/>\n<meta property=\"og:image\" content=\"https:\/\/static.africa-press.net\/niger\/sites\/40\/2021\/08\/img-6114f71aebe60.jpg\" \/>\n\t<meta property=\"og:image:width\" content=\"1080\" \/>\n\t<meta property=\"og:image:height\" content=\"720\" \/>\n\t<meta property=\"og:image:type\" content=\"image\/jpeg\" \/>\n<meta name=\"author\" content=\"cfeditorfr\" \/>\n<meta name=\"twitter:card\" content=\"summary_large_image\" \/>\n<meta name=\"twitter:label1\" content=\"\u00c9crit par\" \/>\n\t<meta name=\"twitter:data1\" content=\"cfeditorfr\" \/>\n\t<meta name=\"twitter:label2\" content=\"Dur\u00e9e de lecture estim\u00e9e\" \/>\n\t<meta name=\"twitter:data2\" content=\"2 minutes\" \/>\n<script type=\"application\/ld+json\" class=\"yoast-schema-graph\">{\"@context\":\"https:\/\/schema.org\",\"@graph\":[{\"@type\":\"Article\",\"@id\":\"https:\/\/www.africa-press.net\/niger\/politique\/niger-installation-de-3-comites-relatifs-a-loperationnalisation-de-lagence-nationale-de-diffusion#article\",\"isPartOf\":{\"@id\":\"https:\/\/www.africa-press.net\/niger\/politique\/niger-installation-de-3-comites-relatifs-a-loperationnalisation-de-lagence-nationale-de-diffusion\"},\"author\":{\"name\":\"cfeditorfr\",\"@id\":\"https:\/\/www.africa-press.net\/niger\/#\/schema\/person\/2b1cf3cd81a31e3cd26889ca66d677f1\"},\"headline\":\"Installation de 3 comit\u00e9s relatifs \u00e0 l&rsquo;op\u00e9rationnalisation de l&rsquo;Agence Nationale de Diffusion\",\"datePublished\":\"2021-08-12T11:05:46+00:00\",\"dateModified\":\"2021-08-12T18:48:47+00:00\",\"mainEntityOfPage\":{\"@id\":\"https:\/\/www.africa-press.net\/niger\/politique\/niger-installation-de-3-comites-relatifs-a-loperationnalisation-de-lagence-nationale-de-diffusion\"},\"wordCount\":341,\"commentCount\":0,\"image\":{\"@id\":\"https:\/\/www.africa-press.net\/niger\/politique\/niger-installation-de-3-comites-relatifs-a-loperationnalisation-de-lagence-nationale-de-diffusion#primaryimage\"},\"thumbnailUrl\":\"https:\/\/static.africa-press.net\/niger\/sites\/40\/2021\/08\/img-6114f71aebe60.jpg\",\"keywords\":[\"Africa Press\",\"Africa Press-Niger\",\"Niger\"],\"articleSection\":[\"homepage-french\",\"Politique\",\"Top Nouvelles\",\"Toutes les actualit\u00e9s\"],\"inLanguage\":\"fr-FR\",\"potentialAction\":[{\"@type\":\"CommentAction\",\"name\":\"Comment\",\"target\":[\"https:\/\/www.africa-press.net\/niger\/politique\/niger-installation-de-3-comites-relatifs-a-loperationnalisation-de-lagence-nationale-de-diffusion#respond\"]}]},{\"@type\":\"WebPage\",\"@id\":\"https:\/\/www.africa-press.net\/niger\/politique\/niger-installation-de-3-comites-relatifs-a-loperationnalisation-de-lagence-nationale-de-diffusion\",\"url\":\"https:\/\/www.africa-press.net\/niger\/politique\/niger-installation-de-3-comites-relatifs-a-loperationnalisation-de-lagence-nationale-de-diffusion\",\"name\":\"Installation de 3 comit\u00e9s relatifs \u00e0 l'op\u00e9rationnalisation de l'Agence Nationale de Diffusion - niger\",\"isPartOf\":{\"@id\":\"https:\/\/www.africa-press.net\/niger\/#website\"},\"primaryImageOfPage\":{\"@id\":\"https:\/\/www.africa-press.net\/niger\/politique\/niger-installation-de-3-comites-relatifs-a-loperationnalisation-de-lagence-nationale-de-diffusion#primaryimage\"},\"image\":{\"@id\":\"https:\/\/www.africa-press.net\/niger\/politique\/niger-installation-de-3-comites-relatifs-a-loperationnalisation-de-lagence-nationale-de-diffusion#primaryimage\"},\"thumbnailUrl\":\"https:\/\/static.africa-press.net\/niger\/sites\/40\/2021\/08\/img-6114f71aebe60.jpg\",\"datePublished\":\"2021-08-12T11:05:46+00:00\",\"dateModified\":\"2021-08-12T18:48:47+00:00\",\"author\":{\"@id\":\"https:\/\/www.africa-press.net\/niger\/#\/schema\/person\/2b1cf3cd81a31e3cd26889ca66d677f1\"},\"description\":\", 11 Ao\u00fbt (ANP) - Le Ministre de la communication, charg\u00e9 des Relations avec les Institutions, M. ZADA MAHAMADOU, a pr\u00e9s ...\",\"breadcrumb\":{\"@id\":\"https:\/\/www.africa-press.net\/niger\/politique\/niger-installation-de-3-comites-relatifs-a-loperationnalisation-de-lagence-nationale-de-diffusion#breadcrumb\"},\"inLanguage\":\"fr-FR\",\"potentialAction\":[{\"@type\":\"ReadAction\",\"target\":[\"https:\/\/www.africa-press.net\/niger\/politique\/niger-installation-de-3-comites-relatifs-a-loperationnalisation-de-lagence-nationale-de-diffusion\"]}]},{\"@type\":\"ImageObject\",\"inLanguage\":\"fr-FR\",\"@id\":\"https:\/\/www.africa-press.net\/niger\/politique\/niger-installation-de-3-comites-relatifs-a-loperationnalisation-de-lagence-nationale-de-diffusion#primaryimage\",\"url\":\"https:\/\/static.africa-press.net\/niger\/sites\/40\/2021\/08\/img-6114f71aebe60.jpg\",\"contentUrl\":\"https:\/\/static.africa-press.net\/niger\/sites\/40\/2021\/08\/img-6114f71aebe60.jpg\",\"width\":1080,\"height\":720,\"caption\":\"Niger : Installation de 3 comit\u00e9s relatifs \u00e0 l'op\u00e9rationnalisation de l'Agence Nationale de Diffusion\"},{\"@type\":\"BreadcrumbList\",\"@id\":\"https:\/\/www.africa-press.net\/niger\/politique\/niger-installation-de-3-comites-relatifs-a-loperationnalisation-de-lagence-nationale-de-diffusion#breadcrumb\",\"itemListElement\":[{\"@type\":\"ListItem\",\"position\":1,\"name\":\"Accueil\",\"item\":\"https:\/\/www.africa-press.net\/niger\/\"},{\"@type\":\"ListItem\",\"position\":2,\"name\":\"Installation de 3 comit\u00e9s relatifs \u00e0 l&#8217;op\u00e9rationnalisation de l&#8217;Agence Nationale de Diffusion\"}]},{\"@type\":\"WebSite\",\"@id\":\"https:\/\/www.africa-press.net\/niger\/#website\",\"url\":\"https:\/\/www.africa-press.net\/niger\/\",\"name\":\"niger\",\"description\":\"Just another Africa News Agency Sites site\",\"potentialAction\":[{\"@type\":\"SearchAction\",\"target\":{\"@type\":\"EntryPoint\",\"urlTemplate\":\"https:\/\/www.africa-press.net\/niger\/?s={search_term_string}\"},\"query-input\":{\"@type\":\"PropertyValueSpecification\",\"valueRequired\":true,\"valueName\":\"search_term_string\"}}],\"inLanguage\":\"fr-FR\"},{\"@type\":\"Person\",\"@id\":\"https:\/\/www.africa-press.net\/niger\/#\/schema\/person\/2b1cf3cd81a31e3cd26889ca66d677f1\",\"name\":\"cfeditorfr\"}]}<\/script>\n<!-- \/ Yoast SEO Premium plugin. -->","yoast_head_json":{"title":"Installation de 3 comit\u00e9s relatifs \u00e0 l'op\u00e9rationnalisation de l'Agence Nationale de Diffusion - niger","description":", 11 Ao\u00fbt (ANP) - Le Ministre de la communication, charg\u00e9 des Relations avec les Institutions, M. ZADA MAHAMADOU, a pr\u00e9s ...","robots":{"index":"index","follow":"follow","max-snippet":"max-snippet:-1","max-image-preview":"max-image-preview:large","max-video-preview":"max-video-preview:-1"},"canonical":"https:\/\/www.africa-press.net\/niger\/politique\/niger-installation-de-3-comites-relatifs-a-loperationnalisation-de-lagence-nationale-de-diffusion","og_locale":"fr_FR","og_type":"article","og_title":"Installation de 3 comit\u00e9s relatifs \u00e0 l'op\u00e9rationnalisation de l'Agence Nationale de Diffusion","og_description":", 11 Ao\u00fbt (ANP) - Le Ministre de la communication, charg\u00e9 des Relations avec les Institutions, M. ZADA MAHAMADOU, a pr\u00e9s ...","og_url":"https:\/\/www.africa-press.net\/niger\/politique\/niger-installation-de-3-comites-relatifs-a-loperationnalisation-de-lagence-nationale-de-diffusion","og_site_name":"niger","article_published_time":"2021-08-12T11:05:46+00:00","article_modified_time":"2021-08-12T18:48:47+00:00","og_image":[{"width":1080,"height":720,"url":"https:\/\/static.africa-press.net\/niger\/sites\/40\/2021\/08\/img-6114f71aebe60.jpg","type":"image\/jpeg"}],"author":"cfeditorfr","twitter_card":"summary_large_image","twitter_misc":{"\u00c9crit par":"cfeditorfr","Dur\u00e9e de lecture estim\u00e9e":"2 minutes"},"schema":{"@context":"https:\/\/schema.org","@graph":[{"@type":"Article","@id":"https:\/\/www.africa-press.net\/niger\/politique\/niger-installation-de-3-comites-relatifs-a-loperationnalisation-de-lagence-nationale-de-diffusion#article","isPartOf":{"@id":"https:\/\/www.africa-press.net\/niger\/politique\/niger-installation-de-3-comites-relatifs-a-loperationnalisation-de-lagence-nationale-de-diffusion"},"author":{"name":"cfeditorfr","@id":"https:\/\/www.africa-press.net\/niger\/#\/schema\/person\/2b1cf3cd81a31e3cd26889ca66d677f1"},"headline":"Installation de 3 comit\u00e9s relatifs \u00e0 l&rsquo;op\u00e9rationnalisation de l&rsquo;Agence Nationale de Diffusion","datePublished":"2021-08-12T11:05:46+00:00","dateModified":"2021-08-12T18:48:47+00:00","mainEntityOfPage":{"@id":"https:\/\/www.africa-press.net\/niger\/politique\/niger-installation-de-3-comites-relatifs-a-loperationnalisation-de-lagence-nationale-de-diffusion"},"wordCount":341,"commentCount":0,"image":{"@id":"https:\/\/www.africa-press.net\/niger\/politique\/niger-installation-de-3-comites-relatifs-a-loperationnalisation-de-lagence-nationale-de-diffusion#primaryimage"},"thumbnailUrl":"https:\/\/static.africa-press.net\/niger\/sites\/40\/2021\/08\/img-6114f71aebe60.jpg","keywords":["Africa Press","Africa Press-Niger","Niger"],"articleSection":["homepage-french","Politique","Top Nouvelles","Toutes les actualit\u00e9s"],"inLanguage":"fr-FR","potentialAction":[{"@type":"CommentAction","name":"Comment","target":["https:\/\/www.africa-press.net\/niger\/politique\/niger-installation-de-3-comites-relatifs-a-loperationnalisation-de-lagence-nationale-de-diffusion#respond"]}]},{"@type":"WebPage","@id":"https:\/\/www.africa-press.net\/niger\/politique\/niger-installation-de-3-comites-relatifs-a-loperationnalisation-de-lagence-nationale-de-diffusion","url":"https:\/\/www.africa-press.net\/niger\/politique\/niger-installation-de-3-comites-relatifs-a-loperationnalisation-de-lagence-nationale-de-diffusion","name":"Installation de 3 comit\u00e9s relatifs \u00e0 l'op\u00e9rationnalisation de l'Agence Nationale de Diffusion - niger","isPartOf":{"@id":"https:\/\/www.africa-press.net\/niger\/#website"},"primaryImageOfPage":{"@id":"https:\/\/www.africa-press.net\/niger\/politique\/niger-installation-de-3-comites-relatifs-a-loperationnalisation-de-lagence-nationale-de-diffusion#primaryimage"},"image":{"@id":"https:\/\/www.africa-press.net\/niger\/politique\/niger-installation-de-3-comites-relatifs-a-loperationnalisation-de-lagence-nationale-de-diffusion#primaryimage"},"thumbnailUrl":"https:\/\/static.africa-press.net\/niger\/sites\/40\/2021\/08\/img-6114f71aebe60.jpg","datePublished":"2021-08-12T11:05:46+00:00","dateModified":"2021-08-12T18:48:47+00:00","author":{"@id":"https:\/\/www.africa-press.net\/niger\/#\/schema\/person\/2b1cf3cd81a31e3cd26889ca66d677f1"},"description":", 11 Ao\u00fbt (ANP) - Le Ministre de la communication, charg\u00e9 des Relations avec les Institutions, M. ZADA MAHAMADOU, a pr\u00e9s ...","breadcrumb":{"@id":"https:\/\/www.africa-press.net\/niger\/politique\/niger-installation-de-3-comites-relatifs-a-loperationnalisation-de-lagence-nationale-de-diffusion#breadcrumb"},"inLanguage":"fr-FR","potentialAction":[{"@type":"ReadAction","target":["https:\/\/www.africa-press.net\/niger\/politique\/niger-installation-de-3-comites-relatifs-a-loperationnalisation-de-lagence-nationale-de-diffusion"]}]},{"@type":"ImageObject","inLanguage":"fr-FR","@id":"https:\/\/www.africa-press.net\/niger\/politique\/niger-installation-de-3-comites-relatifs-a-loperationnalisation-de-lagence-nationale-de-diffusion#primaryimage","url":"https:\/\/static.africa-press.net\/niger\/sites\/40\/2021\/08\/img-6114f71aebe60.jpg","contentUrl":"https:\/\/static.africa-press.net\/niger\/sites\/40\/2021\/08\/img-6114f71aebe60.jpg","width":1080,"height":720,"caption":"Niger : Installation de 3 comit\u00e9s relatifs \u00e0 l'op\u00e9rationnalisation de l'Agence Nationale de Diffusion"},{"@type":"BreadcrumbList","@id":"https:\/\/www.africa-press.net\/niger\/politique\/niger-installation-de-3-comites-relatifs-a-loperationnalisation-de-lagence-nationale-de-diffusion#breadcrumb","itemListElement":[{"@type":"ListItem","position":1,"name":"Accueil","item":"https:\/\/www.africa-press.net\/niger\/"},{"@type":"ListItem","position":2,"name":"Installation de 3 comit\u00e9s relatifs \u00e0 l&#8217;op\u00e9rationnalisation de l&#8217;Agence Nationale de Diffusion"}]},{"@type":"WebSite","@id":"https:\/\/www.africa-press.net\/niger\/#website","url":"https:\/\/www.africa-press.net\/niger\/","name":"niger","description":"Just another Africa News Agency Sites site","potentialAction":[{"@type":"SearchAction","target":{"@type":"EntryPoint","urlTemplate":"https:\/\/www.africa-press.net\/niger\/?s={search_term_string}"},"query-input":{"@type":"PropertyValueSpecification","valueRequired":true,"valueName":"search_term_string"}}],"inLanguage":"fr-FR"},{"@type":"Person","@id":"https:\/\/www.africa-press.net\/niger\/#\/schema\/person\/2b1cf3cd81a31e3cd26889ca66d677f1","name":"cfeditorfr"}]}},"_links":{"self":[{"href":"https:\/\/www.africa-press.net\/niger\/wp-json\/wp\/v2\/posts\/9918","targetHints":{"allow":["GET"]}}],"collection":[{"href":"https:\/\/www.africa-press.net\/niger\/wp-json\/wp\/v2\/posts"}],"about":[{"href":"https:\/\/www.africa-press.net\/niger\/wp-json\/wp\/v2\/types\/post"}],"author":[{"embeddable":true,"href":"https:\/\/www.africa-press.net\/niger\/wp-json\/wp\/v2\/users\/82"}],"replies":[{"embeddable":true,"href":"https:\/\/www.africa-press.net\/niger\/wp-json\/wp\/v2\/comments?post=9918"}],"version-history":[{"count":0,"href":"https:\/\/www.africa-press.net\/niger\/wp-json\/wp\/v2\/posts\/9918\/revisions"}],"wp:featuredmedia":[{"embeddable":true,"href":"https:\/\/www.africa-press.net\/niger\/wp-json\/wp\/v2\/media\/9917"}],"wp:attachment":[{"href":"https:\/\/www.africa-press.net\/niger\/wp-json\/wp\/v2\/media?parent=9918"}],"wp:term":[{"taxonomy":"category","embeddable":true,"href":"https:\/\/www.africa-press.net\/niger\/wp-json\/wp\/v2\/categories?post=9918"},{"taxonomy":"post_tag","embeddable":true,"href":"https:\/\/www.africa-press.net\/niger\/wp-json\/wp\/v2\/tags?post=9918"}],"curies":[{"name":"wp","href":"https:\/\/api.w.org\/{rel}","templated":true}]}}