{"id":9935,"date":"2021-08-13T10:55:33","date_gmt":"2021-08-13T10:55:33","guid":{"rendered":"https:\/\/www.africa-press.net\/niger\/?p=9935"},"modified":"2021-08-13T20:43:14","modified_gmt":"2021-08-13T20:43:14","slug":"des-animateurs-des-radios-communautaires-en-formation-sur-lelaboration-des-messages-sur-la-statistique-a-maradi","status":"publish","type":"post","link":"https:\/\/www.africa-press.net\/niger\/toutes-les-actualites\/des-animateurs-des-radios-communautaires-en-formation-sur-lelaboration-des-messages-sur-la-statistique-a-maradi","title":{"rendered":"Des animateurs des radios communautaires en formation sur l\u2019\u00e9laboration des messages sur la statistique \u00e0 Maradi"},"content":{"rendered":"<p><span style=\"color: #ff6600\"><strong><a href=\"https:\/\/www.africa-press.net\/\">Africa-Press<\/a> &#8211; <a href=\"https:\/\/www.africa-press.net\/niger\">Niger<\/a>. <\/strong><\/span>\u00a0L\u2019Institut National de la Statistique (INS), en collaboration avec la Coordination Nationale des Radios Communautaires, organise, du 09 au 13 Aout 2021 \u00e0 Maradi, un atelier de formation des animateurs des radios communautaires sur l\u2019\u00e9laboration des messages sur la statistique.<\/p>\n<p>Financ\u00e9 par la Banque Mondiale, cet atelier concerne 35 animateurs venus des r\u00e9gions d\u2019Agadez, Diffa, Maradi et Zinder. Il vise \u00e0 les outiller dans la conception de messages de sensibilisation sur le Recensement G\u00e9n\u00e9ral de la Population et de l\u2019Habitat (RGPH), pour permettre la production d\u2019\u00e9missions radiophoniques \u00e9veillant v\u00e9ritablement les consciences des populations quant \u00e0 son importance et son utilit\u00e9.<\/p>\n<p>En proc\u00e9dant \u00e0 l\u2019ouverture de cette rencontre, la Responsable de la Communication de l\u2019INS, Mme A\u00efcha Amadou Ousmane a indiqu\u00e9 que cet atelier a pour objectif de renforcer le partenariat entre l\u2019INS et les m\u00e9dias communautaires pour la sensibilisation des populations quant \u00e0 l\u2019importance et l\u2019utilit\u00e9 de la statistique, en vue de contribuer \u00e0 renforcer la qualit\u00e9 et la fiabilit\u00e9 des donn\u00e9es statistiques produites par l\u2019INS.<\/p>\n<p>Elle a ensuite inform\u00e9 que l\u2019INS pr\u00e9pare activement le cinqui\u00e8me Recensement G\u00e9n\u00e9ral de la Population et de l\u2019Habitat (RGPH\/2022), avant de souligner que \u00ab de par son caract\u00e8re sp\u00e9cial, \u00e0 savoir recueillir des donn\u00e9es d\u00e9mographiques, sociales et \u00e9conomiques se rapportant \u00e0 tous les habitants du pays en un temps tr\u00e8s court, le RGP\/H est une op\u00e9ration de grande envergure exigeant l\u2019adh\u00e9sion totale et la coop\u00e9ration voire son appropriation par les populations et les communaut\u00e9s \u00bb.<\/p>\n<p>D\u2019o\u00f9, a-t-elle expliqu\u00e9, \u00ab la n\u00e9cessit\u00e9 de proc\u00e9der \u00e0 une forte sensibilisation des populations, seul gage de r\u00e9ussite de ce recensement \u00bb. Et c\u2019est pourquoi, a ajout\u00e9 la Responsable de la Communication de l\u2019INS, \u00ab l\u2019INS organise cette formation des animateurs des radios communautaires pour les outiller sur les diff\u00e9rents aspects du recensement \u00bb.<\/p>\n<p>Selon elle, le choix des radios communautaires n\u2019est pas fortuit car \u00ab elles constituent un support m\u00e9diatique situ\u00e9 au c\u0153ur de la communication sociale qui s\u2019adresse \u00e0 des personnes ayant peu ou aucun acc\u00e8s aux m\u00e9dias nationaux ou r\u00e9gionaux \u00bb.<\/p>\n<p>\u00ab En tant qu\u2019alternative aux m\u00e9dias publics et commerciaux, sans oublier les r\u00e9seaux sociaux, ces radios se caract\u00e9risent par la participation des communaut\u00e9s qu\u2019elles servent, ainsi que leur responsabilit\u00e9 vis-\u00e0-vis de celles-ci \u00bb, a-t-elle d\u00e9clar\u00e9, tout en soulignant que \u00ab l\u2019INS entend mettre \u00e0 profit le concours des animateurs de ces radios communautaires pour concevoir des activit\u00e9s de sensibilisation novatrices et la production d\u2019\u00e9missions radiophoniques \u00e9veillant v\u00e9ritablement les consciences des populations sur l\u2019utilit\u00e9 et l\u2019importance de la statistique \u00bb.<\/p>\n<p><b>\u00a0<\/b><\/p>\n","protected":false},"excerpt":{"rendered":"<p>Africa-Press &#8211; Niger. \u00a0L\u2019Institut National de la Statistique (INS), en collaboration avec la Coordination Nationale des Radios Communautaires, organise, du 09 au 13 Aout 2021 \u00e0 Maradi, un atelier de formation des animateurs des radios communautaires sur l\u2019\u00e9laboration des messages sur la statistique. Financ\u00e9 par la Banque Mondiale, cet atelier concerne 35 animateurs venus des [&hellip;]<\/p>\n","protected":false},"author":82,"featured_media":9934,"comment_status":"open","ping_status":"closed","sticky":false,"template":"","format":"standard","meta":{"footnotes":""},"categories":[22,11,10],"tags":[55,60,29],"class_list":["post-9935","post","type-post","status-publish","format-standard","has-post-thumbnail","hentry","category-divers","category-homepage-french","category-toutes-les-actualites","tag-africa-press","tag-africa-press-niger","tag-niger"],"yoast_head":"<!-- This site is optimized with the Yoast SEO Premium plugin v26.1 (Yoast SEO v27.0) - https:\/\/yoast.com\/product\/yoast-seo-premium-wordpress\/ -->\n<title>Des animateurs des radios communautaires en formation sur l\u2019\u00e9laboration des messages sur la statistique \u00e0 Maradi - niger<\/title>\n<meta name=\"description\" content=\", 12 Ao\u00fbt (ANP) - L\u2019Institut National de la Statistique (INS), en collaboration avec la Coordination Nationale des Radio ...\" \/>\n<meta name=\"robots\" content=\"index, follow, max-snippet:-1, max-image-preview:large, max-video-preview:-1\" \/>\n<link rel=\"canonical\" href=\"https:\/\/www.africa-press.net\/niger\/toutes-les-actualites\/des-animateurs-des-radios-communautaires-en-formation-sur-lelaboration-des-messages-sur-la-statistique-a-maradi\" \/>\n<meta property=\"og:locale\" content=\"fr_FR\" \/>\n<meta property=\"og:type\" content=\"article\" \/>\n<meta property=\"og:title\" content=\"Des animateurs des radios communautaires en formation sur l\u2019\u00e9laboration des messages sur la statistique \u00e0 Maradi\" \/>\n<meta property=\"og:description\" content=\", 12 Ao\u00fbt (ANP) - L\u2019Institut National de la Statistique (INS), en collaboration avec la Coordination Nationale des Radio ...\" \/>\n<meta property=\"og:url\" content=\"https:\/\/www.africa-press.net\/niger\/toutes-les-actualites\/des-animateurs-des-radios-communautaires-en-formation-sur-lelaboration-des-messages-sur-la-statistique-a-maradi\" \/>\n<meta property=\"og:site_name\" content=\"niger\" \/>\n<meta property=\"article:published_time\" content=\"2021-08-13T10:55:33+00:00\" \/>\n<meta property=\"article:modified_time\" content=\"2021-08-13T20:43:14+00:00\" \/>\n<meta property=\"og:image\" content=\"https:\/\/static.africa-press.net\/niger\/sites\/40\/2021\/08\/img-61164eabee527.jpg\" \/>\n\t<meta property=\"og:image:width\" content=\"750\" \/>\n\t<meta property=\"og:image:height\" content=\"450\" \/>\n\t<meta property=\"og:image:type\" content=\"image\/jpeg\" \/>\n<meta name=\"author\" content=\"cfeditorfr\" \/>\n<meta name=\"twitter:card\" content=\"summary_large_image\" \/>\n<meta name=\"twitter:label1\" content=\"\u00c9crit par\" \/>\n\t<meta name=\"twitter:data1\" content=\"cfeditorfr\" \/>\n\t<meta name=\"twitter:label2\" content=\"Dur\u00e9e de lecture estim\u00e9e\" \/>\n\t<meta name=\"twitter:data2\" content=\"2 minutes\" \/>\n<script type=\"application\/ld+json\" class=\"yoast-schema-graph\">{\"@context\":\"https:\/\/schema.org\",\"@graph\":[{\"@type\":\"Article\",\"@id\":\"https:\/\/www.africa-press.net\/niger\/toutes-les-actualites\/des-animateurs-des-radios-communautaires-en-formation-sur-lelaboration-des-messages-sur-la-statistique-a-maradi#article\",\"isPartOf\":{\"@id\":\"https:\/\/www.africa-press.net\/niger\/toutes-les-actualites\/des-animateurs-des-radios-communautaires-en-formation-sur-lelaboration-des-messages-sur-la-statistique-a-maradi\"},\"author\":{\"name\":\"cfeditorfr\",\"@id\":\"https:\/\/www.africa-press.net\/niger\/#\/schema\/person\/2b1cf3cd81a31e3cd26889ca66d677f1\"},\"headline\":\"Des animateurs des radios communautaires en formation sur l\u2019\u00e9laboration des messages sur la statistique \u00e0 Maradi\",\"datePublished\":\"2021-08-13T10:55:33+00:00\",\"dateModified\":\"2021-08-13T20:43:14+00:00\",\"mainEntityOfPage\":{\"@id\":\"https:\/\/www.africa-press.net\/niger\/toutes-les-actualites\/des-animateurs-des-radios-communautaires-en-formation-sur-lelaboration-des-messages-sur-la-statistique-a-maradi\"},\"wordCount\":471,\"commentCount\":0,\"image\":{\"@id\":\"https:\/\/www.africa-press.net\/niger\/toutes-les-actualites\/des-animateurs-des-radios-communautaires-en-formation-sur-lelaboration-des-messages-sur-la-statistique-a-maradi#primaryimage\"},\"thumbnailUrl\":\"https:\/\/static.africa-press.net\/niger\/sites\/40\/2021\/08\/img-61164eabee527.jpg\",\"keywords\":[\"Africa Press\",\"Africa Press-Niger\",\"Niger\"],\"articleSection\":[\"Divers\",\"homepage-french\",\"Toutes les actualit\u00e9s\"],\"inLanguage\":\"fr-FR\",\"potentialAction\":[{\"@type\":\"CommentAction\",\"name\":\"Comment\",\"target\":[\"https:\/\/www.africa-press.net\/niger\/toutes-les-actualites\/des-animateurs-des-radios-communautaires-en-formation-sur-lelaboration-des-messages-sur-la-statistique-a-maradi#respond\"]}]},{\"@type\":\"WebPage\",\"@id\":\"https:\/\/www.africa-press.net\/niger\/toutes-les-actualites\/des-animateurs-des-radios-communautaires-en-formation-sur-lelaboration-des-messages-sur-la-statistique-a-maradi\",\"url\":\"https:\/\/www.africa-press.net\/niger\/toutes-les-actualites\/des-animateurs-des-radios-communautaires-en-formation-sur-lelaboration-des-messages-sur-la-statistique-a-maradi\",\"name\":\"Des animateurs des radios communautaires en formation sur l\u2019\u00e9laboration des messages sur la statistique \u00e0 Maradi - niger\",\"isPartOf\":{\"@id\":\"https:\/\/www.africa-press.net\/niger\/#website\"},\"primaryImageOfPage\":{\"@id\":\"https:\/\/www.africa-press.net\/niger\/toutes-les-actualites\/des-animateurs-des-radios-communautaires-en-formation-sur-lelaboration-des-messages-sur-la-statistique-a-maradi#primaryimage\"},\"image\":{\"@id\":\"https:\/\/www.africa-press.net\/niger\/toutes-les-actualites\/des-animateurs-des-radios-communautaires-en-formation-sur-lelaboration-des-messages-sur-la-statistique-a-maradi#primaryimage\"},\"thumbnailUrl\":\"https:\/\/static.africa-press.net\/niger\/sites\/40\/2021\/08\/img-61164eabee527.jpg\",\"datePublished\":\"2021-08-13T10:55:33+00:00\",\"dateModified\":\"2021-08-13T20:43:14+00:00\",\"author\":{\"@id\":\"https:\/\/www.africa-press.net\/niger\/#\/schema\/person\/2b1cf3cd81a31e3cd26889ca66d677f1\"},\"description\":\", 12 Ao\u00fbt (ANP) - L\u2019Institut National de la Statistique (INS), en collaboration avec la Coordination Nationale des Radio ...\",\"breadcrumb\":{\"@id\":\"https:\/\/www.africa-press.net\/niger\/toutes-les-actualites\/des-animateurs-des-radios-communautaires-en-formation-sur-lelaboration-des-messages-sur-la-statistique-a-maradi#breadcrumb\"},\"inLanguage\":\"fr-FR\",\"potentialAction\":[{\"@type\":\"ReadAction\",\"target\":[\"https:\/\/www.africa-press.net\/niger\/toutes-les-actualites\/des-animateurs-des-radios-communautaires-en-formation-sur-lelaboration-des-messages-sur-la-statistique-a-maradi\"]}]},{\"@type\":\"ImageObject\",\"inLanguage\":\"fr-FR\",\"@id\":\"https:\/\/www.africa-press.net\/niger\/toutes-les-actualites\/des-animateurs-des-radios-communautaires-en-formation-sur-lelaboration-des-messages-sur-la-statistique-a-maradi#primaryimage\",\"url\":\"https:\/\/static.africa-press.net\/niger\/sites\/40\/2021\/08\/img-61164eabee527.jpg\",\"contentUrl\":\"https:\/\/static.africa-press.net\/niger\/sites\/40\/2021\/08\/img-61164eabee527.jpg\",\"width\":750,\"height\":450,\"caption\":\"Des animateurs des radios communautaires en formation sur l\u2019\u00e9laboration des messages sur la statistique \u00e0 Maradi\"},{\"@type\":\"BreadcrumbList\",\"@id\":\"https:\/\/www.africa-press.net\/niger\/toutes-les-actualites\/des-animateurs-des-radios-communautaires-en-formation-sur-lelaboration-des-messages-sur-la-statistique-a-maradi#breadcrumb\",\"itemListElement\":[{\"@type\":\"ListItem\",\"position\":1,\"name\":\"Accueil\",\"item\":\"https:\/\/www.africa-press.net\/niger\/\"},{\"@type\":\"ListItem\",\"position\":2,\"name\":\"Des animateurs des radios communautaires en formation sur l\u2019\u00e9laboration des messages sur la statistique \u00e0 Maradi\"}]},{\"@type\":\"WebSite\",\"@id\":\"https:\/\/www.africa-press.net\/niger\/#website\",\"url\":\"https:\/\/www.africa-press.net\/niger\/\",\"name\":\"niger\",\"description\":\"Just another Africa News Agency Sites site\",\"potentialAction\":[{\"@type\":\"SearchAction\",\"target\":{\"@type\":\"EntryPoint\",\"urlTemplate\":\"https:\/\/www.africa-press.net\/niger\/?s={search_term_string}\"},\"query-input\":{\"@type\":\"PropertyValueSpecification\",\"valueRequired\":true,\"valueName\":\"search_term_string\"}}],\"inLanguage\":\"fr-FR\"},{\"@type\":\"Person\",\"@id\":\"https:\/\/www.africa-press.net\/niger\/#\/schema\/person\/2b1cf3cd81a31e3cd26889ca66d677f1\",\"name\":\"cfeditorfr\"}]}<\/script>\n<!-- \/ Yoast SEO Premium plugin. -->","yoast_head_json":{"title":"Des animateurs des radios communautaires en formation sur l\u2019\u00e9laboration des messages sur la statistique \u00e0 Maradi - niger","description":", 12 Ao\u00fbt (ANP) - L\u2019Institut National de la Statistique (INS), en collaboration avec la Coordination Nationale des Radio ...","robots":{"index":"index","follow":"follow","max-snippet":"max-snippet:-1","max-image-preview":"max-image-preview:large","max-video-preview":"max-video-preview:-1"},"canonical":"https:\/\/www.africa-press.net\/niger\/toutes-les-actualites\/des-animateurs-des-radios-communautaires-en-formation-sur-lelaboration-des-messages-sur-la-statistique-a-maradi","og_locale":"fr_FR","og_type":"article","og_title":"Des animateurs des radios communautaires en formation sur l\u2019\u00e9laboration des messages sur la statistique \u00e0 Maradi","og_description":", 12 Ao\u00fbt (ANP) - L\u2019Institut National de la Statistique (INS), en collaboration avec la Coordination Nationale des Radio ...","og_url":"https:\/\/www.africa-press.net\/niger\/toutes-les-actualites\/des-animateurs-des-radios-communautaires-en-formation-sur-lelaboration-des-messages-sur-la-statistique-a-maradi","og_site_name":"niger","article_published_time":"2021-08-13T10:55:33+00:00","article_modified_time":"2021-08-13T20:43:14+00:00","og_image":[{"width":750,"height":450,"url":"https:\/\/static.africa-press.net\/niger\/sites\/40\/2021\/08\/img-61164eabee527.jpg","type":"image\/jpeg"}],"author":"cfeditorfr","twitter_card":"summary_large_image","twitter_misc":{"\u00c9crit par":"cfeditorfr","Dur\u00e9e de lecture estim\u00e9e":"2 minutes"},"schema":{"@context":"https:\/\/schema.org","@graph":[{"@type":"Article","@id":"https:\/\/www.africa-press.net\/niger\/toutes-les-actualites\/des-animateurs-des-radios-communautaires-en-formation-sur-lelaboration-des-messages-sur-la-statistique-a-maradi#article","isPartOf":{"@id":"https:\/\/www.africa-press.net\/niger\/toutes-les-actualites\/des-animateurs-des-radios-communautaires-en-formation-sur-lelaboration-des-messages-sur-la-statistique-a-maradi"},"author":{"name":"cfeditorfr","@id":"https:\/\/www.africa-press.net\/niger\/#\/schema\/person\/2b1cf3cd81a31e3cd26889ca66d677f1"},"headline":"Des animateurs des radios communautaires en formation sur l\u2019\u00e9laboration des messages sur la statistique \u00e0 Maradi","datePublished":"2021-08-13T10:55:33+00:00","dateModified":"2021-08-13T20:43:14+00:00","mainEntityOfPage":{"@id":"https:\/\/www.africa-press.net\/niger\/toutes-les-actualites\/des-animateurs-des-radios-communautaires-en-formation-sur-lelaboration-des-messages-sur-la-statistique-a-maradi"},"wordCount":471,"commentCount":0,"image":{"@id":"https:\/\/www.africa-press.net\/niger\/toutes-les-actualites\/des-animateurs-des-radios-communautaires-en-formation-sur-lelaboration-des-messages-sur-la-statistique-a-maradi#primaryimage"},"thumbnailUrl":"https:\/\/static.africa-press.net\/niger\/sites\/40\/2021\/08\/img-61164eabee527.jpg","keywords":["Africa Press","Africa Press-Niger","Niger"],"articleSection":["Divers","homepage-french","Toutes les actualit\u00e9s"],"inLanguage":"fr-FR","potentialAction":[{"@type":"CommentAction","name":"Comment","target":["https:\/\/www.africa-press.net\/niger\/toutes-les-actualites\/des-animateurs-des-radios-communautaires-en-formation-sur-lelaboration-des-messages-sur-la-statistique-a-maradi#respond"]}]},{"@type":"WebPage","@id":"https:\/\/www.africa-press.net\/niger\/toutes-les-actualites\/des-animateurs-des-radios-communautaires-en-formation-sur-lelaboration-des-messages-sur-la-statistique-a-maradi","url":"https:\/\/www.africa-press.net\/niger\/toutes-les-actualites\/des-animateurs-des-radios-communautaires-en-formation-sur-lelaboration-des-messages-sur-la-statistique-a-maradi","name":"Des animateurs des radios communautaires en formation sur l\u2019\u00e9laboration des messages sur la statistique \u00e0 Maradi - niger","isPartOf":{"@id":"https:\/\/www.africa-press.net\/niger\/#website"},"primaryImageOfPage":{"@id":"https:\/\/www.africa-press.net\/niger\/toutes-les-actualites\/des-animateurs-des-radios-communautaires-en-formation-sur-lelaboration-des-messages-sur-la-statistique-a-maradi#primaryimage"},"image":{"@id":"https:\/\/www.africa-press.net\/niger\/toutes-les-actualites\/des-animateurs-des-radios-communautaires-en-formation-sur-lelaboration-des-messages-sur-la-statistique-a-maradi#primaryimage"},"thumbnailUrl":"https:\/\/static.africa-press.net\/niger\/sites\/40\/2021\/08\/img-61164eabee527.jpg","datePublished":"2021-08-13T10:55:33+00:00","dateModified":"2021-08-13T20:43:14+00:00","author":{"@id":"https:\/\/www.africa-press.net\/niger\/#\/schema\/person\/2b1cf3cd81a31e3cd26889ca66d677f1"},"description":", 12 Ao\u00fbt (ANP) - L\u2019Institut National de la Statistique (INS), en collaboration avec la Coordination Nationale des Radio ...","breadcrumb":{"@id":"https:\/\/www.africa-press.net\/niger\/toutes-les-actualites\/des-animateurs-des-radios-communautaires-en-formation-sur-lelaboration-des-messages-sur-la-statistique-a-maradi#breadcrumb"},"inLanguage":"fr-FR","potentialAction":[{"@type":"ReadAction","target":["https:\/\/www.africa-press.net\/niger\/toutes-les-actualites\/des-animateurs-des-radios-communautaires-en-formation-sur-lelaboration-des-messages-sur-la-statistique-a-maradi"]}]},{"@type":"ImageObject","inLanguage":"fr-FR","@id":"https:\/\/www.africa-press.net\/niger\/toutes-les-actualites\/des-animateurs-des-radios-communautaires-en-formation-sur-lelaboration-des-messages-sur-la-statistique-a-maradi#primaryimage","url":"https:\/\/static.africa-press.net\/niger\/sites\/40\/2021\/08\/img-61164eabee527.jpg","contentUrl":"https:\/\/static.africa-press.net\/niger\/sites\/40\/2021\/08\/img-61164eabee527.jpg","width":750,"height":450,"caption":"Des animateurs des radios communautaires en formation sur l\u2019\u00e9laboration des messages sur la statistique \u00e0 Maradi"},{"@type":"BreadcrumbList","@id":"https:\/\/www.africa-press.net\/niger\/toutes-les-actualites\/des-animateurs-des-radios-communautaires-en-formation-sur-lelaboration-des-messages-sur-la-statistique-a-maradi#breadcrumb","itemListElement":[{"@type":"ListItem","position":1,"name":"Accueil","item":"https:\/\/www.africa-press.net\/niger\/"},{"@type":"ListItem","position":2,"name":"Des animateurs des radios communautaires en formation sur l\u2019\u00e9laboration des messages sur la statistique \u00e0 Maradi"}]},{"@type":"WebSite","@id":"https:\/\/www.africa-press.net\/niger\/#website","url":"https:\/\/www.africa-press.net\/niger\/","name":"niger","description":"Just another Africa News Agency Sites site","potentialAction":[{"@type":"SearchAction","target":{"@type":"EntryPoint","urlTemplate":"https:\/\/www.africa-press.net\/niger\/?s={search_term_string}"},"query-input":{"@type":"PropertyValueSpecification","valueRequired":true,"valueName":"search_term_string"}}],"inLanguage":"fr-FR"},{"@type":"Person","@id":"https:\/\/www.africa-press.net\/niger\/#\/schema\/person\/2b1cf3cd81a31e3cd26889ca66d677f1","name":"cfeditorfr"}]}},"_links":{"self":[{"href":"https:\/\/www.africa-press.net\/niger\/wp-json\/wp\/v2\/posts\/9935","targetHints":{"allow":["GET"]}}],"collection":[{"href":"https:\/\/www.africa-press.net\/niger\/wp-json\/wp\/v2\/posts"}],"about":[{"href":"https:\/\/www.africa-press.net\/niger\/wp-json\/wp\/v2\/types\/post"}],"author":[{"embeddable":true,"href":"https:\/\/www.africa-press.net\/niger\/wp-json\/wp\/v2\/users\/82"}],"replies":[{"embeddable":true,"href":"https:\/\/www.africa-press.net\/niger\/wp-json\/wp\/v2\/comments?post=9935"}],"version-history":[{"count":0,"href":"https:\/\/www.africa-press.net\/niger\/wp-json\/wp\/v2\/posts\/9935\/revisions"}],"wp:featuredmedia":[{"embeddable":true,"href":"https:\/\/www.africa-press.net\/niger\/wp-json\/wp\/v2\/media\/9934"}],"wp:attachment":[{"href":"https:\/\/www.africa-press.net\/niger\/wp-json\/wp\/v2\/media?parent=9935"}],"wp:term":[{"taxonomy":"category","embeddable":true,"href":"https:\/\/www.africa-press.net\/niger\/wp-json\/wp\/v2\/categories?post=9935"},{"taxonomy":"post_tag","embeddable":true,"href":"https:\/\/www.africa-press.net\/niger\/wp-json\/wp\/v2\/tags?post=9935"}],"curies":[{"name":"wp","href":"https:\/\/api.w.org\/{rel}","templated":true}]}}