{"id":9944,"date":"2021-08-13T11:18:57","date_gmt":"2021-08-13T11:18:57","guid":{"rendered":"https:\/\/www.africa-press.net\/niger\/?p=9944"},"modified":"2021-08-13T20:43:54","modified_gmt":"2021-08-13T20:43:54","slug":"communique-du-conseil-des-ministres-du-jeudi-12-aout-2021","status":"publish","type":"post","link":"https:\/\/www.africa-press.net\/niger\/politique\/communique-du-conseil-des-ministres-du-jeudi-12-aout-2021","title":{"rendered":"COMMUNIQUE DU CONSEIL DES MINISTRES DU JEUDI 12 AO\u00dbT 2021"},"content":{"rendered":"<p><span style=\"color: #ff6600\"><strong><a href=\"https:\/\/www.africa-press.net\/\">Africa-Press<\/a> &#8211; <a href=\"https:\/\/www.africa-press.net\/niger\">Niger<\/a>. <\/strong><\/span>seil des Ministres s&rsquo;est r\u00e9uni ce jour,jeudi 12 ao\u00fbt 2021, dans la salle habituelle des d\u00e9lib\u00e9rations, sous la pr\u00e9sidence de Son Excellence, Monsieur MOHAMED BAZOUM, Pr\u00e9sident de la R\u00e9publique, Pr\u00e9sident du Conseil des Ministres.<\/p>\n<p>Apr\u00e8s examen des points inscrits \u00e0 son ordre du jour, le Conseil a pris les d\u00e9cisions suivantes :<\/p>\n<p>AU TITRE DU MINISTERE DES AFFAIRES ETRANGERES ET DE LA COOPERATION.<\/p>\n<p>Le Conseil des Ministres a adopt\u00e9 les projets de textes ci-apr\u00e8s :<\/p>\n<p>projet d\u2019ordonnance autorisant la ratification de l\u2019Accord de financement, compos\u00e9 du cr\u00e9dit N\u00b06839-NE d\u2019un montant de cinquante-sept millions cent mille Euros (57 100 000 \u20ac), sign\u00e9 le 1er juin 2021 \u00e0 Niamey, entre la R\u00e9publique du Niger et l&rsquo;Association Internationale de D\u00e9veloppement (AID), pour le financement du Projet d&rsquo;am\u00e9lioration de la Connectivit\u00e9 dans le Nord-Est du Niger ;<\/p>\n<p>L&rsquo;Accord objet du pr\u00e9sent projet d&rsquo;ordonnance poursuit les deux (02) objectifs suivants :<\/p>\n<p>am\u00e9liorer la connectivit\u00e9 et la s\u00e9curit\u00e9 routi\u00e8re le long de la section de route Agadez-Zinder dans le nord-est du Niger par la r\u00e9habilitation du segment de route Tanout-Tiguidit et l&rsquo;entretien complet de la section compl\u00e8te Agadez-Zinder ;<\/p>\n<p>am\u00e9liorer l&rsquo;acc\u00e8s aux infrastructures socio-\u00e9conomiques de base pour certaines communaut\u00e9s locales le long de la section de route Agadez-Zinder .<\/p>\n<p>Le pr\u00e9sent projet d&rsquo;ordonnance est pris conform\u00e9ment aux dispositions de l&rsquo;article 169 de la Constitution et \u00e0 celles de la loi n\u00b02021-018 du 07 juillet 2021, habilitant le Gouvernement \u00e0 prendre des ordonnances et ce, apr\u00e8s avis de la Cour Constitutionnelle.<\/p>\n<p>projet de d\u00e9cret portant abrogation du d\u00e9cret n\u00b0 2006-287\/PRN\/MAE\/C\/IA du 26 septembre 2006, portant cr\u00e9ation d&rsquo;un comit\u00e9 ad&rsquo;hoc d&rsquo;appui \u00e0 l&rsquo;\u00e9quipe des conseils\/avocats du Niger en l&rsquo;affaire frontali\u00e8re Niger\/Burkina Faso ;<\/p>\n<p>Le Comit\u00e9 ad&rsquo;hoc d&rsquo;appui \u00e0 l&rsquo;\u00e9quipe des conseils\/avocats du Niger a \u00e9t\u00e9 cr\u00e9\u00e9 par d\u00e9cret n\u00b0 2006-287 du 26 septembre 2006. Il avait pour missions d&rsquo;appuyer l&rsquo;\u00e9quipe des Conseils et avocats de l&rsquo;Etat du Niger dans l&rsquo;affaire frontali\u00e8re qui l&rsquo;opposait \u00e0 l&rsquo;Etat du Burkina Faso.<\/p>\n<p>Les travaux d&rsquo;abornement de la fronti\u00e8re Niger-Burkina Faso \u00e9tant actuellement en cours, le pr\u00e9sent projet de d\u00e9cret est pris pour dissoudre le Comit\u00e9 ad&rsquo; hoc et transf\u00e9rer ses missions \u00e0 la Commission Technique Mixte d&rsquo;Abornement de la Fronti\u00e8re entre le Niger et le Burkina Faso (CTMA) mise en place \u00e0 cet effet.<\/p>\n<p>AU TITRE DU MINISTERE DE L&rsquo;ENVIRONNEMENT ET DE LA LUTTE CONTRE LA DESERTIFICATION.<\/p>\n<p>Le Conseil des Ministres a adopt\u00e9 le Projet de d\u00e9cret modifiant le d\u00e9cret n\u00b02012-075\/PRN\/MH\/E du 06 mars 2012, portant classement de la R\u00e9serve Naturelle Nationale de Termit et Tin-Toumma<\/p>\n<p>Le pr\u00e9sent projet de d\u00e9cret est pris pour red\u00e9finir les limites de la R\u00e9serve Naturelle Nationale de Termit et Tin-Toumma (RNNTT) afin de disposer d&rsquo;une aire prot\u00e9g\u00e9e r\u00e9pondant aux enjeux universels de conservation de la biodiversit\u00e9 sah\u00e9lo-saharienne.<\/p>\n<p>Le r\u00e9ajustement ainsi propos\u00e9 permet d&rsquo;int\u00e9grer l&rsquo;ensemble des sites viables aux esp\u00e8ces embl\u00e9matiques qui y vivent.<\/p>\n<p>MESURES NOMINATIVES.<\/p>\n<p>AU TITRE DU MINISTERE DE LA SANTE PUBLIQUE, DE LA POPULATION ET DES AFFAIRES SOCIALES<\/p>\n<p>Il est mis fin aux fonctions des conseillers techniques du Ministre de la Population exerc\u00e9es par les personnes ci-apr\u00e8s :<\/p>\n<p>Monsieur Soumana Adamou ;<\/p>\n<p>Madame Abdoul Rachid Fatima Moustapha Tahi ;<\/p>\n<p>Monsieur Issa Bana Djibrin ;<\/p>\n<p>Madame Seyni A\u00efssa.<\/p>\n<p>AU TITRE DU MINISTERE DES FINANCES<\/p>\n<p>Monsieur Issoufou Mamane, ing\u00e9nieur statisticien \u00e9conomiste, Mle 53736\/G, est nomm\u00e9 inspecteur g\u00e9n\u00e9ral des finances, \u00e0 la l&rsquo;Inspection G\u00e9n\u00e9rale des Finances, au Minist\u00e8re des Finances.<\/p>\n<p>Monsieur Moussa Koch\u00e9, ing\u00e9nieur statisticien \u00e9conomiste, Mle 135\/INS, est nomm\u00e9 directeur des \u00e9tudes et des analyses macro\u00e9conomiques et financi\u00e8res, \u00e0 la Direction G\u00e9n\u00e9rale des Op\u00e9rations Financi\u00e8res et des R\u00e9formes, au Minist\u00e8re des Finances.<\/p>\n<p>Monsieur Abdoul Karim Moussa Tambari, macro\u00e9conomiste, est nomm\u00e9 directeur des r\u00e9formes financi\u00e8res, \u00e0 la Direction G\u00e9n\u00e9rale des Op\u00e9rations Financi\u00e8res et des R\u00e9formes, au Minist\u00e8re des Finances.<\/p>\n<p>Monsieur Namamou Ajirou, \u00e9conomiste planificateur, Mle 115255\/W, est nomm\u00e9 directeur des \u00e9tudes et de la programmation, au Minist\u00e8re des Finances.<\/p>\n<p>Monsieur Ma\u00ef Mamadou Goni, inspecteur principal du tr\u00e9sor, Mle 60147, est nomm\u00e9 directeur du contr\u00f4le des march\u00e9s publics, \u00e0 la Direction G\u00e9n\u00e9rale du Contr\u00f4le des March\u00e9s Publics et des Op\u00e9rations Budg\u00e9taires, au Minist\u00e8re des Finances.<\/p>\n<p>Monsieur Mahamane Ousmane Ma\u00efga, inspecteur principal du tr\u00e9sor, Mle 53633, est nomm\u00e9 directeur du contr\u00f4le des op\u00e9rations budg\u00e9taires, \u00e0 la Direction G\u00e9n\u00e9rale du Contr\u00f4le des March\u00e9s Publics et des Op\u00e9rations Budg\u00e9taires, au Minist\u00e8re des Finances.<\/p>\n<p>Monsieur Adamou Ousseini, directeur administratif, Mle 115193, est nomm\u00e9 directeur des \u00e9tudes, de la r\u00e9glementation et de la formation, \u00e0 la Direction G\u00e9n\u00e9rale du Contr\u00f4le des March\u00e9s Publics et des Op\u00e9rations Budg\u00e9taires, au Minist\u00e8re des Finances.<\/p>\n<p>Monsieur Rab\u00e9 Issoufa, ing\u00e9nieur statisticien \u00e9conomiste, Mle 115254, est nomm\u00e9 directeur des syst\u00e8mes d&rsquo;information, \u00e0 la Direction G\u00e9n\u00e9rale du Contr\u00f4le des March\u00e9s Publics et des Op\u00e9rations Budg\u00e9taires, au Minist\u00e8re des Finances.<\/p>\n<p>Madame Abdou Aminatou Ali Diadi\u00e9, inspectrice principale du tr\u00e9sor, Mle 115021, est nomm\u00e9e contr\u00f4leur des march\u00e9s publics et des op\u00e9rations budg\u00e9taires au Conseil Sup\u00e9rieur de la Communication (CSC), \u00e0 la M\u00e9diature, au Conseil Economique, Social et Cultuel (CESOC) et \u00e0 la Commission Nationale des Droits Humains (CNDH).<\/p>\n<p>Monsieur Haya Ousseini, inspecteur principal du tr\u00e9sor, Mle 66286, est nomm\u00e9 contr\u00f4leur des march\u00e9s publics et des op\u00e9rations budg\u00e9taires au Minist\u00e8re de l&rsquo;Agriculture et les Structures rattach\u00e9es.<\/p>\n<p>Madame Dant\u00e9 Ma\u00efmouna Maman Falissou, inspectrice principale du tr\u00e9sor, Mle 61944, est nomm\u00e9e contr\u00f4leur des march\u00e9s publics et des op\u00e9rations budg\u00e9taires au Minist\u00e8re de l&rsquo;Enseignement Technique et de la Formation Professionnelle et les Structures rattach\u00e9es.<\/p>\n<p>Madame Ma\u00efmouna Amadou Adamou, inspectrice centrale du tr\u00e9sor, Mle 115055, est nomm\u00e9e contr\u00f4leur des march\u00e9s publics et des op\u00e9rations budg\u00e9taires au Fonds Commun Sectoriel de l&rsquo;Education.<\/p>\n<p>Monsieur Yacouba Malam Sama, inspecteur principal du tr\u00e9sor, Mle 115032, est nomm\u00e9 contr\u00f4leur des march\u00e9s publics et des op\u00e9rations budg\u00e9taires au Fonds d&rsquo;Appui \u00e0 la Formation Professionnelle et \u00e0 l&rsquo;Apprentissage.<\/p>\n<p>COMMUNICATIONS.<\/p>\n<p>Le Conseil des Ministres a entendu cinq (05) communications :<\/p>\n<p>deux (02) communications du Ministre de la Sant\u00e9 Publique, de la Population et des Affaires Sociales :<\/p>\n<p>la premi\u00e8re communication est relative \u00e0 la situation de la Covid-19.<\/p>\n<p>Au Niger, \u00e0 la date du 9 ao\u00fbt 2021, la situation se pr\u00e9sente comme suit :<\/p>\n<p>L&rsquo;analyse de la tendance \u00e9pid\u00e9miologique hebdomadaire de la COVID-19 montre que la situation est toujours sous contr\u00f4le.<\/p>\n<p>On note une l\u00e9g\u00e8re augmentation du nombre de nouveaux cas positifs notifi\u00e9s par rapport \u00e0 la semaine pr\u00e9c\u00e9dente. Presque tous les cas de la semaine ont \u00e9t\u00e9 notifi\u00e9s au niveau de la r\u00e9gion de Niamey et le test de s\u00e9quen\u00e7age n&rsquo;a pas encore d\u00e9tect\u00e9 de variant Delta.<\/p>\n<p>Le niveau des indicateurs est satisfaisant.<\/p>\n<p>La tendance actuelle du taux d&rsquo;attaque hebdomadaire est en augmentation cette semaine comparativement \u00e0 la semaine pr\u00e9c\u00e9dente.<\/p>\n<p>A. STRATEGIES DE CONFINEMENT<\/p>\n<p>total cas confin\u00e9s 25.773, soit une augmentation de 0,04% par rapport \u00e0 la semaine pr\u00e9c\u00e9dente ;<\/p>\n<p>total cas sortis du confinement 25.698, soit une l\u00e9g\u00e8re augmentation par rapport \u00e0 la semaine pr\u00e9c\u00e9dente;<\/p>\n<p>total cas en cours d&rsquo;auto confinement 75, soit une diminution de 24% par rapport \u00e0 la semaine pr\u00e9c\u00e9dente.<\/p>\n<p>B. STRATEGIES DE PRISE EN CHARGE<\/p>\n<p>cumul cas positifs 5.687, soit 50 nouveaux cas par rapport \u00e0 la semaine pr\u00e9c\u00e9dente ;<\/p>\n<p>cumul d\u00e9c\u00e8s enregistr\u00e9s 196 (Stationnaire) ;<\/p>\n<p>taux de l\u00e9talit\u00e9 cumul\u00e9 3,4% (Stationnaire) ;<\/p>\n<p>cumul des cas gu\u00e9ris enregistr\u00e9s 5.401, soit une augmentation de 56 cas par rapport \u00e0 la semaine pr\u00e9c\u00e9dente ;<\/p>\n<p>taux de gu\u00e9rison cumul\u00e9 94,9% (Stationnaire) ;<\/p>\n<p>taux d&rsquo;attaque hebdomadaire 0,21 cas\/100.000, soit une augmentation de 31% par rapport \u00e0 la semaine pr\u00e9c\u00e9dente ;<\/p>\n<p>patients actifs 90, soit une l\u00e9g\u00e8re r\u00e9duction par rapport \u00e0 la semaine pr\u00e9c\u00e9dente ;<\/p>\n<p>patients en cours d&rsquo;hospitalisation 18 cas, soit une augmentation de 15 cas par rapport \u00e0 la semaine pr\u00e9c\u00e9dente.<\/p>\n<p>La vaccination contre la COVID-19 se poursuit et une campagne nationale de masse avec le vaccin JOHNSON and JOHNSON est en cours de pr\u00e9paration.<\/p>\n<p>Le maintien des mesures barri\u00e8res demeure vivement recommand\u00e9.<\/p>\n<p>la deuxi\u00e8me communication du Ministre de la Sant\u00e9 Publique, de la Population et des Affaires Sociales est relative \u00e0 la situation de la gastro ent\u00e9rite (Chol\u00e9ra) au Niger ;<\/p>\n<p>Depuis quelques semaines, notre pays enregistre des cas de diarrh\u00e9e- vomissements dans les r\u00e9gions de Zinder, de Maradi, de Dosso et de Tahoua.<\/p>\n<p>Apr\u00e8s analyse des pr\u00e9l\u00e8vements au niveau du Laboratoire National de R\u00e9f\u00e9rence, le germe du Chol\u00e9ra a \u00e9t\u00e9 identifi\u00e9. Les districts sanitaires touch\u00e9s sont ceux de Tanout, de Magaria, de Damagaram Takaya, de Mirriah, dans la r\u00e9gion de Zinder, de Maradi commune, de Madarounfa et de Guidan Roumdji, dans la r\u00e9gion de Maradi, de Gaya et de Dogondoutchi dans la r\u00e9gion de Dosso, de Konni dans la r\u00e9gion de Tahoua.<\/p>\n<p>La plupart des cas sont en lien avec une \u00e9pid\u00e9mie qui s\u00e9vit depuis plusieurs mois au niveau des r\u00e9gions frontali\u00e8res d&rsquo;un pays voisin o\u00f9 on note d&rsquo;importants brassages des populations. En outre, notre pays enregistre, en cette p\u00e9riode, de fortes pr\u00e9cipitations ayant occasionn\u00e9 des inondations par endroit qui constituent des facteurs de propagation de cette maladie.<\/p>\n<p>Il faut noter que les quatre (4) r\u00e9gions touch\u00e9es actuellement enregistrent de fa\u00e7on r\u00e9currente des \u00e9pid\u00e9mies de chol\u00e9ra dont la derni\u00e8re remonte \u00e0 2018.<\/p>\n<p>A la date du 11 ao\u00fbt 2021, la situation se pr\u00e9sente comme suit :<\/p>\n<p>R\u00e9gion de Zinder : 168 cas dont 10 d\u00e9c\u00e8s ;<\/p>\n<p>R\u00e9gion de Maradi : 243 cas dont 06 d\u00e9c\u00e8s ;<\/p>\n<p>R\u00e9gion de Dosso : 03 cas dont 0 d\u00e9c\u00e8s ;<\/p>\n<p>R\u00e9gion de Tahoua : 5 cas dont 0 d\u00e9c\u00e8s.<\/p>\n<p>On d\u00e9nombre un total de 419 cas, avec 16 d\u00e9c\u00e8s, 307 gu\u00e9ris et 96 sous traitement.<\/p>\n<p>Face \u00e0 cette situation, des dispositions ont d\u00e9j\u00e0 \u00e9t\u00e9 prises, \u00e0 savoir :<\/p>\n<p>\u00e9changes r\u00e9guliers avec les Directions r\u00e9gionales de la sant\u00e9 publique, de la population et des Affaires Sociales (DRSP\/P\/ AS) sur la situation du chol\u00e9ra dans la sous-r\u00e9gion ;<\/p>\n<p>pr\u00e9-positionnement des Kits chol\u00e9ra, des tests de d\u00e9pistage rapide et renforcement des stocks au niveau des r\u00e9gions ;<\/p>\n<p>missions d&rsquo;investigation au niveau de tous les foyers d\u00e8s la d\u00e9tection des premiers cas par les \u00e9quipes des districts sanitaires et des Directions r\u00e9gionales, appuy\u00e9es par les partenaires techniques se trouvant dans les r\u00e9gions concern\u00e9es ;<\/p>\n<p>mise en place des sites d&rsquo;isolement et de prise en charge des cas au niveau des foyers ;<\/p>\n<p>traitement r\u00e9gulier des points d&rsquo;eau et distribution des comprim\u00e9s d&rsquo;aquatab ;<\/p>\n<p>sensibilisation de la population et des leaders, en continu, sur les mesures de pr\u00e9vention \u00e0 travers les radios communautaires ;<\/p>\n<p>d\u00e9sinfection des domiciles et des sites de prise en charge ;<\/p>\n<p>suivi journalier de l&rsquo;\u00e9volution de la maladie \u00e0 tous les niveaux.<\/p>\n<p>Le Minist\u00e8re de la Sant\u00e9 Publique, de la Population et des Affaires Sociales recommande :<\/p>\n<p>le recours urgent aux services de sant\u00e9 devant tout cas pr\u00e9sentant les signes de suspicion de chol\u00e9ra \u00e0 savoir : la diarrh\u00e9e, les vomissements, la d\u00e9shydratation ;<\/p>\n<p>l&rsquo;utilisation des latrines et \u00e0 d\u00e9faut l&rsquo;enfouissement des selles ;<\/p>\n<p>la consommation d&rsquo;une eau potable, de l&rsquo;eau bouillie ou de l&rsquo;eau trait\u00e9e avec les d\u00e9sinfectants (eau de javel, aquatab) ;<\/p>\n<p>le lavage r\u00e9gulier des mains \u00e0 l&rsquo;eau et au savon ;<\/p>\n<p>le lavage soigneux des mains avant la pr\u00e9paration et la consommation des aliments ;<\/p>\n<p>la salubrit\u00e9 des lieux ;<\/p>\n<p>la protection des denr\u00e9es alimentaires et la d\u00e9sinfection des aliments crus avant leur consommation ;<\/p>\n<p>le respect strict des conseils donn\u00e9s par les professionnels de la sant\u00e9.<\/p>\n<p>Dans l&rsquo;ensemble la situation est sous contr\u00f4le gr\u00e2ce \u00e0 la mobilisation des acteurs \u00e0 diff\u00e9rents niveaux avec l&rsquo;appui de l&rsquo;Etat et de ses partenaires.<\/p>\n<p>Par ailleurs, le Gouvernement rend un hommage m\u00e9rit\u00e9 \u00e0 l&rsquo;ensemble du personnel de la sant\u00e9 pour le d\u00e9vouement et l&rsquo;efficacit\u00e9 avec lesquels il est entrain de g\u00e9rer la situation des maladies en g\u00e9n\u00e9ral et du chol\u00e9ra en particulier.<\/p>\n<p>Le Gouvernement adresse \u00e9galement ses remerciements et ses encouragements \u00e0 tous les partenaires techniques et financiers qui l&rsquo;ont toujours accompagn\u00e9 en pareille circonstance.<\/p>\n<p>Une (01) communication du Ministre de l&rsquo;Enseignement Sup\u00e9rieur et de la Recherche relative aux r\u00e9sultats provisoires du Baccalaur\u00e9at session 2021.<\/p>\n<p>une communication du Ministre de l&rsquo;Equipement relative \u00e0 l&rsquo;attribution d&rsquo;un march\u00e9 public par demande de propositions pour \u00e9tudes d&rsquo;ex\u00e9cution, d&rsquo;impact environnemental et social, le contr\u00f4le et la surveillance des travaux de r\u00e9habilitation, d&rsquo;am\u00e9nagement et de bitumage de la route Niamey-Kollo-Kirtachi-Boumba (163 km).<\/p>\n<p>Le march\u00e9, d&rsquo;un montant d&rsquo;un milliard sept cent soixante-neuf millions cinq cent quatre-vingt-neuf mille cinq cents (1 769 589 500) francs CFA, toutes taxes comprises a pour attributaire provisoire GERMS CONSULTING, avec un d\u00e9lai d&rsquo;ex\u00e9cution de 41 mois.<\/p>\n<p>une communication du Ministre de l&rsquo;Am\u00e9nagement du Territoire et du D\u00e9veloppement Communautaire sur le processus de fusion du service civique national et du volontariat national pour le d\u00e9veloppement.<\/p>\n<p>L&rsquo;ordre du jour \u00e9tant \u00e9puis\u00e9, Son Excellence Monsieur le Pr\u00e9sident de la R\u00e9publique a lev\u00e9 la s\u00e9ance.<\/p>\n<p>&nbsp;<\/p>\n","protected":false},"excerpt":{"rendered":"<p>Africa-Press &#8211; Niger. seil des Ministres s&rsquo;est r\u00e9uni ce jour,jeudi 12 ao\u00fbt 2021, dans la salle habituelle des d\u00e9lib\u00e9rations, sous la pr\u00e9sidence de Son Excellence, Monsieur MOHAMED BAZOUM, Pr\u00e9sident de la R\u00e9publique, Pr\u00e9sident du Conseil des Ministres. Apr\u00e8s examen des points inscrits \u00e0 son ordre du jour, le Conseil a pris les d\u00e9cisions suivantes : [&hellip;]<\/p>\n","protected":false},"author":82,"featured_media":9943,"comment_status":"open","ping_status":"closed","sticky":false,"template":"","format":"standard","meta":{"footnotes":""},"categories":[11,2,10],"tags":[55,60,29],"class_list":["post-9944","post","type-post","status-publish","format-standard","has-post-thumbnail","hentry","category-homepage-french","category-politique","category-toutes-les-actualites","tag-africa-press","tag-africa-press-niger","tag-niger"],"yoast_head":"<!-- This site is optimized with the Yoast SEO Premium plugin v26.1 (Yoast SEO v27.0) - https:\/\/yoast.com\/product\/yoast-seo-premium-wordpress\/ -->\n<title>COMMUNIQUE DU CONSEIL DES MINISTRES DU JEUDI 12 AO\u00dbT 2021 - niger<\/title>\n<meta name=\"description\" content=\"seil des Ministres s&#039;est r\u00e9uni ce jour,jeudi 12 ao\u00fbt 2021, dans la salle habituelle des d\u00e9lib\u00e9rations, sous la pr\u00e9sidenc ...\" \/>\n<meta name=\"robots\" content=\"index, follow, max-snippet:-1, max-image-preview:large, max-video-preview:-1\" \/>\n<link rel=\"canonical\" href=\"https:\/\/www.africa-press.net\/niger\/politique\/communique-du-conseil-des-ministres-du-jeudi-12-aout-2021\" \/>\n<meta property=\"og:locale\" content=\"fr_FR\" \/>\n<meta property=\"og:type\" content=\"article\" \/>\n<meta property=\"og:title\" content=\"COMMUNIQUE DU CONSEIL DES MINISTRES DU JEUDI 12 AO\u00dbT 2021\" \/>\n<meta property=\"og:description\" content=\"seil des Ministres s&#039;est r\u00e9uni ce jour,jeudi 12 ao\u00fbt 2021, dans la salle habituelle des d\u00e9lib\u00e9rations, sous la pr\u00e9sidenc ...\" \/>\n<meta property=\"og:url\" content=\"https:\/\/www.africa-press.net\/niger\/politique\/communique-du-conseil-des-ministres-du-jeudi-12-aout-2021\" \/>\n<meta property=\"og:site_name\" content=\"niger\" \/>\n<meta property=\"article:published_time\" content=\"2021-08-13T11:18:57+00:00\" \/>\n<meta property=\"article:modified_time\" content=\"2021-08-13T20:43:54+00:00\" \/>\n<meta property=\"og:image\" content=\"https:\/\/static.africa-press.net\/niger\/sites\/40\/2021\/08\/img-61164f3c3ac19.jpg\" \/>\n\t<meta property=\"og:image:width\" content=\"720\" \/>\n\t<meta property=\"og:image:height\" content=\"375\" \/>\n\t<meta property=\"og:image:type\" content=\"image\/jpeg\" \/>\n<meta name=\"author\" content=\"cfeditorfr\" \/>\n<meta name=\"twitter:card\" content=\"summary_large_image\" \/>\n<meta name=\"twitter:label1\" content=\"\u00c9crit par\" \/>\n\t<meta name=\"twitter:data1\" content=\"cfeditorfr\" \/>\n\t<meta name=\"twitter:label2\" content=\"Dur\u00e9e de lecture estim\u00e9e\" \/>\n\t<meta name=\"twitter:data2\" content=\"11 minutes\" \/>\n<script type=\"application\/ld+json\" class=\"yoast-schema-graph\">{\"@context\":\"https:\/\/schema.org\",\"@graph\":[{\"@type\":\"Article\",\"@id\":\"https:\/\/www.africa-press.net\/niger\/politique\/communique-du-conseil-des-ministres-du-jeudi-12-aout-2021#article\",\"isPartOf\":{\"@id\":\"https:\/\/www.africa-press.net\/niger\/politique\/communique-du-conseil-des-ministres-du-jeudi-12-aout-2021\"},\"author\":{\"name\":\"cfeditorfr\",\"@id\":\"https:\/\/www.africa-press.net\/niger\/#\/schema\/person\/2b1cf3cd81a31e3cd26889ca66d677f1\"},\"headline\":\"COMMUNIQUE DU CONSEIL DES MINISTRES DU JEUDI 12 AO\u00dbT 2021\",\"datePublished\":\"2021-08-13T11:18:57+00:00\",\"dateModified\":\"2021-08-13T20:43:54+00:00\",\"mainEntityOfPage\":{\"@id\":\"https:\/\/www.africa-press.net\/niger\/politique\/communique-du-conseil-des-ministres-du-jeudi-12-aout-2021\"},\"wordCount\":2313,\"commentCount\":0,\"image\":{\"@id\":\"https:\/\/www.africa-press.net\/niger\/politique\/communique-du-conseil-des-ministres-du-jeudi-12-aout-2021#primaryimage\"},\"thumbnailUrl\":\"https:\/\/static.africa-press.net\/niger\/sites\/40\/2021\/08\/img-61164f3c3ac19.jpg\",\"keywords\":[\"Africa Press\",\"Africa Press-Niger\",\"Niger\"],\"articleSection\":[\"homepage-french\",\"Politique\",\"Toutes les actualit\u00e9s\"],\"inLanguage\":\"fr-FR\",\"potentialAction\":[{\"@type\":\"CommentAction\",\"name\":\"Comment\",\"target\":[\"https:\/\/www.africa-press.net\/niger\/politique\/communique-du-conseil-des-ministres-du-jeudi-12-aout-2021#respond\"]}]},{\"@type\":\"WebPage\",\"@id\":\"https:\/\/www.africa-press.net\/niger\/politique\/communique-du-conseil-des-ministres-du-jeudi-12-aout-2021\",\"url\":\"https:\/\/www.africa-press.net\/niger\/politique\/communique-du-conseil-des-ministres-du-jeudi-12-aout-2021\",\"name\":\"COMMUNIQUE DU CONSEIL DES MINISTRES DU JEUDI 12 AO\u00dbT 2021 - niger\",\"isPartOf\":{\"@id\":\"https:\/\/www.africa-press.net\/niger\/#website\"},\"primaryImageOfPage\":{\"@id\":\"https:\/\/www.africa-press.net\/niger\/politique\/communique-du-conseil-des-ministres-du-jeudi-12-aout-2021#primaryimage\"},\"image\":{\"@id\":\"https:\/\/www.africa-press.net\/niger\/politique\/communique-du-conseil-des-ministres-du-jeudi-12-aout-2021#primaryimage\"},\"thumbnailUrl\":\"https:\/\/static.africa-press.net\/niger\/sites\/40\/2021\/08\/img-61164f3c3ac19.jpg\",\"datePublished\":\"2021-08-13T11:18:57+00:00\",\"dateModified\":\"2021-08-13T20:43:54+00:00\",\"author\":{\"@id\":\"https:\/\/www.africa-press.net\/niger\/#\/schema\/person\/2b1cf3cd81a31e3cd26889ca66d677f1\"},\"description\":\"seil des Ministres s'est r\u00e9uni ce jour,jeudi 12 ao\u00fbt 2021, dans la salle habituelle des d\u00e9lib\u00e9rations, sous la pr\u00e9sidenc ...\",\"breadcrumb\":{\"@id\":\"https:\/\/www.africa-press.net\/niger\/politique\/communique-du-conseil-des-ministres-du-jeudi-12-aout-2021#breadcrumb\"},\"inLanguage\":\"fr-FR\",\"potentialAction\":[{\"@type\":\"ReadAction\",\"target\":[\"https:\/\/www.africa-press.net\/niger\/politique\/communique-du-conseil-des-ministres-du-jeudi-12-aout-2021\"]}]},{\"@type\":\"ImageObject\",\"inLanguage\":\"fr-FR\",\"@id\":\"https:\/\/www.africa-press.net\/niger\/politique\/communique-du-conseil-des-ministres-du-jeudi-12-aout-2021#primaryimage\",\"url\":\"https:\/\/static.africa-press.net\/niger\/sites\/40\/2021\/08\/img-61164f3c3ac19.jpg\",\"contentUrl\":\"https:\/\/static.africa-press.net\/niger\/sites\/40\/2021\/08\/img-61164f3c3ac19.jpg\",\"width\":720,\"height\":375,\"caption\":\"COMMUNIQUE DU CONSEIL DES MINISTRES DU JEUDI 12 AO\u00dbT 2021\"},{\"@type\":\"BreadcrumbList\",\"@id\":\"https:\/\/www.africa-press.net\/niger\/politique\/communique-du-conseil-des-ministres-du-jeudi-12-aout-2021#breadcrumb\",\"itemListElement\":[{\"@type\":\"ListItem\",\"position\":1,\"name\":\"Accueil\",\"item\":\"https:\/\/www.africa-press.net\/niger\/\"},{\"@type\":\"ListItem\",\"position\":2,\"name\":\"COMMUNIQUE DU CONSEIL DES MINISTRES DU JEUDI 12 AO\u00dbT 2021\"}]},{\"@type\":\"WebSite\",\"@id\":\"https:\/\/www.africa-press.net\/niger\/#website\",\"url\":\"https:\/\/www.africa-press.net\/niger\/\",\"name\":\"niger\",\"description\":\"Just another Africa News Agency Sites site\",\"potentialAction\":[{\"@type\":\"SearchAction\",\"target\":{\"@type\":\"EntryPoint\",\"urlTemplate\":\"https:\/\/www.africa-press.net\/niger\/?s={search_term_string}\"},\"query-input\":{\"@type\":\"PropertyValueSpecification\",\"valueRequired\":true,\"valueName\":\"search_term_string\"}}],\"inLanguage\":\"fr-FR\"},{\"@type\":\"Person\",\"@id\":\"https:\/\/www.africa-press.net\/niger\/#\/schema\/person\/2b1cf3cd81a31e3cd26889ca66d677f1\",\"name\":\"cfeditorfr\"}]}<\/script>\n<!-- \/ Yoast SEO Premium plugin. -->","yoast_head_json":{"title":"COMMUNIQUE DU CONSEIL DES MINISTRES DU JEUDI 12 AO\u00dbT 2021 - niger","description":"seil des Ministres s'est r\u00e9uni ce jour,jeudi 12 ao\u00fbt 2021, dans la salle habituelle des d\u00e9lib\u00e9rations, sous la pr\u00e9sidenc ...","robots":{"index":"index","follow":"follow","max-snippet":"max-snippet:-1","max-image-preview":"max-image-preview:large","max-video-preview":"max-video-preview:-1"},"canonical":"https:\/\/www.africa-press.net\/niger\/politique\/communique-du-conseil-des-ministres-du-jeudi-12-aout-2021","og_locale":"fr_FR","og_type":"article","og_title":"COMMUNIQUE DU CONSEIL DES MINISTRES DU JEUDI 12 AO\u00dbT 2021","og_description":"seil des Ministres s'est r\u00e9uni ce jour,jeudi 12 ao\u00fbt 2021, dans la salle habituelle des d\u00e9lib\u00e9rations, sous la pr\u00e9sidenc ...","og_url":"https:\/\/www.africa-press.net\/niger\/politique\/communique-du-conseil-des-ministres-du-jeudi-12-aout-2021","og_site_name":"niger","article_published_time":"2021-08-13T11:18:57+00:00","article_modified_time":"2021-08-13T20:43:54+00:00","og_image":[{"width":720,"height":375,"url":"https:\/\/static.africa-press.net\/niger\/sites\/40\/2021\/08\/img-61164f3c3ac19.jpg","type":"image\/jpeg"}],"author":"cfeditorfr","twitter_card":"summary_large_image","twitter_misc":{"\u00c9crit par":"cfeditorfr","Dur\u00e9e de lecture estim\u00e9e":"11 minutes"},"schema":{"@context":"https:\/\/schema.org","@graph":[{"@type":"Article","@id":"https:\/\/www.africa-press.net\/niger\/politique\/communique-du-conseil-des-ministres-du-jeudi-12-aout-2021#article","isPartOf":{"@id":"https:\/\/www.africa-press.net\/niger\/politique\/communique-du-conseil-des-ministres-du-jeudi-12-aout-2021"},"author":{"name":"cfeditorfr","@id":"https:\/\/www.africa-press.net\/niger\/#\/schema\/person\/2b1cf3cd81a31e3cd26889ca66d677f1"},"headline":"COMMUNIQUE DU CONSEIL DES MINISTRES DU JEUDI 12 AO\u00dbT 2021","datePublished":"2021-08-13T11:18:57+00:00","dateModified":"2021-08-13T20:43:54+00:00","mainEntityOfPage":{"@id":"https:\/\/www.africa-press.net\/niger\/politique\/communique-du-conseil-des-ministres-du-jeudi-12-aout-2021"},"wordCount":2313,"commentCount":0,"image":{"@id":"https:\/\/www.africa-press.net\/niger\/politique\/communique-du-conseil-des-ministres-du-jeudi-12-aout-2021#primaryimage"},"thumbnailUrl":"https:\/\/static.africa-press.net\/niger\/sites\/40\/2021\/08\/img-61164f3c3ac19.jpg","keywords":["Africa Press","Africa Press-Niger","Niger"],"articleSection":["homepage-french","Politique","Toutes les actualit\u00e9s"],"inLanguage":"fr-FR","potentialAction":[{"@type":"CommentAction","name":"Comment","target":["https:\/\/www.africa-press.net\/niger\/politique\/communique-du-conseil-des-ministres-du-jeudi-12-aout-2021#respond"]}]},{"@type":"WebPage","@id":"https:\/\/www.africa-press.net\/niger\/politique\/communique-du-conseil-des-ministres-du-jeudi-12-aout-2021","url":"https:\/\/www.africa-press.net\/niger\/politique\/communique-du-conseil-des-ministres-du-jeudi-12-aout-2021","name":"COMMUNIQUE DU CONSEIL DES MINISTRES DU JEUDI 12 AO\u00dbT 2021 - niger","isPartOf":{"@id":"https:\/\/www.africa-press.net\/niger\/#website"},"primaryImageOfPage":{"@id":"https:\/\/www.africa-press.net\/niger\/politique\/communique-du-conseil-des-ministres-du-jeudi-12-aout-2021#primaryimage"},"image":{"@id":"https:\/\/www.africa-press.net\/niger\/politique\/communique-du-conseil-des-ministres-du-jeudi-12-aout-2021#primaryimage"},"thumbnailUrl":"https:\/\/static.africa-press.net\/niger\/sites\/40\/2021\/08\/img-61164f3c3ac19.jpg","datePublished":"2021-08-13T11:18:57+00:00","dateModified":"2021-08-13T20:43:54+00:00","author":{"@id":"https:\/\/www.africa-press.net\/niger\/#\/schema\/person\/2b1cf3cd81a31e3cd26889ca66d677f1"},"description":"seil des Ministres s'est r\u00e9uni ce jour,jeudi 12 ao\u00fbt 2021, dans la salle habituelle des d\u00e9lib\u00e9rations, sous la pr\u00e9sidenc ...","breadcrumb":{"@id":"https:\/\/www.africa-press.net\/niger\/politique\/communique-du-conseil-des-ministres-du-jeudi-12-aout-2021#breadcrumb"},"inLanguage":"fr-FR","potentialAction":[{"@type":"ReadAction","target":["https:\/\/www.africa-press.net\/niger\/politique\/communique-du-conseil-des-ministres-du-jeudi-12-aout-2021"]}]},{"@type":"ImageObject","inLanguage":"fr-FR","@id":"https:\/\/www.africa-press.net\/niger\/politique\/communique-du-conseil-des-ministres-du-jeudi-12-aout-2021#primaryimage","url":"https:\/\/static.africa-press.net\/niger\/sites\/40\/2021\/08\/img-61164f3c3ac19.jpg","contentUrl":"https:\/\/static.africa-press.net\/niger\/sites\/40\/2021\/08\/img-61164f3c3ac19.jpg","width":720,"height":375,"caption":"COMMUNIQUE DU CONSEIL DES MINISTRES DU JEUDI 12 AO\u00dbT 2021"},{"@type":"BreadcrumbList","@id":"https:\/\/www.africa-press.net\/niger\/politique\/communique-du-conseil-des-ministres-du-jeudi-12-aout-2021#breadcrumb","itemListElement":[{"@type":"ListItem","position":1,"name":"Accueil","item":"https:\/\/www.africa-press.net\/niger\/"},{"@type":"ListItem","position":2,"name":"COMMUNIQUE DU CONSEIL DES MINISTRES DU JEUDI 12 AO\u00dbT 2021"}]},{"@type":"WebSite","@id":"https:\/\/www.africa-press.net\/niger\/#website","url":"https:\/\/www.africa-press.net\/niger\/","name":"niger","description":"Just another Africa News Agency Sites site","potentialAction":[{"@type":"SearchAction","target":{"@type":"EntryPoint","urlTemplate":"https:\/\/www.africa-press.net\/niger\/?s={search_term_string}"},"query-input":{"@type":"PropertyValueSpecification","valueRequired":true,"valueName":"search_term_string"}}],"inLanguage":"fr-FR"},{"@type":"Person","@id":"https:\/\/www.africa-press.net\/niger\/#\/schema\/person\/2b1cf3cd81a31e3cd26889ca66d677f1","name":"cfeditorfr"}]}},"_links":{"self":[{"href":"https:\/\/www.africa-press.net\/niger\/wp-json\/wp\/v2\/posts\/9944","targetHints":{"allow":["GET"]}}],"collection":[{"href":"https:\/\/www.africa-press.net\/niger\/wp-json\/wp\/v2\/posts"}],"about":[{"href":"https:\/\/www.africa-press.net\/niger\/wp-json\/wp\/v2\/types\/post"}],"author":[{"embeddable":true,"href":"https:\/\/www.africa-press.net\/niger\/wp-json\/wp\/v2\/users\/82"}],"replies":[{"embeddable":true,"href":"https:\/\/www.africa-press.net\/niger\/wp-json\/wp\/v2\/comments?post=9944"}],"version-history":[{"count":0,"href":"https:\/\/www.africa-press.net\/niger\/wp-json\/wp\/v2\/posts\/9944\/revisions"}],"wp:featuredmedia":[{"embeddable":true,"href":"https:\/\/www.africa-press.net\/niger\/wp-json\/wp\/v2\/media\/9943"}],"wp:attachment":[{"href":"https:\/\/www.africa-press.net\/niger\/wp-json\/wp\/v2\/media?parent=9944"}],"wp:term":[{"taxonomy":"category","embeddable":true,"href":"https:\/\/www.africa-press.net\/niger\/wp-json\/wp\/v2\/categories?post=9944"},{"taxonomy":"post_tag","embeddable":true,"href":"https:\/\/www.africa-press.net\/niger\/wp-json\/wp\/v2\/tags?post=9944"}],"curies":[{"name":"wp","href":"https:\/\/api.w.org\/{rel}","templated":true}]}}