{"id":9953,"date":"2021-08-13T11:42:09","date_gmt":"2021-08-13T11:42:09","guid":{"rendered":"https:\/\/www.africa-press.net\/niger\/?p=9953"},"modified":"2021-08-13T20:44:24","modified_gmt":"2021-08-13T20:44:24","slug":"le-suisse-finance-pour-85-milliards-f-cfa-la-phase-2-du-programme-dappui-aux-collectivites-territoriales-du-niger","status":"publish","type":"post","link":"https:\/\/www.africa-press.net\/niger\/politique\/le-suisse-finance-pour-85-milliards-f-cfa-la-phase-2-du-programme-dappui-aux-collectivites-territoriales-du-niger","title":{"rendered":"Le Suisse finance pour 8,5 milliards F CFA la phase 2 du programme d\u2019appui aux collectivit\u00e9s territoriales du Niger"},"content":{"rendered":"<p><span style=\"color: #ff6600\"><strong><a href=\"https:\/\/www.africa-press.net\/\">Africa-Press<\/a> &#8211; <a href=\"https:\/\/www.africa-press.net\/niger\">Niger<\/a>. <\/strong><\/span>\u00a0Le Ministre d\u2019Etat nig\u00e9rien, Ministre des Affaires Etrang\u00e8res et de la Coop\u00e9ration, M. Hassoumi Massoudou, et la Repr\u00e9sentante de la Coop\u00e9ration Suisse au Niger, Mme Hanna Capeder, ont proc\u00e9d\u00e9, dans l\u2019apr\u00e8s-midi de ce jeudi 12 Ao\u00fbt 2021 \u00e0 Niamey, \u00e0 la signature d\u2019un accord relatif \u00e0 la 2\u00e8me phase du programme d\u2019appui aux collectivit\u00e9s territoriales des r\u00e9gions de Dosso et Maradi.<\/p>\n<p>Ce sont quelque quinze millions (15.000.000) de francs suisses, soit environ huit milliards cinq cent cinquante millions (8.550.000.000) de francs CFA qui seront investis dans les communes des r\u00e9gions concern\u00e9es.<\/p>\n<p>Apr\u00e8s avoir paraph\u00e9 les documents de l\u2019accord, le Ministre Hassoumi Massoudou a indiqu\u00e9 que \u00ab l\u2019objectif global du programme est de faire b\u00e9n\u00e9ficier aux populations des regions de Dosso et de Maradi des meilleures conditions de vie et un d\u00e9veloppement \u00e9conomique r\u00e9gional, gr\u00e2ce \u00e0 l\u2019implication des citoyens \u00e0 travers l\u2019initiative des conseils r\u00e9gionaux \u00bb.<\/p>\n<p>Selon lui, cet accord t\u00e9moigne \u00e9loquemment de l\u2019excellence de la coop\u00e9ration entre le Niger et la Suisse et de l\u2019engagement r\u00e9solu de la Conf\u00e9d\u00e9ration Suisse \u00e0 accompagner le Niger dans la r\u00e9alisation de ses objectifs de d\u00e9veloppement, tels que d\u00e9finis dans le Programme de Renaissance Acte 3 du Pr\u00e9sident de la R\u00e9publique.<\/p>\n<p>La premi\u00e8re phase du Programme d\u2019Appui aux Collectivit\u00e9s Territoriales dans les regions de Dosso et de Maradi (PACT 1), rappelle-t-on, s\u2019est d\u00e9roul\u00e9e entre 2015 et 2020 avec un budget de 17 millions de francs Suisses.<\/p>\n<p>C\u2019est donc d\u00e9sireux de poursuivre le renforcement de leur coop\u00e9ration dans ce domaine, a expliqu\u00e9 le Ministre d\u2019Etat, que le Gouvernement du Niger et la Conf\u00e9d\u00e9ration Suisse se sont engag\u00e9s dans une seconde phase afin de poursuivre leurs efforts dans le financement du Programme d\u2019Appui aux Collectivit\u00e9s Territoriales dans les regions de Dosso et de Maradi, zones originelles d\u2019intervention.<\/p>\n<p>Ce projet, a-t-il en effet fait savoir, \u00ab vise \u00e0 cr\u00e9er des collectivit\u00e9s territoriales performantes capables de fournir des prestations \u00e0 leurs administr\u00e9s et de justifier leurs actions ; cr\u00e9er les conditions pour une implication citoyenne \u00e0 travers des processus de veille et de contr\u00f4le citoyens ; cr\u00e9er un cadre propice au d\u00e9veloppement \u00e9conomique en am\u00e9liorant le fonctionnement des conseils r\u00e9gionaux en vue d\u2019impulser le d\u00e9veloppement \u00e9conomique r\u00e9gional et la stimulation des richesses au niveau local et enfin \u00e0 accompagner le transfert des ressources et des comp\u00e9tences de l\u2019Etat aux collectivit\u00e9s territoriales \u00bb.<\/p>\n<p>Quant \u00e0 la Repr\u00e9sentante de la Coop\u00e9ration Suisse, Mme Hanna Capeder, elle a tenu \u00e0 remercier le Ministre d\u2019Etat, Ministre des Affaires Etrang\u00e8res et de la Coop\u00e9ration pour la bonne collaboration entre les deux pays, soulignant que malgr\u00e9 les avanc\u00e9s substantielles, il reste des d\u00e9fis dans la d\u00e9centralisation du Niger et c\u2019est pour cela que la Suisse soutient le Niger pour renforcer les collectivit\u00e9s territoriales.<\/p>\n<p>&nbsp;<\/p>\n","protected":false},"excerpt":{"rendered":"<p>Africa-Press &#8211; Niger. \u00a0Le Ministre d\u2019Etat nig\u00e9rien, Ministre des Affaires Etrang\u00e8res et de la Coop\u00e9ration, M. Hassoumi Massoudou, et la Repr\u00e9sentante de la Coop\u00e9ration Suisse au Niger, Mme Hanna Capeder, ont proc\u00e9d\u00e9, dans l\u2019apr\u00e8s-midi de ce jeudi 12 Ao\u00fbt 2021 \u00e0 Niamey, \u00e0 la signature d\u2019un accord relatif \u00e0 la 2\u00e8me phase du programme d\u2019appui [&hellip;]<\/p>\n","protected":false},"author":82,"featured_media":9952,"comment_status":"open","ping_status":"closed","sticky":false,"template":"","format":"standard","meta":{"footnotes":""},"categories":[11,2,20,10],"tags":[55,60,29],"class_list":["post-9953","post","type-post","status-publish","format-standard","has-post-thumbnail","hentry","category-homepage-french","category-politique","category-top-nouvelles","category-toutes-les-actualites","tag-africa-press","tag-africa-press-niger","tag-niger"],"yoast_head":"<!-- This site is optimized with the Yoast SEO Premium plugin v26.1 (Yoast SEO v27.0) - https:\/\/yoast.com\/product\/yoast-seo-premium-wordpress\/ -->\n<title>Le Suisse finance pour 8,5 milliards F CFA la phase 2 du programme d\u2019appui aux collectivit\u00e9s territoriales du Niger - niger<\/title>\n<meta name=\"description\" content=\", 12 Ao\u00fbt (ANP) - Le Ministre d\u2019Etat nig\u00e9rien, Ministre des Affaires Etrang\u00e8res et de la Coop\u00e9ration, M. Hassoumi Massou ...\" \/>\n<meta name=\"robots\" content=\"index, follow, max-snippet:-1, max-image-preview:large, max-video-preview:-1\" \/>\n<link rel=\"canonical\" href=\"https:\/\/www.africa-press.net\/niger\/politique\/le-suisse-finance-pour-85-milliards-f-cfa-la-phase-2-du-programme-dappui-aux-collectivites-territoriales-du-niger\" \/>\n<meta property=\"og:locale\" content=\"fr_FR\" \/>\n<meta property=\"og:type\" content=\"article\" \/>\n<meta property=\"og:title\" content=\"Le Suisse finance pour 8,5 milliards F CFA la phase 2 du programme d\u2019appui aux collectivit\u00e9s territoriales du Niger\" \/>\n<meta property=\"og:description\" content=\", 12 Ao\u00fbt (ANP) - Le Ministre d\u2019Etat nig\u00e9rien, Ministre des Affaires Etrang\u00e8res et de la Coop\u00e9ration, M. Hassoumi Massou ...\" \/>\n<meta property=\"og:url\" content=\"https:\/\/www.africa-press.net\/niger\/politique\/le-suisse-finance-pour-85-milliards-f-cfa-la-phase-2-du-programme-dappui-aux-collectivites-territoriales-du-niger\" \/>\n<meta property=\"og:site_name\" content=\"niger\" \/>\n<meta property=\"article:published_time\" content=\"2021-08-13T11:42:09+00:00\" \/>\n<meta property=\"article:modified_time\" content=\"2021-08-13T20:44:24+00:00\" \/>\n<meta property=\"og:image\" content=\"https:\/\/static.africa-press.net\/niger\/sites\/40\/2021\/08\/img-61164fbddcece.jpg\" \/>\n\t<meta property=\"og:image:width\" content=\"1080\" \/>\n\t<meta property=\"og:image:height\" content=\"720\" \/>\n\t<meta property=\"og:image:type\" content=\"image\/jpeg\" \/>\n<meta name=\"author\" content=\"cfeditorfr\" \/>\n<meta name=\"twitter:card\" content=\"summary_large_image\" \/>\n<meta name=\"twitter:label1\" content=\"\u00c9crit par\" \/>\n\t<meta name=\"twitter:data1\" content=\"cfeditorfr\" \/>\n\t<meta name=\"twitter:label2\" content=\"Dur\u00e9e de lecture estim\u00e9e\" \/>\n\t<meta name=\"twitter:data2\" content=\"3 minutes\" \/>\n<script type=\"application\/ld+json\" class=\"yoast-schema-graph\">{\"@context\":\"https:\/\/schema.org\",\"@graph\":[{\"@type\":\"Article\",\"@id\":\"https:\/\/www.africa-press.net\/niger\/politique\/le-suisse-finance-pour-85-milliards-f-cfa-la-phase-2-du-programme-dappui-aux-collectivites-territoriales-du-niger#article\",\"isPartOf\":{\"@id\":\"https:\/\/www.africa-press.net\/niger\/politique\/le-suisse-finance-pour-85-milliards-f-cfa-la-phase-2-du-programme-dappui-aux-collectivites-territoriales-du-niger\"},\"author\":{\"name\":\"cfeditorfr\",\"@id\":\"https:\/\/www.africa-press.net\/niger\/#\/schema\/person\/2b1cf3cd81a31e3cd26889ca66d677f1\"},\"headline\":\"Le Suisse finance pour 8,5 milliards F CFA la phase 2 du programme d\u2019appui aux collectivit\u00e9s territoriales du Niger\",\"datePublished\":\"2021-08-13T11:42:09+00:00\",\"dateModified\":\"2021-08-13T20:44:24+00:00\",\"mainEntityOfPage\":{\"@id\":\"https:\/\/www.africa-press.net\/niger\/politique\/le-suisse-finance-pour-85-milliards-f-cfa-la-phase-2-du-programme-dappui-aux-collectivites-territoriales-du-niger\"},\"wordCount\":525,\"commentCount\":0,\"image\":{\"@id\":\"https:\/\/www.africa-press.net\/niger\/politique\/le-suisse-finance-pour-85-milliards-f-cfa-la-phase-2-du-programme-dappui-aux-collectivites-territoriales-du-niger#primaryimage\"},\"thumbnailUrl\":\"https:\/\/static.africa-press.net\/niger\/sites\/40\/2021\/08\/img-61164fbddcece.jpg\",\"keywords\":[\"Africa Press\",\"Africa Press-Niger\",\"Niger\"],\"articleSection\":[\"homepage-french\",\"Politique\",\"Top Nouvelles\",\"Toutes les actualit\u00e9s\"],\"inLanguage\":\"fr-FR\",\"potentialAction\":[{\"@type\":\"CommentAction\",\"name\":\"Comment\",\"target\":[\"https:\/\/www.africa-press.net\/niger\/politique\/le-suisse-finance-pour-85-milliards-f-cfa-la-phase-2-du-programme-dappui-aux-collectivites-territoriales-du-niger#respond\"]}]},{\"@type\":\"WebPage\",\"@id\":\"https:\/\/www.africa-press.net\/niger\/politique\/le-suisse-finance-pour-85-milliards-f-cfa-la-phase-2-du-programme-dappui-aux-collectivites-territoriales-du-niger\",\"url\":\"https:\/\/www.africa-press.net\/niger\/politique\/le-suisse-finance-pour-85-milliards-f-cfa-la-phase-2-du-programme-dappui-aux-collectivites-territoriales-du-niger\",\"name\":\"Le Suisse finance pour 8,5 milliards F CFA la phase 2 du programme d\u2019appui aux collectivit\u00e9s territoriales du Niger - niger\",\"isPartOf\":{\"@id\":\"https:\/\/www.africa-press.net\/niger\/#website\"},\"primaryImageOfPage\":{\"@id\":\"https:\/\/www.africa-press.net\/niger\/politique\/le-suisse-finance-pour-85-milliards-f-cfa-la-phase-2-du-programme-dappui-aux-collectivites-territoriales-du-niger#primaryimage\"},\"image\":{\"@id\":\"https:\/\/www.africa-press.net\/niger\/politique\/le-suisse-finance-pour-85-milliards-f-cfa-la-phase-2-du-programme-dappui-aux-collectivites-territoriales-du-niger#primaryimage\"},\"thumbnailUrl\":\"https:\/\/static.africa-press.net\/niger\/sites\/40\/2021\/08\/img-61164fbddcece.jpg\",\"datePublished\":\"2021-08-13T11:42:09+00:00\",\"dateModified\":\"2021-08-13T20:44:24+00:00\",\"author\":{\"@id\":\"https:\/\/www.africa-press.net\/niger\/#\/schema\/person\/2b1cf3cd81a31e3cd26889ca66d677f1\"},\"description\":\", 12 Ao\u00fbt (ANP) - Le Ministre d\u2019Etat nig\u00e9rien, Ministre des Affaires Etrang\u00e8res et de la Coop\u00e9ration, M. Hassoumi Massou ...\",\"breadcrumb\":{\"@id\":\"https:\/\/www.africa-press.net\/niger\/politique\/le-suisse-finance-pour-85-milliards-f-cfa-la-phase-2-du-programme-dappui-aux-collectivites-territoriales-du-niger#breadcrumb\"},\"inLanguage\":\"fr-FR\",\"potentialAction\":[{\"@type\":\"ReadAction\",\"target\":[\"https:\/\/www.africa-press.net\/niger\/politique\/le-suisse-finance-pour-85-milliards-f-cfa-la-phase-2-du-programme-dappui-aux-collectivites-territoriales-du-niger\"]}]},{\"@type\":\"ImageObject\",\"inLanguage\":\"fr-FR\",\"@id\":\"https:\/\/www.africa-press.net\/niger\/politique\/le-suisse-finance-pour-85-milliards-f-cfa-la-phase-2-du-programme-dappui-aux-collectivites-territoriales-du-niger#primaryimage\",\"url\":\"https:\/\/static.africa-press.net\/niger\/sites\/40\/2021\/08\/img-61164fbddcece.jpg\",\"contentUrl\":\"https:\/\/static.africa-press.net\/niger\/sites\/40\/2021\/08\/img-61164fbddcece.jpg\",\"width\":1080,\"height\":720,\"caption\":\"Le Suisse finance pour 8,5 milliards F CFA la phase 2 du programme d\u2019appui aux collectivit\u00e9s territoriales du Niger\"},{\"@type\":\"BreadcrumbList\",\"@id\":\"https:\/\/www.africa-press.net\/niger\/politique\/le-suisse-finance-pour-85-milliards-f-cfa-la-phase-2-du-programme-dappui-aux-collectivites-territoriales-du-niger#breadcrumb\",\"itemListElement\":[{\"@type\":\"ListItem\",\"position\":1,\"name\":\"Accueil\",\"item\":\"https:\/\/www.africa-press.net\/niger\/\"},{\"@type\":\"ListItem\",\"position\":2,\"name\":\"Le Suisse finance pour 8,5 milliards F CFA la phase 2 du programme d\u2019appui aux collectivit\u00e9s territoriales du Niger\"}]},{\"@type\":\"WebSite\",\"@id\":\"https:\/\/www.africa-press.net\/niger\/#website\",\"url\":\"https:\/\/www.africa-press.net\/niger\/\",\"name\":\"niger\",\"description\":\"Just another Africa News Agency Sites site\",\"potentialAction\":[{\"@type\":\"SearchAction\",\"target\":{\"@type\":\"EntryPoint\",\"urlTemplate\":\"https:\/\/www.africa-press.net\/niger\/?s={search_term_string}\"},\"query-input\":{\"@type\":\"PropertyValueSpecification\",\"valueRequired\":true,\"valueName\":\"search_term_string\"}}],\"inLanguage\":\"fr-FR\"},{\"@type\":\"Person\",\"@id\":\"https:\/\/www.africa-press.net\/niger\/#\/schema\/person\/2b1cf3cd81a31e3cd26889ca66d677f1\",\"name\":\"cfeditorfr\"}]}<\/script>\n<!-- \/ Yoast SEO Premium plugin. -->","yoast_head_json":{"title":"Le Suisse finance pour 8,5 milliards F CFA la phase 2 du programme d\u2019appui aux collectivit\u00e9s territoriales du Niger - niger","description":", 12 Ao\u00fbt (ANP) - Le Ministre d\u2019Etat nig\u00e9rien, Ministre des Affaires Etrang\u00e8res et de la Coop\u00e9ration, M. Hassoumi Massou ...","robots":{"index":"index","follow":"follow","max-snippet":"max-snippet:-1","max-image-preview":"max-image-preview:large","max-video-preview":"max-video-preview:-1"},"canonical":"https:\/\/www.africa-press.net\/niger\/politique\/le-suisse-finance-pour-85-milliards-f-cfa-la-phase-2-du-programme-dappui-aux-collectivites-territoriales-du-niger","og_locale":"fr_FR","og_type":"article","og_title":"Le Suisse finance pour 8,5 milliards F CFA la phase 2 du programme d\u2019appui aux collectivit\u00e9s territoriales du Niger","og_description":", 12 Ao\u00fbt (ANP) - Le Ministre d\u2019Etat nig\u00e9rien, Ministre des Affaires Etrang\u00e8res et de la Coop\u00e9ration, M. Hassoumi Massou ...","og_url":"https:\/\/www.africa-press.net\/niger\/politique\/le-suisse-finance-pour-85-milliards-f-cfa-la-phase-2-du-programme-dappui-aux-collectivites-territoriales-du-niger","og_site_name":"niger","article_published_time":"2021-08-13T11:42:09+00:00","article_modified_time":"2021-08-13T20:44:24+00:00","og_image":[{"width":1080,"height":720,"url":"https:\/\/static.africa-press.net\/niger\/sites\/40\/2021\/08\/img-61164fbddcece.jpg","type":"image\/jpeg"}],"author":"cfeditorfr","twitter_card":"summary_large_image","twitter_misc":{"\u00c9crit par":"cfeditorfr","Dur\u00e9e de lecture estim\u00e9e":"3 minutes"},"schema":{"@context":"https:\/\/schema.org","@graph":[{"@type":"Article","@id":"https:\/\/www.africa-press.net\/niger\/politique\/le-suisse-finance-pour-85-milliards-f-cfa-la-phase-2-du-programme-dappui-aux-collectivites-territoriales-du-niger#article","isPartOf":{"@id":"https:\/\/www.africa-press.net\/niger\/politique\/le-suisse-finance-pour-85-milliards-f-cfa-la-phase-2-du-programme-dappui-aux-collectivites-territoriales-du-niger"},"author":{"name":"cfeditorfr","@id":"https:\/\/www.africa-press.net\/niger\/#\/schema\/person\/2b1cf3cd81a31e3cd26889ca66d677f1"},"headline":"Le Suisse finance pour 8,5 milliards F CFA la phase 2 du programme d\u2019appui aux collectivit\u00e9s territoriales du Niger","datePublished":"2021-08-13T11:42:09+00:00","dateModified":"2021-08-13T20:44:24+00:00","mainEntityOfPage":{"@id":"https:\/\/www.africa-press.net\/niger\/politique\/le-suisse-finance-pour-85-milliards-f-cfa-la-phase-2-du-programme-dappui-aux-collectivites-territoriales-du-niger"},"wordCount":525,"commentCount":0,"image":{"@id":"https:\/\/www.africa-press.net\/niger\/politique\/le-suisse-finance-pour-85-milliards-f-cfa-la-phase-2-du-programme-dappui-aux-collectivites-territoriales-du-niger#primaryimage"},"thumbnailUrl":"https:\/\/static.africa-press.net\/niger\/sites\/40\/2021\/08\/img-61164fbddcece.jpg","keywords":["Africa Press","Africa Press-Niger","Niger"],"articleSection":["homepage-french","Politique","Top Nouvelles","Toutes les actualit\u00e9s"],"inLanguage":"fr-FR","potentialAction":[{"@type":"CommentAction","name":"Comment","target":["https:\/\/www.africa-press.net\/niger\/politique\/le-suisse-finance-pour-85-milliards-f-cfa-la-phase-2-du-programme-dappui-aux-collectivites-territoriales-du-niger#respond"]}]},{"@type":"WebPage","@id":"https:\/\/www.africa-press.net\/niger\/politique\/le-suisse-finance-pour-85-milliards-f-cfa-la-phase-2-du-programme-dappui-aux-collectivites-territoriales-du-niger","url":"https:\/\/www.africa-press.net\/niger\/politique\/le-suisse-finance-pour-85-milliards-f-cfa-la-phase-2-du-programme-dappui-aux-collectivites-territoriales-du-niger","name":"Le Suisse finance pour 8,5 milliards F CFA la phase 2 du programme d\u2019appui aux collectivit\u00e9s territoriales du Niger - niger","isPartOf":{"@id":"https:\/\/www.africa-press.net\/niger\/#website"},"primaryImageOfPage":{"@id":"https:\/\/www.africa-press.net\/niger\/politique\/le-suisse-finance-pour-85-milliards-f-cfa-la-phase-2-du-programme-dappui-aux-collectivites-territoriales-du-niger#primaryimage"},"image":{"@id":"https:\/\/www.africa-press.net\/niger\/politique\/le-suisse-finance-pour-85-milliards-f-cfa-la-phase-2-du-programme-dappui-aux-collectivites-territoriales-du-niger#primaryimage"},"thumbnailUrl":"https:\/\/static.africa-press.net\/niger\/sites\/40\/2021\/08\/img-61164fbddcece.jpg","datePublished":"2021-08-13T11:42:09+00:00","dateModified":"2021-08-13T20:44:24+00:00","author":{"@id":"https:\/\/www.africa-press.net\/niger\/#\/schema\/person\/2b1cf3cd81a31e3cd26889ca66d677f1"},"description":", 12 Ao\u00fbt (ANP) - Le Ministre d\u2019Etat nig\u00e9rien, Ministre des Affaires Etrang\u00e8res et de la Coop\u00e9ration, M. Hassoumi Massou ...","breadcrumb":{"@id":"https:\/\/www.africa-press.net\/niger\/politique\/le-suisse-finance-pour-85-milliards-f-cfa-la-phase-2-du-programme-dappui-aux-collectivites-territoriales-du-niger#breadcrumb"},"inLanguage":"fr-FR","potentialAction":[{"@type":"ReadAction","target":["https:\/\/www.africa-press.net\/niger\/politique\/le-suisse-finance-pour-85-milliards-f-cfa-la-phase-2-du-programme-dappui-aux-collectivites-territoriales-du-niger"]}]},{"@type":"ImageObject","inLanguage":"fr-FR","@id":"https:\/\/www.africa-press.net\/niger\/politique\/le-suisse-finance-pour-85-milliards-f-cfa-la-phase-2-du-programme-dappui-aux-collectivites-territoriales-du-niger#primaryimage","url":"https:\/\/static.africa-press.net\/niger\/sites\/40\/2021\/08\/img-61164fbddcece.jpg","contentUrl":"https:\/\/static.africa-press.net\/niger\/sites\/40\/2021\/08\/img-61164fbddcece.jpg","width":1080,"height":720,"caption":"Le Suisse finance pour 8,5 milliards F CFA la phase 2 du programme d\u2019appui aux collectivit\u00e9s territoriales du Niger"},{"@type":"BreadcrumbList","@id":"https:\/\/www.africa-press.net\/niger\/politique\/le-suisse-finance-pour-85-milliards-f-cfa-la-phase-2-du-programme-dappui-aux-collectivites-territoriales-du-niger#breadcrumb","itemListElement":[{"@type":"ListItem","position":1,"name":"Accueil","item":"https:\/\/www.africa-press.net\/niger\/"},{"@type":"ListItem","position":2,"name":"Le Suisse finance pour 8,5 milliards F CFA la phase 2 du programme d\u2019appui aux collectivit\u00e9s territoriales du Niger"}]},{"@type":"WebSite","@id":"https:\/\/www.africa-press.net\/niger\/#website","url":"https:\/\/www.africa-press.net\/niger\/","name":"niger","description":"Just another Africa News Agency Sites site","potentialAction":[{"@type":"SearchAction","target":{"@type":"EntryPoint","urlTemplate":"https:\/\/www.africa-press.net\/niger\/?s={search_term_string}"},"query-input":{"@type":"PropertyValueSpecification","valueRequired":true,"valueName":"search_term_string"}}],"inLanguage":"fr-FR"},{"@type":"Person","@id":"https:\/\/www.africa-press.net\/niger\/#\/schema\/person\/2b1cf3cd81a31e3cd26889ca66d677f1","name":"cfeditorfr"}]}},"_links":{"self":[{"href":"https:\/\/www.africa-press.net\/niger\/wp-json\/wp\/v2\/posts\/9953","targetHints":{"allow":["GET"]}}],"collection":[{"href":"https:\/\/www.africa-press.net\/niger\/wp-json\/wp\/v2\/posts"}],"about":[{"href":"https:\/\/www.africa-press.net\/niger\/wp-json\/wp\/v2\/types\/post"}],"author":[{"embeddable":true,"href":"https:\/\/www.africa-press.net\/niger\/wp-json\/wp\/v2\/users\/82"}],"replies":[{"embeddable":true,"href":"https:\/\/www.africa-press.net\/niger\/wp-json\/wp\/v2\/comments?post=9953"}],"version-history":[{"count":0,"href":"https:\/\/www.africa-press.net\/niger\/wp-json\/wp\/v2\/posts\/9953\/revisions"}],"wp:featuredmedia":[{"embeddable":true,"href":"https:\/\/www.africa-press.net\/niger\/wp-json\/wp\/v2\/media\/9952"}],"wp:attachment":[{"href":"https:\/\/www.africa-press.net\/niger\/wp-json\/wp\/v2\/media?parent=9953"}],"wp:term":[{"taxonomy":"category","embeddable":true,"href":"https:\/\/www.africa-press.net\/niger\/wp-json\/wp\/v2\/categories?post=9953"},{"taxonomy":"post_tag","embeddable":true,"href":"https:\/\/www.africa-press.net\/niger\/wp-json\/wp\/v2\/tags?post=9953"}],"curies":[{"name":"wp","href":"https:\/\/api.w.org\/{rel}","templated":true}]}}