{"id":9956,"date":"2021-08-13T11:50:45","date_gmt":"2021-08-13T11:50:45","guid":{"rendered":"https:\/\/www.africa-press.net\/niger\/?p=9956"},"modified":"2021-08-13T20:45:33","modified_gmt":"2021-08-13T20:45:33","slug":"epidemie-de-cholera-au-niger-419-cas-et-16-deces-enregistres-a-la-date-du-11-aout-2021-ministre","status":"publish","type":"post","link":"https:\/\/www.africa-press.net\/niger\/toutes-les-actualites\/epidemie-de-cholera-au-niger-419-cas-et-16-deces-enregistres-a-la-date-du-11-aout-2021-ministre","title":{"rendered":"\u00c9pid\u00e9mie de chol\u00e9ra au Niger : 419 cas et 16 d\u00e9c\u00e8s enregistr\u00e9s \u00e0 la date du 11 Ao\u00fbt 2021 (Ministre)"},"content":{"rendered":"<p><span style=\"color: #ff6600\"><strong><a href=\"https:\/\/www.africa-press.net\/\">Africa-Press<\/a> &#8211; <a href=\"https:\/\/www.africa-press.net\/niger\">Niger<\/a>. <\/strong><\/span>\u00a0Le Niger enregistre, \u00e0 la date du 11 Ao\u00fbt 2021, un total de 419 personnes atteintes de chol\u00e9ra, parmi lesquelles 16 sont d\u00e9c\u00e9d\u00e9es, alors que 307 sont sorties gu\u00e9ries et 96 sous traitement.<\/p>\n<p>L\u2019information a \u00e9t\u00e9 donn\u00e9e par le Ministre de la Sant\u00e9 Publique, Dr Idi Illiassou Mainassara lors de la r\u00e9union du Conseil des Ministres de ce jeudi 12 Ao\u00fbt 2021.<\/p>\n<p>Cependant, il pr\u00e9cise que dans \u00ab l\u2019ensemble la situation est sous contr\u00f4le gr\u00e2ce \u00e0 la mobilisation des acteurs \u00e0 diff\u00e9rents niveaux avec l\u2019appui de l\u2019Etat et de ses partenaires \u00bb.<\/p>\n<p>Selon l\u2019autorit\u00e9 sanitaire, le germe de chol\u00e9ra a \u00e9t\u00e9 identifi\u00e9 depuis quelques semaines dans plusieurs localit\u00e9s du pays notamment \u00e0 Zinder, Maradi, Dosso et Tahoua.<\/p>\n<p>De fa\u00e7on d\u00e9taill\u00e9e, souligne-t-il, \u00e0 la date du 11 ao\u00fbt 2021, la R\u00e9gion de Zinder enregistre 168 cas dont 10 d\u00e9c\u00e8s ; la R\u00e9gion de Maradi 243 cas dont 6 d\u00e9c\u00e8s ; la R\u00e9gion de Dosso 3 cas aucun d\u00e9c\u00e8s enregistr\u00e9 et la R\u00e9gion de Tahoua 5 cas sans aucun d\u00e9c\u00e8s not\u00e9.<\/p>\n<p>\u00ab Les districts sanitaires touch\u00e9s sont ceux de Tanout, de Magaria, de Damagaram Takaya, de Mirriah dans la r\u00e9gion de Zinder ; de Maradi commune, de Madarounfa et de Guidan Roumdji dans la r\u00e9gion de Maradi ; de Gaya et de Dogondoutchi dans la r\u00e9gion de Dosso ; de Konni dans la r\u00e9gion de Tahoua \u00bb, a pr\u00e9cis\u00e9 le Ministre de la sant\u00e9.<\/p>\n<p>La plupart des cas, ajoute la m\u00eame source, \u00ab sont en lien avec une \u00e9pid\u00e9mie qui s\u00e9vit depuis plusieurs mois au niveau des r\u00e9gions frontali\u00e8res d\u2019un pays voisin o\u00f9 on note d\u2019importants brassages des populations \u00bb, rapporte le Ministre Mainassara.<\/p>\n<p>\u00ab En outre, notre pays enregistre, en cette p\u00e9riode, de fortes pr\u00e9cipitations ayant occasionn\u00e9 des inondations par endroits qui constituent des facteurs de propagation de cette maladie \u00bb, explique-t-il, avant d\u2019ajouter que \u00ab les quatre (4) r\u00e9gions touch\u00e9es actuellement enregistrent de fa\u00e7on r\u00e9currente des \u00e9pid\u00e9mies de chol\u00e9ra dont la derni\u00e8re remonte \u00e0 2018 \u00bb.<\/p>\n<p>Face \u00e0 cette situation, des dispositions ont d\u00e9j\u00e0 \u00e9t\u00e9 prises, apprend le Ministre Idi Illiassou Mainassara citant, entre autres, le pr\u00e9-positionnement des Kits chol\u00e9ra, des tests de d\u00e9pistage rapide et le renforcement des stocks au niveau des r\u00e9gions ; la mise en place des sites d\u2019isolement et de prise en charge des cas au niveau des foyers ; le traitement r\u00e9gulier des points d\u2019eau et distribution des comprim\u00e9s d\u2019aquatab ; nsensibilisation de la population et des leaders, en continu, sur les mesures de pr\u00e9vention \u00e0 travers les radios communautaires ; la d\u00e9sinfection des domiciles et des sites de prise en charge, ou encore le suivi journalier de l\u2019\u00e9volution de la maladie \u00e0 tous les niveaux.<\/p>\n<p>&nbsp;<\/p>\n","protected":false},"excerpt":{"rendered":"<p>Africa-Press &#8211; Niger. \u00a0Le Niger enregistre, \u00e0 la date du 11 Ao\u00fbt 2021, un total de 419 personnes atteintes de chol\u00e9ra, parmi lesquelles 16 sont d\u00e9c\u00e9d\u00e9es, alors que 307 sont sorties gu\u00e9ries et 96 sous traitement. L\u2019information a \u00e9t\u00e9 donn\u00e9e par le Ministre de la Sant\u00e9 Publique, Dr Idi Illiassou Mainassara lors de la r\u00e9union [&hellip;]<\/p>\n","protected":false},"author":82,"featured_media":9578,"comment_status":"open","ping_status":"closed","sticky":false,"template":"","format":"standard","meta":{"footnotes":""},"categories":[21,11,10],"tags":[55,60,29],"class_list":["post-9956","post","type-post","status-publish","format-standard","has-post-thumbnail","hentry","category-communaute","category-homepage-french","category-toutes-les-actualites","tag-africa-press","tag-africa-press-niger","tag-niger"],"yoast_head":"<!-- This site is optimized with the Yoast SEO Premium plugin v26.1 (Yoast SEO v27.0) - https:\/\/yoast.com\/product\/yoast-seo-premium-wordpress\/ -->\n<title>\u00c9pid\u00e9mie de chol\u00e9ra au Niger : 419 cas et 16 d\u00e9c\u00e8s enregistr\u00e9s \u00e0 la date du 11 Ao\u00fbt 2021 (Ministre) - niger<\/title>\n<meta name=\"description\" content=\", 12 Ao\u00fbt (ANP) - Le Niger enregistre, \u00e0 la date du 11 Ao\u00fbt 2021, un total de 419 personnes atteintes de chol\u00e9ra, parmi ...\" \/>\n<meta name=\"robots\" content=\"index, follow, max-snippet:-1, max-image-preview:large, max-video-preview:-1\" \/>\n<link rel=\"canonical\" href=\"https:\/\/www.africa-press.net\/niger\/toutes-les-actualites\/epidemie-de-cholera-au-niger-419-cas-et-16-deces-enregistres-a-la-date-du-11-aout-2021-ministre\" \/>\n<meta property=\"og:locale\" content=\"fr_FR\" \/>\n<meta property=\"og:type\" content=\"article\" \/>\n<meta property=\"og:title\" content=\"\u00c9pid\u00e9mie de chol\u00e9ra au Niger : 419 cas et 16 d\u00e9c\u00e8s enregistr\u00e9s \u00e0 la date du 11 Ao\u00fbt 2021 (Ministre)\" \/>\n<meta property=\"og:description\" content=\", 12 Ao\u00fbt (ANP) - Le Niger enregistre, \u00e0 la date du 11 Ao\u00fbt 2021, un total de 419 personnes atteintes de chol\u00e9ra, parmi ...\" \/>\n<meta property=\"og:url\" content=\"https:\/\/www.africa-press.net\/niger\/toutes-les-actualites\/epidemie-de-cholera-au-niger-419-cas-et-16-deces-enregistres-a-la-date-du-11-aout-2021-ministre\" \/>\n<meta property=\"og:site_name\" content=\"niger\" \/>\n<meta property=\"article:published_time\" content=\"2021-08-13T11:50:45+00:00\" \/>\n<meta property=\"article:modified_time\" content=\"2021-08-13T20:45:33+00:00\" \/>\n<meta property=\"og:image\" content=\"https:\/\/static.africa-press.net\/niger\/sites\/40\/2021\/08\/img-610a55113412c.jpg\" \/>\n\t<meta property=\"og:image:width\" content=\"1000\" \/>\n\t<meta property=\"og:image:height\" content=\"749\" \/>\n\t<meta property=\"og:image:type\" content=\"image\/jpeg\" \/>\n<meta name=\"author\" content=\"cfeditorfr\" \/>\n<meta name=\"twitter:card\" content=\"summary_large_image\" \/>\n<meta name=\"twitter:label1\" content=\"\u00c9crit par\" \/>\n\t<meta name=\"twitter:data1\" content=\"cfeditorfr\" \/>\n\t<meta name=\"twitter:label2\" content=\"Dur\u00e9e de lecture estim\u00e9e\" \/>\n\t<meta name=\"twitter:data2\" content=\"2 minutes\" \/>\n<script type=\"application\/ld+json\" class=\"yoast-schema-graph\">{\"@context\":\"https:\/\/schema.org\",\"@graph\":[{\"@type\":\"Article\",\"@id\":\"https:\/\/www.africa-press.net\/niger\/toutes-les-actualites\/epidemie-de-cholera-au-niger-419-cas-et-16-deces-enregistres-a-la-date-du-11-aout-2021-ministre#article\",\"isPartOf\":{\"@id\":\"https:\/\/www.africa-press.net\/niger\/toutes-les-actualites\/epidemie-de-cholera-au-niger-419-cas-et-16-deces-enregistres-a-la-date-du-11-aout-2021-ministre\"},\"author\":{\"name\":\"cfeditorfr\",\"@id\":\"https:\/\/www.africa-press.net\/niger\/#\/schema\/person\/2b1cf3cd81a31e3cd26889ca66d677f1\"},\"headline\":\"\u00c9pid\u00e9mie de chol\u00e9ra au Niger : 419 cas et 16 d\u00e9c\u00e8s enregistr\u00e9s \u00e0 la date du 11 Ao\u00fbt 2021 (Ministre)\",\"datePublished\":\"2021-08-13T11:50:45+00:00\",\"dateModified\":\"2021-08-13T20:45:33+00:00\",\"mainEntityOfPage\":{\"@id\":\"https:\/\/www.africa-press.net\/niger\/toutes-les-actualites\/epidemie-de-cholera-au-niger-419-cas-et-16-deces-enregistres-a-la-date-du-11-aout-2021-ministre\"},\"wordCount\":491,\"commentCount\":0,\"image\":{\"@id\":\"https:\/\/www.africa-press.net\/niger\/toutes-les-actualites\/epidemie-de-cholera-au-niger-419-cas-et-16-deces-enregistres-a-la-date-du-11-aout-2021-ministre#primaryimage\"},\"thumbnailUrl\":\"https:\/\/static.africa-press.net\/niger\/sites\/40\/2021\/08\/img-610a55113412c.jpg\",\"keywords\":[\"Africa Press\",\"Africa Press-Niger\",\"Niger\"],\"articleSection\":[\"Communaut\u00e9\",\"homepage-french\",\"Toutes les actualit\u00e9s\"],\"inLanguage\":\"fr-FR\",\"potentialAction\":[{\"@type\":\"CommentAction\",\"name\":\"Comment\",\"target\":[\"https:\/\/www.africa-press.net\/niger\/toutes-les-actualites\/epidemie-de-cholera-au-niger-419-cas-et-16-deces-enregistres-a-la-date-du-11-aout-2021-ministre#respond\"]}]},{\"@type\":\"WebPage\",\"@id\":\"https:\/\/www.africa-press.net\/niger\/toutes-les-actualites\/epidemie-de-cholera-au-niger-419-cas-et-16-deces-enregistres-a-la-date-du-11-aout-2021-ministre\",\"url\":\"https:\/\/www.africa-press.net\/niger\/toutes-les-actualites\/epidemie-de-cholera-au-niger-419-cas-et-16-deces-enregistres-a-la-date-du-11-aout-2021-ministre\",\"name\":\"\u00c9pid\u00e9mie de chol\u00e9ra au Niger : 419 cas et 16 d\u00e9c\u00e8s enregistr\u00e9s \u00e0 la date du 11 Ao\u00fbt 2021 (Ministre) - niger\",\"isPartOf\":{\"@id\":\"https:\/\/www.africa-press.net\/niger\/#website\"},\"primaryImageOfPage\":{\"@id\":\"https:\/\/www.africa-press.net\/niger\/toutes-les-actualites\/epidemie-de-cholera-au-niger-419-cas-et-16-deces-enregistres-a-la-date-du-11-aout-2021-ministre#primaryimage\"},\"image\":{\"@id\":\"https:\/\/www.africa-press.net\/niger\/toutes-les-actualites\/epidemie-de-cholera-au-niger-419-cas-et-16-deces-enregistres-a-la-date-du-11-aout-2021-ministre#primaryimage\"},\"thumbnailUrl\":\"https:\/\/static.africa-press.net\/niger\/sites\/40\/2021\/08\/img-610a55113412c.jpg\",\"datePublished\":\"2021-08-13T11:50:45+00:00\",\"dateModified\":\"2021-08-13T20:45:33+00:00\",\"author\":{\"@id\":\"https:\/\/www.africa-press.net\/niger\/#\/schema\/person\/2b1cf3cd81a31e3cd26889ca66d677f1\"},\"description\":\", 12 Ao\u00fbt (ANP) - Le Niger enregistre, \u00e0 la date du 11 Ao\u00fbt 2021, un total de 419 personnes atteintes de chol\u00e9ra, parmi ...\",\"breadcrumb\":{\"@id\":\"https:\/\/www.africa-press.net\/niger\/toutes-les-actualites\/epidemie-de-cholera-au-niger-419-cas-et-16-deces-enregistres-a-la-date-du-11-aout-2021-ministre#breadcrumb\"},\"inLanguage\":\"fr-FR\",\"potentialAction\":[{\"@type\":\"ReadAction\",\"target\":[\"https:\/\/www.africa-press.net\/niger\/toutes-les-actualites\/epidemie-de-cholera-au-niger-419-cas-et-16-deces-enregistres-a-la-date-du-11-aout-2021-ministre\"]}]},{\"@type\":\"ImageObject\",\"inLanguage\":\"fr-FR\",\"@id\":\"https:\/\/www.africa-press.net\/niger\/toutes-les-actualites\/epidemie-de-cholera-au-niger-419-cas-et-16-deces-enregistres-a-la-date-du-11-aout-2021-ministre#primaryimage\",\"url\":\"https:\/\/static.africa-press.net\/niger\/sites\/40\/2021\/08\/img-610a55113412c.jpg\",\"contentUrl\":\"https:\/\/static.africa-press.net\/niger\/sites\/40\/2021\/08\/img-610a55113412c.jpg\",\"width\":1000,\"height\":749,\"caption\":\"\"},{\"@type\":\"BreadcrumbList\",\"@id\":\"https:\/\/www.africa-press.net\/niger\/toutes-les-actualites\/epidemie-de-cholera-au-niger-419-cas-et-16-deces-enregistres-a-la-date-du-11-aout-2021-ministre#breadcrumb\",\"itemListElement\":[{\"@type\":\"ListItem\",\"position\":1,\"name\":\"Accueil\",\"item\":\"https:\/\/www.africa-press.net\/niger\/\"},{\"@type\":\"ListItem\",\"position\":2,\"name\":\"\u00c9pid\u00e9mie de chol\u00e9ra au Niger : 419 cas et 16 d\u00e9c\u00e8s enregistr\u00e9s \u00e0 la date du 11 Ao\u00fbt 2021 (Ministre)\"}]},{\"@type\":\"WebSite\",\"@id\":\"https:\/\/www.africa-press.net\/niger\/#website\",\"url\":\"https:\/\/www.africa-press.net\/niger\/\",\"name\":\"niger\",\"description\":\"Just another Africa News Agency Sites site\",\"potentialAction\":[{\"@type\":\"SearchAction\",\"target\":{\"@type\":\"EntryPoint\",\"urlTemplate\":\"https:\/\/www.africa-press.net\/niger\/?s={search_term_string}\"},\"query-input\":{\"@type\":\"PropertyValueSpecification\",\"valueRequired\":true,\"valueName\":\"search_term_string\"}}],\"inLanguage\":\"fr-FR\"},{\"@type\":\"Person\",\"@id\":\"https:\/\/www.africa-press.net\/niger\/#\/schema\/person\/2b1cf3cd81a31e3cd26889ca66d677f1\",\"name\":\"cfeditorfr\"}]}<\/script>\n<!-- \/ Yoast SEO Premium plugin. -->","yoast_head_json":{"title":"\u00c9pid\u00e9mie de chol\u00e9ra au Niger : 419 cas et 16 d\u00e9c\u00e8s enregistr\u00e9s \u00e0 la date du 11 Ao\u00fbt 2021 (Ministre) - niger","description":", 12 Ao\u00fbt (ANP) - Le Niger enregistre, \u00e0 la date du 11 Ao\u00fbt 2021, un total de 419 personnes atteintes de chol\u00e9ra, parmi ...","robots":{"index":"index","follow":"follow","max-snippet":"max-snippet:-1","max-image-preview":"max-image-preview:large","max-video-preview":"max-video-preview:-1"},"canonical":"https:\/\/www.africa-press.net\/niger\/toutes-les-actualites\/epidemie-de-cholera-au-niger-419-cas-et-16-deces-enregistres-a-la-date-du-11-aout-2021-ministre","og_locale":"fr_FR","og_type":"article","og_title":"\u00c9pid\u00e9mie de chol\u00e9ra au Niger : 419 cas et 16 d\u00e9c\u00e8s enregistr\u00e9s \u00e0 la date du 11 Ao\u00fbt 2021 (Ministre)","og_description":", 12 Ao\u00fbt (ANP) - Le Niger enregistre, \u00e0 la date du 11 Ao\u00fbt 2021, un total de 419 personnes atteintes de chol\u00e9ra, parmi ...","og_url":"https:\/\/www.africa-press.net\/niger\/toutes-les-actualites\/epidemie-de-cholera-au-niger-419-cas-et-16-deces-enregistres-a-la-date-du-11-aout-2021-ministre","og_site_name":"niger","article_published_time":"2021-08-13T11:50:45+00:00","article_modified_time":"2021-08-13T20:45:33+00:00","og_image":[{"width":1000,"height":749,"url":"https:\/\/static.africa-press.net\/niger\/sites\/40\/2021\/08\/img-610a55113412c.jpg","type":"image\/jpeg"}],"author":"cfeditorfr","twitter_card":"summary_large_image","twitter_misc":{"\u00c9crit par":"cfeditorfr","Dur\u00e9e de lecture estim\u00e9e":"2 minutes"},"schema":{"@context":"https:\/\/schema.org","@graph":[{"@type":"Article","@id":"https:\/\/www.africa-press.net\/niger\/toutes-les-actualites\/epidemie-de-cholera-au-niger-419-cas-et-16-deces-enregistres-a-la-date-du-11-aout-2021-ministre#article","isPartOf":{"@id":"https:\/\/www.africa-press.net\/niger\/toutes-les-actualites\/epidemie-de-cholera-au-niger-419-cas-et-16-deces-enregistres-a-la-date-du-11-aout-2021-ministre"},"author":{"name":"cfeditorfr","@id":"https:\/\/www.africa-press.net\/niger\/#\/schema\/person\/2b1cf3cd81a31e3cd26889ca66d677f1"},"headline":"\u00c9pid\u00e9mie de chol\u00e9ra au Niger : 419 cas et 16 d\u00e9c\u00e8s enregistr\u00e9s \u00e0 la date du 11 Ao\u00fbt 2021 (Ministre)","datePublished":"2021-08-13T11:50:45+00:00","dateModified":"2021-08-13T20:45:33+00:00","mainEntityOfPage":{"@id":"https:\/\/www.africa-press.net\/niger\/toutes-les-actualites\/epidemie-de-cholera-au-niger-419-cas-et-16-deces-enregistres-a-la-date-du-11-aout-2021-ministre"},"wordCount":491,"commentCount":0,"image":{"@id":"https:\/\/www.africa-press.net\/niger\/toutes-les-actualites\/epidemie-de-cholera-au-niger-419-cas-et-16-deces-enregistres-a-la-date-du-11-aout-2021-ministre#primaryimage"},"thumbnailUrl":"https:\/\/static.africa-press.net\/niger\/sites\/40\/2021\/08\/img-610a55113412c.jpg","keywords":["Africa Press","Africa Press-Niger","Niger"],"articleSection":["Communaut\u00e9","homepage-french","Toutes les actualit\u00e9s"],"inLanguage":"fr-FR","potentialAction":[{"@type":"CommentAction","name":"Comment","target":["https:\/\/www.africa-press.net\/niger\/toutes-les-actualites\/epidemie-de-cholera-au-niger-419-cas-et-16-deces-enregistres-a-la-date-du-11-aout-2021-ministre#respond"]}]},{"@type":"WebPage","@id":"https:\/\/www.africa-press.net\/niger\/toutes-les-actualites\/epidemie-de-cholera-au-niger-419-cas-et-16-deces-enregistres-a-la-date-du-11-aout-2021-ministre","url":"https:\/\/www.africa-press.net\/niger\/toutes-les-actualites\/epidemie-de-cholera-au-niger-419-cas-et-16-deces-enregistres-a-la-date-du-11-aout-2021-ministre","name":"\u00c9pid\u00e9mie de chol\u00e9ra au Niger : 419 cas et 16 d\u00e9c\u00e8s enregistr\u00e9s \u00e0 la date du 11 Ao\u00fbt 2021 (Ministre) - niger","isPartOf":{"@id":"https:\/\/www.africa-press.net\/niger\/#website"},"primaryImageOfPage":{"@id":"https:\/\/www.africa-press.net\/niger\/toutes-les-actualites\/epidemie-de-cholera-au-niger-419-cas-et-16-deces-enregistres-a-la-date-du-11-aout-2021-ministre#primaryimage"},"image":{"@id":"https:\/\/www.africa-press.net\/niger\/toutes-les-actualites\/epidemie-de-cholera-au-niger-419-cas-et-16-deces-enregistres-a-la-date-du-11-aout-2021-ministre#primaryimage"},"thumbnailUrl":"https:\/\/static.africa-press.net\/niger\/sites\/40\/2021\/08\/img-610a55113412c.jpg","datePublished":"2021-08-13T11:50:45+00:00","dateModified":"2021-08-13T20:45:33+00:00","author":{"@id":"https:\/\/www.africa-press.net\/niger\/#\/schema\/person\/2b1cf3cd81a31e3cd26889ca66d677f1"},"description":", 12 Ao\u00fbt (ANP) - Le Niger enregistre, \u00e0 la date du 11 Ao\u00fbt 2021, un total de 419 personnes atteintes de chol\u00e9ra, parmi ...","breadcrumb":{"@id":"https:\/\/www.africa-press.net\/niger\/toutes-les-actualites\/epidemie-de-cholera-au-niger-419-cas-et-16-deces-enregistres-a-la-date-du-11-aout-2021-ministre#breadcrumb"},"inLanguage":"fr-FR","potentialAction":[{"@type":"ReadAction","target":["https:\/\/www.africa-press.net\/niger\/toutes-les-actualites\/epidemie-de-cholera-au-niger-419-cas-et-16-deces-enregistres-a-la-date-du-11-aout-2021-ministre"]}]},{"@type":"ImageObject","inLanguage":"fr-FR","@id":"https:\/\/www.africa-press.net\/niger\/toutes-les-actualites\/epidemie-de-cholera-au-niger-419-cas-et-16-deces-enregistres-a-la-date-du-11-aout-2021-ministre#primaryimage","url":"https:\/\/static.africa-press.net\/niger\/sites\/40\/2021\/08\/img-610a55113412c.jpg","contentUrl":"https:\/\/static.africa-press.net\/niger\/sites\/40\/2021\/08\/img-610a55113412c.jpg","width":1000,"height":749,"caption":""},{"@type":"BreadcrumbList","@id":"https:\/\/www.africa-press.net\/niger\/toutes-les-actualites\/epidemie-de-cholera-au-niger-419-cas-et-16-deces-enregistres-a-la-date-du-11-aout-2021-ministre#breadcrumb","itemListElement":[{"@type":"ListItem","position":1,"name":"Accueil","item":"https:\/\/www.africa-press.net\/niger\/"},{"@type":"ListItem","position":2,"name":"\u00c9pid\u00e9mie de chol\u00e9ra au Niger : 419 cas et 16 d\u00e9c\u00e8s enregistr\u00e9s \u00e0 la date du 11 Ao\u00fbt 2021 (Ministre)"}]},{"@type":"WebSite","@id":"https:\/\/www.africa-press.net\/niger\/#website","url":"https:\/\/www.africa-press.net\/niger\/","name":"niger","description":"Just another Africa News Agency Sites site","potentialAction":[{"@type":"SearchAction","target":{"@type":"EntryPoint","urlTemplate":"https:\/\/www.africa-press.net\/niger\/?s={search_term_string}"},"query-input":{"@type":"PropertyValueSpecification","valueRequired":true,"valueName":"search_term_string"}}],"inLanguage":"fr-FR"},{"@type":"Person","@id":"https:\/\/www.africa-press.net\/niger\/#\/schema\/person\/2b1cf3cd81a31e3cd26889ca66d677f1","name":"cfeditorfr"}]}},"_links":{"self":[{"href":"https:\/\/www.africa-press.net\/niger\/wp-json\/wp\/v2\/posts\/9956","targetHints":{"allow":["GET"]}}],"collection":[{"href":"https:\/\/www.africa-press.net\/niger\/wp-json\/wp\/v2\/posts"}],"about":[{"href":"https:\/\/www.africa-press.net\/niger\/wp-json\/wp\/v2\/types\/post"}],"author":[{"embeddable":true,"href":"https:\/\/www.africa-press.net\/niger\/wp-json\/wp\/v2\/users\/82"}],"replies":[{"embeddable":true,"href":"https:\/\/www.africa-press.net\/niger\/wp-json\/wp\/v2\/comments?post=9956"}],"version-history":[{"count":0,"href":"https:\/\/www.africa-press.net\/niger\/wp-json\/wp\/v2\/posts\/9956\/revisions"}],"wp:featuredmedia":[{"embeddable":true,"href":"https:\/\/www.africa-press.net\/niger\/wp-json\/wp\/v2\/media\/9578"}],"wp:attachment":[{"href":"https:\/\/www.africa-press.net\/niger\/wp-json\/wp\/v2\/media?parent=9956"}],"wp:term":[{"taxonomy":"category","embeddable":true,"href":"https:\/\/www.africa-press.net\/niger\/wp-json\/wp\/v2\/categories?post=9956"},{"taxonomy":"post_tag","embeddable":true,"href":"https:\/\/www.africa-press.net\/niger\/wp-json\/wp\/v2\/tags?post=9956"}],"curies":[{"name":"wp","href":"https:\/\/api.w.org\/{rel}","templated":true}]}}