{"id":18727,"date":"2022-05-31T15:02:03","date_gmt":"2022-05-31T15:02:03","guid":{"rendered":"https:\/\/www.africa-press.net\/rwanda\/all-news\/afcon-2023-mozambiques-miquissone-to-miss-amavubi-qualifier"},"modified":"2022-05-31T15:47:13","modified_gmt":"2022-05-31T15:47:13","slug":"afcon-2023-mozambiques-miquissone-to-miss-amavubi-qualifier","status":"publish","type":"post","link":"https:\/\/www.africa-press.net\/rwanda\/sport\/afcon-2023-mozambiques-miquissone-to-miss-amavubi-qualifier","title":{"rendered":"AFCON 2023: Mozambique\u2019s Miquissone to miss Amavubi qualifier"},"content":{"rendered":"<p><span style=\"color: #ff6600\"><strong>Africa-Press &#8211; Rwanda. <\/strong><\/span>The Mambas of Mozambique will be without their star player Lu\u00eds Jose Miquissone on Thursday when they host Rwanda in their first 2023 AFCON qualifier in Johannesburg, South Africa.<\/p>\n<p>Miquissone who plies his trade with Egyptian giants Al Ahly was not released by the club to instead focus on the preparations of the CAF Champions League final game with Wydad Athletics Casablanca of Morocco played last night in Casablanca.<\/p>\n<p>The former Simba SC prolific midfielder has so far netted three times in his 12 appearances for Pitso Mosimane\u2019s side since he joined the club last season and has been Mozambique\u2019s best player abroad in the last two years.<\/p>\n<p>The 26-year-old has already made 40 appearances for the Mambas, netting nine goals since making his debut in the national team during a friendly game against Botswana in 2015.<\/p>\n<p><b>Mozambique squad to face Rwanda<\/b>:<\/p>\n<p><b>Goalkeepers<\/b>: Ernan Siluane (UD Songo), Ivane Urrubal (A. Black Bulls) and Victor Guambe (Costa do Sol)<\/p>\n<p>Defenders: Ifren Matola (UD Songo), Cl\u00e9sio Ba\u00faque (Mar\u00edtimo), Reinildo Mandava (Atl\u00e9tico de Madrid), Bruno Langa (Desp. Chaves), Edmilson Dove (UD Songo), Zainadine Jr (Mar\u00edtimo), Mexer (Bordeaux) and Martinho Tauzhene (A. Black Bulls)<\/p>\n<p><b>Midfielders<\/b>: Kambala (Baroka FC), Shaquille Nangy (Fer.Maputo), Amade (UD Songo), Saddan Guambe (Fer.Maputo) and Dominguez (Royal AM)<\/p>\n<p><b>Forwards<\/b>: Reginaldo (D\u00ednamo Tirana), Stanley Ratifo (CFR Pzorheim), Geny Catamo (Sporting), Melque (A. Black Bulls) and Gildo (Amora).<\/p>\n<p><strong>For More News And Analysis About <a href=\"https:\/\/www.africa-press.net\/rwanda\">Rwanda<\/a> Follow <a href=\"https:\/\/www.africa-press.net\/\">Africa-Press<\/a><\/strong><\/p>\n","protected":false},"excerpt":{"rendered":"<p>Africa-Press &#8211; Rwanda. The Mambas of Mozambique will be without their star player Lu\u00eds Jose Miquissone on Thursday when they host Rwanda in their first 2023 AFCON qualifier in Johannesburg, South Africa. Miquissone who plies his trade with Egyptian giants Al Ahly was not released by the club to instead focus on the preparations of [&hellip;]<\/p>\n","protected":false},"author":84,"featured_media":18726,"comment_status":"open","ping_status":"closed","sticky":false,"template":"","format":"standard","meta":{"footnotes":""},"categories":[24,28,18],"tags":[760,763,758],"class_list":["post-18727","post","type-post","status-publish","format-standard","has-post-thumbnail","hentry","category-all-news","category-homepage-english","category-sport","tag-africa-press","tag-africa-press-rwanda","tag-rwanda"],"yoast_head":"<!-- This site is optimized with the Yoast SEO Premium plugin v26.1 (Yoast SEO v27.0) - https:\/\/yoast.com\/product\/yoast-seo-premium-wordpress\/ -->\n<title>AFCON 2023: Mozambique\u2019s Miquissone to miss Amavubi qualifier - Rwanda<\/title>\n<meta name=\"description\" content=\"The Mambas of Mozambique will be without their star player Lu\u00eds Jose Miquissone on Thursday when they host Rwanda in the ...\" \/>\n<meta name=\"robots\" content=\"index, follow, max-snippet:-1, max-image-preview:large, max-video-preview:-1\" \/>\n<link rel=\"canonical\" href=\"https:\/\/www.africa-press.net\/rwanda\/sport\/afcon-2023-mozambiques-miquissone-to-miss-amavubi-qualifier\" \/>\n<meta property=\"og:locale\" content=\"en_US\" \/>\n<meta property=\"og:type\" content=\"article\" \/>\n<meta property=\"og:title\" content=\"AFCON 2023: Mozambique\u2019s Miquissone to miss Amavubi qualifier\" \/>\n<meta property=\"og:description\" content=\"The Mambas of Mozambique will be without their star player Lu\u00eds Jose Miquissone on Thursday when they host Rwanda in the ...\" \/>\n<meta property=\"og:url\" content=\"https:\/\/www.africa-press.net\/rwanda\/sport\/afcon-2023-mozambiques-miquissone-to-miss-amavubi-qualifier\" \/>\n<meta property=\"og:site_name\" content=\"Rwanda\" \/>\n<meta property=\"article:published_time\" content=\"2022-05-31T15:02:03+00:00\" \/>\n<meta property=\"article:modified_time\" content=\"2022-05-31T15:47:13+00:00\" \/>\n<meta property=\"og:image\" content=\"https:\/\/static.africa-press.net\/rwanda\/sites\/23\/2022\/05\/postQueueImg_35-6296385f3d538.jpg\" \/>\n\t<meta property=\"og:image:width\" content=\"1556\" \/>\n\t<meta property=\"og:image:height\" content=\"1036\" \/>\n\t<meta property=\"og:image:type\" content=\"image\/jpeg\" \/>\n<meta name=\"author\" content=\"cfeditoren\" \/>\n<meta name=\"twitter:card\" content=\"summary_large_image\" \/>\n<meta name=\"twitter:label1\" content=\"Written by\" \/>\n\t<meta name=\"twitter:data1\" content=\"cfeditoren\" \/>\n\t<meta name=\"twitter:label2\" content=\"Est. reading time\" \/>\n\t<meta name=\"twitter:data2\" content=\"1 minute\" \/>\n<script type=\"application\/ld+json\" class=\"yoast-schema-graph\">{\"@context\":\"https:\/\/schema.org\",\"@graph\":[{\"@type\":\"Article\",\"@id\":\"https:\/\/www.africa-press.net\/rwanda\/sport\/afcon-2023-mozambiques-miquissone-to-miss-amavubi-qualifier#article\",\"isPartOf\":{\"@id\":\"https:\/\/www.africa-press.net\/rwanda\/sport\/afcon-2023-mozambiques-miquissone-to-miss-amavubi-qualifier\"},\"author\":{\"name\":\"cfeditoren\",\"@id\":\"https:\/\/www.africa-press.net\/rwanda\/#\/schema\/person\/068c7ab4e9634ae78ec5d54ec46598bb\"},\"headline\":\"AFCON 2023: Mozambique\u2019s Miquissone to miss Amavubi qualifier\",\"datePublished\":\"2022-05-31T15:02:03+00:00\",\"dateModified\":\"2022-05-31T15:47:13+00:00\",\"mainEntityOfPage\":{\"@id\":\"https:\/\/www.africa-press.net\/rwanda\/sport\/afcon-2023-mozambiques-miquissone-to-miss-amavubi-qualifier\"},\"wordCount\":252,\"commentCount\":0,\"image\":{\"@id\":\"https:\/\/www.africa-press.net\/rwanda\/sport\/afcon-2023-mozambiques-miquissone-to-miss-amavubi-qualifier#primaryimage\"},\"thumbnailUrl\":\"https:\/\/static.africa-press.net\/rwanda\/sites\/23\/2022\/05\/postQueueImg_35-6296385f3d538.jpg\",\"keywords\":[\"Africa Press\",\"Africa Press-Rwanda\",\"Rwanda\"],\"articleSection\":[\"all news\",\"homepage-english\",\"Sport\"],\"inLanguage\":\"en-US\",\"potentialAction\":[{\"@type\":\"CommentAction\",\"name\":\"Comment\",\"target\":[\"https:\/\/www.africa-press.net\/rwanda\/sport\/afcon-2023-mozambiques-miquissone-to-miss-amavubi-qualifier#respond\"]}]},{\"@type\":\"WebPage\",\"@id\":\"https:\/\/www.africa-press.net\/rwanda\/sport\/afcon-2023-mozambiques-miquissone-to-miss-amavubi-qualifier\",\"url\":\"https:\/\/www.africa-press.net\/rwanda\/sport\/afcon-2023-mozambiques-miquissone-to-miss-amavubi-qualifier\",\"name\":\"AFCON 2023: Mozambique\u2019s Miquissone to miss Amavubi qualifier - Rwanda\",\"isPartOf\":{\"@id\":\"https:\/\/www.africa-press.net\/rwanda\/#website\"},\"primaryImageOfPage\":{\"@id\":\"https:\/\/www.africa-press.net\/rwanda\/sport\/afcon-2023-mozambiques-miquissone-to-miss-amavubi-qualifier#primaryimage\"},\"image\":{\"@id\":\"https:\/\/www.africa-press.net\/rwanda\/sport\/afcon-2023-mozambiques-miquissone-to-miss-amavubi-qualifier#primaryimage\"},\"thumbnailUrl\":\"https:\/\/static.africa-press.net\/rwanda\/sites\/23\/2022\/05\/postQueueImg_35-6296385f3d538.jpg\",\"datePublished\":\"2022-05-31T15:02:03+00:00\",\"dateModified\":\"2022-05-31T15:47:13+00:00\",\"author\":{\"@id\":\"https:\/\/www.africa-press.net\/rwanda\/#\/schema\/person\/068c7ab4e9634ae78ec5d54ec46598bb\"},\"description\":\"The Mambas of Mozambique will be without their star player Lu\u00eds Jose Miquissone on Thursday when they host Rwanda in the ...\",\"breadcrumb\":{\"@id\":\"https:\/\/www.africa-press.net\/rwanda\/sport\/afcon-2023-mozambiques-miquissone-to-miss-amavubi-qualifier#breadcrumb\"},\"inLanguage\":\"en-US\",\"potentialAction\":[{\"@type\":\"ReadAction\",\"target\":[\"https:\/\/www.africa-press.net\/rwanda\/sport\/afcon-2023-mozambiques-miquissone-to-miss-amavubi-qualifier\"]}]},{\"@type\":\"ImageObject\",\"inLanguage\":\"en-US\",\"@id\":\"https:\/\/www.africa-press.net\/rwanda\/sport\/afcon-2023-mozambiques-miquissone-to-miss-amavubi-qualifier#primaryimage\",\"url\":\"https:\/\/static.africa-press.net\/rwanda\/sites\/23\/2022\/05\/postQueueImg_35-6296385f3d538.jpg\",\"contentUrl\":\"https:\/\/static.africa-press.net\/rwanda\/sites\/23\/2022\/05\/postQueueImg_35-6296385f3d538.jpg\",\"width\":1556,\"height\":1036,\"caption\":\"AFCON 2023: Mozambique\u2019s Miquissone to miss Amavubi qualifier\"},{\"@type\":\"BreadcrumbList\",\"@id\":\"https:\/\/www.africa-press.net\/rwanda\/sport\/afcon-2023-mozambiques-miquissone-to-miss-amavubi-qualifier#breadcrumb\",\"itemListElement\":[{\"@type\":\"ListItem\",\"position\":1,\"name\":\"Home\",\"item\":\"https:\/\/www.africa-press.net\/rwanda\/\"},{\"@type\":\"ListItem\",\"position\":2,\"name\":\"AFCON 2023: Mozambique\u2019s Miquissone to miss Amavubi qualifier\"}]},{\"@type\":\"WebSite\",\"@id\":\"https:\/\/www.africa-press.net\/rwanda\/#website\",\"url\":\"https:\/\/www.africa-press.net\/rwanda\/\",\"name\":\"Rwanda\",\"description\":\"Just another Africa News Agency Sites site\",\"potentialAction\":[{\"@type\":\"SearchAction\",\"target\":{\"@type\":\"EntryPoint\",\"urlTemplate\":\"https:\/\/www.africa-press.net\/rwanda\/?s={search_term_string}\"},\"query-input\":{\"@type\":\"PropertyValueSpecification\",\"valueRequired\":true,\"valueName\":\"search_term_string\"}}],\"inLanguage\":\"en-US\"},{\"@type\":\"Person\",\"@id\":\"https:\/\/www.africa-press.net\/rwanda\/#\/schema\/person\/068c7ab4e9634ae78ec5d54ec46598bb\",\"name\":\"cfeditoren\"}]}<\/script>\n<!-- \/ Yoast SEO Premium plugin. -->","yoast_head_json":{"title":"AFCON 2023: Mozambique\u2019s Miquissone to miss Amavubi qualifier - Rwanda","description":"The Mambas of Mozambique will be without their star player Lu\u00eds Jose Miquissone on Thursday when they host Rwanda in the ...","robots":{"index":"index","follow":"follow","max-snippet":"max-snippet:-1","max-image-preview":"max-image-preview:large","max-video-preview":"max-video-preview:-1"},"canonical":"https:\/\/www.africa-press.net\/rwanda\/sport\/afcon-2023-mozambiques-miquissone-to-miss-amavubi-qualifier","og_locale":"en_US","og_type":"article","og_title":"AFCON 2023: Mozambique\u2019s Miquissone to miss Amavubi qualifier","og_description":"The Mambas of Mozambique will be without their star player Lu\u00eds Jose Miquissone on Thursday when they host Rwanda in the ...","og_url":"https:\/\/www.africa-press.net\/rwanda\/sport\/afcon-2023-mozambiques-miquissone-to-miss-amavubi-qualifier","og_site_name":"Rwanda","article_published_time":"2022-05-31T15:02:03+00:00","article_modified_time":"2022-05-31T15:47:13+00:00","og_image":[{"width":1556,"height":1036,"url":"https:\/\/static.africa-press.net\/rwanda\/sites\/23\/2022\/05\/postQueueImg_35-6296385f3d538.jpg","type":"image\/jpeg"}],"author":"cfeditoren","twitter_card":"summary_large_image","twitter_misc":{"Written by":"cfeditoren","Est. reading time":"1 minute"},"schema":{"@context":"https:\/\/schema.org","@graph":[{"@type":"Article","@id":"https:\/\/www.africa-press.net\/rwanda\/sport\/afcon-2023-mozambiques-miquissone-to-miss-amavubi-qualifier#article","isPartOf":{"@id":"https:\/\/www.africa-press.net\/rwanda\/sport\/afcon-2023-mozambiques-miquissone-to-miss-amavubi-qualifier"},"author":{"name":"cfeditoren","@id":"https:\/\/www.africa-press.net\/rwanda\/#\/schema\/person\/068c7ab4e9634ae78ec5d54ec46598bb"},"headline":"AFCON 2023: Mozambique\u2019s Miquissone to miss Amavubi qualifier","datePublished":"2022-05-31T15:02:03+00:00","dateModified":"2022-05-31T15:47:13+00:00","mainEntityOfPage":{"@id":"https:\/\/www.africa-press.net\/rwanda\/sport\/afcon-2023-mozambiques-miquissone-to-miss-amavubi-qualifier"},"wordCount":252,"commentCount":0,"image":{"@id":"https:\/\/www.africa-press.net\/rwanda\/sport\/afcon-2023-mozambiques-miquissone-to-miss-amavubi-qualifier#primaryimage"},"thumbnailUrl":"https:\/\/static.africa-press.net\/rwanda\/sites\/23\/2022\/05\/postQueueImg_35-6296385f3d538.jpg","keywords":["Africa Press","Africa Press-Rwanda","Rwanda"],"articleSection":["all news","homepage-english","Sport"],"inLanguage":"en-US","potentialAction":[{"@type":"CommentAction","name":"Comment","target":["https:\/\/www.africa-press.net\/rwanda\/sport\/afcon-2023-mozambiques-miquissone-to-miss-amavubi-qualifier#respond"]}]},{"@type":"WebPage","@id":"https:\/\/www.africa-press.net\/rwanda\/sport\/afcon-2023-mozambiques-miquissone-to-miss-amavubi-qualifier","url":"https:\/\/www.africa-press.net\/rwanda\/sport\/afcon-2023-mozambiques-miquissone-to-miss-amavubi-qualifier","name":"AFCON 2023: Mozambique\u2019s Miquissone to miss Amavubi qualifier - Rwanda","isPartOf":{"@id":"https:\/\/www.africa-press.net\/rwanda\/#website"},"primaryImageOfPage":{"@id":"https:\/\/www.africa-press.net\/rwanda\/sport\/afcon-2023-mozambiques-miquissone-to-miss-amavubi-qualifier#primaryimage"},"image":{"@id":"https:\/\/www.africa-press.net\/rwanda\/sport\/afcon-2023-mozambiques-miquissone-to-miss-amavubi-qualifier#primaryimage"},"thumbnailUrl":"https:\/\/static.africa-press.net\/rwanda\/sites\/23\/2022\/05\/postQueueImg_35-6296385f3d538.jpg","datePublished":"2022-05-31T15:02:03+00:00","dateModified":"2022-05-31T15:47:13+00:00","author":{"@id":"https:\/\/www.africa-press.net\/rwanda\/#\/schema\/person\/068c7ab4e9634ae78ec5d54ec46598bb"},"description":"The Mambas of Mozambique will be without their star player Lu\u00eds Jose Miquissone on Thursday when they host Rwanda in the ...","breadcrumb":{"@id":"https:\/\/www.africa-press.net\/rwanda\/sport\/afcon-2023-mozambiques-miquissone-to-miss-amavubi-qualifier#breadcrumb"},"inLanguage":"en-US","potentialAction":[{"@type":"ReadAction","target":["https:\/\/www.africa-press.net\/rwanda\/sport\/afcon-2023-mozambiques-miquissone-to-miss-amavubi-qualifier"]}]},{"@type":"ImageObject","inLanguage":"en-US","@id":"https:\/\/www.africa-press.net\/rwanda\/sport\/afcon-2023-mozambiques-miquissone-to-miss-amavubi-qualifier#primaryimage","url":"https:\/\/static.africa-press.net\/rwanda\/sites\/23\/2022\/05\/postQueueImg_35-6296385f3d538.jpg","contentUrl":"https:\/\/static.africa-press.net\/rwanda\/sites\/23\/2022\/05\/postQueueImg_35-6296385f3d538.jpg","width":1556,"height":1036,"caption":"AFCON 2023: Mozambique\u2019s Miquissone to miss Amavubi qualifier"},{"@type":"BreadcrumbList","@id":"https:\/\/www.africa-press.net\/rwanda\/sport\/afcon-2023-mozambiques-miquissone-to-miss-amavubi-qualifier#breadcrumb","itemListElement":[{"@type":"ListItem","position":1,"name":"Home","item":"https:\/\/www.africa-press.net\/rwanda\/"},{"@type":"ListItem","position":2,"name":"AFCON 2023: Mozambique\u2019s Miquissone to miss Amavubi qualifier"}]},{"@type":"WebSite","@id":"https:\/\/www.africa-press.net\/rwanda\/#website","url":"https:\/\/www.africa-press.net\/rwanda\/","name":"Rwanda","description":"Just another Africa News Agency Sites site","potentialAction":[{"@type":"SearchAction","target":{"@type":"EntryPoint","urlTemplate":"https:\/\/www.africa-press.net\/rwanda\/?s={search_term_string}"},"query-input":{"@type":"PropertyValueSpecification","valueRequired":true,"valueName":"search_term_string"}}],"inLanguage":"en-US"},{"@type":"Person","@id":"https:\/\/www.africa-press.net\/rwanda\/#\/schema\/person\/068c7ab4e9634ae78ec5d54ec46598bb","name":"cfeditoren"}]}},"_links":{"self":[{"href":"https:\/\/www.africa-press.net\/rwanda\/wp-json\/wp\/v2\/posts\/18727","targetHints":{"allow":["GET"]}}],"collection":[{"href":"https:\/\/www.africa-press.net\/rwanda\/wp-json\/wp\/v2\/posts"}],"about":[{"href":"https:\/\/www.africa-press.net\/rwanda\/wp-json\/wp\/v2\/types\/post"}],"author":[{"embeddable":true,"href":"https:\/\/www.africa-press.net\/rwanda\/wp-json\/wp\/v2\/users\/84"}],"replies":[{"embeddable":true,"href":"https:\/\/www.africa-press.net\/rwanda\/wp-json\/wp\/v2\/comments?post=18727"}],"version-history":[{"count":0,"href":"https:\/\/www.africa-press.net\/rwanda\/wp-json\/wp\/v2\/posts\/18727\/revisions"}],"wp:featuredmedia":[{"embeddable":true,"href":"https:\/\/www.africa-press.net\/rwanda\/wp-json\/wp\/v2\/media\/18726"}],"wp:attachment":[{"href":"https:\/\/www.africa-press.net\/rwanda\/wp-json\/wp\/v2\/media?parent=18727"}],"wp:term":[{"taxonomy":"category","embeddable":true,"href":"https:\/\/www.africa-press.net\/rwanda\/wp-json\/wp\/v2\/categories?post=18727"},{"taxonomy":"post_tag","embeddable":true,"href":"https:\/\/www.africa-press.net\/rwanda\/wp-json\/wp\/v2\/tags?post=18727"}],"curies":[{"name":"wp","href":"https:\/\/api.w.org\/{rel}","templated":true}]}}