{"id":19997,"date":"2022-06-18T09:13:51","date_gmt":"2022-06-18T09:13:51","guid":{"rendered":"https:\/\/www.africa-press.net\/rwanda\/all-news\/new-initiative-to-promote-karate-in-schools"},"modified":"2022-06-18T09:25:58","modified_gmt":"2022-06-18T09:25:58","slug":"new-initiative-to-promote-karate-in-schools","status":"publish","type":"post","link":"https:\/\/www.africa-press.net\/rwanda\/sport\/new-initiative-to-promote-karate-in-schools","title":{"rendered":"New initiative to promote karate in schools"},"content":{"rendered":"<p><span style=\"color: #ff6600\"><strong>Africa-Press &#8211; Rwanda. <\/strong><\/span>The Rwanda Karate Federation (Ferwaka), in collaboration with the International Centre of Martial Arts for Youth Development and Engagement under the auspices of UNESCO, has launched a new project \u2018Martial Arts Open School\u2019 aimed at promoting karate in schools in the country.<\/p>\n<p>Running from June 11 through July 21, the project targets to use karate to boost the physical and psychological development of students, as well as improving their leadership skills and community engagement.<\/p>\n<p>The participants will be trained in karate philosophies, cultural values and techniques in a quest to ignite their interest and passion for martial arts and karate in particular.<\/p>\n<p>Lyc\u00e9e Notre-Dame de C\u00eeteaux and Coll\u00e8ge Saint-Andr\u00e9, two secondary schools based in Kigali, make the inaugural cohort.<\/p>\n<p>Altogether, 442 students will be taking part, of whom are 305 girls.<\/p>\n<p>As part of the training, the students will also have an opportunity to learn the Olympic values under the instruction of Jean De Dieu Mukundiyukuri, the Executive Director at the Rwanda National Olympic Committee.<\/p>\n<p>\u201cWe hope that this is the beginning of a new era in the teaching of karate, especially in schools,\u201d said Theogene Uwayo, the Ferwaka President, noting that \u201cWhen children grow up loving and engaging in sports, it helps them to learn better and lead healthier lives.\u201d<\/p>\n<p>Chief Instructor Noel Nkuranyabahizi, who is also the head coach of the National Karate Team, described the project as a timely initiative that addresses the current need for the federation to work with other institutions to teach karate in as many schools as possible.<\/p>\n<p>\u201cJust a few days after we started this project, it has shown me that there is a lot of talent in schools and children are interested. Bringing more sports like this to girls\u2019 only schools is a good way to promote the girl child and gender equality in the sports industry,\u201d he said.<\/p>\n<p>The International Centre for Martial Arts (ICM), at global level, was established in December 2016 as a result of an agreement between Korea and the United Nations Educational, Scientific and Cultural Organization \u2013 UNESCO).<\/p>\n<p>The project\u2019s vision, officials say, is to contribute to the \u2018wellbeing and cohesive humanity\u2019 through martial arts.<\/p>\n<p><b>Discipline and respect are some of the core values taught in Karate. \/ Courtesy<\/b><br \/>\n<b>Jean-Claude Rugigana, the project manager, is upbeat that it will help the students be fit, disciplined and learn better in class. \/ Courtesy<\/b><br \/>\n<b>The six-week programme started with 442 students, including 305 girls. \/ Courtesy<\/b><\/p>\n\r\n                <style type=\"text\/css\">\r\n                    \r\n                    #td_uid_1_69f5bfba6f794  .td-doubleSlider-2 .td-item1 {\r\n                        background: url(https:\/\/static.africa-press.net\/rwanda\/sites\/23\/2022\/06\/postMeadiaimg_12_1-80x60.jpg) 0 0 no-repeat;\r\n                    }\r\n                    #td_uid_1_69f5bfba6f794  .td-doubleSlider-2 .td-item2 {\r\n                        background: url(https:\/\/static.africa-press.net\/rwanda\/sites\/23\/2022\/06\/postMeadiaimg_12_2-80x60.jpg) 0 0 no-repeat;\r\n                    }\r\n                    #td_uid_1_69f5bfba6f794  .td-doubleSlider-2 .td-item3 {\r\n                        background: url(https:\/\/static.africa-press.net\/rwanda\/sites\/23\/2022\/06\/postMeadiaimg_12_3-80x60.jpg) 0 0 no-repeat;\r\n                    }\r\n                <\/style>\r\n\r\n                <div id=\"td_uid_1_69f5bfba6f794\" class=\"td-gallery td-slide-on-2-columns\">\r\n                    <div class=\"post_td_gallery\">\r\n                        <div class=\"td-gallery-slide-top\">\r\n                           <div class=\"td-gallery-title\"><\/div>\r\n\r\n                            <div class=\"td-gallery-controls-wrapper\">\r\n                                <div class=\"td-gallery-slide-count\"><span class=\"td-gallery-slide-item-focus\">1<\/span> of 3<\/div>\r\n                                <div class=\"td-gallery-slide-prev-next-but\">\r\n                                    <i class = \"td-icon-left doubleSliderPrevButton\"><\/i>\r\n                                    <i class = \"td-icon-right doubleSliderNextButton\"><\/i>\r\n                                <\/div>\r\n                            <\/div>\r\n                        <\/div>\r\n\r\n                        <div class = \"td-doubleSlider-1 \">\r\n                            <div class = \"td-slider\">\r\n                                \r\n                    <div class = \"td-slide-item td-item1\">\r\n                        <figure class=\"td-slide-galery-figure td-slide-popup-gallery\">\r\n                            <a class=\"slide-gallery-image-link\" href=\"https:\/\/static.africa-press.net\/rwanda\/sites\/23\/2022\/06\/postMeadiaimg_12_1.jpg\" title=\"postMeadiaimg_12_1\"  data-caption=\"\"  data-description=\"\">\r\n                                <img decoding=\"async\" src=\"https:\/\/static.africa-press.net\/rwanda\/sites\/23\/2022\/06\/postMeadiaimg_12_1.jpg\" srcset=\"https:\/\/static.africa-press.net\/rwanda\/sites\/23\/2022\/06\/postMeadiaimg_12_1.jpg 800w, https:\/\/static.africa-press.net\/rwanda\/sites\/23\/2022\/06\/postMeadiaimg_12_1-300x200.jpg 300w, https:\/\/static.africa-press.net\/rwanda\/sites\/23\/2022\/06\/postMeadiaimg_12_1-768x513.jpg 768w\" sizes=\"(max-width: 800px) 100vw, 800px\" alt=\"\">\r\n                            <\/a>\r\n                            \r\n                        <\/figure>\r\n                    <\/div>\r\n                    <div class = \"td-slide-item td-item2\">\r\n                        <figure class=\"td-slide-galery-figure td-slide-popup-gallery\">\r\n                            <a class=\"slide-gallery-image-link\" href=\"https:\/\/static.africa-press.net\/rwanda\/sites\/23\/2022\/06\/postMeadiaimg_12_2.jpg\" title=\"postMeadiaimg_12_2\"  data-caption=\"\"  data-description=\"\">\r\n                                <img decoding=\"async\" src=\"https:\/\/static.africa-press.net\/rwanda\/sites\/23\/2022\/06\/postMeadiaimg_12_2.jpg\" srcset=\"https:\/\/static.africa-press.net\/rwanda\/sites\/23\/2022\/06\/postMeadiaimg_12_2.jpg 800w, https:\/\/static.africa-press.net\/rwanda\/sites\/23\/2022\/06\/postMeadiaimg_12_2-300x200.jpg 300w, https:\/\/static.africa-press.net\/rwanda\/sites\/23\/2022\/06\/postMeadiaimg_12_2-768x513.jpg 768w\" sizes=\"(max-width: 800px) 100vw, 800px\" alt=\"\">\r\n                            <\/a>\r\n                            \r\n                        <\/figure>\r\n                    <\/div>\r\n                    <div class = \"td-slide-item td-item3\">\r\n                        <figure class=\"td-slide-galery-figure td-slide-popup-gallery\">\r\n                            <a class=\"slide-gallery-image-link\" href=\"https:\/\/static.africa-press.net\/rwanda\/sites\/23\/2022\/06\/postMeadiaimg_12_3.jpg\" title=\"postMeadiaimg_12_3\"  data-caption=\"\"  data-description=\"\">\r\n                                <img decoding=\"async\" src=\"https:\/\/static.africa-press.net\/rwanda\/sites\/23\/2022\/06\/postMeadiaimg_12_3.jpg\" srcset=\"https:\/\/static.africa-press.net\/rwanda\/sites\/23\/2022\/06\/postMeadiaimg_12_3.jpg 800w, https:\/\/static.africa-press.net\/rwanda\/sites\/23\/2022\/06\/postMeadiaimg_12_3-300x200.jpg 300w, https:\/\/static.africa-press.net\/rwanda\/sites\/23\/2022\/06\/postMeadiaimg_12_3-768x513.jpg 768w\" sizes=\"(max-width: 800px) 100vw, 800px\" alt=\"\">\r\n                            <\/a>\r\n                            \r\n                        <\/figure>\r\n                    <\/div>\r\n                            <\/div>\r\n                        <\/div>\r\n\r\n                        <div class = \"td-doubleSlider-2\">\r\n                            <div class = \"td-slider\">\r\n                                \r\n                    <div class = \"td-button td-item1\">\r\n                        <div class = \"td-border\"><\/div>\r\n                    <\/div>\r\n                    <div class = \"td-button td-item2\">\r\n                        <div class = \"td-border\"><\/div>\r\n                    <\/div>\r\n                    <div class = \"td-button td-item3\">\r\n                        <div class = \"td-border\"><\/div>\r\n                    <\/div>\r\n                            <\/div>\r\n                        <\/div>\r\n\r\n                    <\/div>\r\n\r\n                <\/div>\r\n                \n<p><strong>For More News And Analysis About <a href=\"https:\/\/www.africa-press.net\/rwanda\">Rwanda<\/a> Follow <a href=\"https:\/\/www.africa-press.net\/\">Africa-Press<\/a><\/strong><\/p>\n","protected":false},"excerpt":{"rendered":"<p>Africa-Press &#8211; Rwanda. The Rwanda Karate Federation (Ferwaka), in collaboration with the International Centre of Martial Arts for Youth Development and Engagement under the auspices of UNESCO, has launched a new project \u2018Martial Arts Open School\u2019 aimed at promoting karate in schools in the country. Running from June 11 through July 21, the project targets [&hellip;]<\/p>\n","protected":false},"author":84,"featured_media":19996,"comment_status":"open","ping_status":"closed","sticky":false,"template":"","format":"standard","meta":{"footnotes":""},"categories":[24,28,20,18],"tags":[760,763,758],"class_list":["post-19997","post","type-post","status-publish","format-standard","has-post-thumbnail","hentry","category-all-news","category-homepage-english","category-photo","category-sport","tag-africa-press","tag-africa-press-rwanda","tag-rwanda"],"yoast_head":"<!-- This site is optimized with the Yoast SEO Premium plugin v26.1 (Yoast SEO v27.0) - https:\/\/yoast.com\/product\/yoast-seo-premium-wordpress\/ -->\n<title>New initiative to promote karate in schools - Rwanda<\/title>\n<meta name=\"description\" content=\"The Rwanda Karate Federation (Ferwaka), in collaboration with the International Centre of Martial Arts for Youth Develop ...\" \/>\n<meta name=\"robots\" content=\"index, follow, max-snippet:-1, max-image-preview:large, max-video-preview:-1\" \/>\n<link rel=\"canonical\" href=\"https:\/\/www.africa-press.net\/rwanda\/sport\/new-initiative-to-promote-karate-in-schools\" \/>\n<meta property=\"og:locale\" content=\"en_US\" \/>\n<meta property=\"og:type\" content=\"article\" \/>\n<meta property=\"og:title\" content=\"New initiative to promote karate in schools\" \/>\n<meta property=\"og:description\" content=\"The Rwanda Karate Federation (Ferwaka), in collaboration with the International Centre of Martial Arts for Youth Develop ...\" \/>\n<meta property=\"og:url\" content=\"https:\/\/www.africa-press.net\/rwanda\/sport\/new-initiative-to-promote-karate-in-schools\" \/>\n<meta property=\"og:site_name\" content=\"Rwanda\" \/>\n<meta property=\"article:published_time\" content=\"2022-06-18T09:13:51+00:00\" \/>\n<meta property=\"article:modified_time\" content=\"2022-06-18T09:25:58+00:00\" \/>\n<meta property=\"og:image\" content=\"https:\/\/static.africa-press.net\/rwanda\/sites\/23\/2022\/06\/postQueueImg_12-62ad9a1732ee4.jpg\" \/>\n\t<meta property=\"og:image:width\" content=\"720\" \/>\n\t<meta property=\"og:image:height\" content=\"405\" \/>\n\t<meta property=\"og:image:type\" content=\"image\/jpeg\" \/>\n<meta name=\"author\" content=\"cfeditoren\" \/>\n<meta name=\"twitter:card\" content=\"summary_large_image\" \/>\n<meta name=\"twitter:label1\" content=\"Written by\" \/>\n\t<meta name=\"twitter:data1\" content=\"cfeditoren\" \/>\n\t<meta name=\"twitter:label2\" content=\"Est. reading time\" \/>\n\t<meta name=\"twitter:data2\" content=\"2 minutes\" \/>\n<script type=\"application\/ld+json\" class=\"yoast-schema-graph\">{\"@context\":\"https:\/\/schema.org\",\"@graph\":[{\"@type\":\"Article\",\"@id\":\"https:\/\/www.africa-press.net\/rwanda\/sport\/new-initiative-to-promote-karate-in-schools#article\",\"isPartOf\":{\"@id\":\"https:\/\/www.africa-press.net\/rwanda\/sport\/new-initiative-to-promote-karate-in-schools\"},\"author\":{\"name\":\"cfeditoren\",\"@id\":\"https:\/\/www.africa-press.net\/rwanda\/#\/schema\/person\/068c7ab4e9634ae78ec5d54ec46598bb\"},\"headline\":\"New initiative to promote karate in schools\",\"datePublished\":\"2022-06-18T09:13:51+00:00\",\"dateModified\":\"2022-06-18T09:25:58+00:00\",\"mainEntityOfPage\":{\"@id\":\"https:\/\/www.africa-press.net\/rwanda\/sport\/new-initiative-to-promote-karate-in-schools\"},\"wordCount\":430,\"commentCount\":0,\"image\":{\"@id\":\"https:\/\/www.africa-press.net\/rwanda\/sport\/new-initiative-to-promote-karate-in-schools#primaryimage\"},\"thumbnailUrl\":\"https:\/\/static.africa-press.net\/rwanda\/sites\/23\/2022\/06\/postQueueImg_12-62ad9a1732ee4.jpg\",\"keywords\":[\"Africa Press\",\"Africa Press-Rwanda\",\"Rwanda\"],\"articleSection\":[\"all news\",\"homepage-english\",\"Photo\",\"Sport\"],\"inLanguage\":\"en-US\",\"potentialAction\":[{\"@type\":\"CommentAction\",\"name\":\"Comment\",\"target\":[\"https:\/\/www.africa-press.net\/rwanda\/sport\/new-initiative-to-promote-karate-in-schools#respond\"]}]},{\"@type\":\"WebPage\",\"@id\":\"https:\/\/www.africa-press.net\/rwanda\/sport\/new-initiative-to-promote-karate-in-schools\",\"url\":\"https:\/\/www.africa-press.net\/rwanda\/sport\/new-initiative-to-promote-karate-in-schools\",\"name\":\"New initiative to promote karate in schools - Rwanda\",\"isPartOf\":{\"@id\":\"https:\/\/www.africa-press.net\/rwanda\/#website\"},\"primaryImageOfPage\":{\"@id\":\"https:\/\/www.africa-press.net\/rwanda\/sport\/new-initiative-to-promote-karate-in-schools#primaryimage\"},\"image\":{\"@id\":\"https:\/\/www.africa-press.net\/rwanda\/sport\/new-initiative-to-promote-karate-in-schools#primaryimage\"},\"thumbnailUrl\":\"https:\/\/static.africa-press.net\/rwanda\/sites\/23\/2022\/06\/postQueueImg_12-62ad9a1732ee4.jpg\",\"datePublished\":\"2022-06-18T09:13:51+00:00\",\"dateModified\":\"2022-06-18T09:25:58+00:00\",\"author\":{\"@id\":\"https:\/\/www.africa-press.net\/rwanda\/#\/schema\/person\/068c7ab4e9634ae78ec5d54ec46598bb\"},\"description\":\"The Rwanda Karate Federation (Ferwaka), in collaboration with the International Centre of Martial Arts for Youth Develop ...\",\"breadcrumb\":{\"@id\":\"https:\/\/www.africa-press.net\/rwanda\/sport\/new-initiative-to-promote-karate-in-schools#breadcrumb\"},\"inLanguage\":\"en-US\",\"potentialAction\":[{\"@type\":\"ReadAction\",\"target\":[\"https:\/\/www.africa-press.net\/rwanda\/sport\/new-initiative-to-promote-karate-in-schools\"]}]},{\"@type\":\"ImageObject\",\"inLanguage\":\"en-US\",\"@id\":\"https:\/\/www.africa-press.net\/rwanda\/sport\/new-initiative-to-promote-karate-in-schools#primaryimage\",\"url\":\"https:\/\/static.africa-press.net\/rwanda\/sites\/23\/2022\/06\/postQueueImg_12-62ad9a1732ee4.jpg\",\"contentUrl\":\"https:\/\/static.africa-press.net\/rwanda\/sites\/23\/2022\/06\/postQueueImg_12-62ad9a1732ee4.jpg\",\"width\":720,\"height\":405,\"caption\":\"New initiative to promote karate in schools\"},{\"@type\":\"BreadcrumbList\",\"@id\":\"https:\/\/www.africa-press.net\/rwanda\/sport\/new-initiative-to-promote-karate-in-schools#breadcrumb\",\"itemListElement\":[{\"@type\":\"ListItem\",\"position\":1,\"name\":\"Home\",\"item\":\"https:\/\/www.africa-press.net\/rwanda\/\"},{\"@type\":\"ListItem\",\"position\":2,\"name\":\"New initiative to promote karate in schools\"}]},{\"@type\":\"WebSite\",\"@id\":\"https:\/\/www.africa-press.net\/rwanda\/#website\",\"url\":\"https:\/\/www.africa-press.net\/rwanda\/\",\"name\":\"Rwanda\",\"description\":\"Just another Africa News Agency Sites site\",\"potentialAction\":[{\"@type\":\"SearchAction\",\"target\":{\"@type\":\"EntryPoint\",\"urlTemplate\":\"https:\/\/www.africa-press.net\/rwanda\/?s={search_term_string}\"},\"query-input\":{\"@type\":\"PropertyValueSpecification\",\"valueRequired\":true,\"valueName\":\"search_term_string\"}}],\"inLanguage\":\"en-US\"},{\"@type\":\"Person\",\"@id\":\"https:\/\/www.africa-press.net\/rwanda\/#\/schema\/person\/068c7ab4e9634ae78ec5d54ec46598bb\",\"name\":\"cfeditoren\"}]}<\/script>\n<!-- \/ Yoast SEO Premium plugin. -->","yoast_head_json":{"title":"New initiative to promote karate in schools - Rwanda","description":"The Rwanda Karate Federation (Ferwaka), in collaboration with the International Centre of Martial Arts for Youth Develop ...","robots":{"index":"index","follow":"follow","max-snippet":"max-snippet:-1","max-image-preview":"max-image-preview:large","max-video-preview":"max-video-preview:-1"},"canonical":"https:\/\/www.africa-press.net\/rwanda\/sport\/new-initiative-to-promote-karate-in-schools","og_locale":"en_US","og_type":"article","og_title":"New initiative to promote karate in schools","og_description":"The Rwanda Karate Federation (Ferwaka), in collaboration with the International Centre of Martial Arts for Youth Develop ...","og_url":"https:\/\/www.africa-press.net\/rwanda\/sport\/new-initiative-to-promote-karate-in-schools","og_site_name":"Rwanda","article_published_time":"2022-06-18T09:13:51+00:00","article_modified_time":"2022-06-18T09:25:58+00:00","og_image":[{"width":720,"height":405,"url":"https:\/\/static.africa-press.net\/rwanda\/sites\/23\/2022\/06\/postQueueImg_12-62ad9a1732ee4.jpg","type":"image\/jpeg"}],"author":"cfeditoren","twitter_card":"summary_large_image","twitter_misc":{"Written by":"cfeditoren","Est. reading time":"2 minutes"},"schema":{"@context":"https:\/\/schema.org","@graph":[{"@type":"Article","@id":"https:\/\/www.africa-press.net\/rwanda\/sport\/new-initiative-to-promote-karate-in-schools#article","isPartOf":{"@id":"https:\/\/www.africa-press.net\/rwanda\/sport\/new-initiative-to-promote-karate-in-schools"},"author":{"name":"cfeditoren","@id":"https:\/\/www.africa-press.net\/rwanda\/#\/schema\/person\/068c7ab4e9634ae78ec5d54ec46598bb"},"headline":"New initiative to promote karate in schools","datePublished":"2022-06-18T09:13:51+00:00","dateModified":"2022-06-18T09:25:58+00:00","mainEntityOfPage":{"@id":"https:\/\/www.africa-press.net\/rwanda\/sport\/new-initiative-to-promote-karate-in-schools"},"wordCount":430,"commentCount":0,"image":{"@id":"https:\/\/www.africa-press.net\/rwanda\/sport\/new-initiative-to-promote-karate-in-schools#primaryimage"},"thumbnailUrl":"https:\/\/static.africa-press.net\/rwanda\/sites\/23\/2022\/06\/postQueueImg_12-62ad9a1732ee4.jpg","keywords":["Africa Press","Africa Press-Rwanda","Rwanda"],"articleSection":["all news","homepage-english","Photo","Sport"],"inLanguage":"en-US","potentialAction":[{"@type":"CommentAction","name":"Comment","target":["https:\/\/www.africa-press.net\/rwanda\/sport\/new-initiative-to-promote-karate-in-schools#respond"]}]},{"@type":"WebPage","@id":"https:\/\/www.africa-press.net\/rwanda\/sport\/new-initiative-to-promote-karate-in-schools","url":"https:\/\/www.africa-press.net\/rwanda\/sport\/new-initiative-to-promote-karate-in-schools","name":"New initiative to promote karate in schools - Rwanda","isPartOf":{"@id":"https:\/\/www.africa-press.net\/rwanda\/#website"},"primaryImageOfPage":{"@id":"https:\/\/www.africa-press.net\/rwanda\/sport\/new-initiative-to-promote-karate-in-schools#primaryimage"},"image":{"@id":"https:\/\/www.africa-press.net\/rwanda\/sport\/new-initiative-to-promote-karate-in-schools#primaryimage"},"thumbnailUrl":"https:\/\/static.africa-press.net\/rwanda\/sites\/23\/2022\/06\/postQueueImg_12-62ad9a1732ee4.jpg","datePublished":"2022-06-18T09:13:51+00:00","dateModified":"2022-06-18T09:25:58+00:00","author":{"@id":"https:\/\/www.africa-press.net\/rwanda\/#\/schema\/person\/068c7ab4e9634ae78ec5d54ec46598bb"},"description":"The Rwanda Karate Federation (Ferwaka), in collaboration with the International Centre of Martial Arts for Youth Develop ...","breadcrumb":{"@id":"https:\/\/www.africa-press.net\/rwanda\/sport\/new-initiative-to-promote-karate-in-schools#breadcrumb"},"inLanguage":"en-US","potentialAction":[{"@type":"ReadAction","target":["https:\/\/www.africa-press.net\/rwanda\/sport\/new-initiative-to-promote-karate-in-schools"]}]},{"@type":"ImageObject","inLanguage":"en-US","@id":"https:\/\/www.africa-press.net\/rwanda\/sport\/new-initiative-to-promote-karate-in-schools#primaryimage","url":"https:\/\/static.africa-press.net\/rwanda\/sites\/23\/2022\/06\/postQueueImg_12-62ad9a1732ee4.jpg","contentUrl":"https:\/\/static.africa-press.net\/rwanda\/sites\/23\/2022\/06\/postQueueImg_12-62ad9a1732ee4.jpg","width":720,"height":405,"caption":"New initiative to promote karate in schools"},{"@type":"BreadcrumbList","@id":"https:\/\/www.africa-press.net\/rwanda\/sport\/new-initiative-to-promote-karate-in-schools#breadcrumb","itemListElement":[{"@type":"ListItem","position":1,"name":"Home","item":"https:\/\/www.africa-press.net\/rwanda\/"},{"@type":"ListItem","position":2,"name":"New initiative to promote karate in schools"}]},{"@type":"WebSite","@id":"https:\/\/www.africa-press.net\/rwanda\/#website","url":"https:\/\/www.africa-press.net\/rwanda\/","name":"Rwanda","description":"Just another Africa News Agency Sites site","potentialAction":[{"@type":"SearchAction","target":{"@type":"EntryPoint","urlTemplate":"https:\/\/www.africa-press.net\/rwanda\/?s={search_term_string}"},"query-input":{"@type":"PropertyValueSpecification","valueRequired":true,"valueName":"search_term_string"}}],"inLanguage":"en-US"},{"@type":"Person","@id":"https:\/\/www.africa-press.net\/rwanda\/#\/schema\/person\/068c7ab4e9634ae78ec5d54ec46598bb","name":"cfeditoren"}]}},"_links":{"self":[{"href":"https:\/\/www.africa-press.net\/rwanda\/wp-json\/wp\/v2\/posts\/19997","targetHints":{"allow":["GET"]}}],"collection":[{"href":"https:\/\/www.africa-press.net\/rwanda\/wp-json\/wp\/v2\/posts"}],"about":[{"href":"https:\/\/www.africa-press.net\/rwanda\/wp-json\/wp\/v2\/types\/post"}],"author":[{"embeddable":true,"href":"https:\/\/www.africa-press.net\/rwanda\/wp-json\/wp\/v2\/users\/84"}],"replies":[{"embeddable":true,"href":"https:\/\/www.africa-press.net\/rwanda\/wp-json\/wp\/v2\/comments?post=19997"}],"version-history":[{"count":0,"href":"https:\/\/www.africa-press.net\/rwanda\/wp-json\/wp\/v2\/posts\/19997\/revisions"}],"wp:featuredmedia":[{"embeddable":true,"href":"https:\/\/www.africa-press.net\/rwanda\/wp-json\/wp\/v2\/media\/19996"}],"wp:attachment":[{"href":"https:\/\/www.africa-press.net\/rwanda\/wp-json\/wp\/v2\/media?parent=19997"}],"wp:term":[{"taxonomy":"category","embeddable":true,"href":"https:\/\/www.africa-press.net\/rwanda\/wp-json\/wp\/v2\/categories?post=19997"},{"taxonomy":"post_tag","embeddable":true,"href":"https:\/\/www.africa-press.net\/rwanda\/wp-json\/wp\/v2\/tags?post=19997"}],"curies":[{"name":"wp","href":"https:\/\/api.w.org\/{rel}","templated":true}]}}