{"id":25140,"date":"2026-03-13T13:00:00","date_gmt":"2026-03-13T13:00:00","guid":{"rendered":"https:\/\/www.africa-press.net\/sao-tome-e-principe\/politique\/union-africaine-preoccupee-par-attaque-energetique-golfe"},"modified":"2026-03-13T18:54:29","modified_gmt":"2026-03-13T18:54:29","slug":"union-africaine-preoccupee-par-attaque-energetique-golfe","status":"publish","type":"post","link":"https:\/\/www.africa-press.net\/sao-tome-e-principe\/politique\/union-africaine-preoccupee-par-attaque-energetique-golfe","title":{"rendered":"Union Africaine Pr\u00e9occup\u00e9e par Attaque \u00c9nerg\u00e9tique Golfe"},"content":{"rendered":"<p><span style=\"color: #ff6600\"><strong>Africa-Press &#8211; S\u00e3o Tom\u00e9 e Pr\u00edncipe. <\/strong><\/span>L&rsquo;Union africaine a exprime\u0301, lundi, sa pre\u0301occupation face a\u0300 la situation qui pre\u0301vaut au Moyen-Orient depuis le de\u0301but de la guerre opposant les E\u0301tats-Unis d&rsquo;Ame\u0301rique et Israe\u0308l a\u0300 l&rsquo;Iran.<\/p>\n<p>\u00ab\u00a0Le pre\u0301sident de la Commission de l&rsquo;Union africaine, S.E. Mahmoud Ali Youssouf, exprime sa profonde pre\u0301occupation devant les re\u0301centes attaques contre les infrastructures essentielles, y compris les installations e\u0301nerge\u0301tiques et de transport, qui ont aggrave\u0301 les tensions et menace\u0301 la stabilite\u0301 e\u0301conomique re\u0301gionale et mondiale\u00a0\u00bb, a rapporte\u0301 un communique\u0301 de l&rsquo;Union africaine publie\u0301 sur son site officiel d&rsquo;information.<\/p>\n<p>Selon la me\u0302me source, le pre\u0301sident de la Commission africaine a de\u0301clare\u0301 que \u00ab\u00a0ces actions perturbent les chai\u0302nes d&rsquo;approvisionnement vitales et avaient des conse\u0301quences profondes pour le commerce international et les marche\u0301s de l&rsquo;e\u0301nergie\u00a0\u00bb, pre\u0301cisant qu&rsquo;il a condamne\u0301 \u00ab\u00a0toute violation du droit international, y compris les atteintes a\u0300 la souverainete\u0301 et a\u0300 l&rsquo;inte\u0301grite\u0301 territoriale des E\u0301tats\u00a0\u00bb et demande \u00ab\u00a0a\u0300 toutes les parties concerne\u0301es de faire preuve de la plus grande retenue, d&rsquo;accorder la priorite\u0301 au dialogue et a\u0300 la diplomatie, et d&rsquo;\u0153uvrer a\u0300 une de\u0301sescalade rapide de la situation\u00a0\u00bb.<\/p>\n<p>En outre, selon toujours le communique\u0301 de l&rsquo;Union africaine, le pre\u0301sident de sa Commission a souligne\u0301 que \u00ab\u00a0la stabilite\u0301 dans la re\u0301gion du Golfe reve\u0302t une importance particulie\u0300re pour la se\u0301curite\u0301 e\u0301nerge\u0301tique mondiale et l&rsquo;e\u0301conomie internationale, avec des conse\u0301quences directes pour les e\u0301conomies africaines\u00a0\u00bb, ajoutant que \u00ab\u00a0la hausse des prix du pe\u0301trole et les perturbations des routes commerciales affectent de\u0301ja\u0300 les marche\u0301s, y compris l&rsquo;exportation de produits pe\u0301rissables d&rsquo;Afrique, tandis que les perturbations de l&rsquo;espace ae\u0301rien affectent les compagnies ae\u0301riennes africaines\u00a0\u00bb.<\/p>\n<p><strong>Pour plus d&rsquo;informations et d&rsquo;analyses sur la <span style=\"color: #ff6600\">S\u00e3o Tom\u00e9 e Pr\u00edncipe<\/span>, suivez <span style=\"color: #ff6600\">Africa-Press<\/span><\/strong><\/p>\n","protected":false},"excerpt":{"rendered":"<p>Africa-Press &#8211; S\u00e3o Tom\u00e9 e Pr\u00edncipe. L&rsquo;Union africaine a exprime\u0301, lundi, sa pre\u0301occupation face a\u0300 la situation qui pre\u0301vaut au Moyen-Orient depuis le de\u0301but de la guerre opposant les E\u0301tats-Unis d&rsquo;Ame\u0301rique et Israe\u0308l a\u0300 l&rsquo;Iran. \u00ab\u00a0Le pre\u0301sident de la Commission de l&rsquo;Union africaine, S.E. Mahmoud Ali Youssouf, exprime sa profonde pre\u0301occupation devant les re\u0301centes attaques [&hellip;]<\/p>\n","protected":false},"author":82,"featured_media":25139,"comment_status":"open","ping_status":"closed","sticky":false,"template":"","format":"standard","meta":{"footnotes":""},"categories":[2,10],"tags":[1277,1278,56,388],"class_list":["post-25140","post","type-post","status-publish","format-standard","has-post-thumbnail","hentry","category-politique","category-toutes-les-actualites","tag-golfe-persique","tag-installations-energetiques","tag-sao-tome-e-principe","tag-union-africaine"],"yoast_head":"<!-- This site is optimized with the Yoast SEO Premium plugin v26.1 (Yoast SEO v27.0) - https:\/\/yoast.com\/product\/yoast-seo-premium-wordpress\/ -->\n<title>Union Africaine Pr\u00e9occup\u00e9e par Attaque \u00c9nerg\u00e9tique Golfe - S\u00e3o Tom\u00e9 e Pr\u00edncipe<\/title>\n<meta name=\"description\" content=\"L&#039;Union africaine a exprime\u0301, lundi, sa pre\u0301occupation face a\u0300 la situation qui pre\u0301vaut au Moyen-Orient depuis le de\u0301bu ...\" \/>\n<meta name=\"robots\" content=\"index, follow, max-snippet:-1, max-image-preview:large, max-video-preview:-1\" \/>\n<link rel=\"canonical\" href=\"https:\/\/www.africa-press.net\/sao-tome-e-principe\/politique\/union-africaine-preoccupee-par-attaque-energetique-golfe\" \/>\n<meta property=\"og:locale\" content=\"fr_FR\" \/>\n<meta property=\"og:type\" content=\"article\" \/>\n<meta property=\"og:title\" content=\"Union Africaine Pr\u00e9occup\u00e9e par Attaque \u00c9nerg\u00e9tique Golfe\" \/>\n<meta property=\"og:description\" content=\"L&#039;Union africaine a exprime\u0301, lundi, sa pre\u0301occupation face a\u0300 la situation qui pre\u0301vaut au Moyen-Orient depuis le de\u0301bu ...\" \/>\n<meta property=\"og:url\" content=\"https:\/\/www.africa-press.net\/sao-tome-e-principe\/politique\/union-africaine-preoccupee-par-attaque-energetique-golfe\" \/>\n<meta property=\"og:site_name\" content=\"S\u00e3o Tom\u00e9 e Pr\u00edncipe\" \/>\n<meta property=\"article:published_time\" content=\"2026-03-13T13:00:00+00:00\" \/>\n<meta property=\"article:modified_time\" content=\"2026-03-13T18:54:29+00:00\" \/>\n<meta property=\"og:image\" content=\"https:\/\/static.africa-press.net\/sao-tome-e-principe\/sites\/59\/2026\/03\/sm_1773414419.43443.jpg\" \/>\n\t<meta property=\"og:image:width\" content=\"864\" \/>\n\t<meta property=\"og:image:height\" content=\"486\" \/>\n\t<meta property=\"og:image:type\" content=\"image\/jpeg\" \/>\n<meta name=\"author\" content=\"cfeditorfr\" \/>\n<meta name=\"twitter:card\" content=\"summary_large_image\" \/>\n<meta name=\"twitter:label1\" content=\"\u00c9crit par\" \/>\n\t<meta name=\"twitter:data1\" content=\"cfeditorfr\" \/>\n\t<meta name=\"twitter:label2\" content=\"Dur\u00e9e de lecture estim\u00e9e\" \/>\n\t<meta name=\"twitter:data2\" content=\"2 minutes\" \/>\n<script type=\"application\/ld+json\" class=\"yoast-schema-graph\">{\"@context\":\"https:\/\/schema.org\",\"@graph\":[{\"@type\":\"Article\",\"@id\":\"https:\/\/www.africa-press.net\/sao-tome-e-principe\/politique\/union-africaine-preoccupee-par-attaque-energetique-golfe#article\",\"isPartOf\":{\"@id\":\"https:\/\/www.africa-press.net\/sao-tome-e-principe\/politique\/union-africaine-preoccupee-par-attaque-energetique-golfe\"},\"author\":{\"name\":\"cfeditorfr\",\"@id\":\"https:\/\/www.africa-press.net\/sao-tome-e-principe\/#\/schema\/person\/2b1cf3cd81a31e3cd26889ca66d677f1\"},\"headline\":\"Union Africaine Pr\u00e9occup\u00e9e par Attaque \u00c9nerg\u00e9tique Golfe\",\"datePublished\":\"2026-03-13T13:00:00+00:00\",\"dateModified\":\"2026-03-13T18:54:29+00:00\",\"mainEntityOfPage\":{\"@id\":\"https:\/\/www.africa-press.net\/sao-tome-e-principe\/politique\/union-africaine-preoccupee-par-attaque-energetique-golfe\"},\"wordCount\":351,\"commentCount\":0,\"image\":{\"@id\":\"https:\/\/www.africa-press.net\/sao-tome-e-principe\/politique\/union-africaine-preoccupee-par-attaque-energetique-golfe#primaryimage\"},\"thumbnailUrl\":\"https:\/\/static.africa-press.net\/sao-tome-e-principe\/sites\/59\/2026\/03\/sm_1773414419.43443.jpg\",\"keywords\":[\"Golfe Persique\",\"installations \u00e9nerg\u00e9tiques\",\"S\u00e3o Tom\u00e9 e Pr\u00edncipe\",\"Union africaine\"],\"articleSection\":[\"Politique\",\"Toutes les actualit\u00e9s\"],\"inLanguage\":\"fr-FR\",\"potentialAction\":[{\"@type\":\"CommentAction\",\"name\":\"Comment\",\"target\":[\"https:\/\/www.africa-press.net\/sao-tome-e-principe\/politique\/union-africaine-preoccupee-par-attaque-energetique-golfe#respond\"]}]},{\"@type\":\"WebPage\",\"@id\":\"https:\/\/www.africa-press.net\/sao-tome-e-principe\/politique\/union-africaine-preoccupee-par-attaque-energetique-golfe\",\"url\":\"https:\/\/www.africa-press.net\/sao-tome-e-principe\/politique\/union-africaine-preoccupee-par-attaque-energetique-golfe\",\"name\":\"Union Africaine Pr\u00e9occup\u00e9e par Attaque \u00c9nerg\u00e9tique Golfe - S\u00e3o Tom\u00e9 e Pr\u00edncipe\",\"isPartOf\":{\"@id\":\"https:\/\/www.africa-press.net\/sao-tome-e-principe\/#website\"},\"primaryImageOfPage\":{\"@id\":\"https:\/\/www.africa-press.net\/sao-tome-e-principe\/politique\/union-africaine-preoccupee-par-attaque-energetique-golfe#primaryimage\"},\"image\":{\"@id\":\"https:\/\/www.africa-press.net\/sao-tome-e-principe\/politique\/union-africaine-preoccupee-par-attaque-energetique-golfe#primaryimage\"},\"thumbnailUrl\":\"https:\/\/static.africa-press.net\/sao-tome-e-principe\/sites\/59\/2026\/03\/sm_1773414419.43443.jpg\",\"datePublished\":\"2026-03-13T13:00:00+00:00\",\"dateModified\":\"2026-03-13T18:54:29+00:00\",\"author\":{\"@id\":\"https:\/\/www.africa-press.net\/sao-tome-e-principe\/#\/schema\/person\/2b1cf3cd81a31e3cd26889ca66d677f1\"},\"description\":\"L'Union africaine a exprime\u0301, lundi, sa pre\u0301occupation face a\u0300 la situation qui pre\u0301vaut au Moyen-Orient depuis le de\u0301bu ...\",\"breadcrumb\":{\"@id\":\"https:\/\/www.africa-press.net\/sao-tome-e-principe\/politique\/union-africaine-preoccupee-par-attaque-energetique-golfe#breadcrumb\"},\"inLanguage\":\"fr-FR\",\"potentialAction\":[{\"@type\":\"ReadAction\",\"target\":[\"https:\/\/www.africa-press.net\/sao-tome-e-principe\/politique\/union-africaine-preoccupee-par-attaque-energetique-golfe\"]}]},{\"@type\":\"ImageObject\",\"inLanguage\":\"fr-FR\",\"@id\":\"https:\/\/www.africa-press.net\/sao-tome-e-principe\/politique\/union-africaine-preoccupee-par-attaque-energetique-golfe#primaryimage\",\"url\":\"https:\/\/static.africa-press.net\/sao-tome-e-principe\/sites\/59\/2026\/03\/sm_1773414419.43443.jpg\",\"contentUrl\":\"https:\/\/static.africa-press.net\/sao-tome-e-principe\/sites\/59\/2026\/03\/sm_1773414419.43443.jpg\",\"width\":864,\"height\":486,\"caption\":\"Union Africaine Pr\u00e9occup\u00e9e par Attaque \u00c9nerg\u00e9tique Golfe\"},{\"@type\":\"BreadcrumbList\",\"@id\":\"https:\/\/www.africa-press.net\/sao-tome-e-principe\/politique\/union-africaine-preoccupee-par-attaque-energetique-golfe#breadcrumb\",\"itemListElement\":[{\"@type\":\"ListItem\",\"position\":1,\"name\":\"Accueil\",\"item\":\"https:\/\/www.africa-press.net\/sao-tome-e-principe\/\"},{\"@type\":\"ListItem\",\"position\":2,\"name\":\"Union Africaine Pr\u00e9occup\u00e9e par Attaque \u00c9nerg\u00e9tique Golfe\"}]},{\"@type\":\"WebSite\",\"@id\":\"https:\/\/www.africa-press.net\/sao-tome-e-principe\/#website\",\"url\":\"https:\/\/www.africa-press.net\/sao-tome-e-principe\/\",\"name\":\"S\u00e3o Tom\u00e9 e Pr\u00edncipe\",\"description\":\"Just another Africa News Agency Sites site\",\"potentialAction\":[{\"@type\":\"SearchAction\",\"target\":{\"@type\":\"EntryPoint\",\"urlTemplate\":\"https:\/\/www.africa-press.net\/sao-tome-e-principe\/?s={search_term_string}\"},\"query-input\":{\"@type\":\"PropertyValueSpecification\",\"valueRequired\":true,\"valueName\":\"search_term_string\"}}],\"inLanguage\":\"fr-FR\"},{\"@type\":\"Person\",\"@id\":\"https:\/\/www.africa-press.net\/sao-tome-e-principe\/#\/schema\/person\/2b1cf3cd81a31e3cd26889ca66d677f1\",\"name\":\"cfeditorfr\"}]}<\/script>\n<!-- \/ Yoast SEO Premium plugin. -->","yoast_head_json":{"title":"Union Africaine Pr\u00e9occup\u00e9e par Attaque \u00c9nerg\u00e9tique Golfe - S\u00e3o Tom\u00e9 e Pr\u00edncipe","description":"L'Union africaine a exprime\u0301, lundi, sa pre\u0301occupation face a\u0300 la situation qui pre\u0301vaut au Moyen-Orient depuis le de\u0301bu ...","robots":{"index":"index","follow":"follow","max-snippet":"max-snippet:-1","max-image-preview":"max-image-preview:large","max-video-preview":"max-video-preview:-1"},"canonical":"https:\/\/www.africa-press.net\/sao-tome-e-principe\/politique\/union-africaine-preoccupee-par-attaque-energetique-golfe","og_locale":"fr_FR","og_type":"article","og_title":"Union Africaine Pr\u00e9occup\u00e9e par Attaque \u00c9nerg\u00e9tique Golfe","og_description":"L'Union africaine a exprime\u0301, lundi, sa pre\u0301occupation face a\u0300 la situation qui pre\u0301vaut au Moyen-Orient depuis le de\u0301bu ...","og_url":"https:\/\/www.africa-press.net\/sao-tome-e-principe\/politique\/union-africaine-preoccupee-par-attaque-energetique-golfe","og_site_name":"S\u00e3o Tom\u00e9 e Pr\u00edncipe","article_published_time":"2026-03-13T13:00:00+00:00","article_modified_time":"2026-03-13T18:54:29+00:00","og_image":[{"width":864,"height":486,"url":"https:\/\/static.africa-press.net\/sao-tome-e-principe\/sites\/59\/2026\/03\/sm_1773414419.43443.jpg","type":"image\/jpeg"}],"author":"cfeditorfr","twitter_card":"summary_large_image","twitter_misc":{"\u00c9crit par":"cfeditorfr","Dur\u00e9e de lecture estim\u00e9e":"2 minutes"},"schema":{"@context":"https:\/\/schema.org","@graph":[{"@type":"Article","@id":"https:\/\/www.africa-press.net\/sao-tome-e-principe\/politique\/union-africaine-preoccupee-par-attaque-energetique-golfe#article","isPartOf":{"@id":"https:\/\/www.africa-press.net\/sao-tome-e-principe\/politique\/union-africaine-preoccupee-par-attaque-energetique-golfe"},"author":{"name":"cfeditorfr","@id":"https:\/\/www.africa-press.net\/sao-tome-e-principe\/#\/schema\/person\/2b1cf3cd81a31e3cd26889ca66d677f1"},"headline":"Union Africaine Pr\u00e9occup\u00e9e par Attaque \u00c9nerg\u00e9tique Golfe","datePublished":"2026-03-13T13:00:00+00:00","dateModified":"2026-03-13T18:54:29+00:00","mainEntityOfPage":{"@id":"https:\/\/www.africa-press.net\/sao-tome-e-principe\/politique\/union-africaine-preoccupee-par-attaque-energetique-golfe"},"wordCount":351,"commentCount":0,"image":{"@id":"https:\/\/www.africa-press.net\/sao-tome-e-principe\/politique\/union-africaine-preoccupee-par-attaque-energetique-golfe#primaryimage"},"thumbnailUrl":"https:\/\/static.africa-press.net\/sao-tome-e-principe\/sites\/59\/2026\/03\/sm_1773414419.43443.jpg","keywords":["Golfe Persique","installations \u00e9nerg\u00e9tiques","S\u00e3o Tom\u00e9 e Pr\u00edncipe","Union africaine"],"articleSection":["Politique","Toutes les actualit\u00e9s"],"inLanguage":"fr-FR","potentialAction":[{"@type":"CommentAction","name":"Comment","target":["https:\/\/www.africa-press.net\/sao-tome-e-principe\/politique\/union-africaine-preoccupee-par-attaque-energetique-golfe#respond"]}]},{"@type":"WebPage","@id":"https:\/\/www.africa-press.net\/sao-tome-e-principe\/politique\/union-africaine-preoccupee-par-attaque-energetique-golfe","url":"https:\/\/www.africa-press.net\/sao-tome-e-principe\/politique\/union-africaine-preoccupee-par-attaque-energetique-golfe","name":"Union Africaine Pr\u00e9occup\u00e9e par Attaque \u00c9nerg\u00e9tique Golfe - S\u00e3o Tom\u00e9 e Pr\u00edncipe","isPartOf":{"@id":"https:\/\/www.africa-press.net\/sao-tome-e-principe\/#website"},"primaryImageOfPage":{"@id":"https:\/\/www.africa-press.net\/sao-tome-e-principe\/politique\/union-africaine-preoccupee-par-attaque-energetique-golfe#primaryimage"},"image":{"@id":"https:\/\/www.africa-press.net\/sao-tome-e-principe\/politique\/union-africaine-preoccupee-par-attaque-energetique-golfe#primaryimage"},"thumbnailUrl":"https:\/\/static.africa-press.net\/sao-tome-e-principe\/sites\/59\/2026\/03\/sm_1773414419.43443.jpg","datePublished":"2026-03-13T13:00:00+00:00","dateModified":"2026-03-13T18:54:29+00:00","author":{"@id":"https:\/\/www.africa-press.net\/sao-tome-e-principe\/#\/schema\/person\/2b1cf3cd81a31e3cd26889ca66d677f1"},"description":"L'Union africaine a exprime\u0301, lundi, sa pre\u0301occupation face a\u0300 la situation qui pre\u0301vaut au Moyen-Orient depuis le de\u0301bu ...","breadcrumb":{"@id":"https:\/\/www.africa-press.net\/sao-tome-e-principe\/politique\/union-africaine-preoccupee-par-attaque-energetique-golfe#breadcrumb"},"inLanguage":"fr-FR","potentialAction":[{"@type":"ReadAction","target":["https:\/\/www.africa-press.net\/sao-tome-e-principe\/politique\/union-africaine-preoccupee-par-attaque-energetique-golfe"]}]},{"@type":"ImageObject","inLanguage":"fr-FR","@id":"https:\/\/www.africa-press.net\/sao-tome-e-principe\/politique\/union-africaine-preoccupee-par-attaque-energetique-golfe#primaryimage","url":"https:\/\/static.africa-press.net\/sao-tome-e-principe\/sites\/59\/2026\/03\/sm_1773414419.43443.jpg","contentUrl":"https:\/\/static.africa-press.net\/sao-tome-e-principe\/sites\/59\/2026\/03\/sm_1773414419.43443.jpg","width":864,"height":486,"caption":"Union Africaine Pr\u00e9occup\u00e9e par Attaque \u00c9nerg\u00e9tique Golfe"},{"@type":"BreadcrumbList","@id":"https:\/\/www.africa-press.net\/sao-tome-e-principe\/politique\/union-africaine-preoccupee-par-attaque-energetique-golfe#breadcrumb","itemListElement":[{"@type":"ListItem","position":1,"name":"Accueil","item":"https:\/\/www.africa-press.net\/sao-tome-e-principe\/"},{"@type":"ListItem","position":2,"name":"Union Africaine Pr\u00e9occup\u00e9e par Attaque \u00c9nerg\u00e9tique Golfe"}]},{"@type":"WebSite","@id":"https:\/\/www.africa-press.net\/sao-tome-e-principe\/#website","url":"https:\/\/www.africa-press.net\/sao-tome-e-principe\/","name":"S\u00e3o Tom\u00e9 e Pr\u00edncipe","description":"Just another Africa News Agency Sites site","potentialAction":[{"@type":"SearchAction","target":{"@type":"EntryPoint","urlTemplate":"https:\/\/www.africa-press.net\/sao-tome-e-principe\/?s={search_term_string}"},"query-input":{"@type":"PropertyValueSpecification","valueRequired":true,"valueName":"search_term_string"}}],"inLanguage":"fr-FR"},{"@type":"Person","@id":"https:\/\/www.africa-press.net\/sao-tome-e-principe\/#\/schema\/person\/2b1cf3cd81a31e3cd26889ca66d677f1","name":"cfeditorfr"}]}},"_links":{"self":[{"href":"https:\/\/www.africa-press.net\/sao-tome-e-principe\/wp-json\/wp\/v2\/posts\/25140","targetHints":{"allow":["GET"]}}],"collection":[{"href":"https:\/\/www.africa-press.net\/sao-tome-e-principe\/wp-json\/wp\/v2\/posts"}],"about":[{"href":"https:\/\/www.africa-press.net\/sao-tome-e-principe\/wp-json\/wp\/v2\/types\/post"}],"author":[{"embeddable":true,"href":"https:\/\/www.africa-press.net\/sao-tome-e-principe\/wp-json\/wp\/v2\/users\/82"}],"replies":[{"embeddable":true,"href":"https:\/\/www.africa-press.net\/sao-tome-e-principe\/wp-json\/wp\/v2\/comments?post=25140"}],"version-history":[{"count":0,"href":"https:\/\/www.africa-press.net\/sao-tome-e-principe\/wp-json\/wp\/v2\/posts\/25140\/revisions"}],"wp:featuredmedia":[{"embeddable":true,"href":"https:\/\/www.africa-press.net\/sao-tome-e-principe\/wp-json\/wp\/v2\/media\/25139"}],"wp:attachment":[{"href":"https:\/\/www.africa-press.net\/sao-tome-e-principe\/wp-json\/wp\/v2\/media?parent=25140"}],"wp:term":[{"taxonomy":"category","embeddable":true,"href":"https:\/\/www.africa-press.net\/sao-tome-e-principe\/wp-json\/wp\/v2\/categories?post=25140"},{"taxonomy":"post_tag","embeddable":true,"href":"https:\/\/www.africa-press.net\/sao-tome-e-principe\/wp-json\/wp\/v2\/tags?post=25140"}],"curies":[{"name":"wp","href":"https:\/\/api.w.org\/{rel}","templated":true}]}}