{"id":25655,"date":"2026-04-26T19:57:56","date_gmt":"2026-04-26T19:57:56","guid":{"rendered":"https:\/\/www.africa-press.net\/sao-tome-e-principe\/politique\/science-fest-africa-2026-renforce-la-cooperation-educative"},"modified":"2026-04-29T21:02:35","modified_gmt":"2026-04-29T21:02:35","slug":"science-fest-africa-2026-renforce-la-cooperation-educative","status":"publish","type":"post","link":"https:\/\/www.africa-press.net\/sao-tome-e-principe\/culture-et-art\/science-fest-africa-2026-renforce-la-cooperation-educative","title":{"rendered":"Science Fest Africa 2026 Renforce la Coop\u00e9ration \u00c9ducative"},"content":{"rendered":"<p><span class=\"ap-article-header-tag\"> <strong>Africa-Press &#8211; S\u00e3o Tom\u00e9 e Pr\u00edncipe. <\/strong> <\/span>La Fondation Maarif de Tu\u0308rkiye (TMV) a organise\u0301, le 21 avril 2026 a\u0300 Abidjan, en Co\u0302te d\u2019Ivoire, la deuxie\u0300me e\u0301dition du Science Fest Africa (SFA), un festival international de\u0301die\u0301 a\u0300 la science, a\u0300 la technologie et a\u0300 l\u2019intelligence artificielle, a de\u0301clare\u0301 le coordinateur ge\u0301ne\u0301ral de l\u2019e\u0301ve\u0301nement, Fofana Moussa.<\/p>\n<p>\u00ab Science Fest Africa est un festival international de\u0301die\u0301 a\u0300 la technologie, a\u0300 la science et a\u0300 l\u2019intelligence artificielle \u00bb, a explique\u0301 Fofana Moussa, soulignant que l\u2019initiative a e\u0301te\u0301 conc\u0327ue comme \u00ab une plateforme incontournable sur le continent africain \u00bb, avec Abidjan comme point d\u2019ancrage.<\/p>\n<p>Dans un contexte marque\u0301 par l\u2019acce\u0301le\u0301ration des mutations technologiques, le responsable a insiste\u0301 sur la ne\u0301cessite\u0301 de sensibiliser les jeunes africains aux disciplines STEM. \u00ab Le message que nous voulons faire passer aujourd\u2019hui est clair: dans ce XXIe sie\u0300cle, la technologie, la science et l\u2019intelligence artificielle sont essentielles pour l\u2019avenir de nos socie\u0301te\u0301s \u00bb, a-t-il affirme\u0301.<\/p>\n<p>Un festival envisageant de devenir \u00ab\u00a0une re\u0301fe\u0301rence continentale\u00a0\u00bb<\/p>\n<p>Selon lui, le festival s\u2019inscrit dans une dynamique continentale, impliquant l\u2019ensemble des pays africains ou\u0300 la Fondation Maarif est pre\u0301sente. \u00ab Ce projet implique les 27 pays africains ou\u0300 la fondation est repre\u0301sente\u0301e. C\u2019est un ve\u0301ritable carrefour ou\u0300 nous regroupons les universite\u0301s, les acade\u0301miciens, les acteurs de la technologie en Afrique, mais aussi en Europe et en Asie \u00bb, a-t-il pre\u0301cise\u0301.<\/p>\n<p>Revenant sur les re\u0301sultats de cette e\u0301dition 2026, Fofana Moussa a mis en avant une progression significative. \u00ab La premie\u0300re e\u0301dition avait enregistre\u0301 plus de 5 000 participants issus de 19 pays africains. Cette anne\u0301e, nous avons de\u0301passe\u0301 les 10 000 participants avec 27 pays repre\u0301sente\u0301s \u00bb, a-t-il indique\u0301.<\/p>\n<p>Il a e\u0301galement souligne\u0301 la forte mobilisation locale: \u00ab Nous avons accueilli une cinquantaine d\u2019e\u0301coles ivoiriennes, dont une vingtaine ont pre\u0301sente\u0301 des projets innovants autour de la science, de la technologie et de l\u2019intelligence artificielle. \u00bb<\/p>\n<p>Pour le coordinateur, cette monte\u0301e en puissance traduit le succe\u0300s du concept. \u00ab Cette deuxie\u0300me e\u0301dition a releve\u0301 un ve\u0301ritable de\u0301fi et a place\u0301 la barre tre\u0300s haut, tant en termes de participation que de qualite\u0301 des projets pre\u0301sente\u0301s \u00bb, a-t-il estime\u0301.<\/p>\n<p>Une plateforme de diplomatie e\u0301ducative entre la Tu\u0308rkiye et l&rsquo;Afrique<\/p>\n<p>Interroge\u0301 sur les retombe\u0301es pour la Fondation Maarif de Tu\u0308rkiye, il a insiste\u0301 sur une logique de contribution. \u00ab La fondation ne cherche pas a\u0300 gagner, elle cherche a\u0300 donner. Et lorsque nous donnons avec des objectifs clairs, nous avons de\u0301ja\u0300 gagne\u0301 \u00bb, a-t-il de\u0301clare\u0301.<\/p>\n<p>\u00ab Notre objectif est de faire passer un message fort: le monde de demain sera domine\u0301 par la science, la technologie et l\u2019intelligence artificielle \u00bb, a-t-il poursuivi, rappelant que la fondation, cre\u0301e\u0301e en 2016 a\u0300 l\u2019initiative du pre\u0301sident Recep Tayyip Erdogan, est l\u2019unique institution publique turque habilite\u0301e a\u0300 promouvoir l\u2019e\u0301ducation a\u0300 l\u2019e\u0301tranger.<\/p>\n<p>Au-dela\u0300 des chiffres, l\u2019impact du festival se mesure aussi sur le plan e\u0301ducatif et scientifique. \u00ab Science Fest Africa joue un ro\u0302le important dans le renforcement de la coope\u0301ration entre la Tu\u0308rkiye et les pays africains, notamment dans les domaines de l\u2019e\u0301ducation, de la science et de la technologie \u00bb, a de\u0301clare\u0301 Fofana Moussa.<\/p>\n<p>\u00ab Nous conside\u0301rons cette initiative comme une plateforme concre\u0300te de diplomatie e\u0301ducative \u00bb, a-t-il poursuivi, ajoutant qu\u2019elle \u00ab permet de cre\u0301er des synergies entre institutions acade\u0301miques, universite\u0301s, experts et acteurs du secteur technologique sur le continent africain \u00bb.<\/p>\n<p>Une nouvelle pe\u0301dagogie adapte\u0301e aux de\u0301fis actuels<\/p>\n<p>Le responsable a e\u0301galement insiste\u0301 sur la dimension pe\u0301dagogique du projet. \u00ab A\u0300 travers ce festival, nous rapprochons l\u2019e\u0301cole du monde re\u0301el. Les e\u0301le\u0300ves et les e\u0301tudiants ne restent plus uniquement dans la the\u0301orie: ils expe\u0301rimentent, cre\u0301ent et proposent des solutions concre\u0300tes \u00bb, a-t-il explique\u0301.<\/p>\n<p>\u00ab Le monde e\u0301volue rapidement. Si le monde avance de deux pas, nos syste\u0300mes e\u0301ducatifs doivent avancer de trois ou quatre pas \u00bb, a-t-il ajoute\u0301, soulignant l\u2019importance d\u2019adapter les me\u0301thodes d\u2019enseignement aux nouvelles re\u0301alite\u0301s technologiques.<\/p>\n<p>Une plateforme de\u0301die\u0301e a\u0300 la collaboration et l&rsquo;innovation africaine<\/p>\n<p>Par ailleurs, le festival encourage la collaboration entre pays africains. \u00ab Un laboratoire en Co\u0302te d\u2019Ivoire peut aujourd\u2019hui collaborer avec un autre en Zambie, en E\u0301gypte ou au Mali. C\u2019est cette synergie que nous voulons cre\u0301er \u00bb, a-t-il affirme\u0301.<\/p>\n<p>Dans la me\u0302me logique, Fofana Moussa a releve\u0301 l\u2019implication croissante du secteur prive\u0301. \u00ab Nous avons e\u0301galement inte\u0301gre\u0301 les entreprises et les structures technologiques qui viennent exposer leur savoir-faire et partager leurs innovations avec les jeunes \u00bb, a-t-il indique\u0301, ajoutant que \u00ab cette interaction est essentielle pour cre\u0301er un e\u0301cosyste\u0300me complet autour de l\u2019innovation \u00bb.<\/p>\n<p>Concernant le choix de la Co\u0302te d\u2019Ivoire comme pays ho\u0302te, il a explique\u0301: \u00ab Nous avons choisi Abidjan parce que la Co\u0302te d\u2019Ivoire dispose de bases solides dans les domaines de la technologie, de la science et de l\u2019intelligence artificielle. \u00bb<\/p>\n<p>Enfin, les perspectives du Science Fest Africa s\u2019annoncent ambitieuses. \u00ab A\u0300 long terme, nous voulons faire de cette initiative une plateforme de re\u0301fe\u0301rence mondiale en matie\u0300re de science, d\u2019innovation et d\u2019e\u0301ducation \u00bb, a de\u0301clare\u0301 Fofana Moussa.<\/p>\n<p>\u00ab Nous souhaitons e\u0301largir la participation des pays africains, ame\u0301liorer la qualite\u0301 des projets pre\u0301sente\u0301s et renforcer les partenariats entre universite\u0301s, institutions et entreprises \u00bb, a-t-il ajoute\u0301.<\/p>\n<p>\u00ab L\u2019objectif final est de structurer, connecter et accompagner durablement les talents africains pour renforcer leur ro\u0302le dans l\u2019innovation de demain \u00bb, a-t-il conclu.<\/p>\n<p>Maarif: une fondation au service du \u00ab bien commun \u00bb e\u0301ducatif mondial<\/p>\n<p>Porte\u0301e par une vision fonde\u0301e sur le dialogue entre les cultures et les civilisations, la Fondation Maarif de Tu\u0308rkiye se positionne comme un acteur cle\u0301 de l\u2019ouverture internationale du syste\u0300me e\u0301ducatif turc.<\/p>\n<p>Cre\u0301e\u0301e en 2016 par une loi officielle, la fondation est la seule institution, en dehors du ministe\u0300re de l\u2019E\u0301ducation nationale turc, habilite\u0301e a\u0300 ouvrir et ge\u0301rer des e\u0301tablissements scolaires a\u0300 l\u2019e\u0301tranger au nom de la Re\u0301publique de Tu\u0308rkiye.<\/p>\n<p>En tant qu\u2019organisation publique a\u0300 but non lucratif, elle intervient a\u0300 tous les niveaux du parcours e\u0301ducatif, de la maternelle a\u0300 l\u2019enseignement supe\u0301rieur, dans de nombreux pays.<\/p>\n<p>A\u0300 travers ses actions, la Fondation Maarif de Tu\u0308rkiye vise a\u0300 favoriser les e\u0301changes culturels, a\u0300 renforcer les liens entre les socie\u0301te\u0301s et a\u0300 contribuer activement a\u0300 la formation de ge\u0301ne\u0301rations capables de re\u0301pondre aux de\u0301fis globaux, dans une logique de coope\u0301ration et de \u00ab bien commun \u00bb, souligne l&rsquo;organisme.<\/p>\n<p class=\"ap-article-footer-note\">Retrouvez plus d\u2019actualit\u00e9s et d\u2019analyses sur <span class=\"ap-highlight-country\">S\u00e3o Tom\u00e9 e Pr\u00edncipe<\/span> sur le site <span class=\"ap-highlight-brand\">Africa Press<\/span><\/p>\n","protected":false},"excerpt":{"rendered":"<p>Africa-Press &#8211; S\u00e3o Tom\u00e9 e Pr\u00edncipe. La Fondation Maarif de Tu\u0308rkiye (TMV) a organise\u0301, le 21 avril 2026 a\u0300 Abidjan, en Co\u0302te d\u2019Ivoire, la deuxie\u0300me e\u0301dition du Science Fest Africa (SFA), un festival international de\u0301die\u0301 a\u0300 la science, a\u0300 la technologie et a\u0300 l\u2019intelligence artificielle, a de\u0301clare\u0301 le coordinateur ge\u0301ne\u0301ral de l\u2019e\u0301ve\u0301nement, Fofana Moussa. \u00ab [&hellip;]<\/p>\n","protected":false},"author":82,"featured_media":25654,"comment_status":"open","ping_status":"closed","sticky":false,"template":"","format":"standard","meta":{"footnotes":""},"categories":[5,10],"tags":[56],"class_list":["post-25655","post","type-post","status-publish","format-standard","has-post-thumbnail","hentry","category-culture-et-art","category-toutes-les-actualites","tag-sao-tome-e-principe"],"yoast_head":"<!-- This site is optimized with the Yoast SEO Premium plugin v26.1 (Yoast SEO v27.0) - https:\/\/yoast.com\/product\/yoast-seo-premium-wordpress\/ -->\n<title>Science Fest Africa 2026 Renforce la Coop\u00e9ration \u00c9ducative - S\u00e3o Tom\u00e9 e Pr\u00edncipe<\/title>\n<meta name=\"description\" content=\"-article-header-tag&quot;&gt; Africa-Press - Sa\u0303o Tome\u0301 e Pri\u0301ncipe. La Fondation Maarif ...\" \/>\n<meta name=\"robots\" content=\"index, follow, max-snippet:-1, max-image-preview:large, max-video-preview:-1\" \/>\n<link rel=\"canonical\" href=\"https:\/\/www.africa-press.net\/sao-tome-e-principe\/culture-et-art\/science-fest-africa-2026-renforce-la-cooperation-educative\" \/>\n<meta property=\"og:locale\" content=\"fr_FR\" \/>\n<meta property=\"og:type\" content=\"article\" \/>\n<meta property=\"og:title\" content=\"Science Fest Africa 2026 Renforce la Coop\u00e9ration \u00c9ducative\" \/>\n<meta property=\"og:description\" content=\"-article-header-tag&quot;&gt; Africa-Press - Sa\u0303o Tome\u0301 e Pri\u0301ncipe. La Fondation Maarif ...\" \/>\n<meta property=\"og:url\" content=\"https:\/\/www.africa-press.net\/sao-tome-e-principe\/culture-et-art\/science-fest-africa-2026-renforce-la-cooperation-educative\" \/>\n<meta property=\"og:site_name\" content=\"S\u00e3o Tom\u00e9 e Pr\u00edncipe\" \/>\n<meta property=\"article:published_time\" content=\"2026-04-26T19:57:56+00:00\" \/>\n<meta property=\"article:modified_time\" content=\"2026-04-29T21:02:35+00:00\" \/>\n<meta property=\"og:image\" content=\"https:\/\/static.africa-press.net\/sao-tome-e-principe\/sites\/59\/2026\/04\/sm_1777496403.270174.jpg\" \/>\n\t<meta property=\"og:image:width\" content=\"729\" \/>\n\t<meta property=\"og:image:height\" content=\"486\" \/>\n\t<meta property=\"og:image:type\" content=\"image\/jpeg\" \/>\n<meta name=\"author\" content=\"cfeditorfr\" \/>\n<meta name=\"twitter:card\" content=\"summary_large_image\" \/>\n<meta name=\"twitter:label1\" content=\"\u00c9crit par\" \/>\n\t<meta name=\"twitter:data1\" content=\"cfeditorfr\" \/>\n\t<meta name=\"twitter:label2\" content=\"Dur\u00e9e de lecture estim\u00e9e\" \/>\n\t<meta name=\"twitter:data2\" content=\"6 minutes\" \/>\n<script type=\"application\/ld+json\" class=\"yoast-schema-graph\">{\"@context\":\"https:\/\/schema.org\",\"@graph\":[{\"@type\":\"Article\",\"@id\":\"https:\/\/www.africa-press.net\/sao-tome-e-principe\/culture-et-art\/science-fest-africa-2026-renforce-la-cooperation-educative#article\",\"isPartOf\":{\"@id\":\"https:\/\/www.africa-press.net\/sao-tome-e-principe\/culture-et-art\/science-fest-africa-2026-renforce-la-cooperation-educative\"},\"author\":{\"name\":\"cfeditorfr\",\"@id\":\"https:\/\/www.africa-press.net\/sao-tome-e-principe\/#\/schema\/person\/2b1cf3cd81a31e3cd26889ca66d677f1\"},\"headline\":\"Science Fest Africa 2026 Renforce la Coop\u00e9ration \u00c9ducative\",\"datePublished\":\"2026-04-26T19:57:56+00:00\",\"dateModified\":\"2026-04-29T21:02:35+00:00\",\"mainEntityOfPage\":{\"@id\":\"https:\/\/www.africa-press.net\/sao-tome-e-principe\/culture-et-art\/science-fest-africa-2026-renforce-la-cooperation-educative\"},\"wordCount\":1191,\"commentCount\":0,\"image\":{\"@id\":\"https:\/\/www.africa-press.net\/sao-tome-e-principe\/culture-et-art\/science-fest-africa-2026-renforce-la-cooperation-educative#primaryimage\"},\"thumbnailUrl\":\"https:\/\/static.africa-press.net\/sao-tome-e-principe\/sites\/59\/2026\/04\/sm_1777496403.270174.jpg\",\"keywords\":[\"S\u00e3o Tom\u00e9 e Pr\u00edncipe\"],\"articleSection\":[\"Culture et Art\",\"Toutes les actualit\u00e9s\"],\"inLanguage\":\"fr-FR\",\"potentialAction\":[{\"@type\":\"CommentAction\",\"name\":\"Comment\",\"target\":[\"https:\/\/www.africa-press.net\/sao-tome-e-principe\/culture-et-art\/science-fest-africa-2026-renforce-la-cooperation-educative#respond\"]}]},{\"@type\":\"WebPage\",\"@id\":\"https:\/\/www.africa-press.net\/sao-tome-e-principe\/culture-et-art\/science-fest-africa-2026-renforce-la-cooperation-educative\",\"url\":\"https:\/\/www.africa-press.net\/sao-tome-e-principe\/culture-et-art\/science-fest-africa-2026-renforce-la-cooperation-educative\",\"name\":\"Science Fest Africa 2026 Renforce la Coop\u00e9ration \u00c9ducative - S\u00e3o Tom\u00e9 e Pr\u00edncipe\",\"isPartOf\":{\"@id\":\"https:\/\/www.africa-press.net\/sao-tome-e-principe\/#website\"},\"primaryImageOfPage\":{\"@id\":\"https:\/\/www.africa-press.net\/sao-tome-e-principe\/culture-et-art\/science-fest-africa-2026-renforce-la-cooperation-educative#primaryimage\"},\"image\":{\"@id\":\"https:\/\/www.africa-press.net\/sao-tome-e-principe\/culture-et-art\/science-fest-africa-2026-renforce-la-cooperation-educative#primaryimage\"},\"thumbnailUrl\":\"https:\/\/static.africa-press.net\/sao-tome-e-principe\/sites\/59\/2026\/04\/sm_1777496403.270174.jpg\",\"datePublished\":\"2026-04-26T19:57:56+00:00\",\"dateModified\":\"2026-04-29T21:02:35+00:00\",\"author\":{\"@id\":\"https:\/\/www.africa-press.net\/sao-tome-e-principe\/#\/schema\/person\/2b1cf3cd81a31e3cd26889ca66d677f1\"},\"description\":\"-article-header-tag\\\"> Africa-Press - Sa\u0303o Tome\u0301 e Pri\u0301ncipe. La Fondation Maarif ...\",\"breadcrumb\":{\"@id\":\"https:\/\/www.africa-press.net\/sao-tome-e-principe\/culture-et-art\/science-fest-africa-2026-renforce-la-cooperation-educative#breadcrumb\"},\"inLanguage\":\"fr-FR\",\"potentialAction\":[{\"@type\":\"ReadAction\",\"target\":[\"https:\/\/www.africa-press.net\/sao-tome-e-principe\/culture-et-art\/science-fest-africa-2026-renforce-la-cooperation-educative\"]}]},{\"@type\":\"ImageObject\",\"inLanguage\":\"fr-FR\",\"@id\":\"https:\/\/www.africa-press.net\/sao-tome-e-principe\/culture-et-art\/science-fest-africa-2026-renforce-la-cooperation-educative#primaryimage\",\"url\":\"https:\/\/static.africa-press.net\/sao-tome-e-principe\/sites\/59\/2026\/04\/sm_1777496403.270174.jpg\",\"contentUrl\":\"https:\/\/static.africa-press.net\/sao-tome-e-principe\/sites\/59\/2026\/04\/sm_1777496403.270174.jpg\",\"width\":729,\"height\":486,\"caption\":\"Science Fest Africa 2026 Renforce la Coop\u00e9ration \u00c9ducative\"},{\"@type\":\"BreadcrumbList\",\"@id\":\"https:\/\/www.africa-press.net\/sao-tome-e-principe\/culture-et-art\/science-fest-africa-2026-renforce-la-cooperation-educative#breadcrumb\",\"itemListElement\":[{\"@type\":\"ListItem\",\"position\":1,\"name\":\"Accueil\",\"item\":\"https:\/\/www.africa-press.net\/sao-tome-e-principe\/\"},{\"@type\":\"ListItem\",\"position\":2,\"name\":\"Science Fest Africa 2026 Renforce la Coop\u00e9ration \u00c9ducative\"}]},{\"@type\":\"WebSite\",\"@id\":\"https:\/\/www.africa-press.net\/sao-tome-e-principe\/#website\",\"url\":\"https:\/\/www.africa-press.net\/sao-tome-e-principe\/\",\"name\":\"S\u00e3o Tom\u00e9 e Pr\u00edncipe\",\"description\":\"Just another Africa News Agency Sites site\",\"potentialAction\":[{\"@type\":\"SearchAction\",\"target\":{\"@type\":\"EntryPoint\",\"urlTemplate\":\"https:\/\/www.africa-press.net\/sao-tome-e-principe\/?s={search_term_string}\"},\"query-input\":{\"@type\":\"PropertyValueSpecification\",\"valueRequired\":true,\"valueName\":\"search_term_string\"}}],\"inLanguage\":\"fr-FR\"},{\"@type\":\"Person\",\"@id\":\"https:\/\/www.africa-press.net\/sao-tome-e-principe\/#\/schema\/person\/2b1cf3cd81a31e3cd26889ca66d677f1\",\"name\":\"cfeditorfr\"}]}<\/script>\n<!-- \/ Yoast SEO Premium plugin. -->","yoast_head_json":{"title":"Science Fest Africa 2026 Renforce la Coop\u00e9ration \u00c9ducative - S\u00e3o Tom\u00e9 e Pr\u00edncipe","description":"-article-header-tag\"> Africa-Press - Sa\u0303o Tome\u0301 e Pri\u0301ncipe. La Fondation Maarif ...","robots":{"index":"index","follow":"follow","max-snippet":"max-snippet:-1","max-image-preview":"max-image-preview:large","max-video-preview":"max-video-preview:-1"},"canonical":"https:\/\/www.africa-press.net\/sao-tome-e-principe\/culture-et-art\/science-fest-africa-2026-renforce-la-cooperation-educative","og_locale":"fr_FR","og_type":"article","og_title":"Science Fest Africa 2026 Renforce la Coop\u00e9ration \u00c9ducative","og_description":"-article-header-tag\"> Africa-Press - Sa\u0303o Tome\u0301 e Pri\u0301ncipe. La Fondation Maarif ...","og_url":"https:\/\/www.africa-press.net\/sao-tome-e-principe\/culture-et-art\/science-fest-africa-2026-renforce-la-cooperation-educative","og_site_name":"S\u00e3o Tom\u00e9 e Pr\u00edncipe","article_published_time":"2026-04-26T19:57:56+00:00","article_modified_time":"2026-04-29T21:02:35+00:00","og_image":[{"width":729,"height":486,"url":"https:\/\/static.africa-press.net\/sao-tome-e-principe\/sites\/59\/2026\/04\/sm_1777496403.270174.jpg","type":"image\/jpeg"}],"author":"cfeditorfr","twitter_card":"summary_large_image","twitter_misc":{"\u00c9crit par":"cfeditorfr","Dur\u00e9e de lecture estim\u00e9e":"6 minutes"},"schema":{"@context":"https:\/\/schema.org","@graph":[{"@type":"Article","@id":"https:\/\/www.africa-press.net\/sao-tome-e-principe\/culture-et-art\/science-fest-africa-2026-renforce-la-cooperation-educative#article","isPartOf":{"@id":"https:\/\/www.africa-press.net\/sao-tome-e-principe\/culture-et-art\/science-fest-africa-2026-renforce-la-cooperation-educative"},"author":{"name":"cfeditorfr","@id":"https:\/\/www.africa-press.net\/sao-tome-e-principe\/#\/schema\/person\/2b1cf3cd81a31e3cd26889ca66d677f1"},"headline":"Science Fest Africa 2026 Renforce la Coop\u00e9ration \u00c9ducative","datePublished":"2026-04-26T19:57:56+00:00","dateModified":"2026-04-29T21:02:35+00:00","mainEntityOfPage":{"@id":"https:\/\/www.africa-press.net\/sao-tome-e-principe\/culture-et-art\/science-fest-africa-2026-renforce-la-cooperation-educative"},"wordCount":1191,"commentCount":0,"image":{"@id":"https:\/\/www.africa-press.net\/sao-tome-e-principe\/culture-et-art\/science-fest-africa-2026-renforce-la-cooperation-educative#primaryimage"},"thumbnailUrl":"https:\/\/static.africa-press.net\/sao-tome-e-principe\/sites\/59\/2026\/04\/sm_1777496403.270174.jpg","keywords":["S\u00e3o Tom\u00e9 e Pr\u00edncipe"],"articleSection":["Culture et Art","Toutes les actualit\u00e9s"],"inLanguage":"fr-FR","potentialAction":[{"@type":"CommentAction","name":"Comment","target":["https:\/\/www.africa-press.net\/sao-tome-e-principe\/culture-et-art\/science-fest-africa-2026-renforce-la-cooperation-educative#respond"]}]},{"@type":"WebPage","@id":"https:\/\/www.africa-press.net\/sao-tome-e-principe\/culture-et-art\/science-fest-africa-2026-renforce-la-cooperation-educative","url":"https:\/\/www.africa-press.net\/sao-tome-e-principe\/culture-et-art\/science-fest-africa-2026-renforce-la-cooperation-educative","name":"Science Fest Africa 2026 Renforce la Coop\u00e9ration \u00c9ducative - S\u00e3o Tom\u00e9 e Pr\u00edncipe","isPartOf":{"@id":"https:\/\/www.africa-press.net\/sao-tome-e-principe\/#website"},"primaryImageOfPage":{"@id":"https:\/\/www.africa-press.net\/sao-tome-e-principe\/culture-et-art\/science-fest-africa-2026-renforce-la-cooperation-educative#primaryimage"},"image":{"@id":"https:\/\/www.africa-press.net\/sao-tome-e-principe\/culture-et-art\/science-fest-africa-2026-renforce-la-cooperation-educative#primaryimage"},"thumbnailUrl":"https:\/\/static.africa-press.net\/sao-tome-e-principe\/sites\/59\/2026\/04\/sm_1777496403.270174.jpg","datePublished":"2026-04-26T19:57:56+00:00","dateModified":"2026-04-29T21:02:35+00:00","author":{"@id":"https:\/\/www.africa-press.net\/sao-tome-e-principe\/#\/schema\/person\/2b1cf3cd81a31e3cd26889ca66d677f1"},"description":"-article-header-tag\"> Africa-Press - Sa\u0303o Tome\u0301 e Pri\u0301ncipe. La Fondation Maarif ...","breadcrumb":{"@id":"https:\/\/www.africa-press.net\/sao-tome-e-principe\/culture-et-art\/science-fest-africa-2026-renforce-la-cooperation-educative#breadcrumb"},"inLanguage":"fr-FR","potentialAction":[{"@type":"ReadAction","target":["https:\/\/www.africa-press.net\/sao-tome-e-principe\/culture-et-art\/science-fest-africa-2026-renforce-la-cooperation-educative"]}]},{"@type":"ImageObject","inLanguage":"fr-FR","@id":"https:\/\/www.africa-press.net\/sao-tome-e-principe\/culture-et-art\/science-fest-africa-2026-renforce-la-cooperation-educative#primaryimage","url":"https:\/\/static.africa-press.net\/sao-tome-e-principe\/sites\/59\/2026\/04\/sm_1777496403.270174.jpg","contentUrl":"https:\/\/static.africa-press.net\/sao-tome-e-principe\/sites\/59\/2026\/04\/sm_1777496403.270174.jpg","width":729,"height":486,"caption":"Science Fest Africa 2026 Renforce la Coop\u00e9ration \u00c9ducative"},{"@type":"BreadcrumbList","@id":"https:\/\/www.africa-press.net\/sao-tome-e-principe\/culture-et-art\/science-fest-africa-2026-renforce-la-cooperation-educative#breadcrumb","itemListElement":[{"@type":"ListItem","position":1,"name":"Accueil","item":"https:\/\/www.africa-press.net\/sao-tome-e-principe\/"},{"@type":"ListItem","position":2,"name":"Science Fest Africa 2026 Renforce la Coop\u00e9ration \u00c9ducative"}]},{"@type":"WebSite","@id":"https:\/\/www.africa-press.net\/sao-tome-e-principe\/#website","url":"https:\/\/www.africa-press.net\/sao-tome-e-principe\/","name":"S\u00e3o Tom\u00e9 e Pr\u00edncipe","description":"Just another Africa News Agency Sites site","potentialAction":[{"@type":"SearchAction","target":{"@type":"EntryPoint","urlTemplate":"https:\/\/www.africa-press.net\/sao-tome-e-principe\/?s={search_term_string}"},"query-input":{"@type":"PropertyValueSpecification","valueRequired":true,"valueName":"search_term_string"}}],"inLanguage":"fr-FR"},{"@type":"Person","@id":"https:\/\/www.africa-press.net\/sao-tome-e-principe\/#\/schema\/person\/2b1cf3cd81a31e3cd26889ca66d677f1","name":"cfeditorfr"}]}},"_links":{"self":[{"href":"https:\/\/www.africa-press.net\/sao-tome-e-principe\/wp-json\/wp\/v2\/posts\/25655","targetHints":{"allow":["GET"]}}],"collection":[{"href":"https:\/\/www.africa-press.net\/sao-tome-e-principe\/wp-json\/wp\/v2\/posts"}],"about":[{"href":"https:\/\/www.africa-press.net\/sao-tome-e-principe\/wp-json\/wp\/v2\/types\/post"}],"author":[{"embeddable":true,"href":"https:\/\/www.africa-press.net\/sao-tome-e-principe\/wp-json\/wp\/v2\/users\/82"}],"replies":[{"embeddable":true,"href":"https:\/\/www.africa-press.net\/sao-tome-e-principe\/wp-json\/wp\/v2\/comments?post=25655"}],"version-history":[{"count":1,"href":"https:\/\/www.africa-press.net\/sao-tome-e-principe\/wp-json\/wp\/v2\/posts\/25655\/revisions"}],"predecessor-version":[{"id":25656,"href":"https:\/\/www.africa-press.net\/sao-tome-e-principe\/wp-json\/wp\/v2\/posts\/25655\/revisions\/25656"}],"wp:featuredmedia":[{"embeddable":true,"href":"https:\/\/www.africa-press.net\/sao-tome-e-principe\/wp-json\/wp\/v2\/media\/25654"}],"wp:attachment":[{"href":"https:\/\/www.africa-press.net\/sao-tome-e-principe\/wp-json\/wp\/v2\/media?parent=25655"}],"wp:term":[{"taxonomy":"category","embeddable":true,"href":"https:\/\/www.africa-press.net\/sao-tome-e-principe\/wp-json\/wp\/v2\/categories?post=25655"},{"taxonomy":"post_tag","embeddable":true,"href":"https:\/\/www.africa-press.net\/sao-tome-e-principe\/wp-json\/wp\/v2\/tags?post=25655"}],"curies":[{"name":"wp","href":"https:\/\/api.w.org\/{rel}","templated":true}]}}