{"id":12894,"date":"2021-08-22T19:50:17","date_gmt":"2021-08-22T19:50:17","guid":{"rendered":"https:\/\/www.africa-press.net\/senegal\/?p=12894"},"modified":"2021-08-22T19:14:28","modified_gmt":"2021-08-22T19:14:28","slug":"le-cortege-du-ministre-de-linterieur-bloque-sur-lautoroute-a-peage","status":"publish","type":"post","link":"https:\/\/www.africa-press.net\/senegal\/toutes-les-actualites\/le-cortege-du-ministre-de-linterieur-bloque-sur-lautoroute-a-peage","title":{"rendered":"Le cort\u00e8ge du ministre de l\u2019Int\u00e9rieur bloqu\u00e9 sur l\u2019autoroute \u00e0 p\u00e9age"},"content":{"rendered":"<p><span style=\"color: #ff6600\"><strong><a href=\"https:\/\/www.africa-press.net\/\">Africa-Press<\/a> &#8211; <a href=\"https:\/\/www.africa-press.net\/senegal\">Senegal<\/a>. <\/strong><\/span>\u00c7a chauffe sur l\u2019Autoroute \u00e0 p\u00e9age o\u00f9 les sinistr\u00e9s de Tivaouane Diacksao ont bloqu\u00e9 \u00e0 l\u2019instant toutes les voies pour exiger l\u2019\u00e9vacuation des eaux pluviales.<\/p>\n<p>Le cort\u00e8ge du ministre de l\u2019Int\u00e9rieur qui doit se rendre dans les zones inond\u00e9es ce dimanche, a \u00e9t\u00e9 bloqu\u00e9. Le ministre de l\u2019Int\u00e9rieur et ses services ont finalement d\u00e9vi\u00e9 pour emprunter la Route nationale.<\/p>\n","protected":false},"excerpt":{"rendered":"<p>Africa-Press &#8211; Senegal. \u00c7a chauffe sur l\u2019Autoroute \u00e0 p\u00e9age o\u00f9 les sinistr\u00e9s de Tivaouane Diacksao ont bloqu\u00e9 \u00e0 l\u2019instant toutes les voies pour exiger l\u2019\u00e9vacuation des eaux pluviales. Le cort\u00e8ge du ministre de l\u2019Int\u00e9rieur qui doit se rendre dans les zones inond\u00e9es ce dimanche, a \u00e9t\u00e9 bloqu\u00e9. Le ministre de l\u2019Int\u00e9rieur et ses services ont [&hellip;]<\/p>\n","protected":false},"author":82,"featured_media":12893,"comment_status":"open","ping_status":"closed","sticky":false,"template":"","format":"standard","meta":{"footnotes":""},"categories":[21,11,10],"tags":[43,47,2391,2285,2392,2390,44],"class_list":["post-12894","post","type-post","status-publish","format-standard","has-post-thumbnail","hentry","category-communaute","category-homepage-french","category-toutes-les-actualites","tag-africa-press-2","tag-africa-press-senegal","tag-autoroute-a-peage","tag-blocage","tag-cortege","tag-ministre-interieur","tag-senegal-2"],"yoast_head":"<!-- This site is optimized with the Yoast SEO Premium plugin v26.1 (Yoast SEO v27.0) - https:\/\/yoast.com\/product\/yoast-seo-premium-wordpress\/ -->\n<title>Le cort\u00e8ge du ministre de l\u2019Int\u00e9rieur bloqu\u00e9 sur l\u2019autoroute \u00e0 p\u00e9age - Senegal<\/title>\n<meta name=\"description\" content=\"\u00c7a chauffe sur l\u2019Autoroute \u00e0 p\u00e9age o\u00f9 les sinistr\u00e9s de Tivaouane Diacksao ont bloqu\u00e9 \u00e0 l\u2019instant toutes les voies pour e ...\" \/>\n<meta name=\"robots\" content=\"index, follow, max-snippet:-1, max-image-preview:large, max-video-preview:-1\" \/>\n<link rel=\"canonical\" href=\"https:\/\/www.africa-press.net\/senegal\/toutes-les-actualites\/le-cortege-du-ministre-de-linterieur-bloque-sur-lautoroute-a-peage\" \/>\n<meta property=\"og:locale\" content=\"fr_FR\" \/>\n<meta property=\"og:type\" content=\"article\" \/>\n<meta property=\"og:title\" content=\"Le cort\u00e8ge du ministre de l\u2019Int\u00e9rieur bloqu\u00e9 sur l\u2019autoroute \u00e0 p\u00e9age\" \/>\n<meta property=\"og:description\" content=\"\u00c7a chauffe sur l\u2019Autoroute \u00e0 p\u00e9age o\u00f9 les sinistr\u00e9s de Tivaouane Diacksao ont bloqu\u00e9 \u00e0 l\u2019instant toutes les voies pour e ...\" \/>\n<meta property=\"og:url\" content=\"https:\/\/www.africa-press.net\/senegal\/toutes-les-actualites\/le-cortege-du-ministre-de-linterieur-bloque-sur-lautoroute-a-peage\" \/>\n<meta property=\"og:site_name\" content=\"Senegal\" \/>\n<meta property=\"article:published_time\" content=\"2021-08-22T19:50:17+00:00\" \/>\n<meta property=\"og:image\" content=\"https:\/\/static.africa-press.net\/senegal\/sites\/13\/2021\/08\/img-6122a1fa2ad45.jpg\" \/>\n\t<meta property=\"og:image:width\" content=\"720\" \/>\n\t<meta property=\"og:image:height\" content=\"350\" \/>\n\t<meta property=\"og:image:type\" content=\"image\/jpeg\" \/>\n<meta name=\"author\" content=\"cfeditorfr\" \/>\n<meta name=\"twitter:card\" content=\"summary_large_image\" \/>\n<meta name=\"twitter:label1\" content=\"\u00c9crit par\" \/>\n\t<meta name=\"twitter:data1\" content=\"cfeditorfr\" \/>\n<script type=\"application\/ld+json\" class=\"yoast-schema-graph\">{\"@context\":\"https:\/\/schema.org\",\"@graph\":[{\"@type\":\"Article\",\"@id\":\"https:\/\/www.africa-press.net\/senegal\/toutes-les-actualites\/le-cortege-du-ministre-de-linterieur-bloque-sur-lautoroute-a-peage#article\",\"isPartOf\":{\"@id\":\"https:\/\/www.africa-press.net\/senegal\/toutes-les-actualites\/le-cortege-du-ministre-de-linterieur-bloque-sur-lautoroute-a-peage\"},\"author\":{\"name\":\"cfeditorfr\",\"@id\":\"https:\/\/www.africa-press.net\/senegal\/#\/schema\/person\/2b1cf3cd81a31e3cd26889ca66d677f1\"},\"headline\":\"Le cort\u00e8ge du ministre de l\u2019Int\u00e9rieur bloqu\u00e9 sur l\u2019autoroute \u00e0 p\u00e9age\",\"datePublished\":\"2021-08-22T19:50:17+00:00\",\"mainEntityOfPage\":{\"@id\":\"https:\/\/www.africa-press.net\/senegal\/toutes-les-actualites\/le-cortege-du-ministre-de-linterieur-bloque-sur-lautoroute-a-peage\"},\"wordCount\":87,\"commentCount\":0,\"image\":{\"@id\":\"https:\/\/www.africa-press.net\/senegal\/toutes-les-actualites\/le-cortege-du-ministre-de-linterieur-bloque-sur-lautoroute-a-peage#primaryimage\"},\"thumbnailUrl\":\"https:\/\/static.africa-press.net\/senegal\/sites\/13\/2021\/08\/img-6122a1fa2ad45.jpg\",\"keywords\":[\"Africa Press\",\"Africa Press-Senegal\",\"Autoroute-a-Peage\",\"Blocage\",\"Cortege\",\"Ministre-Interieur\",\"Senegal\"],\"articleSection\":[\"Communaut\u00e9\",\"homepage-french\",\"Toutes les actualit\u00e9s\"],\"inLanguage\":\"fr-FR\",\"potentialAction\":[{\"@type\":\"CommentAction\",\"name\":\"Comment\",\"target\":[\"https:\/\/www.africa-press.net\/senegal\/toutes-les-actualites\/le-cortege-du-ministre-de-linterieur-bloque-sur-lautoroute-a-peage#respond\"]}]},{\"@type\":\"WebPage\",\"@id\":\"https:\/\/www.africa-press.net\/senegal\/toutes-les-actualites\/le-cortege-du-ministre-de-linterieur-bloque-sur-lautoroute-a-peage\",\"url\":\"https:\/\/www.africa-press.net\/senegal\/toutes-les-actualites\/le-cortege-du-ministre-de-linterieur-bloque-sur-lautoroute-a-peage\",\"name\":\"Le cort\u00e8ge du ministre de l\u2019Int\u00e9rieur bloqu\u00e9 sur l\u2019autoroute \u00e0 p\u00e9age - Senegal\",\"isPartOf\":{\"@id\":\"https:\/\/www.africa-press.net\/senegal\/#website\"},\"primaryImageOfPage\":{\"@id\":\"https:\/\/www.africa-press.net\/senegal\/toutes-les-actualites\/le-cortege-du-ministre-de-linterieur-bloque-sur-lautoroute-a-peage#primaryimage\"},\"image\":{\"@id\":\"https:\/\/www.africa-press.net\/senegal\/toutes-les-actualites\/le-cortege-du-ministre-de-linterieur-bloque-sur-lautoroute-a-peage#primaryimage\"},\"thumbnailUrl\":\"https:\/\/static.africa-press.net\/senegal\/sites\/13\/2021\/08\/img-6122a1fa2ad45.jpg\",\"datePublished\":\"2021-08-22T19:50:17+00:00\",\"author\":{\"@id\":\"https:\/\/www.africa-press.net\/senegal\/#\/schema\/person\/2b1cf3cd81a31e3cd26889ca66d677f1\"},\"description\":\"\u00c7a chauffe sur l\u2019Autoroute \u00e0 p\u00e9age o\u00f9 les sinistr\u00e9s de Tivaouane Diacksao ont bloqu\u00e9 \u00e0 l\u2019instant toutes les voies pour e ...\",\"breadcrumb\":{\"@id\":\"https:\/\/www.africa-press.net\/senegal\/toutes-les-actualites\/le-cortege-du-ministre-de-linterieur-bloque-sur-lautoroute-a-peage#breadcrumb\"},\"inLanguage\":\"fr-FR\",\"potentialAction\":[{\"@type\":\"ReadAction\",\"target\":[\"https:\/\/www.africa-press.net\/senegal\/toutes-les-actualites\/le-cortege-du-ministre-de-linterieur-bloque-sur-lautoroute-a-peage\"]}]},{\"@type\":\"ImageObject\",\"inLanguage\":\"fr-FR\",\"@id\":\"https:\/\/www.africa-press.net\/senegal\/toutes-les-actualites\/le-cortege-du-ministre-de-linterieur-bloque-sur-lautoroute-a-peage#primaryimage\",\"url\":\"https:\/\/static.africa-press.net\/senegal\/sites\/13\/2021\/08\/img-6122a1fa2ad45.jpg\",\"contentUrl\":\"https:\/\/static.africa-press.net\/senegal\/sites\/13\/2021\/08\/img-6122a1fa2ad45.jpg\",\"width\":720,\"height\":350,\"caption\":\"Le cort\u00e8ge du ministre de l\u2019Int\u00e9rieur bloqu\u00e9 sur l\u2019autoroute \u00e0 p\u00e9age\"},{\"@type\":\"BreadcrumbList\",\"@id\":\"https:\/\/www.africa-press.net\/senegal\/toutes-les-actualites\/le-cortege-du-ministre-de-linterieur-bloque-sur-lautoroute-a-peage#breadcrumb\",\"itemListElement\":[{\"@type\":\"ListItem\",\"position\":1,\"name\":\"Accueil\",\"item\":\"https:\/\/www.africa-press.net\/senegal\/\"},{\"@type\":\"ListItem\",\"position\":2,\"name\":\"Le cort\u00e8ge du ministre de l\u2019Int\u00e9rieur bloqu\u00e9 sur l\u2019autoroute \u00e0 p\u00e9age\"}]},{\"@type\":\"WebSite\",\"@id\":\"https:\/\/www.africa-press.net\/senegal\/#website\",\"url\":\"https:\/\/www.africa-press.net\/senegal\/\",\"name\":\"Africa Press | Senegal | Homepage\",\"description\":\"Just another Africa News Agency Sites site\",\"potentialAction\":[{\"@type\":\"SearchAction\",\"target\":{\"@type\":\"EntryPoint\",\"urlTemplate\":\"https:\/\/www.africa-press.net\/senegal\/?s={search_term_string}\"},\"query-input\":{\"@type\":\"PropertyValueSpecification\",\"valueRequired\":true,\"valueName\":\"search_term_string\"}}],\"inLanguage\":\"fr-FR\"},{\"@type\":\"Person\",\"@id\":\"https:\/\/www.africa-press.net\/senegal\/#\/schema\/person\/2b1cf3cd81a31e3cd26889ca66d677f1\",\"name\":\"cfeditorfr\",\"url\":\"https:\/\/www.africa-press.net\/senegal\/author\/cfeditorfr\"}]}<\/script>\n<!-- \/ Yoast SEO Premium plugin. -->","yoast_head_json":{"title":"Le cort\u00e8ge du ministre de l\u2019Int\u00e9rieur bloqu\u00e9 sur l\u2019autoroute \u00e0 p\u00e9age - Senegal","description":"\u00c7a chauffe sur l\u2019Autoroute \u00e0 p\u00e9age o\u00f9 les sinistr\u00e9s de Tivaouane Diacksao ont bloqu\u00e9 \u00e0 l\u2019instant toutes les voies pour e ...","robots":{"index":"index","follow":"follow","max-snippet":"max-snippet:-1","max-image-preview":"max-image-preview:large","max-video-preview":"max-video-preview:-1"},"canonical":"https:\/\/www.africa-press.net\/senegal\/toutes-les-actualites\/le-cortege-du-ministre-de-linterieur-bloque-sur-lautoroute-a-peage","og_locale":"fr_FR","og_type":"article","og_title":"Le cort\u00e8ge du ministre de l\u2019Int\u00e9rieur bloqu\u00e9 sur l\u2019autoroute \u00e0 p\u00e9age","og_description":"\u00c7a chauffe sur l\u2019Autoroute \u00e0 p\u00e9age o\u00f9 les sinistr\u00e9s de Tivaouane Diacksao ont bloqu\u00e9 \u00e0 l\u2019instant toutes les voies pour e ...","og_url":"https:\/\/www.africa-press.net\/senegal\/toutes-les-actualites\/le-cortege-du-ministre-de-linterieur-bloque-sur-lautoroute-a-peage","og_site_name":"Senegal","article_published_time":"2021-08-22T19:50:17+00:00","og_image":[{"width":720,"height":350,"url":"https:\/\/static.africa-press.net\/senegal\/sites\/13\/2021\/08\/img-6122a1fa2ad45.jpg","type":"image\/jpeg"}],"author":"cfeditorfr","twitter_card":"summary_large_image","twitter_misc":{"\u00c9crit par":"cfeditorfr"},"schema":{"@context":"https:\/\/schema.org","@graph":[{"@type":"Article","@id":"https:\/\/www.africa-press.net\/senegal\/toutes-les-actualites\/le-cortege-du-ministre-de-linterieur-bloque-sur-lautoroute-a-peage#article","isPartOf":{"@id":"https:\/\/www.africa-press.net\/senegal\/toutes-les-actualites\/le-cortege-du-ministre-de-linterieur-bloque-sur-lautoroute-a-peage"},"author":{"name":"cfeditorfr","@id":"https:\/\/www.africa-press.net\/senegal\/#\/schema\/person\/2b1cf3cd81a31e3cd26889ca66d677f1"},"headline":"Le cort\u00e8ge du ministre de l\u2019Int\u00e9rieur bloqu\u00e9 sur l\u2019autoroute \u00e0 p\u00e9age","datePublished":"2021-08-22T19:50:17+00:00","mainEntityOfPage":{"@id":"https:\/\/www.africa-press.net\/senegal\/toutes-les-actualites\/le-cortege-du-ministre-de-linterieur-bloque-sur-lautoroute-a-peage"},"wordCount":87,"commentCount":0,"image":{"@id":"https:\/\/www.africa-press.net\/senegal\/toutes-les-actualites\/le-cortege-du-ministre-de-linterieur-bloque-sur-lautoroute-a-peage#primaryimage"},"thumbnailUrl":"https:\/\/static.africa-press.net\/senegal\/sites\/13\/2021\/08\/img-6122a1fa2ad45.jpg","keywords":["Africa Press","Africa Press-Senegal","Autoroute-a-Peage","Blocage","Cortege","Ministre-Interieur","Senegal"],"articleSection":["Communaut\u00e9","homepage-french","Toutes les actualit\u00e9s"],"inLanguage":"fr-FR","potentialAction":[{"@type":"CommentAction","name":"Comment","target":["https:\/\/www.africa-press.net\/senegal\/toutes-les-actualites\/le-cortege-du-ministre-de-linterieur-bloque-sur-lautoroute-a-peage#respond"]}]},{"@type":"WebPage","@id":"https:\/\/www.africa-press.net\/senegal\/toutes-les-actualites\/le-cortege-du-ministre-de-linterieur-bloque-sur-lautoroute-a-peage","url":"https:\/\/www.africa-press.net\/senegal\/toutes-les-actualites\/le-cortege-du-ministre-de-linterieur-bloque-sur-lautoroute-a-peage","name":"Le cort\u00e8ge du ministre de l\u2019Int\u00e9rieur bloqu\u00e9 sur l\u2019autoroute \u00e0 p\u00e9age - Senegal","isPartOf":{"@id":"https:\/\/www.africa-press.net\/senegal\/#website"},"primaryImageOfPage":{"@id":"https:\/\/www.africa-press.net\/senegal\/toutes-les-actualites\/le-cortege-du-ministre-de-linterieur-bloque-sur-lautoroute-a-peage#primaryimage"},"image":{"@id":"https:\/\/www.africa-press.net\/senegal\/toutes-les-actualites\/le-cortege-du-ministre-de-linterieur-bloque-sur-lautoroute-a-peage#primaryimage"},"thumbnailUrl":"https:\/\/static.africa-press.net\/senegal\/sites\/13\/2021\/08\/img-6122a1fa2ad45.jpg","datePublished":"2021-08-22T19:50:17+00:00","author":{"@id":"https:\/\/www.africa-press.net\/senegal\/#\/schema\/person\/2b1cf3cd81a31e3cd26889ca66d677f1"},"description":"\u00c7a chauffe sur l\u2019Autoroute \u00e0 p\u00e9age o\u00f9 les sinistr\u00e9s de Tivaouane Diacksao ont bloqu\u00e9 \u00e0 l\u2019instant toutes les voies pour e ...","breadcrumb":{"@id":"https:\/\/www.africa-press.net\/senegal\/toutes-les-actualites\/le-cortege-du-ministre-de-linterieur-bloque-sur-lautoroute-a-peage#breadcrumb"},"inLanguage":"fr-FR","potentialAction":[{"@type":"ReadAction","target":["https:\/\/www.africa-press.net\/senegal\/toutes-les-actualites\/le-cortege-du-ministre-de-linterieur-bloque-sur-lautoroute-a-peage"]}]},{"@type":"ImageObject","inLanguage":"fr-FR","@id":"https:\/\/www.africa-press.net\/senegal\/toutes-les-actualites\/le-cortege-du-ministre-de-linterieur-bloque-sur-lautoroute-a-peage#primaryimage","url":"https:\/\/static.africa-press.net\/senegal\/sites\/13\/2021\/08\/img-6122a1fa2ad45.jpg","contentUrl":"https:\/\/static.africa-press.net\/senegal\/sites\/13\/2021\/08\/img-6122a1fa2ad45.jpg","width":720,"height":350,"caption":"Le cort\u00e8ge du ministre de l\u2019Int\u00e9rieur bloqu\u00e9 sur l\u2019autoroute \u00e0 p\u00e9age"},{"@type":"BreadcrumbList","@id":"https:\/\/www.africa-press.net\/senegal\/toutes-les-actualites\/le-cortege-du-ministre-de-linterieur-bloque-sur-lautoroute-a-peage#breadcrumb","itemListElement":[{"@type":"ListItem","position":1,"name":"Accueil","item":"https:\/\/www.africa-press.net\/senegal\/"},{"@type":"ListItem","position":2,"name":"Le cort\u00e8ge du ministre de l\u2019Int\u00e9rieur bloqu\u00e9 sur l\u2019autoroute \u00e0 p\u00e9age"}]},{"@type":"WebSite","@id":"https:\/\/www.africa-press.net\/senegal\/#website","url":"https:\/\/www.africa-press.net\/senegal\/","name":"Africa Press | Senegal | Homepage","description":"Just another Africa News Agency Sites site","potentialAction":[{"@type":"SearchAction","target":{"@type":"EntryPoint","urlTemplate":"https:\/\/www.africa-press.net\/senegal\/?s={search_term_string}"},"query-input":{"@type":"PropertyValueSpecification","valueRequired":true,"valueName":"search_term_string"}}],"inLanguage":"fr-FR"},{"@type":"Person","@id":"https:\/\/www.africa-press.net\/senegal\/#\/schema\/person\/2b1cf3cd81a31e3cd26889ca66d677f1","name":"cfeditorfr","url":"https:\/\/www.africa-press.net\/senegal\/author\/cfeditorfr"}]}},"_links":{"self":[{"href":"https:\/\/www.africa-press.net\/senegal\/wp-json\/wp\/v2\/posts\/12894","targetHints":{"allow":["GET"]}}],"collection":[{"href":"https:\/\/www.africa-press.net\/senegal\/wp-json\/wp\/v2\/posts"}],"about":[{"href":"https:\/\/www.africa-press.net\/senegal\/wp-json\/wp\/v2\/types\/post"}],"author":[{"embeddable":true,"href":"https:\/\/www.africa-press.net\/senegal\/wp-json\/wp\/v2\/users\/82"}],"replies":[{"embeddable":true,"href":"https:\/\/www.africa-press.net\/senegal\/wp-json\/wp\/v2\/comments?post=12894"}],"version-history":[{"count":0,"href":"https:\/\/www.africa-press.net\/senegal\/wp-json\/wp\/v2\/posts\/12894\/revisions"}],"wp:featuredmedia":[{"embeddable":true,"href":"https:\/\/www.africa-press.net\/senegal\/wp-json\/wp\/v2\/media\/12893"}],"wp:attachment":[{"href":"https:\/\/www.africa-press.net\/senegal\/wp-json\/wp\/v2\/media?parent=12894"}],"wp:term":[{"taxonomy":"category","embeddable":true,"href":"https:\/\/www.africa-press.net\/senegal\/wp-json\/wp\/v2\/categories?post=12894"},{"taxonomy":"post_tag","embeddable":true,"href":"https:\/\/www.africa-press.net\/senegal\/wp-json\/wp\/v2\/tags?post=12894"}],"curies":[{"name":"wp","href":"https:\/\/api.w.org\/{rel}","templated":true}]}}