{"id":13716,"date":"2021-10-31T20:29:54","date_gmt":"2021-10-31T20:29:54","guid":{"rendered":"https:\/\/www.africa-press.net\/senegal\/politique\/limportance-de-la-commande-publique-dans-le-developpement-des-entreprises-mise-en-exergue"},"modified":"2021-10-31T21:07:14","modified_gmt":"2021-10-31T21:07:14","slug":"limportance-de-la-commande-publique-dans-le-developpement-des-entreprises-mise-en-exergue","status":"publish","type":"post","link":"https:\/\/www.africa-press.net\/senegal\/economie\/limportance-de-la-commande-publique-dans-le-developpement-des-entreprises-mise-en-exergue","title":{"rendered":"L\u2019importance de la commande publique dans le d\u00e9veloppement des entreprises mise en exergue"},"content":{"rendered":"<p><span style=\"color: #ff6600\"><strong>Africa-Press &#8211; Senegal. <\/strong><\/span>Le Directeur g\u00e9n\u00e9ral de l\u2019Agence de r\u00e9gulation des march\u00e9s publics (ARMP) a mis en exergue jeudi l\u2019importance de la commande publique dans le d\u00e9veloppement des entreprises.<\/p>\n<p>Toute entreprise qui veut prosp\u00e9rer \u00ab\u00a0ne peut se passer de la commande publique\u00a0\u00bb, a affirm\u00e9 Sa\u00ebr Niang. Il intervenait lors de la c\u00e9r\u00e9monie d\u2019ouverture d\u2019une table ronde multi-acteurs sur : \u00ab\u00a0Covid-19 et commande publique : Quelles perspectives pour les PME et PMI?\u00a0\u00bb, initi\u00e9e par l\u2019ONG 3D.<\/p>\n<p>Au S\u00e9n\u00e9gal, le budget annuel allou\u00e9 aux march\u00e9s publics est estim\u00e9 entre 2 000 et 2 500 milliards de francs CFA, a indiqu\u00e9 le Directeur g\u00e9n\u00e9ral de l\u2019Agence de r\u00e9gulation des march\u00e9s publics (ARMP), Sa\u00ebr Niang.<\/p>\n<p>\u00ab\u00a0Les march\u00e9s publics ont un budget annuel d\u2019environ 2 000 \u00e0 2 500 milliards de francs CFA. Cette ann\u00e9e, le S\u00e9n\u00e9gal va voter un budget national de 5 000 milliards de francs CFA, on peut donc croire et suspecter que les march\u00e9s publics repr\u00e9senteront entre 3 000 et 3 500 milliards de francs CFA\u00a0\u00bb, a-t-il dit.<\/p>\n<p>Les Etats sont les plus grands acheteurs publics, a t-il dit, soulignant que si les ressources que l\u2019Etat met dans la commande publique sont bien r\u00e9parties, toutes les entreprises \u00e9voluant dans le pays pourront toutes survivre et tirer leur \u00e9pingle du jeu.<\/p>\n<p>\u00ab\u00a0Dans un contexte marqu\u00e9 par une pand\u00e9mie aux effets d\u00e9vastateurs, la probl\u00e9matique de l\u2019acc\u00e8s des PME \u00e0 la commande publique pr\u00e9sente un int\u00e9r\u00eat renouvel\u00e9. Porteuses de croissance, elles sont au c\u0153ur de toute strat\u00e9gie de d\u00e9veloppement qui se veut \u00e9conomiquement viable et socialement \u00e9quitable\u00a0\u00bb, a d\u00e9clar\u00e9 Sa\u00ebr Niang.<\/p>\n<p>Il estime qu\u2019une place appr\u00e9ciable doit \u00eatre r\u00e9serv\u00e9e aux Petites et moyennes entreprises sans l\u2019\u00e9closion desquelles la lutte contre le ch\u00f4mage et l\u2019\u00e9radication de la pauvret\u00e9 resteront donc longtemps une simple p\u00e9tition de principe.<\/p>\n<p>Le DG de l\u2019ARMP a soulign\u00e9 que cette pand\u00e9mie a perturb\u00e9 la dynamique et la logique rationnelle des rapports entre acteurs de la commande publique, ajoutant que \u2019\u2019les logiques du march\u00e9 \u00e9taient boulevers\u00e9es entra\u00eenant l\u2019envolement des prix\u2019\u2019.<\/p>\n<p>Pour sa part, le Directeur ex\u00e9cutif de l\u2019ONG 3D, Moundiaye Ciss\u00e9 a soutenu que l\u2019objectif est de voir comment faire pour permettre au secteur priv\u00e9 local et aux PME-PMI \u00e0 avoir acc\u00e8s \u00e0 la commande publique.<\/p>\n<p>\u00ab\u00a0Nous avons ainsi nou\u00e9 des partenariats avec des structures pour diagnostiquer les contraintes li\u00e9es \u00e0 l\u2019acc\u00e8s des PME-PMI \u00e0 la commande publique, mais aussi trouver des solutions \u00e0 cette difficult\u00e9. En faisant ce travail, nous apportons une r\u00e9ponse au ch\u00f4mage et au sous-emploi\u00a0\u00bb, a fait savoir M.Ndiaye.<\/p>\n<p>De l\u2019Etat, a-t-il d\u00e9clar\u00e9, l\u2019ONG 3D attend des r\u00e9formes beaucoup plus incitatives permettant au secteur priv\u00e9 d\u2019acc\u00e9der \u00e0 la commande publique, insistant sur les nombreuses barri\u00e8res li\u00e9es aux finances, \u00e0 la justification de la capacit\u00e9 financi\u00e8re et l\u2019exp\u00e9rience.<\/p>\n<p><strong>Pour plus d&rsquo;informations et d&rsquo;analyses sur la <a href=\"https:\/\/www.africa-press.net\/senegal\">Senegal<\/a>, suivez <a href=\"https:\/\/www.africa-press.net\/\">Africa-Press<\/a><\/strong><\/p>\n","protected":false},"excerpt":{"rendered":"<p>Africa-Press &#8211; Senegal. Le Directeur g\u00e9n\u00e9ral de l\u2019Agence de r\u00e9gulation des march\u00e9s publics (ARMP) a mis en exergue jeudi l\u2019importance de la commande publique dans le d\u00e9veloppement des entreprises. Toute entreprise qui veut prosp\u00e9rer \u00ab\u00a0ne peut se passer de la commande publique\u00a0\u00bb, a affirm\u00e9 Sa\u00ebr Niang. Il intervenait lors de la c\u00e9r\u00e9monie d\u2019ouverture d\u2019une table [&hellip;]<\/p>\n","protected":false},"author":82,"featured_media":13715,"comment_status":"open","ping_status":"closed","sticky":false,"template":"","format":"standard","meta":{"footnotes":""},"categories":[3,11,10],"tags":[43,47,2284,503,44],"class_list":["post-13716","post","type-post","status-publish","format-standard","has-post-thumbnail","hentry","category-economie","category-homepage-french","category-toutes-les-actualites","tag-africa-press-2","tag-africa-press-senegal","tag-developpement","tag-entreprises","tag-senegal-2"],"yoast_head":"<!-- This site is optimized with the Yoast SEO Premium plugin v26.1 (Yoast SEO v27.0) - https:\/\/yoast.com\/product\/yoast-seo-premium-wordpress\/ -->\n<title>L\u2019importance de la commande publique dans le d\u00e9veloppement des entreprises mise en exergue - Senegal<\/title>\n<meta name=\"description\" content=\"Le Directeur g\u00e9n\u00e9ral de l\u2019Agence de r\u00e9gulation des march\u00e9s publics (ARMP) a mis en exergue jeudi l\u2019importance de la comm ...\" \/>\n<meta name=\"robots\" content=\"index, follow, max-snippet:-1, max-image-preview:large, max-video-preview:-1\" \/>\n<link rel=\"canonical\" href=\"https:\/\/www.africa-press.net\/senegal\/economie\/limportance-de-la-commande-publique-dans-le-developpement-des-entreprises-mise-en-exergue\" \/>\n<meta property=\"og:locale\" content=\"fr_FR\" \/>\n<meta property=\"og:type\" content=\"article\" \/>\n<meta property=\"og:title\" content=\"L\u2019importance de la commande publique dans le d\u00e9veloppement des entreprises mise en exergue\" \/>\n<meta property=\"og:description\" content=\"Le Directeur g\u00e9n\u00e9ral de l\u2019Agence de r\u00e9gulation des march\u00e9s publics (ARMP) a mis en exergue jeudi l\u2019importance de la comm ...\" \/>\n<meta property=\"og:url\" content=\"https:\/\/www.africa-press.net\/senegal\/economie\/limportance-de-la-commande-publique-dans-le-developpement-des-entreprises-mise-en-exergue\" \/>\n<meta property=\"og:site_name\" content=\"Senegal\" \/>\n<meta property=\"article:published_time\" content=\"2021-10-31T20:29:54+00:00\" \/>\n<meta property=\"article:modified_time\" content=\"2021-10-31T21:07:14+00:00\" \/>\n<meta property=\"og:image\" content=\"https:\/\/static.africa-press.net\/senegal\/sites\/13\/2021\/10\/img-617f04e00c26e.jpg\" \/>\n\t<meta property=\"og:image:width\" content=\"720\" \/>\n\t<meta property=\"og:image:height\" content=\"411\" \/>\n\t<meta property=\"og:image:type\" content=\"image\/jpeg\" \/>\n<meta name=\"author\" content=\"cfeditorfr\" \/>\n<meta name=\"twitter:card\" content=\"summary_large_image\" \/>\n<meta name=\"twitter:label1\" content=\"\u00c9crit par\" \/>\n\t<meta name=\"twitter:data1\" content=\"cfeditorfr\" \/>\n\t<meta name=\"twitter:label2\" content=\"Dur\u00e9e de lecture estim\u00e9e\" \/>\n\t<meta name=\"twitter:data2\" content=\"3 minutes\" \/>\n<script type=\"application\/ld+json\" class=\"yoast-schema-graph\">{\"@context\":\"https:\/\/schema.org\",\"@graph\":[{\"@type\":\"Article\",\"@id\":\"https:\/\/www.africa-press.net\/senegal\/economie\/limportance-de-la-commande-publique-dans-le-developpement-des-entreprises-mise-en-exergue#article\",\"isPartOf\":{\"@id\":\"https:\/\/www.africa-press.net\/senegal\/economie\/limportance-de-la-commande-publique-dans-le-developpement-des-entreprises-mise-en-exergue\"},\"author\":{\"name\":\"cfeditorfr\",\"@id\":\"https:\/\/www.africa-press.net\/senegal\/#\/schema\/person\/2b1cf3cd81a31e3cd26889ca66d677f1\"},\"headline\":\"L\u2019importance de la commande publique dans le d\u00e9veloppement des entreprises mise en exergue\",\"datePublished\":\"2021-10-31T20:29:54+00:00\",\"dateModified\":\"2021-10-31T21:07:14+00:00\",\"mainEntityOfPage\":{\"@id\":\"https:\/\/www.africa-press.net\/senegal\/economie\/limportance-de-la-commande-publique-dans-le-developpement-des-entreprises-mise-en-exergue\"},\"wordCount\":531,\"commentCount\":0,\"image\":{\"@id\":\"https:\/\/www.africa-press.net\/senegal\/economie\/limportance-de-la-commande-publique-dans-le-developpement-des-entreprises-mise-en-exergue#primaryimage\"},\"thumbnailUrl\":\"https:\/\/static.africa-press.net\/senegal\/sites\/13\/2021\/10\/img-617f04e00c26e.jpg\",\"keywords\":[\"Africa Press\",\"Africa Press-Senegal\",\"Developpement\",\"Entreprises\",\"Senegal\"],\"articleSection\":[\"\u00c9conomie\",\"homepage-french\",\"Toutes les actualit\u00e9s\"],\"inLanguage\":\"fr-FR\",\"potentialAction\":[{\"@type\":\"CommentAction\",\"name\":\"Comment\",\"target\":[\"https:\/\/www.africa-press.net\/senegal\/economie\/limportance-de-la-commande-publique-dans-le-developpement-des-entreprises-mise-en-exergue#respond\"]}]},{\"@type\":\"WebPage\",\"@id\":\"https:\/\/www.africa-press.net\/senegal\/economie\/limportance-de-la-commande-publique-dans-le-developpement-des-entreprises-mise-en-exergue\",\"url\":\"https:\/\/www.africa-press.net\/senegal\/economie\/limportance-de-la-commande-publique-dans-le-developpement-des-entreprises-mise-en-exergue\",\"name\":\"L\u2019importance de la commande publique dans le d\u00e9veloppement des entreprises mise en exergue - Senegal\",\"isPartOf\":{\"@id\":\"https:\/\/www.africa-press.net\/senegal\/#website\"},\"primaryImageOfPage\":{\"@id\":\"https:\/\/www.africa-press.net\/senegal\/economie\/limportance-de-la-commande-publique-dans-le-developpement-des-entreprises-mise-en-exergue#primaryimage\"},\"image\":{\"@id\":\"https:\/\/www.africa-press.net\/senegal\/economie\/limportance-de-la-commande-publique-dans-le-developpement-des-entreprises-mise-en-exergue#primaryimage\"},\"thumbnailUrl\":\"https:\/\/static.africa-press.net\/senegal\/sites\/13\/2021\/10\/img-617f04e00c26e.jpg\",\"datePublished\":\"2021-10-31T20:29:54+00:00\",\"dateModified\":\"2021-10-31T21:07:14+00:00\",\"author\":{\"@id\":\"https:\/\/www.africa-press.net\/senegal\/#\/schema\/person\/2b1cf3cd81a31e3cd26889ca66d677f1\"},\"description\":\"Le Directeur g\u00e9n\u00e9ral de l\u2019Agence de r\u00e9gulation des march\u00e9s publics (ARMP) a mis en exergue jeudi l\u2019importance de la comm ...\",\"breadcrumb\":{\"@id\":\"https:\/\/www.africa-press.net\/senegal\/economie\/limportance-de-la-commande-publique-dans-le-developpement-des-entreprises-mise-en-exergue#breadcrumb\"},\"inLanguage\":\"fr-FR\",\"potentialAction\":[{\"@type\":\"ReadAction\",\"target\":[\"https:\/\/www.africa-press.net\/senegal\/economie\/limportance-de-la-commande-publique-dans-le-developpement-des-entreprises-mise-en-exergue\"]}]},{\"@type\":\"ImageObject\",\"inLanguage\":\"fr-FR\",\"@id\":\"https:\/\/www.africa-press.net\/senegal\/economie\/limportance-de-la-commande-publique-dans-le-developpement-des-entreprises-mise-en-exergue#primaryimage\",\"url\":\"https:\/\/static.africa-press.net\/senegal\/sites\/13\/2021\/10\/img-617f04e00c26e.jpg\",\"contentUrl\":\"https:\/\/static.africa-press.net\/senegal\/sites\/13\/2021\/10\/img-617f04e00c26e.jpg\",\"width\":720,\"height\":411,\"caption\":\"L\u2019importance de la commande publique dans le d\u00e9veloppement des entreprises mise en exergue\"},{\"@type\":\"BreadcrumbList\",\"@id\":\"https:\/\/www.africa-press.net\/senegal\/economie\/limportance-de-la-commande-publique-dans-le-developpement-des-entreprises-mise-en-exergue#breadcrumb\",\"itemListElement\":[{\"@type\":\"ListItem\",\"position\":1,\"name\":\"Accueil\",\"item\":\"https:\/\/www.africa-press.net\/senegal\/\"},{\"@type\":\"ListItem\",\"position\":2,\"name\":\"L\u2019importance de la commande publique dans le d\u00e9veloppement des entreprises mise en exergue\"}]},{\"@type\":\"WebSite\",\"@id\":\"https:\/\/www.africa-press.net\/senegal\/#website\",\"url\":\"https:\/\/www.africa-press.net\/senegal\/\",\"name\":\"Africa Press | Senegal | Homepage\",\"description\":\"Just another Africa News Agency Sites site\",\"potentialAction\":[{\"@type\":\"SearchAction\",\"target\":{\"@type\":\"EntryPoint\",\"urlTemplate\":\"https:\/\/www.africa-press.net\/senegal\/?s={search_term_string}\"},\"query-input\":{\"@type\":\"PropertyValueSpecification\",\"valueRequired\":true,\"valueName\":\"search_term_string\"}}],\"inLanguage\":\"fr-FR\"},{\"@type\":\"Person\",\"@id\":\"https:\/\/www.africa-press.net\/senegal\/#\/schema\/person\/2b1cf3cd81a31e3cd26889ca66d677f1\",\"name\":\"cfeditorfr\",\"url\":\"https:\/\/www.africa-press.net\/senegal\/author\/cfeditorfr\"}]}<\/script>\n<!-- \/ Yoast SEO Premium plugin. -->","yoast_head_json":{"title":"L\u2019importance de la commande publique dans le d\u00e9veloppement des entreprises mise en exergue - Senegal","description":"Le Directeur g\u00e9n\u00e9ral de l\u2019Agence de r\u00e9gulation des march\u00e9s publics (ARMP) a mis en exergue jeudi l\u2019importance de la comm ...","robots":{"index":"index","follow":"follow","max-snippet":"max-snippet:-1","max-image-preview":"max-image-preview:large","max-video-preview":"max-video-preview:-1"},"canonical":"https:\/\/www.africa-press.net\/senegal\/economie\/limportance-de-la-commande-publique-dans-le-developpement-des-entreprises-mise-en-exergue","og_locale":"fr_FR","og_type":"article","og_title":"L\u2019importance de la commande publique dans le d\u00e9veloppement des entreprises mise en exergue","og_description":"Le Directeur g\u00e9n\u00e9ral de l\u2019Agence de r\u00e9gulation des march\u00e9s publics (ARMP) a mis en exergue jeudi l\u2019importance de la comm ...","og_url":"https:\/\/www.africa-press.net\/senegal\/economie\/limportance-de-la-commande-publique-dans-le-developpement-des-entreprises-mise-en-exergue","og_site_name":"Senegal","article_published_time":"2021-10-31T20:29:54+00:00","article_modified_time":"2021-10-31T21:07:14+00:00","og_image":[{"width":720,"height":411,"url":"https:\/\/static.africa-press.net\/senegal\/sites\/13\/2021\/10\/img-617f04e00c26e.jpg","type":"image\/jpeg"}],"author":"cfeditorfr","twitter_card":"summary_large_image","twitter_misc":{"\u00c9crit par":"cfeditorfr","Dur\u00e9e de lecture estim\u00e9e":"3 minutes"},"schema":{"@context":"https:\/\/schema.org","@graph":[{"@type":"Article","@id":"https:\/\/www.africa-press.net\/senegal\/economie\/limportance-de-la-commande-publique-dans-le-developpement-des-entreprises-mise-en-exergue#article","isPartOf":{"@id":"https:\/\/www.africa-press.net\/senegal\/economie\/limportance-de-la-commande-publique-dans-le-developpement-des-entreprises-mise-en-exergue"},"author":{"name":"cfeditorfr","@id":"https:\/\/www.africa-press.net\/senegal\/#\/schema\/person\/2b1cf3cd81a31e3cd26889ca66d677f1"},"headline":"L\u2019importance de la commande publique dans le d\u00e9veloppement des entreprises mise en exergue","datePublished":"2021-10-31T20:29:54+00:00","dateModified":"2021-10-31T21:07:14+00:00","mainEntityOfPage":{"@id":"https:\/\/www.africa-press.net\/senegal\/economie\/limportance-de-la-commande-publique-dans-le-developpement-des-entreprises-mise-en-exergue"},"wordCount":531,"commentCount":0,"image":{"@id":"https:\/\/www.africa-press.net\/senegal\/economie\/limportance-de-la-commande-publique-dans-le-developpement-des-entreprises-mise-en-exergue#primaryimage"},"thumbnailUrl":"https:\/\/static.africa-press.net\/senegal\/sites\/13\/2021\/10\/img-617f04e00c26e.jpg","keywords":["Africa Press","Africa Press-Senegal","Developpement","Entreprises","Senegal"],"articleSection":["\u00c9conomie","homepage-french","Toutes les actualit\u00e9s"],"inLanguage":"fr-FR","potentialAction":[{"@type":"CommentAction","name":"Comment","target":["https:\/\/www.africa-press.net\/senegal\/economie\/limportance-de-la-commande-publique-dans-le-developpement-des-entreprises-mise-en-exergue#respond"]}]},{"@type":"WebPage","@id":"https:\/\/www.africa-press.net\/senegal\/economie\/limportance-de-la-commande-publique-dans-le-developpement-des-entreprises-mise-en-exergue","url":"https:\/\/www.africa-press.net\/senegal\/economie\/limportance-de-la-commande-publique-dans-le-developpement-des-entreprises-mise-en-exergue","name":"L\u2019importance de la commande publique dans le d\u00e9veloppement des entreprises mise en exergue - Senegal","isPartOf":{"@id":"https:\/\/www.africa-press.net\/senegal\/#website"},"primaryImageOfPage":{"@id":"https:\/\/www.africa-press.net\/senegal\/economie\/limportance-de-la-commande-publique-dans-le-developpement-des-entreprises-mise-en-exergue#primaryimage"},"image":{"@id":"https:\/\/www.africa-press.net\/senegal\/economie\/limportance-de-la-commande-publique-dans-le-developpement-des-entreprises-mise-en-exergue#primaryimage"},"thumbnailUrl":"https:\/\/static.africa-press.net\/senegal\/sites\/13\/2021\/10\/img-617f04e00c26e.jpg","datePublished":"2021-10-31T20:29:54+00:00","dateModified":"2021-10-31T21:07:14+00:00","author":{"@id":"https:\/\/www.africa-press.net\/senegal\/#\/schema\/person\/2b1cf3cd81a31e3cd26889ca66d677f1"},"description":"Le Directeur g\u00e9n\u00e9ral de l\u2019Agence de r\u00e9gulation des march\u00e9s publics (ARMP) a mis en exergue jeudi l\u2019importance de la comm ...","breadcrumb":{"@id":"https:\/\/www.africa-press.net\/senegal\/economie\/limportance-de-la-commande-publique-dans-le-developpement-des-entreprises-mise-en-exergue#breadcrumb"},"inLanguage":"fr-FR","potentialAction":[{"@type":"ReadAction","target":["https:\/\/www.africa-press.net\/senegal\/economie\/limportance-de-la-commande-publique-dans-le-developpement-des-entreprises-mise-en-exergue"]}]},{"@type":"ImageObject","inLanguage":"fr-FR","@id":"https:\/\/www.africa-press.net\/senegal\/economie\/limportance-de-la-commande-publique-dans-le-developpement-des-entreprises-mise-en-exergue#primaryimage","url":"https:\/\/static.africa-press.net\/senegal\/sites\/13\/2021\/10\/img-617f04e00c26e.jpg","contentUrl":"https:\/\/static.africa-press.net\/senegal\/sites\/13\/2021\/10\/img-617f04e00c26e.jpg","width":720,"height":411,"caption":"L\u2019importance de la commande publique dans le d\u00e9veloppement des entreprises mise en exergue"},{"@type":"BreadcrumbList","@id":"https:\/\/www.africa-press.net\/senegal\/economie\/limportance-de-la-commande-publique-dans-le-developpement-des-entreprises-mise-en-exergue#breadcrumb","itemListElement":[{"@type":"ListItem","position":1,"name":"Accueil","item":"https:\/\/www.africa-press.net\/senegal\/"},{"@type":"ListItem","position":2,"name":"L\u2019importance de la commande publique dans le d\u00e9veloppement des entreprises mise en exergue"}]},{"@type":"WebSite","@id":"https:\/\/www.africa-press.net\/senegal\/#website","url":"https:\/\/www.africa-press.net\/senegal\/","name":"Africa Press | Senegal | Homepage","description":"Just another Africa News Agency Sites site","potentialAction":[{"@type":"SearchAction","target":{"@type":"EntryPoint","urlTemplate":"https:\/\/www.africa-press.net\/senegal\/?s={search_term_string}"},"query-input":{"@type":"PropertyValueSpecification","valueRequired":true,"valueName":"search_term_string"}}],"inLanguage":"fr-FR"},{"@type":"Person","@id":"https:\/\/www.africa-press.net\/senegal\/#\/schema\/person\/2b1cf3cd81a31e3cd26889ca66d677f1","name":"cfeditorfr","url":"https:\/\/www.africa-press.net\/senegal\/author\/cfeditorfr"}]}},"_links":{"self":[{"href":"https:\/\/www.africa-press.net\/senegal\/wp-json\/wp\/v2\/posts\/13716","targetHints":{"allow":["GET"]}}],"collection":[{"href":"https:\/\/www.africa-press.net\/senegal\/wp-json\/wp\/v2\/posts"}],"about":[{"href":"https:\/\/www.africa-press.net\/senegal\/wp-json\/wp\/v2\/types\/post"}],"author":[{"embeddable":true,"href":"https:\/\/www.africa-press.net\/senegal\/wp-json\/wp\/v2\/users\/82"}],"replies":[{"embeddable":true,"href":"https:\/\/www.africa-press.net\/senegal\/wp-json\/wp\/v2\/comments?post=13716"}],"version-history":[{"count":0,"href":"https:\/\/www.africa-press.net\/senegal\/wp-json\/wp\/v2\/posts\/13716\/revisions"}],"wp:featuredmedia":[{"embeddable":true,"href":"https:\/\/www.africa-press.net\/senegal\/wp-json\/wp\/v2\/media\/13715"}],"wp:attachment":[{"href":"https:\/\/www.africa-press.net\/senegal\/wp-json\/wp\/v2\/media?parent=13716"}],"wp:term":[{"taxonomy":"category","embeddable":true,"href":"https:\/\/www.africa-press.net\/senegal\/wp-json\/wp\/v2\/categories?post=13716"},{"taxonomy":"post_tag","embeddable":true,"href":"https:\/\/www.africa-press.net\/senegal\/wp-json\/wp\/v2\/tags?post=13716"}],"curies":[{"name":"wp","href":"https:\/\/api.w.org\/{rel}","templated":true}]}}