{"id":14962,"date":"2021-11-23T22:02:14","date_gmt":"2021-11-23T22:02:14","guid":{"rendered":"https:\/\/www.africa-press.net\/senegal\/?p=14962"},"modified":"2021-11-23T19:45:54","modified_gmt":"2021-11-23T19:45:54","slug":"protocole-de-doha-rencontre-avec-karim-wade-le-dementi-formel-de-amadou-ba","status":"publish","type":"post","link":"https:\/\/www.africa-press.net\/senegal\/politique\/protocole-de-doha-rencontre-avec-karim-wade-le-dementi-formel-de-amadou-ba","title":{"rendered":"Protocole de Doha, rencontre avec Karim Wade: le d\u00e9menti formel de Amadou B\u00e2"},"content":{"rendered":"<p><span style=\"color: #ff6600\"><strong>Africa-Press &#8211; Senegal. <\/strong><\/span>Une certaine presse a relat\u00e9 l&rsquo;information selon laquelle,\u00a0Amadou Ba aurait rencontr\u00e9 ou pris contact avec Karim Wade. Seulement, l&rsquo;ancien ministre\u00a0des Affaires \u00e9trang\u00e8res a coup\u00e9 court \u00e0 la fausse nouvelle \u00e0 travers un d\u00e9menti.<\/p>\n<p>\u00a0\u00bb L\u2019article repris dans votre site concernant une soi-disant rencontre ou contact avec Karim est faux et archi-faux\u00a0\u00bb, a \u00e9crit la note de d\u00e9menti de l&rsquo;ancien ministre adress\u00e9e \u00e0 nos confr\u00e8res du site Leral.<\/p>\n<p>En effet,\u00a0Amadou B\u00e2 a pr\u00e9cis\u00e9 dans son d\u00e9menti que\u00a0l&rsquo;information selon laquelle, il se serait rendu \u00e0 Doha ou Duba\u00ef pour rencontrer Karim Wade en vue de nouvelles propositions n&rsquo;est pas av\u00e9r\u00e9e.<\/p>\n<p>Par ailleurs, le m\u00eame article informe que le Pr\u00e9sident Macky Sall avait accord\u00e9 une audience de plusieurs heures \u00e0 Robert Bourgi et que le principal sujet de leur discussion a \u00e9t\u00e9 le cas Karim Wade. S&rsquo;y ajoute que, Amadou s\u2019est envol\u00e9 pour le Golfe Arabique et, est le nouveau missi dominici du Palais. Cette information aussi est d\u00e9mentie par l&rsquo;ancien ministre toujours dans sa note.<\/p>\n<p><strong>Pour plus d&rsquo;informations et d&rsquo;analyses sur la <a href=\"https:\/\/www.africa-press.net\/senegal\">Senegal<\/a>, suivez <a href=\"https:\/\/www.africa-press.net\/\">Africa-Press<\/a><\/strong><\/p>\n","protected":false},"excerpt":{"rendered":"<p>Africa-Press &#8211; Senegal. Une certaine presse a relat\u00e9 l&rsquo;information selon laquelle,\u00a0Amadou Ba aurait rencontr\u00e9 ou pris contact avec Karim Wade. Seulement, l&rsquo;ancien ministre\u00a0des Affaires \u00e9trang\u00e8res a coup\u00e9 court \u00e0 la fausse nouvelle \u00e0 travers un d\u00e9menti. \u00a0\u00bb L\u2019article repris dans votre site concernant une soi-disant rencontre ou contact avec Karim est faux et archi-faux\u00a0\u00bb, a [&hellip;]<\/p>\n","protected":false},"author":82,"featured_media":14960,"comment_status":"open","ping_status":"closed","sticky":false,"template":"","format":"standard","meta":{"footnotes":""},"categories":[11,2,20,10],"tags":[43,47,123,2778,1344,2777,290,44],"class_list":["post-14962","post","type-post","status-publish","format-standard","has-post-thumbnail","hentry","category-homepage-french","category-politique","category-top-nouvelles","category-toutes-les-actualites","tag-africa-press-2","tag-africa-press-senegal","tag-amadou-ba","tag-doha","tag-karim-wade","tag-protocole","tag-rencontre","tag-senegal-2"],"yoast_head":"<!-- This site is optimized with the Yoast SEO Premium plugin v26.1 (Yoast SEO v27.0) - https:\/\/yoast.com\/product\/yoast-seo-premium-wordpress\/ -->\n<title>Protocole de Doha, rencontre avec Karim Wade: le d\u00e9menti formel de Amadou B\u00e2 - Senegal<\/title>\n<meta name=\"description\" content=\"Une certaine presse a relat\u00e9 l&#039;information selon laquelle, Amadou Ba aurait rencontr\u00e9 ou pris contact avec Karim Wade. ...\" \/>\n<meta name=\"robots\" content=\"index, follow, max-snippet:-1, max-image-preview:large, max-video-preview:-1\" \/>\n<link rel=\"canonical\" href=\"https:\/\/www.africa-press.net\/senegal\/politique\/protocole-de-doha-rencontre-avec-karim-wade-le-dementi-formel-de-amadou-ba\" \/>\n<meta property=\"og:locale\" content=\"fr_FR\" \/>\n<meta property=\"og:type\" content=\"article\" \/>\n<meta property=\"og:title\" content=\"Protocole de Doha, rencontre avec Karim Wade: le d\u00e9menti formel de Amadou B\u00e2\" \/>\n<meta property=\"og:description\" content=\"Une certaine presse a relat\u00e9 l&#039;information selon laquelle, Amadou Ba aurait rencontr\u00e9 ou pris contact avec Karim Wade. ...\" \/>\n<meta property=\"og:url\" content=\"https:\/\/www.africa-press.net\/senegal\/politique\/protocole-de-doha-rencontre-avec-karim-wade-le-dementi-formel-de-amadou-ba\" \/>\n<meta property=\"og:site_name\" content=\"Senegal\" \/>\n<meta property=\"article:published_time\" content=\"2021-11-23T22:02:14+00:00\" \/>\n<meta property=\"og:image\" content=\"https:\/\/static.africa-press.net\/senegal\/sites\/13\/2021\/11\/img-619d44b3b08e3.jpg\" \/>\n\t<meta property=\"og:image:width\" content=\"720\" \/>\n\t<meta property=\"og:image:height\" content=\"350\" \/>\n\t<meta property=\"og:image:type\" content=\"image\/jpeg\" \/>\n<meta name=\"author\" content=\"cfeditorfr\" \/>\n<meta name=\"twitter:card\" content=\"summary_large_image\" \/>\n<meta name=\"twitter:label1\" content=\"\u00c9crit par\" \/>\n\t<meta name=\"twitter:data1\" content=\"cfeditorfr\" \/>\n\t<meta name=\"twitter:label2\" content=\"Dur\u00e9e de lecture estim\u00e9e\" \/>\n\t<meta name=\"twitter:data2\" content=\"1 minute\" \/>\n<script type=\"application\/ld+json\" class=\"yoast-schema-graph\">{\"@context\":\"https:\/\/schema.org\",\"@graph\":[{\"@type\":\"Article\",\"@id\":\"https:\/\/www.africa-press.net\/senegal\/politique\/protocole-de-doha-rencontre-avec-karim-wade-le-dementi-formel-de-amadou-ba#article\",\"isPartOf\":{\"@id\":\"https:\/\/www.africa-press.net\/senegal\/politique\/protocole-de-doha-rencontre-avec-karim-wade-le-dementi-formel-de-amadou-ba\"},\"author\":{\"name\":\"cfeditorfr\",\"@id\":\"https:\/\/www.africa-press.net\/senegal\/#\/schema\/person\/2b1cf3cd81a31e3cd26889ca66d677f1\"},\"headline\":\"Protocole de Doha, rencontre avec Karim Wade: le d\u00e9menti formel de Amadou B\u00e2\",\"datePublished\":\"2021-11-23T22:02:14+00:00\",\"mainEntityOfPage\":{\"@id\":\"https:\/\/www.africa-press.net\/senegal\/politique\/protocole-de-doha-rencontre-avec-karim-wade-le-dementi-formel-de-amadou-ba\"},\"wordCount\":211,\"commentCount\":0,\"image\":{\"@id\":\"https:\/\/www.africa-press.net\/senegal\/politique\/protocole-de-doha-rencontre-avec-karim-wade-le-dementi-formel-de-amadou-ba#primaryimage\"},\"thumbnailUrl\":\"https:\/\/static.africa-press.net\/senegal\/sites\/13\/2021\/11\/img-619d44b3b08e3.jpg\",\"keywords\":[\"Africa Press\",\"Africa Press-Senegal\",\"Amadou Ba\",\"Doha\",\"Karim Wade\",\"Protocole\",\"Rencontre\",\"Senegal\"],\"articleSection\":[\"homepage-french\",\"Politique\",\"Top Nouvelles\",\"Toutes les actualit\u00e9s\"],\"inLanguage\":\"fr-FR\",\"potentialAction\":[{\"@type\":\"CommentAction\",\"name\":\"Comment\",\"target\":[\"https:\/\/www.africa-press.net\/senegal\/politique\/protocole-de-doha-rencontre-avec-karim-wade-le-dementi-formel-de-amadou-ba#respond\"]}]},{\"@type\":\"WebPage\",\"@id\":\"https:\/\/www.africa-press.net\/senegal\/politique\/protocole-de-doha-rencontre-avec-karim-wade-le-dementi-formel-de-amadou-ba\",\"url\":\"https:\/\/www.africa-press.net\/senegal\/politique\/protocole-de-doha-rencontre-avec-karim-wade-le-dementi-formel-de-amadou-ba\",\"name\":\"Protocole de Doha, rencontre avec Karim Wade: le d\u00e9menti formel de Amadou B\u00e2 - Senegal\",\"isPartOf\":{\"@id\":\"https:\/\/www.africa-press.net\/senegal\/#website\"},\"primaryImageOfPage\":{\"@id\":\"https:\/\/www.africa-press.net\/senegal\/politique\/protocole-de-doha-rencontre-avec-karim-wade-le-dementi-formel-de-amadou-ba#primaryimage\"},\"image\":{\"@id\":\"https:\/\/www.africa-press.net\/senegal\/politique\/protocole-de-doha-rencontre-avec-karim-wade-le-dementi-formel-de-amadou-ba#primaryimage\"},\"thumbnailUrl\":\"https:\/\/static.africa-press.net\/senegal\/sites\/13\/2021\/11\/img-619d44b3b08e3.jpg\",\"datePublished\":\"2021-11-23T22:02:14+00:00\",\"author\":{\"@id\":\"https:\/\/www.africa-press.net\/senegal\/#\/schema\/person\/2b1cf3cd81a31e3cd26889ca66d677f1\"},\"description\":\"Une certaine presse a relat\u00e9 l'information selon laquelle, Amadou Ba aurait rencontr\u00e9 ou pris contact avec Karim Wade. ...\",\"breadcrumb\":{\"@id\":\"https:\/\/www.africa-press.net\/senegal\/politique\/protocole-de-doha-rencontre-avec-karim-wade-le-dementi-formel-de-amadou-ba#breadcrumb\"},\"inLanguage\":\"fr-FR\",\"potentialAction\":[{\"@type\":\"ReadAction\",\"target\":[\"https:\/\/www.africa-press.net\/senegal\/politique\/protocole-de-doha-rencontre-avec-karim-wade-le-dementi-formel-de-amadou-ba\"]}]},{\"@type\":\"ImageObject\",\"inLanguage\":\"fr-FR\",\"@id\":\"https:\/\/www.africa-press.net\/senegal\/politique\/protocole-de-doha-rencontre-avec-karim-wade-le-dementi-formel-de-amadou-ba#primaryimage\",\"url\":\"https:\/\/static.africa-press.net\/senegal\/sites\/13\/2021\/11\/img-619d44b3b08e3.jpg\",\"contentUrl\":\"https:\/\/static.africa-press.net\/senegal\/sites\/13\/2021\/11\/img-619d44b3b08e3.jpg\",\"width\":720,\"height\":350,\"caption\":\"Protocole de Doha, rencontre avec Karim Wade: le d\u00e9menti formel de Amadou B\u00e2\"},{\"@type\":\"BreadcrumbList\",\"@id\":\"https:\/\/www.africa-press.net\/senegal\/politique\/protocole-de-doha-rencontre-avec-karim-wade-le-dementi-formel-de-amadou-ba#breadcrumb\",\"itemListElement\":[{\"@type\":\"ListItem\",\"position\":1,\"name\":\"Accueil\",\"item\":\"https:\/\/www.africa-press.net\/senegal\/\"},{\"@type\":\"ListItem\",\"position\":2,\"name\":\"Protocole de Doha, rencontre avec Karim Wade: le d\u00e9menti formel de Amadou B\u00e2\"}]},{\"@type\":\"WebSite\",\"@id\":\"https:\/\/www.africa-press.net\/senegal\/#website\",\"url\":\"https:\/\/www.africa-press.net\/senegal\/\",\"name\":\"Africa Press | Senegal | Homepage\",\"description\":\"Just another Africa News Agency Sites site\",\"potentialAction\":[{\"@type\":\"SearchAction\",\"target\":{\"@type\":\"EntryPoint\",\"urlTemplate\":\"https:\/\/www.africa-press.net\/senegal\/?s={search_term_string}\"},\"query-input\":{\"@type\":\"PropertyValueSpecification\",\"valueRequired\":true,\"valueName\":\"search_term_string\"}}],\"inLanguage\":\"fr-FR\"},{\"@type\":\"Person\",\"@id\":\"https:\/\/www.africa-press.net\/senegal\/#\/schema\/person\/2b1cf3cd81a31e3cd26889ca66d677f1\",\"name\":\"cfeditorfr\",\"url\":\"https:\/\/www.africa-press.net\/senegal\/author\/cfeditorfr\"}]}<\/script>\n<!-- \/ Yoast SEO Premium plugin. -->","yoast_head_json":{"title":"Protocole de Doha, rencontre avec Karim Wade: le d\u00e9menti formel de Amadou B\u00e2 - Senegal","description":"Une certaine presse a relat\u00e9 l'information selon laquelle, Amadou Ba aurait rencontr\u00e9 ou pris contact avec Karim Wade. ...","robots":{"index":"index","follow":"follow","max-snippet":"max-snippet:-1","max-image-preview":"max-image-preview:large","max-video-preview":"max-video-preview:-1"},"canonical":"https:\/\/www.africa-press.net\/senegal\/politique\/protocole-de-doha-rencontre-avec-karim-wade-le-dementi-formel-de-amadou-ba","og_locale":"fr_FR","og_type":"article","og_title":"Protocole de Doha, rencontre avec Karim Wade: le d\u00e9menti formel de Amadou B\u00e2","og_description":"Une certaine presse a relat\u00e9 l'information selon laquelle, Amadou Ba aurait rencontr\u00e9 ou pris contact avec Karim Wade. ...","og_url":"https:\/\/www.africa-press.net\/senegal\/politique\/protocole-de-doha-rencontre-avec-karim-wade-le-dementi-formel-de-amadou-ba","og_site_name":"Senegal","article_published_time":"2021-11-23T22:02:14+00:00","og_image":[{"width":720,"height":350,"url":"https:\/\/static.africa-press.net\/senegal\/sites\/13\/2021\/11\/img-619d44b3b08e3.jpg","type":"image\/jpeg"}],"author":"cfeditorfr","twitter_card":"summary_large_image","twitter_misc":{"\u00c9crit par":"cfeditorfr","Dur\u00e9e de lecture estim\u00e9e":"1 minute"},"schema":{"@context":"https:\/\/schema.org","@graph":[{"@type":"Article","@id":"https:\/\/www.africa-press.net\/senegal\/politique\/protocole-de-doha-rencontre-avec-karim-wade-le-dementi-formel-de-amadou-ba#article","isPartOf":{"@id":"https:\/\/www.africa-press.net\/senegal\/politique\/protocole-de-doha-rencontre-avec-karim-wade-le-dementi-formel-de-amadou-ba"},"author":{"name":"cfeditorfr","@id":"https:\/\/www.africa-press.net\/senegal\/#\/schema\/person\/2b1cf3cd81a31e3cd26889ca66d677f1"},"headline":"Protocole de Doha, rencontre avec Karim Wade: le d\u00e9menti formel de Amadou B\u00e2","datePublished":"2021-11-23T22:02:14+00:00","mainEntityOfPage":{"@id":"https:\/\/www.africa-press.net\/senegal\/politique\/protocole-de-doha-rencontre-avec-karim-wade-le-dementi-formel-de-amadou-ba"},"wordCount":211,"commentCount":0,"image":{"@id":"https:\/\/www.africa-press.net\/senegal\/politique\/protocole-de-doha-rencontre-avec-karim-wade-le-dementi-formel-de-amadou-ba#primaryimage"},"thumbnailUrl":"https:\/\/static.africa-press.net\/senegal\/sites\/13\/2021\/11\/img-619d44b3b08e3.jpg","keywords":["Africa Press","Africa Press-Senegal","Amadou Ba","Doha","Karim Wade","Protocole","Rencontre","Senegal"],"articleSection":["homepage-french","Politique","Top Nouvelles","Toutes les actualit\u00e9s"],"inLanguage":"fr-FR","potentialAction":[{"@type":"CommentAction","name":"Comment","target":["https:\/\/www.africa-press.net\/senegal\/politique\/protocole-de-doha-rencontre-avec-karim-wade-le-dementi-formel-de-amadou-ba#respond"]}]},{"@type":"WebPage","@id":"https:\/\/www.africa-press.net\/senegal\/politique\/protocole-de-doha-rencontre-avec-karim-wade-le-dementi-formel-de-amadou-ba","url":"https:\/\/www.africa-press.net\/senegal\/politique\/protocole-de-doha-rencontre-avec-karim-wade-le-dementi-formel-de-amadou-ba","name":"Protocole de Doha, rencontre avec Karim Wade: le d\u00e9menti formel de Amadou B\u00e2 - Senegal","isPartOf":{"@id":"https:\/\/www.africa-press.net\/senegal\/#website"},"primaryImageOfPage":{"@id":"https:\/\/www.africa-press.net\/senegal\/politique\/protocole-de-doha-rencontre-avec-karim-wade-le-dementi-formel-de-amadou-ba#primaryimage"},"image":{"@id":"https:\/\/www.africa-press.net\/senegal\/politique\/protocole-de-doha-rencontre-avec-karim-wade-le-dementi-formel-de-amadou-ba#primaryimage"},"thumbnailUrl":"https:\/\/static.africa-press.net\/senegal\/sites\/13\/2021\/11\/img-619d44b3b08e3.jpg","datePublished":"2021-11-23T22:02:14+00:00","author":{"@id":"https:\/\/www.africa-press.net\/senegal\/#\/schema\/person\/2b1cf3cd81a31e3cd26889ca66d677f1"},"description":"Une certaine presse a relat\u00e9 l'information selon laquelle, Amadou Ba aurait rencontr\u00e9 ou pris contact avec Karim Wade. ...","breadcrumb":{"@id":"https:\/\/www.africa-press.net\/senegal\/politique\/protocole-de-doha-rencontre-avec-karim-wade-le-dementi-formel-de-amadou-ba#breadcrumb"},"inLanguage":"fr-FR","potentialAction":[{"@type":"ReadAction","target":["https:\/\/www.africa-press.net\/senegal\/politique\/protocole-de-doha-rencontre-avec-karim-wade-le-dementi-formel-de-amadou-ba"]}]},{"@type":"ImageObject","inLanguage":"fr-FR","@id":"https:\/\/www.africa-press.net\/senegal\/politique\/protocole-de-doha-rencontre-avec-karim-wade-le-dementi-formel-de-amadou-ba#primaryimage","url":"https:\/\/static.africa-press.net\/senegal\/sites\/13\/2021\/11\/img-619d44b3b08e3.jpg","contentUrl":"https:\/\/static.africa-press.net\/senegal\/sites\/13\/2021\/11\/img-619d44b3b08e3.jpg","width":720,"height":350,"caption":"Protocole de Doha, rencontre avec Karim Wade: le d\u00e9menti formel de Amadou B\u00e2"},{"@type":"BreadcrumbList","@id":"https:\/\/www.africa-press.net\/senegal\/politique\/protocole-de-doha-rencontre-avec-karim-wade-le-dementi-formel-de-amadou-ba#breadcrumb","itemListElement":[{"@type":"ListItem","position":1,"name":"Accueil","item":"https:\/\/www.africa-press.net\/senegal\/"},{"@type":"ListItem","position":2,"name":"Protocole de Doha, rencontre avec Karim Wade: le d\u00e9menti formel de Amadou B\u00e2"}]},{"@type":"WebSite","@id":"https:\/\/www.africa-press.net\/senegal\/#website","url":"https:\/\/www.africa-press.net\/senegal\/","name":"Africa Press | Senegal | Homepage","description":"Just another Africa News Agency Sites site","potentialAction":[{"@type":"SearchAction","target":{"@type":"EntryPoint","urlTemplate":"https:\/\/www.africa-press.net\/senegal\/?s={search_term_string}"},"query-input":{"@type":"PropertyValueSpecification","valueRequired":true,"valueName":"search_term_string"}}],"inLanguage":"fr-FR"},{"@type":"Person","@id":"https:\/\/www.africa-press.net\/senegal\/#\/schema\/person\/2b1cf3cd81a31e3cd26889ca66d677f1","name":"cfeditorfr","url":"https:\/\/www.africa-press.net\/senegal\/author\/cfeditorfr"}]}},"_links":{"self":[{"href":"https:\/\/www.africa-press.net\/senegal\/wp-json\/wp\/v2\/posts\/14962","targetHints":{"allow":["GET"]}}],"collection":[{"href":"https:\/\/www.africa-press.net\/senegal\/wp-json\/wp\/v2\/posts"}],"about":[{"href":"https:\/\/www.africa-press.net\/senegal\/wp-json\/wp\/v2\/types\/post"}],"author":[{"embeddable":true,"href":"https:\/\/www.africa-press.net\/senegal\/wp-json\/wp\/v2\/users\/82"}],"replies":[{"embeddable":true,"href":"https:\/\/www.africa-press.net\/senegal\/wp-json\/wp\/v2\/comments?post=14962"}],"version-history":[{"count":0,"href":"https:\/\/www.africa-press.net\/senegal\/wp-json\/wp\/v2\/posts\/14962\/revisions"}],"wp:featuredmedia":[{"embeddable":true,"href":"https:\/\/www.africa-press.net\/senegal\/wp-json\/wp\/v2\/media\/14960"}],"wp:attachment":[{"href":"https:\/\/www.africa-press.net\/senegal\/wp-json\/wp\/v2\/media?parent=14962"}],"wp:term":[{"taxonomy":"category","embeddable":true,"href":"https:\/\/www.africa-press.net\/senegal\/wp-json\/wp\/v2\/categories?post=14962"},{"taxonomy":"post_tag","embeddable":true,"href":"https:\/\/www.africa-press.net\/senegal\/wp-json\/wp\/v2\/tags?post=14962"}],"curies":[{"name":"wp","href":"https:\/\/api.w.org\/{rel}","templated":true}]}}