{"id":15047,"date":"2021-11-24T21:27:43","date_gmt":"2021-11-24T21:27:43","guid":{"rendered":"https:\/\/www.africa-press.net\/senegal\/?p=15047"},"modified":"2021-11-24T18:56:50","modified_gmt":"2021-11-24T18:56:50","slug":"tounga-ca-doit-changer-une-bande-dessinee-pour-faire-comprendre-aux-enfants-leurs-droits","status":"publish","type":"post","link":"https:\/\/www.africa-press.net\/senegal\/toutes-les-actualites\/tounga-ca-doit-changer-une-bande-dessinee-pour-faire-comprendre-aux-enfants-leurs-droits","title":{"rendered":"\u00abTounga : \u00c7a doit changer !\u00bb : Une bande dessin\u00e9e pour faire comprendre aux enfants leurs droits"},"content":{"rendered":"<p><span style=\"color: #ff6600\"><strong>Africa-Press &#8211; Senegal. <\/strong><\/span>C\u2019est une bande dessin\u00e9e lanc\u00e9e ce mercredi, dans le cadre de la Journ\u00e9e internationale des droits de l&rsquo;enfants, par le Mouvement africain des enfants et jeunes travailleurs (Maejt). \u00abTounga : \u00e7a doit changer\u00bb met \u00e0 nu les probl\u00e8mes relatifs \u00e0 la<\/p>\n<p>protection des enfants tels que la n\u00e9gligence, la vuln\u00e9rabilit\u00e9, la maltraitance, le mariage forc\u00e9,<\/p>\n<p>les pires formes de travail et la discrimination, entre autres.<\/p>\n<p>Face \u00e0 ces probl\u00e9matiques qui touchent plusieurs pays d\u2019Afrique, la Cedeao, en collaboration avec le Groupe r\u00e9gional de protection de l\u2019enfant (Grpe) compos\u00e9 d\u2019agences des Nations Unies, d\u2019Ong et le Maejt, a \u00e9labor\u00e9 le cadre strat\u00e9gique pour le renforcement des syst\u00e8mes nationaux de protection de l\u2019enfant.<\/p>\n<p>En adoptant un cadre strat\u00e9gique, les pays de l\u2019Afrique de l\u2019Ouest se sont engag\u00e9s \u00e0 prendre des mesures fortes en termes de l\u00e9gislation et \u00e0 mettre en \u0153uvre des actions concr\u00e8tes pour une meilleure protection des enfants.<\/p>\n<p>Cependant, dans les faits, le contenu de ce cadre \u00e9crit dans des langues \u00e9trang\u00e8res (fran\u00e7ais, anglais et portugais) soutenues, n\u2019est pas tr\u00e8s connu par les premiers concern\u00e9s, c\u2019est-\u00e0-dire les enfants. C\u2019est ce qui explique la r\u00e9alisation de ce film \u00e0 dessin anim\u00e9 pour mieux \u00e9veiller les enfants sur leurs droits.<\/p>\n<p>\u2018\u2019C\u2019est dans l\u2019optique de faire comprendre aux enfants leurs droits que le Maejt, en collaboration avec Enda Jeunesse Action et le soutien financier de Save the Children et partant du souhait \u00e9mis par la Cedeao d\u2019en faire une large diffusion, a traduit ce cadre strat\u00e9gique en version adapt\u00e9e aux enfants \u00e0 travers le film \u00e0 dessins anim\u00e9s \u00abTounga : \u00e7a doit changer\u00bb, a fait savoir Aim\u00e9 Bada, Coordonnateur Enda Jeunesse Action.<\/p>\n<p><strong>Pour plus d&rsquo;informations et d&rsquo;analyses sur la <a href=\"https:\/\/www.africa-press.net\/senegal\">Senegal<\/a>, suivez <a href=\"https:\/\/www.africa-press.net\/\">Africa-Press<\/a><\/strong><\/p>\n","protected":false},"excerpt":{"rendered":"<p>Africa-Press &#8211; Senegal. C\u2019est une bande dessin\u00e9e lanc\u00e9e ce mercredi, dans le cadre de la Journ\u00e9e internationale des droits de l&rsquo;enfants, par le Mouvement africain des enfants et jeunes travailleurs (Maejt). \u00abTounga : \u00e7a doit changer\u00bb met \u00e0 nu les probl\u00e8mes relatifs \u00e0 la protection des enfants tels que la n\u00e9gligence, la vuln\u00e9rabilit\u00e9, la maltraitance, [&hellip;]<\/p>\n","protected":false},"author":82,"featured_media":15046,"comment_status":"open","ping_status":"closed","sticky":false,"template":"","format":"standard","meta":{"footnotes":""},"categories":[21,11,10],"tags":[43,47,2800,2802,1210,44,2801],"class_list":["post-15047","post","type-post","status-publish","format-standard","has-post-thumbnail","hentry","category-communaute","category-homepage-french","category-toutes-les-actualites","tag-africa-press-2","tag-africa-press-senegal","tag-bande-dessinee","tag-droits","tag-enfants","tag-senegal-2","tag-tounga"],"yoast_head":"<!-- This site is optimized with the Yoast SEO Premium plugin v26.1 (Yoast SEO v27.0) - https:\/\/yoast.com\/product\/yoast-seo-premium-wordpress\/ -->\n<title>\u00abTounga : \u00c7a doit changer !\u00bb : Une bande dessin\u00e9e pour faire comprendre aux enfants leurs droits - Senegal<\/title>\n<meta name=\"description\" content=\"C\u2019est une bande dessin\u00e9e lanc\u00e9e ce mercredi, dans le cadre de la Journ\u00e9e internationale des droits de l&#039;enfants, par le ...\" \/>\n<meta name=\"robots\" content=\"index, follow, max-snippet:-1, max-image-preview:large, max-video-preview:-1\" \/>\n<link rel=\"canonical\" href=\"https:\/\/www.africa-press.net\/senegal\/toutes-les-actualites\/tounga-ca-doit-changer-une-bande-dessinee-pour-faire-comprendre-aux-enfants-leurs-droits\" \/>\n<meta property=\"og:locale\" content=\"fr_FR\" \/>\n<meta property=\"og:type\" content=\"article\" \/>\n<meta property=\"og:title\" content=\"\u00abTounga : \u00c7a doit changer !\u00bb : Une bande dessin\u00e9e pour faire comprendre aux enfants leurs droits\" \/>\n<meta property=\"og:description\" content=\"C\u2019est une bande dessin\u00e9e lanc\u00e9e ce mercredi, dans le cadre de la Journ\u00e9e internationale des droits de l&#039;enfants, par le ...\" \/>\n<meta property=\"og:url\" content=\"https:\/\/www.africa-press.net\/senegal\/toutes-les-actualites\/tounga-ca-doit-changer-une-bande-dessinee-pour-faire-comprendre-aux-enfants-leurs-droits\" \/>\n<meta property=\"og:site_name\" content=\"Senegal\" \/>\n<meta property=\"article:published_time\" content=\"2021-11-24T21:27:43+00:00\" \/>\n<meta property=\"og:image\" content=\"https:\/\/static.africa-press.net\/senegal\/sites\/13\/2021\/11\/img-619e8adb9d920.jpg\" \/>\n\t<meta property=\"og:image:width\" content=\"720\" \/>\n\t<meta property=\"og:image:height\" content=\"350\" \/>\n\t<meta property=\"og:image:type\" content=\"image\/jpeg\" \/>\n<meta name=\"author\" content=\"cfeditorfr\" \/>\n<meta name=\"twitter:card\" content=\"summary_large_image\" \/>\n<meta name=\"twitter:label1\" content=\"\u00c9crit par\" \/>\n\t<meta name=\"twitter:data1\" content=\"cfeditorfr\" \/>\n\t<meta name=\"twitter:label2\" content=\"Dur\u00e9e de lecture estim\u00e9e\" \/>\n\t<meta name=\"twitter:data2\" content=\"2 minutes\" \/>\n<script type=\"application\/ld+json\" class=\"yoast-schema-graph\">{\"@context\":\"https:\/\/schema.org\",\"@graph\":[{\"@type\":\"Article\",\"@id\":\"https:\/\/www.africa-press.net\/senegal\/toutes-les-actualites\/tounga-ca-doit-changer-une-bande-dessinee-pour-faire-comprendre-aux-enfants-leurs-droits#article\",\"isPartOf\":{\"@id\":\"https:\/\/www.africa-press.net\/senegal\/toutes-les-actualites\/tounga-ca-doit-changer-une-bande-dessinee-pour-faire-comprendre-aux-enfants-leurs-droits\"},\"author\":{\"name\":\"cfeditorfr\",\"@id\":\"https:\/\/www.africa-press.net\/senegal\/#\/schema\/person\/2b1cf3cd81a31e3cd26889ca66d677f1\"},\"headline\":\"\u00abTounga : \u00c7a doit changer !\u00bb : Une bande dessin\u00e9e pour faire comprendre aux enfants leurs droits\",\"datePublished\":\"2021-11-24T21:27:43+00:00\",\"mainEntityOfPage\":{\"@id\":\"https:\/\/www.africa-press.net\/senegal\/toutes-les-actualites\/tounga-ca-doit-changer-une-bande-dessinee-pour-faire-comprendre-aux-enfants-leurs-droits\"},\"wordCount\":327,\"commentCount\":0,\"image\":{\"@id\":\"https:\/\/www.africa-press.net\/senegal\/toutes-les-actualites\/tounga-ca-doit-changer-une-bande-dessinee-pour-faire-comprendre-aux-enfants-leurs-droits#primaryimage\"},\"thumbnailUrl\":\"https:\/\/static.africa-press.net\/senegal\/sites\/13\/2021\/11\/img-619e8adb9d920.jpg\",\"keywords\":[\"Africa Press\",\"Africa Press-Senegal\",\"Bande-dessinee\",\"Droits\",\"Enfants\",\"Senegal\",\"Tounga\"],\"articleSection\":[\"Communaut\u00e9\",\"homepage-french\",\"Toutes les actualit\u00e9s\"],\"inLanguage\":\"fr-FR\",\"potentialAction\":[{\"@type\":\"CommentAction\",\"name\":\"Comment\",\"target\":[\"https:\/\/www.africa-press.net\/senegal\/toutes-les-actualites\/tounga-ca-doit-changer-une-bande-dessinee-pour-faire-comprendre-aux-enfants-leurs-droits#respond\"]}]},{\"@type\":\"WebPage\",\"@id\":\"https:\/\/www.africa-press.net\/senegal\/toutes-les-actualites\/tounga-ca-doit-changer-une-bande-dessinee-pour-faire-comprendre-aux-enfants-leurs-droits\",\"url\":\"https:\/\/www.africa-press.net\/senegal\/toutes-les-actualites\/tounga-ca-doit-changer-une-bande-dessinee-pour-faire-comprendre-aux-enfants-leurs-droits\",\"name\":\"\u00abTounga : \u00c7a doit changer !\u00bb : Une bande dessin\u00e9e pour faire comprendre aux enfants leurs droits - Senegal\",\"isPartOf\":{\"@id\":\"https:\/\/www.africa-press.net\/senegal\/#website\"},\"primaryImageOfPage\":{\"@id\":\"https:\/\/www.africa-press.net\/senegal\/toutes-les-actualites\/tounga-ca-doit-changer-une-bande-dessinee-pour-faire-comprendre-aux-enfants-leurs-droits#primaryimage\"},\"image\":{\"@id\":\"https:\/\/www.africa-press.net\/senegal\/toutes-les-actualites\/tounga-ca-doit-changer-une-bande-dessinee-pour-faire-comprendre-aux-enfants-leurs-droits#primaryimage\"},\"thumbnailUrl\":\"https:\/\/static.africa-press.net\/senegal\/sites\/13\/2021\/11\/img-619e8adb9d920.jpg\",\"datePublished\":\"2021-11-24T21:27:43+00:00\",\"author\":{\"@id\":\"https:\/\/www.africa-press.net\/senegal\/#\/schema\/person\/2b1cf3cd81a31e3cd26889ca66d677f1\"},\"description\":\"C\u2019est une bande dessin\u00e9e lanc\u00e9e ce mercredi, dans le cadre de la Journ\u00e9e internationale des droits de l'enfants, par le ...\",\"breadcrumb\":{\"@id\":\"https:\/\/www.africa-press.net\/senegal\/toutes-les-actualites\/tounga-ca-doit-changer-une-bande-dessinee-pour-faire-comprendre-aux-enfants-leurs-droits#breadcrumb\"},\"inLanguage\":\"fr-FR\",\"potentialAction\":[{\"@type\":\"ReadAction\",\"target\":[\"https:\/\/www.africa-press.net\/senegal\/toutes-les-actualites\/tounga-ca-doit-changer-une-bande-dessinee-pour-faire-comprendre-aux-enfants-leurs-droits\"]}]},{\"@type\":\"ImageObject\",\"inLanguage\":\"fr-FR\",\"@id\":\"https:\/\/www.africa-press.net\/senegal\/toutes-les-actualites\/tounga-ca-doit-changer-une-bande-dessinee-pour-faire-comprendre-aux-enfants-leurs-droits#primaryimage\",\"url\":\"https:\/\/static.africa-press.net\/senegal\/sites\/13\/2021\/11\/img-619e8adb9d920.jpg\",\"contentUrl\":\"https:\/\/static.africa-press.net\/senegal\/sites\/13\/2021\/11\/img-619e8adb9d920.jpg\",\"width\":720,\"height\":350,\"caption\":\"\u00abTounga : \u00c7a doit changer !\u00bb : Une bande dessin\u00e9e pour faire comprendre aux enfants leurs droits\"},{\"@type\":\"BreadcrumbList\",\"@id\":\"https:\/\/www.africa-press.net\/senegal\/toutes-les-actualites\/tounga-ca-doit-changer-une-bande-dessinee-pour-faire-comprendre-aux-enfants-leurs-droits#breadcrumb\",\"itemListElement\":[{\"@type\":\"ListItem\",\"position\":1,\"name\":\"Accueil\",\"item\":\"https:\/\/www.africa-press.net\/senegal\/\"},{\"@type\":\"ListItem\",\"position\":2,\"name\":\"\u00abTounga : \u00c7a doit changer !\u00bb : Une bande dessin\u00e9e pour faire comprendre aux enfants leurs droits\"}]},{\"@type\":\"WebSite\",\"@id\":\"https:\/\/www.africa-press.net\/senegal\/#website\",\"url\":\"https:\/\/www.africa-press.net\/senegal\/\",\"name\":\"Africa Press | Senegal | Homepage\",\"description\":\"Just another Africa News Agency Sites site\",\"potentialAction\":[{\"@type\":\"SearchAction\",\"target\":{\"@type\":\"EntryPoint\",\"urlTemplate\":\"https:\/\/www.africa-press.net\/senegal\/?s={search_term_string}\"},\"query-input\":{\"@type\":\"PropertyValueSpecification\",\"valueRequired\":true,\"valueName\":\"search_term_string\"}}],\"inLanguage\":\"fr-FR\"},{\"@type\":\"Person\",\"@id\":\"https:\/\/www.africa-press.net\/senegal\/#\/schema\/person\/2b1cf3cd81a31e3cd26889ca66d677f1\",\"name\":\"cfeditorfr\",\"url\":\"https:\/\/www.africa-press.net\/senegal\/author\/cfeditorfr\"}]}<\/script>\n<!-- \/ Yoast SEO Premium plugin. -->","yoast_head_json":{"title":"\u00abTounga : \u00c7a doit changer !\u00bb : Une bande dessin\u00e9e pour faire comprendre aux enfants leurs droits - Senegal","description":"C\u2019est une bande dessin\u00e9e lanc\u00e9e ce mercredi, dans le cadre de la Journ\u00e9e internationale des droits de l'enfants, par le ...","robots":{"index":"index","follow":"follow","max-snippet":"max-snippet:-1","max-image-preview":"max-image-preview:large","max-video-preview":"max-video-preview:-1"},"canonical":"https:\/\/www.africa-press.net\/senegal\/toutes-les-actualites\/tounga-ca-doit-changer-une-bande-dessinee-pour-faire-comprendre-aux-enfants-leurs-droits","og_locale":"fr_FR","og_type":"article","og_title":"\u00abTounga : \u00c7a doit changer !\u00bb : Une bande dessin\u00e9e pour faire comprendre aux enfants leurs droits","og_description":"C\u2019est une bande dessin\u00e9e lanc\u00e9e ce mercredi, dans le cadre de la Journ\u00e9e internationale des droits de l'enfants, par le ...","og_url":"https:\/\/www.africa-press.net\/senegal\/toutes-les-actualites\/tounga-ca-doit-changer-une-bande-dessinee-pour-faire-comprendre-aux-enfants-leurs-droits","og_site_name":"Senegal","article_published_time":"2021-11-24T21:27:43+00:00","og_image":[{"width":720,"height":350,"url":"https:\/\/static.africa-press.net\/senegal\/sites\/13\/2021\/11\/img-619e8adb9d920.jpg","type":"image\/jpeg"}],"author":"cfeditorfr","twitter_card":"summary_large_image","twitter_misc":{"\u00c9crit par":"cfeditorfr","Dur\u00e9e de lecture estim\u00e9e":"2 minutes"},"schema":{"@context":"https:\/\/schema.org","@graph":[{"@type":"Article","@id":"https:\/\/www.africa-press.net\/senegal\/toutes-les-actualites\/tounga-ca-doit-changer-une-bande-dessinee-pour-faire-comprendre-aux-enfants-leurs-droits#article","isPartOf":{"@id":"https:\/\/www.africa-press.net\/senegal\/toutes-les-actualites\/tounga-ca-doit-changer-une-bande-dessinee-pour-faire-comprendre-aux-enfants-leurs-droits"},"author":{"name":"cfeditorfr","@id":"https:\/\/www.africa-press.net\/senegal\/#\/schema\/person\/2b1cf3cd81a31e3cd26889ca66d677f1"},"headline":"\u00abTounga : \u00c7a doit changer !\u00bb : Une bande dessin\u00e9e pour faire comprendre aux enfants leurs droits","datePublished":"2021-11-24T21:27:43+00:00","mainEntityOfPage":{"@id":"https:\/\/www.africa-press.net\/senegal\/toutes-les-actualites\/tounga-ca-doit-changer-une-bande-dessinee-pour-faire-comprendre-aux-enfants-leurs-droits"},"wordCount":327,"commentCount":0,"image":{"@id":"https:\/\/www.africa-press.net\/senegal\/toutes-les-actualites\/tounga-ca-doit-changer-une-bande-dessinee-pour-faire-comprendre-aux-enfants-leurs-droits#primaryimage"},"thumbnailUrl":"https:\/\/static.africa-press.net\/senegal\/sites\/13\/2021\/11\/img-619e8adb9d920.jpg","keywords":["Africa Press","Africa Press-Senegal","Bande-dessinee","Droits","Enfants","Senegal","Tounga"],"articleSection":["Communaut\u00e9","homepage-french","Toutes les actualit\u00e9s"],"inLanguage":"fr-FR","potentialAction":[{"@type":"CommentAction","name":"Comment","target":["https:\/\/www.africa-press.net\/senegal\/toutes-les-actualites\/tounga-ca-doit-changer-une-bande-dessinee-pour-faire-comprendre-aux-enfants-leurs-droits#respond"]}]},{"@type":"WebPage","@id":"https:\/\/www.africa-press.net\/senegal\/toutes-les-actualites\/tounga-ca-doit-changer-une-bande-dessinee-pour-faire-comprendre-aux-enfants-leurs-droits","url":"https:\/\/www.africa-press.net\/senegal\/toutes-les-actualites\/tounga-ca-doit-changer-une-bande-dessinee-pour-faire-comprendre-aux-enfants-leurs-droits","name":"\u00abTounga : \u00c7a doit changer !\u00bb : Une bande dessin\u00e9e pour faire comprendre aux enfants leurs droits - Senegal","isPartOf":{"@id":"https:\/\/www.africa-press.net\/senegal\/#website"},"primaryImageOfPage":{"@id":"https:\/\/www.africa-press.net\/senegal\/toutes-les-actualites\/tounga-ca-doit-changer-une-bande-dessinee-pour-faire-comprendre-aux-enfants-leurs-droits#primaryimage"},"image":{"@id":"https:\/\/www.africa-press.net\/senegal\/toutes-les-actualites\/tounga-ca-doit-changer-une-bande-dessinee-pour-faire-comprendre-aux-enfants-leurs-droits#primaryimage"},"thumbnailUrl":"https:\/\/static.africa-press.net\/senegal\/sites\/13\/2021\/11\/img-619e8adb9d920.jpg","datePublished":"2021-11-24T21:27:43+00:00","author":{"@id":"https:\/\/www.africa-press.net\/senegal\/#\/schema\/person\/2b1cf3cd81a31e3cd26889ca66d677f1"},"description":"C\u2019est une bande dessin\u00e9e lanc\u00e9e ce mercredi, dans le cadre de la Journ\u00e9e internationale des droits de l'enfants, par le ...","breadcrumb":{"@id":"https:\/\/www.africa-press.net\/senegal\/toutes-les-actualites\/tounga-ca-doit-changer-une-bande-dessinee-pour-faire-comprendre-aux-enfants-leurs-droits#breadcrumb"},"inLanguage":"fr-FR","potentialAction":[{"@type":"ReadAction","target":["https:\/\/www.africa-press.net\/senegal\/toutes-les-actualites\/tounga-ca-doit-changer-une-bande-dessinee-pour-faire-comprendre-aux-enfants-leurs-droits"]}]},{"@type":"ImageObject","inLanguage":"fr-FR","@id":"https:\/\/www.africa-press.net\/senegal\/toutes-les-actualites\/tounga-ca-doit-changer-une-bande-dessinee-pour-faire-comprendre-aux-enfants-leurs-droits#primaryimage","url":"https:\/\/static.africa-press.net\/senegal\/sites\/13\/2021\/11\/img-619e8adb9d920.jpg","contentUrl":"https:\/\/static.africa-press.net\/senegal\/sites\/13\/2021\/11\/img-619e8adb9d920.jpg","width":720,"height":350,"caption":"\u00abTounga : \u00c7a doit changer !\u00bb : Une bande dessin\u00e9e pour faire comprendre aux enfants leurs droits"},{"@type":"BreadcrumbList","@id":"https:\/\/www.africa-press.net\/senegal\/toutes-les-actualites\/tounga-ca-doit-changer-une-bande-dessinee-pour-faire-comprendre-aux-enfants-leurs-droits#breadcrumb","itemListElement":[{"@type":"ListItem","position":1,"name":"Accueil","item":"https:\/\/www.africa-press.net\/senegal\/"},{"@type":"ListItem","position":2,"name":"\u00abTounga : \u00c7a doit changer !\u00bb : Une bande dessin\u00e9e pour faire comprendre aux enfants leurs droits"}]},{"@type":"WebSite","@id":"https:\/\/www.africa-press.net\/senegal\/#website","url":"https:\/\/www.africa-press.net\/senegal\/","name":"Africa Press | Senegal | Homepage","description":"Just another Africa News Agency Sites site","potentialAction":[{"@type":"SearchAction","target":{"@type":"EntryPoint","urlTemplate":"https:\/\/www.africa-press.net\/senegal\/?s={search_term_string}"},"query-input":{"@type":"PropertyValueSpecification","valueRequired":true,"valueName":"search_term_string"}}],"inLanguage":"fr-FR"},{"@type":"Person","@id":"https:\/\/www.africa-press.net\/senegal\/#\/schema\/person\/2b1cf3cd81a31e3cd26889ca66d677f1","name":"cfeditorfr","url":"https:\/\/www.africa-press.net\/senegal\/author\/cfeditorfr"}]}},"_links":{"self":[{"href":"https:\/\/www.africa-press.net\/senegal\/wp-json\/wp\/v2\/posts\/15047","targetHints":{"allow":["GET"]}}],"collection":[{"href":"https:\/\/www.africa-press.net\/senegal\/wp-json\/wp\/v2\/posts"}],"about":[{"href":"https:\/\/www.africa-press.net\/senegal\/wp-json\/wp\/v2\/types\/post"}],"author":[{"embeddable":true,"href":"https:\/\/www.africa-press.net\/senegal\/wp-json\/wp\/v2\/users\/82"}],"replies":[{"embeddable":true,"href":"https:\/\/www.africa-press.net\/senegal\/wp-json\/wp\/v2\/comments?post=15047"}],"version-history":[{"count":0,"href":"https:\/\/www.africa-press.net\/senegal\/wp-json\/wp\/v2\/posts\/15047\/revisions"}],"wp:featuredmedia":[{"embeddable":true,"href":"https:\/\/www.africa-press.net\/senegal\/wp-json\/wp\/v2\/media\/15046"}],"wp:attachment":[{"href":"https:\/\/www.africa-press.net\/senegal\/wp-json\/wp\/v2\/media?parent=15047"}],"wp:term":[{"taxonomy":"category","embeddable":true,"href":"https:\/\/www.africa-press.net\/senegal\/wp-json\/wp\/v2\/categories?post=15047"},{"taxonomy":"post_tag","embeddable":true,"href":"https:\/\/www.africa-press.net\/senegal\/wp-json\/wp\/v2\/tags?post=15047"}],"curies":[{"name":"wp","href":"https:\/\/api.w.org\/{rel}","templated":true}]}}