{"id":16715,"date":"2021-12-15T22:26:37","date_gmt":"2021-12-15T22:26:37","guid":{"rendered":"https:\/\/www.africa-press.net\/senegal\/politique\/charte-de-non-violence-un-comite-decriture-mis-en-place-pour-preparer-la-signature-et"},"modified":"2021-12-15T22:59:02","modified_gmt":"2021-12-15T22:59:02","slug":"charte-de-non-violence-un-comite-decriture-mis-en-place-pour-preparer-la-signature-et","status":"publish","type":"post","link":"https:\/\/www.africa-press.net\/senegal\/politique\/charte-de-non-violence-un-comite-decriture-mis-en-place-pour-preparer-la-signature-et","title":{"rendered":"Charte de non-violence: Un comit\u00e9 d\u2019\u00e9criture mis en place pour pr\u00e9parer la signature et\u2026"},"content":{"rendered":"<p><span style=\"color: #ff6600\"><strong>Africa-Press &#8211; Senegal. <\/strong><\/span>Un comit\u00e9 restreint d\u2019\u00e9criture de la charte a \u00e9t\u00e9 mis en place pour pr\u00e9parer la signature et l\u2019affinement des m\u00e9canismes de suivi pour le respect des engagements souscrits par les diff\u00e9rentes parties afin de les soumettre aux autorit\u00e9s religieuses du pays. C\u2019est ce qui r\u00e9sulte de la rencontre d\u2019\u00e9changes organis\u00e9e,<\/p>\n<p>ce mardi 14 d\u00e9cembre, par le Cadre Unitaire de l\u2019Islam au S\u00e9n\u00e9gal (CUDIS) et la plateforme Jammi Rewmi dans un h\u00f4tel de la place avec les coalitions politiques.<\/p>\n<p>En effet, les discussions ont tourn\u00e9 pr\u00e9cis\u00e9ment autour des m\u00e9canismes de pr\u00e9vention et de mise en \u0153uvre d\u2019une dynamique de paix et de non violence en pr\u00e9lude aux \u00e9lections locales.\u00abApr\u00e8s des consultations inclusives men\u00e9es sous l\u2019\u00e9gide des autorit\u00e9s religieuses avec les diff\u00e9rentes coalitions et des acteurs divers de l\u2019espace politique et social, et la rencontre avec le Pr\u00e9sident de la R\u00e9publique, les pr\u00e9occupations et positions exprim\u00e9es par les parties prenantes ont fait \u00e0 cette occasion, l\u2019objet d\u2019approfondissement, et ont \u00e9t\u00e9 prises en compte dans la r\u00e9daction d\u2019une Charte de non-violence\u00bb, ont fait savoir le CUDIS et la plateforme JAMMI REWMI.<\/p>\n<p>Ils ont, de ce fait, saluer le sens de responsabilit\u00e9 des acteurs politiques de tous bords et les remercient de leur engagement \u00e0 poursuivre la dynamique de paix et de non-violence en pr\u00e9lude aux \u00e9lections \u00e0 venir.<\/p>\n<p>Les coalitions Wallu, Gueum sa Bopp, Benno Bokk Yakar, Jammi Goxx yi, Bunt bi, le mouvement FRAPP, des organisations syndicales et patronales notamment la CNTS et le CNP ont pris part \u00e0 cette activit\u00e9.<\/p>\n<p><strong>Pour plus d&rsquo;informations et d&rsquo;analyses sur la <a href=\"https:\/\/www.africa-press.net\/senegal\">Senegal<\/a>, suivez <a href=\"https:\/\/www.africa-press.net\/\">Africa-Press<\/a><\/strong><\/p>\n","protected":false},"excerpt":{"rendered":"<p>Africa-Press &#8211; Senegal. Un comit\u00e9 restreint d\u2019\u00e9criture de la charte a \u00e9t\u00e9 mis en place pour pr\u00e9parer la signature et l\u2019affinement des m\u00e9canismes de suivi pour le respect des engagements souscrits par les diff\u00e9rentes parties afin de les soumettre aux autorit\u00e9s religieuses du pays. C\u2019est ce qui r\u00e9sulte de la rencontre d\u2019\u00e9changes organis\u00e9e, ce mardi [&hellip;]<\/p>\n","protected":false},"author":82,"featured_media":16714,"comment_status":"open","ping_status":"closed","sticky":false,"template":"","format":"standard","meta":{"footnotes":""},"categories":[11,2,20,10],"tags":[43,47,3001,2125,44,508],"class_list":["post-16715","post","type-post","status-publish","format-standard","has-post-thumbnail","hentry","category-homepage-french","category-politique","category-top-nouvelles","category-toutes-les-actualites","tag-africa-press-2","tag-africa-press-senegal","tag-charte-de-non-violence","tag-comite","tag-senegal-2","tag-signature"],"yoast_head":"<!-- This site is optimized with the Yoast SEO Premium plugin v26.1 (Yoast SEO v27.0) - https:\/\/yoast.com\/product\/yoast-seo-premium-wordpress\/ -->\n<title>Charte de non-violence: Un comit\u00e9 d\u2019\u00e9criture mis en place pour pr\u00e9parer la signature et\u2026 - Senegal<\/title>\n<meta name=\"description\" content=\"Un comit\u00e9 restreint d\u2019\u00e9criture de la charte a \u00e9t\u00e9 mis en place pour pr\u00e9parer la signature et l\u2019affinement des m\u00e9canismes ...\" \/>\n<meta name=\"robots\" content=\"index, follow, max-snippet:-1, max-image-preview:large, max-video-preview:-1\" \/>\n<link rel=\"canonical\" href=\"https:\/\/www.africa-press.net\/senegal\/politique\/charte-de-non-violence-un-comite-decriture-mis-en-place-pour-preparer-la-signature-et\" \/>\n<meta property=\"og:locale\" content=\"fr_FR\" \/>\n<meta property=\"og:type\" content=\"article\" \/>\n<meta property=\"og:title\" content=\"Charte de non-violence: Un comit\u00e9 d\u2019\u00e9criture mis en place pour pr\u00e9parer la signature et\u2026\" \/>\n<meta property=\"og:description\" content=\"Un comit\u00e9 restreint d\u2019\u00e9criture de la charte a \u00e9t\u00e9 mis en place pour pr\u00e9parer la signature et l\u2019affinement des m\u00e9canismes ...\" \/>\n<meta property=\"og:url\" content=\"https:\/\/www.africa-press.net\/senegal\/politique\/charte-de-non-violence-un-comite-decriture-mis-en-place-pour-preparer-la-signature-et\" \/>\n<meta property=\"og:site_name\" content=\"Senegal\" \/>\n<meta property=\"article:published_time\" content=\"2021-12-15T22:26:37+00:00\" \/>\n<meta property=\"article:modified_time\" content=\"2021-12-15T22:59:02+00:00\" \/>\n<meta property=\"og:image\" content=\"https:\/\/static.africa-press.net\/senegal\/sites\/13\/2021\/12\/img-61ba731c54c21.jpg\" \/>\n\t<meta property=\"og:image:width\" content=\"720\" \/>\n\t<meta property=\"og:image:height\" content=\"350\" \/>\n\t<meta property=\"og:image:type\" content=\"image\/jpeg\" \/>\n<meta name=\"author\" content=\"cfeditorfr\" \/>\n<meta name=\"twitter:card\" content=\"summary_large_image\" \/>\n<meta name=\"twitter:label1\" content=\"\u00c9crit par\" \/>\n\t<meta name=\"twitter:data1\" content=\"cfeditorfr\" \/>\n\t<meta name=\"twitter:label2\" content=\"Dur\u00e9e de lecture estim\u00e9e\" \/>\n\t<meta name=\"twitter:data2\" content=\"1 minute\" \/>\n<script type=\"application\/ld+json\" class=\"yoast-schema-graph\">{\"@context\":\"https:\/\/schema.org\",\"@graph\":[{\"@type\":\"Article\",\"@id\":\"https:\/\/www.africa-press.net\/senegal\/politique\/charte-de-non-violence-un-comite-decriture-mis-en-place-pour-preparer-la-signature-et#article\",\"isPartOf\":{\"@id\":\"https:\/\/www.africa-press.net\/senegal\/politique\/charte-de-non-violence-un-comite-decriture-mis-en-place-pour-preparer-la-signature-et\"},\"author\":{\"name\":\"cfeditorfr\",\"@id\":\"https:\/\/www.africa-press.net\/senegal\/#\/schema\/person\/2b1cf3cd81a31e3cd26889ca66d677f1\"},\"headline\":\"Charte de non-violence: Un comit\u00e9 d\u2019\u00e9criture mis en place pour pr\u00e9parer la signature et\u2026\",\"datePublished\":\"2021-12-15T22:26:37+00:00\",\"dateModified\":\"2021-12-15T22:59:02+00:00\",\"mainEntityOfPage\":{\"@id\":\"https:\/\/www.africa-press.net\/senegal\/politique\/charte-de-non-violence-un-comite-decriture-mis-en-place-pour-preparer-la-signature-et\"},\"wordCount\":312,\"commentCount\":0,\"image\":{\"@id\":\"https:\/\/www.africa-press.net\/senegal\/politique\/charte-de-non-violence-un-comite-decriture-mis-en-place-pour-preparer-la-signature-et#primaryimage\"},\"thumbnailUrl\":\"https:\/\/static.africa-press.net\/senegal\/sites\/13\/2021\/12\/img-61ba731c54c21.jpg\",\"keywords\":[\"Africa Press\",\"Africa Press-Senegal\",\"Charte-de-non-violence\",\"Comite\",\"Senegal\",\"Signature\"],\"articleSection\":[\"homepage-french\",\"Politique\",\"Top Nouvelles\",\"Toutes les actualit\u00e9s\"],\"inLanguage\":\"fr-FR\",\"potentialAction\":[{\"@type\":\"CommentAction\",\"name\":\"Comment\",\"target\":[\"https:\/\/www.africa-press.net\/senegal\/politique\/charte-de-non-violence-un-comite-decriture-mis-en-place-pour-preparer-la-signature-et#respond\"]}]},{\"@type\":\"WebPage\",\"@id\":\"https:\/\/www.africa-press.net\/senegal\/politique\/charte-de-non-violence-un-comite-decriture-mis-en-place-pour-preparer-la-signature-et\",\"url\":\"https:\/\/www.africa-press.net\/senegal\/politique\/charte-de-non-violence-un-comite-decriture-mis-en-place-pour-preparer-la-signature-et\",\"name\":\"Charte de non-violence: Un comit\u00e9 d\u2019\u00e9criture mis en place pour pr\u00e9parer la signature et\u2026 - Senegal\",\"isPartOf\":{\"@id\":\"https:\/\/www.africa-press.net\/senegal\/#website\"},\"primaryImageOfPage\":{\"@id\":\"https:\/\/www.africa-press.net\/senegal\/politique\/charte-de-non-violence-un-comite-decriture-mis-en-place-pour-preparer-la-signature-et#primaryimage\"},\"image\":{\"@id\":\"https:\/\/www.africa-press.net\/senegal\/politique\/charte-de-non-violence-un-comite-decriture-mis-en-place-pour-preparer-la-signature-et#primaryimage\"},\"thumbnailUrl\":\"https:\/\/static.africa-press.net\/senegal\/sites\/13\/2021\/12\/img-61ba731c54c21.jpg\",\"datePublished\":\"2021-12-15T22:26:37+00:00\",\"dateModified\":\"2021-12-15T22:59:02+00:00\",\"author\":{\"@id\":\"https:\/\/www.africa-press.net\/senegal\/#\/schema\/person\/2b1cf3cd81a31e3cd26889ca66d677f1\"},\"description\":\"Un comit\u00e9 restreint d\u2019\u00e9criture de la charte a \u00e9t\u00e9 mis en place pour pr\u00e9parer la signature et l\u2019affinement des m\u00e9canismes ...\",\"breadcrumb\":{\"@id\":\"https:\/\/www.africa-press.net\/senegal\/politique\/charte-de-non-violence-un-comite-decriture-mis-en-place-pour-preparer-la-signature-et#breadcrumb\"},\"inLanguage\":\"fr-FR\",\"potentialAction\":[{\"@type\":\"ReadAction\",\"target\":[\"https:\/\/www.africa-press.net\/senegal\/politique\/charte-de-non-violence-un-comite-decriture-mis-en-place-pour-preparer-la-signature-et\"]}]},{\"@type\":\"ImageObject\",\"inLanguage\":\"fr-FR\",\"@id\":\"https:\/\/www.africa-press.net\/senegal\/politique\/charte-de-non-violence-un-comite-decriture-mis-en-place-pour-preparer-la-signature-et#primaryimage\",\"url\":\"https:\/\/static.africa-press.net\/senegal\/sites\/13\/2021\/12\/img-61ba731c54c21.jpg\",\"contentUrl\":\"https:\/\/static.africa-press.net\/senegal\/sites\/13\/2021\/12\/img-61ba731c54c21.jpg\",\"width\":720,\"height\":350,\"caption\":\"Charte de non-violence: Un comit\u00e9 d\u2019\u00e9criture mis en place pour pr\u00e9parer la signature et\u2026\"},{\"@type\":\"BreadcrumbList\",\"@id\":\"https:\/\/www.africa-press.net\/senegal\/politique\/charte-de-non-violence-un-comite-decriture-mis-en-place-pour-preparer-la-signature-et#breadcrumb\",\"itemListElement\":[{\"@type\":\"ListItem\",\"position\":1,\"name\":\"Accueil\",\"item\":\"https:\/\/www.africa-press.net\/senegal\/\"},{\"@type\":\"ListItem\",\"position\":2,\"name\":\"Charte de non-violence: Un comit\u00e9 d\u2019\u00e9criture mis en place pour pr\u00e9parer la signature et\u2026\"}]},{\"@type\":\"WebSite\",\"@id\":\"https:\/\/www.africa-press.net\/senegal\/#website\",\"url\":\"https:\/\/www.africa-press.net\/senegal\/\",\"name\":\"Africa Press | Senegal | Homepage\",\"description\":\"Just another Africa News Agency Sites site\",\"potentialAction\":[{\"@type\":\"SearchAction\",\"target\":{\"@type\":\"EntryPoint\",\"urlTemplate\":\"https:\/\/www.africa-press.net\/senegal\/?s={search_term_string}\"},\"query-input\":{\"@type\":\"PropertyValueSpecification\",\"valueRequired\":true,\"valueName\":\"search_term_string\"}}],\"inLanguage\":\"fr-FR\"},{\"@type\":\"Person\",\"@id\":\"https:\/\/www.africa-press.net\/senegal\/#\/schema\/person\/2b1cf3cd81a31e3cd26889ca66d677f1\",\"name\":\"cfeditorfr\",\"url\":\"https:\/\/www.africa-press.net\/senegal\/author\/cfeditorfr\"}]}<\/script>\n<!-- \/ Yoast SEO Premium plugin. -->","yoast_head_json":{"title":"Charte de non-violence: Un comit\u00e9 d\u2019\u00e9criture mis en place pour pr\u00e9parer la signature et\u2026 - Senegal","description":"Un comit\u00e9 restreint d\u2019\u00e9criture de la charte a \u00e9t\u00e9 mis en place pour pr\u00e9parer la signature et l\u2019affinement des m\u00e9canismes ...","robots":{"index":"index","follow":"follow","max-snippet":"max-snippet:-1","max-image-preview":"max-image-preview:large","max-video-preview":"max-video-preview:-1"},"canonical":"https:\/\/www.africa-press.net\/senegal\/politique\/charte-de-non-violence-un-comite-decriture-mis-en-place-pour-preparer-la-signature-et","og_locale":"fr_FR","og_type":"article","og_title":"Charte de non-violence: Un comit\u00e9 d\u2019\u00e9criture mis en place pour pr\u00e9parer la signature et\u2026","og_description":"Un comit\u00e9 restreint d\u2019\u00e9criture de la charte a \u00e9t\u00e9 mis en place pour pr\u00e9parer la signature et l\u2019affinement des m\u00e9canismes ...","og_url":"https:\/\/www.africa-press.net\/senegal\/politique\/charte-de-non-violence-un-comite-decriture-mis-en-place-pour-preparer-la-signature-et","og_site_name":"Senegal","article_published_time":"2021-12-15T22:26:37+00:00","article_modified_time":"2021-12-15T22:59:02+00:00","og_image":[{"width":720,"height":350,"url":"https:\/\/static.africa-press.net\/senegal\/sites\/13\/2021\/12\/img-61ba731c54c21.jpg","type":"image\/jpeg"}],"author":"cfeditorfr","twitter_card":"summary_large_image","twitter_misc":{"\u00c9crit par":"cfeditorfr","Dur\u00e9e de lecture estim\u00e9e":"1 minute"},"schema":{"@context":"https:\/\/schema.org","@graph":[{"@type":"Article","@id":"https:\/\/www.africa-press.net\/senegal\/politique\/charte-de-non-violence-un-comite-decriture-mis-en-place-pour-preparer-la-signature-et#article","isPartOf":{"@id":"https:\/\/www.africa-press.net\/senegal\/politique\/charte-de-non-violence-un-comite-decriture-mis-en-place-pour-preparer-la-signature-et"},"author":{"name":"cfeditorfr","@id":"https:\/\/www.africa-press.net\/senegal\/#\/schema\/person\/2b1cf3cd81a31e3cd26889ca66d677f1"},"headline":"Charte de non-violence: Un comit\u00e9 d\u2019\u00e9criture mis en place pour pr\u00e9parer la signature et\u2026","datePublished":"2021-12-15T22:26:37+00:00","dateModified":"2021-12-15T22:59:02+00:00","mainEntityOfPage":{"@id":"https:\/\/www.africa-press.net\/senegal\/politique\/charte-de-non-violence-un-comite-decriture-mis-en-place-pour-preparer-la-signature-et"},"wordCount":312,"commentCount":0,"image":{"@id":"https:\/\/www.africa-press.net\/senegal\/politique\/charte-de-non-violence-un-comite-decriture-mis-en-place-pour-preparer-la-signature-et#primaryimage"},"thumbnailUrl":"https:\/\/static.africa-press.net\/senegal\/sites\/13\/2021\/12\/img-61ba731c54c21.jpg","keywords":["Africa Press","Africa Press-Senegal","Charte-de-non-violence","Comite","Senegal","Signature"],"articleSection":["homepage-french","Politique","Top Nouvelles","Toutes les actualit\u00e9s"],"inLanguage":"fr-FR","potentialAction":[{"@type":"CommentAction","name":"Comment","target":["https:\/\/www.africa-press.net\/senegal\/politique\/charte-de-non-violence-un-comite-decriture-mis-en-place-pour-preparer-la-signature-et#respond"]}]},{"@type":"WebPage","@id":"https:\/\/www.africa-press.net\/senegal\/politique\/charte-de-non-violence-un-comite-decriture-mis-en-place-pour-preparer-la-signature-et","url":"https:\/\/www.africa-press.net\/senegal\/politique\/charte-de-non-violence-un-comite-decriture-mis-en-place-pour-preparer-la-signature-et","name":"Charte de non-violence: Un comit\u00e9 d\u2019\u00e9criture mis en place pour pr\u00e9parer la signature et\u2026 - Senegal","isPartOf":{"@id":"https:\/\/www.africa-press.net\/senegal\/#website"},"primaryImageOfPage":{"@id":"https:\/\/www.africa-press.net\/senegal\/politique\/charte-de-non-violence-un-comite-decriture-mis-en-place-pour-preparer-la-signature-et#primaryimage"},"image":{"@id":"https:\/\/www.africa-press.net\/senegal\/politique\/charte-de-non-violence-un-comite-decriture-mis-en-place-pour-preparer-la-signature-et#primaryimage"},"thumbnailUrl":"https:\/\/static.africa-press.net\/senegal\/sites\/13\/2021\/12\/img-61ba731c54c21.jpg","datePublished":"2021-12-15T22:26:37+00:00","dateModified":"2021-12-15T22:59:02+00:00","author":{"@id":"https:\/\/www.africa-press.net\/senegal\/#\/schema\/person\/2b1cf3cd81a31e3cd26889ca66d677f1"},"description":"Un comit\u00e9 restreint d\u2019\u00e9criture de la charte a \u00e9t\u00e9 mis en place pour pr\u00e9parer la signature et l\u2019affinement des m\u00e9canismes ...","breadcrumb":{"@id":"https:\/\/www.africa-press.net\/senegal\/politique\/charte-de-non-violence-un-comite-decriture-mis-en-place-pour-preparer-la-signature-et#breadcrumb"},"inLanguage":"fr-FR","potentialAction":[{"@type":"ReadAction","target":["https:\/\/www.africa-press.net\/senegal\/politique\/charte-de-non-violence-un-comite-decriture-mis-en-place-pour-preparer-la-signature-et"]}]},{"@type":"ImageObject","inLanguage":"fr-FR","@id":"https:\/\/www.africa-press.net\/senegal\/politique\/charte-de-non-violence-un-comite-decriture-mis-en-place-pour-preparer-la-signature-et#primaryimage","url":"https:\/\/static.africa-press.net\/senegal\/sites\/13\/2021\/12\/img-61ba731c54c21.jpg","contentUrl":"https:\/\/static.africa-press.net\/senegal\/sites\/13\/2021\/12\/img-61ba731c54c21.jpg","width":720,"height":350,"caption":"Charte de non-violence: Un comit\u00e9 d\u2019\u00e9criture mis en place pour pr\u00e9parer la signature et\u2026"},{"@type":"BreadcrumbList","@id":"https:\/\/www.africa-press.net\/senegal\/politique\/charte-de-non-violence-un-comite-decriture-mis-en-place-pour-preparer-la-signature-et#breadcrumb","itemListElement":[{"@type":"ListItem","position":1,"name":"Accueil","item":"https:\/\/www.africa-press.net\/senegal\/"},{"@type":"ListItem","position":2,"name":"Charte de non-violence: Un comit\u00e9 d\u2019\u00e9criture mis en place pour pr\u00e9parer la signature et\u2026"}]},{"@type":"WebSite","@id":"https:\/\/www.africa-press.net\/senegal\/#website","url":"https:\/\/www.africa-press.net\/senegal\/","name":"Africa Press | Senegal | Homepage","description":"Just another Africa News Agency Sites site","potentialAction":[{"@type":"SearchAction","target":{"@type":"EntryPoint","urlTemplate":"https:\/\/www.africa-press.net\/senegal\/?s={search_term_string}"},"query-input":{"@type":"PropertyValueSpecification","valueRequired":true,"valueName":"search_term_string"}}],"inLanguage":"fr-FR"},{"@type":"Person","@id":"https:\/\/www.africa-press.net\/senegal\/#\/schema\/person\/2b1cf3cd81a31e3cd26889ca66d677f1","name":"cfeditorfr","url":"https:\/\/www.africa-press.net\/senegal\/author\/cfeditorfr"}]}},"_links":{"self":[{"href":"https:\/\/www.africa-press.net\/senegal\/wp-json\/wp\/v2\/posts\/16715","targetHints":{"allow":["GET"]}}],"collection":[{"href":"https:\/\/www.africa-press.net\/senegal\/wp-json\/wp\/v2\/posts"}],"about":[{"href":"https:\/\/www.africa-press.net\/senegal\/wp-json\/wp\/v2\/types\/post"}],"author":[{"embeddable":true,"href":"https:\/\/www.africa-press.net\/senegal\/wp-json\/wp\/v2\/users\/82"}],"replies":[{"embeddable":true,"href":"https:\/\/www.africa-press.net\/senegal\/wp-json\/wp\/v2\/comments?post=16715"}],"version-history":[{"count":0,"href":"https:\/\/www.africa-press.net\/senegal\/wp-json\/wp\/v2\/posts\/16715\/revisions"}],"wp:featuredmedia":[{"embeddable":true,"href":"https:\/\/www.africa-press.net\/senegal\/wp-json\/wp\/v2\/media\/16714"}],"wp:attachment":[{"href":"https:\/\/www.africa-press.net\/senegal\/wp-json\/wp\/v2\/media?parent=16715"}],"wp:term":[{"taxonomy":"category","embeddable":true,"href":"https:\/\/www.africa-press.net\/senegal\/wp-json\/wp\/v2\/categories?post=16715"},{"taxonomy":"post_tag","embeddable":true,"href":"https:\/\/www.africa-press.net\/senegal\/wp-json\/wp\/v2\/tags?post=16715"}],"curies":[{"name":"wp","href":"https:\/\/api.w.org\/{rel}","templated":true}]}}