{"id":17545,"date":"2021-12-26T08:04:11","date_gmt":"2021-12-26T08:04:11","guid":{"rendered":"https:\/\/www.africa-press.net\/senegal\/politique\/patrick-vieira-defend-la-can-ce-tournoi-doit-etre-plus-respecte"},"modified":"2021-12-26T08:38:42","modified_gmt":"2021-12-26T08:38:42","slug":"patrick-vieira-defend-la-can-ce-tournoi-doit-etre-plus-respecte","status":"publish","type":"post","link":"https:\/\/www.africa-press.net\/senegal\/sports\/patrick-vieira-defend-la-can-ce-tournoi-doit-etre-plus-respecte","title":{"rendered":"Patrick Vieira d\u00e9fend la CAN : \u00ab\u00a0Ce tournoi doit \u00eatre plus respect\u00e9\u00a0\u00bb"},"content":{"rendered":"<p><span style=\"color: #ff6600\"><strong>Africa-Press &#8211; Senegal. <\/strong><\/span>Alors que la Coupe d&rsquo;Afrique des Nations 2021 (report\u00e9e du 9 janvier au 6 f\u00e9vrier 2022 en raison de la pand\u00e9mie de Covid-19) approche \u00e0 grands pas, la comp\u00e9tition, un temps menac\u00e9e toujours par la circulation active du virus et les peurs de certains clubs qui en d\u00e9coulent, est souvent la cible de nombreuses critiques.<\/p>\n<p>Mais le coach de Crystal Palace (Premier league), Patrick Vieira, a lui tenu \u00e0 prendre la d\u00e9fense de la CAN, estimant qu&rsquo;elle est aussi importante que son homologue europ\u00e9enne.<\/p>\n<p>\u00ab Je n&#8217;emp\u00eacherai jamais un joueur de prendre part \u00e0 la comp\u00e9tition. Je crois que ce tournoi doit \u00eatre plus respect\u00e9. C&rsquo;est aussi important que l&rsquo;Euro \u00bb, a-t-il ainsi confi\u00e9 en conf\u00e9rence de presse avant le match contre Tottenham lors du Boxing Day, de ce dimanche. Les Eagles devront se passer pendant quelques matchs de l&rsquo;attaquant ivoirien Wilfried Zaha, de l&rsquo;ancien Marseillais Jordan Ayew (Ghana) et du milieu de terrain s\u00e9n\u00e9galais Cheikhou Kouyat\u00e9.<\/p>\n<p><strong>Pour plus d&rsquo;informations et d&rsquo;analyses sur la <a href=\"https:\/\/www.africa-press.net\/senegal\">Senegal<\/a>, suivez <a href=\"https:\/\/www.africa-press.net\/\">Africa-Press<\/a><\/strong><\/p>\n","protected":false},"excerpt":{"rendered":"<p>Africa-Press &#8211; Senegal. Alors que la Coupe d&rsquo;Afrique des Nations 2021 (report\u00e9e du 9 janvier au 6 f\u00e9vrier 2022 en raison de la pand\u00e9mie de Covid-19) approche \u00e0 grands pas, la comp\u00e9tition, un temps menac\u00e9e toujours par la circulation active du virus et les peurs de certains clubs qui en d\u00e9coulent, est souvent la cible [&hellip;]<\/p>\n","protected":false},"author":82,"featured_media":17543,"comment_status":"open","ping_status":"closed","sticky":false,"template":"","format":"standard","meta":{"footnotes":""},"categories":[11,6,10],"tags":[43,47,3052,3053,3054,44],"class_list":["post-17545","post","type-post","status-publish","format-standard","has-post-thumbnail","hentry","category-homepage-french","category-sports","category-toutes-les-actualites","tag-africa-press-2","tag-africa-press-senegal","tag-cameroun","tag-can2021","tag-patrick-viera","tag-senegal-2"],"yoast_head":"<!-- This site is optimized with the Yoast SEO Premium plugin v26.1 (Yoast SEO v27.0) - https:\/\/yoast.com\/product\/yoast-seo-premium-wordpress\/ -->\n<title>Patrick Vieira d\u00e9fend la CAN : &quot;Ce tournoi doit \u00eatre plus respect\u00e9&quot; - Senegal<\/title>\n<meta name=\"description\" content=\"Alors que la Coupe d&#039;Afrique des Nations 2021 (report\u00e9e du 9 janvier au 6 f\u00e9vrier 2022 en raison de la pand\u00e9mie de Covid ...\" \/>\n<meta name=\"robots\" content=\"index, follow, max-snippet:-1, max-image-preview:large, max-video-preview:-1\" \/>\n<link rel=\"canonical\" href=\"https:\/\/www.africa-press.net\/senegal\/sports\/patrick-vieira-defend-la-can-ce-tournoi-doit-etre-plus-respecte\" \/>\n<meta property=\"og:locale\" content=\"fr_FR\" \/>\n<meta property=\"og:type\" content=\"article\" \/>\n<meta property=\"og:title\" content=\"Patrick Vieira d\u00e9fend la CAN : &quot;Ce tournoi doit \u00eatre plus respect\u00e9&quot;\" \/>\n<meta property=\"og:description\" content=\"Alors que la Coupe d&#039;Afrique des Nations 2021 (report\u00e9e du 9 janvier au 6 f\u00e9vrier 2022 en raison de la pand\u00e9mie de Covid ...\" \/>\n<meta property=\"og:url\" content=\"https:\/\/www.africa-press.net\/senegal\/sports\/patrick-vieira-defend-la-can-ce-tournoi-doit-etre-plus-respecte\" \/>\n<meta property=\"og:site_name\" content=\"Senegal\" \/>\n<meta property=\"article:published_time\" content=\"2021-12-26T08:04:11+00:00\" \/>\n<meta property=\"article:modified_time\" content=\"2021-12-26T08:38:42+00:00\" \/>\n<meta property=\"og:image\" content=\"https:\/\/static.africa-press.net\/senegal\/sites\/13\/2021\/12\/img-61c829fc65679.jpg\" \/>\n\t<meta property=\"og:image:width\" content=\"720\" \/>\n\t<meta property=\"og:image:height\" content=\"350\" \/>\n\t<meta property=\"og:image:type\" content=\"image\/jpeg\" \/>\n<meta name=\"author\" content=\"cfeditorfr\" \/>\n<meta name=\"twitter:card\" content=\"summary_large_image\" \/>\n<meta name=\"twitter:label1\" content=\"\u00c9crit par\" \/>\n\t<meta name=\"twitter:data1\" content=\"cfeditorfr\" \/>\n\t<meta name=\"twitter:label2\" content=\"Dur\u00e9e de lecture estim\u00e9e\" \/>\n\t<meta name=\"twitter:data2\" content=\"1 minute\" \/>\n<script type=\"application\/ld+json\" class=\"yoast-schema-graph\">{\"@context\":\"https:\/\/schema.org\",\"@graph\":[{\"@type\":\"Article\",\"@id\":\"https:\/\/www.africa-press.net\/senegal\/sports\/patrick-vieira-defend-la-can-ce-tournoi-doit-etre-plus-respecte#article\",\"isPartOf\":{\"@id\":\"https:\/\/www.africa-press.net\/senegal\/sports\/patrick-vieira-defend-la-can-ce-tournoi-doit-etre-plus-respecte\"},\"author\":{\"name\":\"cfeditorfr\",\"@id\":\"https:\/\/www.africa-press.net\/senegal\/#\/schema\/person\/2b1cf3cd81a31e3cd26889ca66d677f1\"},\"headline\":\"Patrick Vieira d\u00e9fend la CAN : \u00ab\u00a0Ce tournoi doit \u00eatre plus respect\u00e9\u00a0\u00bb\",\"datePublished\":\"2021-12-26T08:04:11+00:00\",\"dateModified\":\"2021-12-26T08:38:42+00:00\",\"mainEntityOfPage\":{\"@id\":\"https:\/\/www.africa-press.net\/senegal\/sports\/patrick-vieira-defend-la-can-ce-tournoi-doit-etre-plus-respecte\"},\"wordCount\":195,\"commentCount\":0,\"image\":{\"@id\":\"https:\/\/www.africa-press.net\/senegal\/sports\/patrick-vieira-defend-la-can-ce-tournoi-doit-etre-plus-respecte#primaryimage\"},\"thumbnailUrl\":\"https:\/\/static.africa-press.net\/senegal\/sites\/13\/2021\/12\/img-61c829fc65679.jpg\",\"keywords\":[\"Africa Press\",\"Africa Press-Senegal\",\"Cameroun\",\"CAN2021\",\"Patrick Viera\",\"Senegal\"],\"articleSection\":[\"homepage-french\",\"Sports\",\"Toutes les actualit\u00e9s\"],\"inLanguage\":\"fr-FR\",\"potentialAction\":[{\"@type\":\"CommentAction\",\"name\":\"Comment\",\"target\":[\"https:\/\/www.africa-press.net\/senegal\/sports\/patrick-vieira-defend-la-can-ce-tournoi-doit-etre-plus-respecte#respond\"]}]},{\"@type\":\"WebPage\",\"@id\":\"https:\/\/www.africa-press.net\/senegal\/sports\/patrick-vieira-defend-la-can-ce-tournoi-doit-etre-plus-respecte\",\"url\":\"https:\/\/www.africa-press.net\/senegal\/sports\/patrick-vieira-defend-la-can-ce-tournoi-doit-etre-plus-respecte\",\"name\":\"Patrick Vieira d\u00e9fend la CAN : \\\"Ce tournoi doit \u00eatre plus respect\u00e9\\\" - Senegal\",\"isPartOf\":{\"@id\":\"https:\/\/www.africa-press.net\/senegal\/#website\"},\"primaryImageOfPage\":{\"@id\":\"https:\/\/www.africa-press.net\/senegal\/sports\/patrick-vieira-defend-la-can-ce-tournoi-doit-etre-plus-respecte#primaryimage\"},\"image\":{\"@id\":\"https:\/\/www.africa-press.net\/senegal\/sports\/patrick-vieira-defend-la-can-ce-tournoi-doit-etre-plus-respecte#primaryimage\"},\"thumbnailUrl\":\"https:\/\/static.africa-press.net\/senegal\/sites\/13\/2021\/12\/img-61c829fc65679.jpg\",\"datePublished\":\"2021-12-26T08:04:11+00:00\",\"dateModified\":\"2021-12-26T08:38:42+00:00\",\"author\":{\"@id\":\"https:\/\/www.africa-press.net\/senegal\/#\/schema\/person\/2b1cf3cd81a31e3cd26889ca66d677f1\"},\"description\":\"Alors que la Coupe d'Afrique des Nations 2021 (report\u00e9e du 9 janvier au 6 f\u00e9vrier 2022 en raison de la pand\u00e9mie de Covid ...\",\"breadcrumb\":{\"@id\":\"https:\/\/www.africa-press.net\/senegal\/sports\/patrick-vieira-defend-la-can-ce-tournoi-doit-etre-plus-respecte#breadcrumb\"},\"inLanguage\":\"fr-FR\",\"potentialAction\":[{\"@type\":\"ReadAction\",\"target\":[\"https:\/\/www.africa-press.net\/senegal\/sports\/patrick-vieira-defend-la-can-ce-tournoi-doit-etre-plus-respecte\"]}]},{\"@type\":\"ImageObject\",\"inLanguage\":\"fr-FR\",\"@id\":\"https:\/\/www.africa-press.net\/senegal\/sports\/patrick-vieira-defend-la-can-ce-tournoi-doit-etre-plus-respecte#primaryimage\",\"url\":\"https:\/\/static.africa-press.net\/senegal\/sites\/13\/2021\/12\/img-61c829fc65679.jpg\",\"contentUrl\":\"https:\/\/static.africa-press.net\/senegal\/sites\/13\/2021\/12\/img-61c829fc65679.jpg\",\"width\":720,\"height\":350,\"caption\":\"Patrick Vieira d\u00e9fend la CAN : \\\"Ce tournoi doit \u00eatre plus respect\u00e9\\\"\"},{\"@type\":\"BreadcrumbList\",\"@id\":\"https:\/\/www.africa-press.net\/senegal\/sports\/patrick-vieira-defend-la-can-ce-tournoi-doit-etre-plus-respecte#breadcrumb\",\"itemListElement\":[{\"@type\":\"ListItem\",\"position\":1,\"name\":\"Accueil\",\"item\":\"https:\/\/www.africa-press.net\/senegal\/\"},{\"@type\":\"ListItem\",\"position\":2,\"name\":\"Patrick Vieira d\u00e9fend la CAN : &#8220;Ce tournoi doit \u00eatre plus respect\u00e9&#8221;\"}]},{\"@type\":\"WebSite\",\"@id\":\"https:\/\/www.africa-press.net\/senegal\/#website\",\"url\":\"https:\/\/www.africa-press.net\/senegal\/\",\"name\":\"Africa Press | Senegal | Homepage\",\"description\":\"Just another Africa News Agency Sites site\",\"potentialAction\":[{\"@type\":\"SearchAction\",\"target\":{\"@type\":\"EntryPoint\",\"urlTemplate\":\"https:\/\/www.africa-press.net\/senegal\/?s={search_term_string}\"},\"query-input\":{\"@type\":\"PropertyValueSpecification\",\"valueRequired\":true,\"valueName\":\"search_term_string\"}}],\"inLanguage\":\"fr-FR\"},{\"@type\":\"Person\",\"@id\":\"https:\/\/www.africa-press.net\/senegal\/#\/schema\/person\/2b1cf3cd81a31e3cd26889ca66d677f1\",\"name\":\"cfeditorfr\",\"url\":\"https:\/\/www.africa-press.net\/senegal\/author\/cfeditorfr\"}]}<\/script>\n<!-- \/ Yoast SEO Premium plugin. -->","yoast_head_json":{"title":"Patrick Vieira d\u00e9fend la CAN : \"Ce tournoi doit \u00eatre plus respect\u00e9\" - Senegal","description":"Alors que la Coupe d'Afrique des Nations 2021 (report\u00e9e du 9 janvier au 6 f\u00e9vrier 2022 en raison de la pand\u00e9mie de Covid ...","robots":{"index":"index","follow":"follow","max-snippet":"max-snippet:-1","max-image-preview":"max-image-preview:large","max-video-preview":"max-video-preview:-1"},"canonical":"https:\/\/www.africa-press.net\/senegal\/sports\/patrick-vieira-defend-la-can-ce-tournoi-doit-etre-plus-respecte","og_locale":"fr_FR","og_type":"article","og_title":"Patrick Vieira d\u00e9fend la CAN : \"Ce tournoi doit \u00eatre plus respect\u00e9\"","og_description":"Alors que la Coupe d'Afrique des Nations 2021 (report\u00e9e du 9 janvier au 6 f\u00e9vrier 2022 en raison de la pand\u00e9mie de Covid ...","og_url":"https:\/\/www.africa-press.net\/senegal\/sports\/patrick-vieira-defend-la-can-ce-tournoi-doit-etre-plus-respecte","og_site_name":"Senegal","article_published_time":"2021-12-26T08:04:11+00:00","article_modified_time":"2021-12-26T08:38:42+00:00","og_image":[{"width":720,"height":350,"url":"https:\/\/static.africa-press.net\/senegal\/sites\/13\/2021\/12\/img-61c829fc65679.jpg","type":"image\/jpeg"}],"author":"cfeditorfr","twitter_card":"summary_large_image","twitter_misc":{"\u00c9crit par":"cfeditorfr","Dur\u00e9e de lecture estim\u00e9e":"1 minute"},"schema":{"@context":"https:\/\/schema.org","@graph":[{"@type":"Article","@id":"https:\/\/www.africa-press.net\/senegal\/sports\/patrick-vieira-defend-la-can-ce-tournoi-doit-etre-plus-respecte#article","isPartOf":{"@id":"https:\/\/www.africa-press.net\/senegal\/sports\/patrick-vieira-defend-la-can-ce-tournoi-doit-etre-plus-respecte"},"author":{"name":"cfeditorfr","@id":"https:\/\/www.africa-press.net\/senegal\/#\/schema\/person\/2b1cf3cd81a31e3cd26889ca66d677f1"},"headline":"Patrick Vieira d\u00e9fend la CAN : \u00ab\u00a0Ce tournoi doit \u00eatre plus respect\u00e9\u00a0\u00bb","datePublished":"2021-12-26T08:04:11+00:00","dateModified":"2021-12-26T08:38:42+00:00","mainEntityOfPage":{"@id":"https:\/\/www.africa-press.net\/senegal\/sports\/patrick-vieira-defend-la-can-ce-tournoi-doit-etre-plus-respecte"},"wordCount":195,"commentCount":0,"image":{"@id":"https:\/\/www.africa-press.net\/senegal\/sports\/patrick-vieira-defend-la-can-ce-tournoi-doit-etre-plus-respecte#primaryimage"},"thumbnailUrl":"https:\/\/static.africa-press.net\/senegal\/sites\/13\/2021\/12\/img-61c829fc65679.jpg","keywords":["Africa Press","Africa Press-Senegal","Cameroun","CAN2021","Patrick Viera","Senegal"],"articleSection":["homepage-french","Sports","Toutes les actualit\u00e9s"],"inLanguage":"fr-FR","potentialAction":[{"@type":"CommentAction","name":"Comment","target":["https:\/\/www.africa-press.net\/senegal\/sports\/patrick-vieira-defend-la-can-ce-tournoi-doit-etre-plus-respecte#respond"]}]},{"@type":"WebPage","@id":"https:\/\/www.africa-press.net\/senegal\/sports\/patrick-vieira-defend-la-can-ce-tournoi-doit-etre-plus-respecte","url":"https:\/\/www.africa-press.net\/senegal\/sports\/patrick-vieira-defend-la-can-ce-tournoi-doit-etre-plus-respecte","name":"Patrick Vieira d\u00e9fend la CAN : \"Ce tournoi doit \u00eatre plus respect\u00e9\" - Senegal","isPartOf":{"@id":"https:\/\/www.africa-press.net\/senegal\/#website"},"primaryImageOfPage":{"@id":"https:\/\/www.africa-press.net\/senegal\/sports\/patrick-vieira-defend-la-can-ce-tournoi-doit-etre-plus-respecte#primaryimage"},"image":{"@id":"https:\/\/www.africa-press.net\/senegal\/sports\/patrick-vieira-defend-la-can-ce-tournoi-doit-etre-plus-respecte#primaryimage"},"thumbnailUrl":"https:\/\/static.africa-press.net\/senegal\/sites\/13\/2021\/12\/img-61c829fc65679.jpg","datePublished":"2021-12-26T08:04:11+00:00","dateModified":"2021-12-26T08:38:42+00:00","author":{"@id":"https:\/\/www.africa-press.net\/senegal\/#\/schema\/person\/2b1cf3cd81a31e3cd26889ca66d677f1"},"description":"Alors que la Coupe d'Afrique des Nations 2021 (report\u00e9e du 9 janvier au 6 f\u00e9vrier 2022 en raison de la pand\u00e9mie de Covid ...","breadcrumb":{"@id":"https:\/\/www.africa-press.net\/senegal\/sports\/patrick-vieira-defend-la-can-ce-tournoi-doit-etre-plus-respecte#breadcrumb"},"inLanguage":"fr-FR","potentialAction":[{"@type":"ReadAction","target":["https:\/\/www.africa-press.net\/senegal\/sports\/patrick-vieira-defend-la-can-ce-tournoi-doit-etre-plus-respecte"]}]},{"@type":"ImageObject","inLanguage":"fr-FR","@id":"https:\/\/www.africa-press.net\/senegal\/sports\/patrick-vieira-defend-la-can-ce-tournoi-doit-etre-plus-respecte#primaryimage","url":"https:\/\/static.africa-press.net\/senegal\/sites\/13\/2021\/12\/img-61c829fc65679.jpg","contentUrl":"https:\/\/static.africa-press.net\/senegal\/sites\/13\/2021\/12\/img-61c829fc65679.jpg","width":720,"height":350,"caption":"Patrick Vieira d\u00e9fend la CAN : \"Ce tournoi doit \u00eatre plus respect\u00e9\""},{"@type":"BreadcrumbList","@id":"https:\/\/www.africa-press.net\/senegal\/sports\/patrick-vieira-defend-la-can-ce-tournoi-doit-etre-plus-respecte#breadcrumb","itemListElement":[{"@type":"ListItem","position":1,"name":"Accueil","item":"https:\/\/www.africa-press.net\/senegal\/"},{"@type":"ListItem","position":2,"name":"Patrick Vieira d\u00e9fend la CAN : &#8220;Ce tournoi doit \u00eatre plus respect\u00e9&#8221;"}]},{"@type":"WebSite","@id":"https:\/\/www.africa-press.net\/senegal\/#website","url":"https:\/\/www.africa-press.net\/senegal\/","name":"Africa Press | Senegal | Homepage","description":"Just another Africa News Agency Sites site","potentialAction":[{"@type":"SearchAction","target":{"@type":"EntryPoint","urlTemplate":"https:\/\/www.africa-press.net\/senegal\/?s={search_term_string}"},"query-input":{"@type":"PropertyValueSpecification","valueRequired":true,"valueName":"search_term_string"}}],"inLanguage":"fr-FR"},{"@type":"Person","@id":"https:\/\/www.africa-press.net\/senegal\/#\/schema\/person\/2b1cf3cd81a31e3cd26889ca66d677f1","name":"cfeditorfr","url":"https:\/\/www.africa-press.net\/senegal\/author\/cfeditorfr"}]}},"_links":{"self":[{"href":"https:\/\/www.africa-press.net\/senegal\/wp-json\/wp\/v2\/posts\/17545","targetHints":{"allow":["GET"]}}],"collection":[{"href":"https:\/\/www.africa-press.net\/senegal\/wp-json\/wp\/v2\/posts"}],"about":[{"href":"https:\/\/www.africa-press.net\/senegal\/wp-json\/wp\/v2\/types\/post"}],"author":[{"embeddable":true,"href":"https:\/\/www.africa-press.net\/senegal\/wp-json\/wp\/v2\/users\/82"}],"replies":[{"embeddable":true,"href":"https:\/\/www.africa-press.net\/senegal\/wp-json\/wp\/v2\/comments?post=17545"}],"version-history":[{"count":0,"href":"https:\/\/www.africa-press.net\/senegal\/wp-json\/wp\/v2\/posts\/17545\/revisions"}],"wp:featuredmedia":[{"embeddable":true,"href":"https:\/\/www.africa-press.net\/senegal\/wp-json\/wp\/v2\/media\/17543"}],"wp:attachment":[{"href":"https:\/\/www.africa-press.net\/senegal\/wp-json\/wp\/v2\/media?parent=17545"}],"wp:term":[{"taxonomy":"category","embeddable":true,"href":"https:\/\/www.africa-press.net\/senegal\/wp-json\/wp\/v2\/categories?post=17545"},{"taxonomy":"post_tag","embeddable":true,"href":"https:\/\/www.africa-press.net\/senegal\/wp-json\/wp\/v2\/tags?post=17545"}],"curies":[{"name":"wp","href":"https:\/\/api.w.org\/{rel}","templated":true}]}}