{"id":19862,"date":"2022-01-30T20:30:06","date_gmt":"2022-01-30T20:30:06","guid":{"rendered":"https:\/\/www.africa-press.net\/senegal\/politique\/can-2022-apres-la-bousculade-mortelle-le-stade-dolembe-rouvre-pour-une-demi-finale-et-la-finale"},"modified":"2022-01-30T21:27:55","modified_gmt":"2022-01-30T21:27:55","slug":"can-2022-apres-la-bousculade-mortelle-le-stade-dolembe-rouvre-pour-une-demi-finale-et-la-finale","status":"publish","type":"post","link":"https:\/\/www.africa-press.net\/senegal\/sports\/can-2022-apres-la-bousculade-mortelle-le-stade-dolembe-rouvre-pour-une-demi-finale-et-la-finale","title":{"rendered":"CAN-2022 : apr\u00e8s la bousculade mortelle, le stade d&rsquo;Olemb\u00e9 rouvre pour une demi-finale et la finale"},"content":{"rendered":"<p><span style=\"color: #ff6600\"><strong>Africa-Press &#8211; Senegal. <\/strong><\/span><b>Le stade d&rsquo;Olemb\u00e9, \u00e0 Yaound\u00e9, va rouvrir pour une demi-finale et la finale de la Coupe d&rsquo;Afrique des nations, a aindiqu\u00e9 la Conf\u00e9d\u00e9ration africaine de football (CAF), dimanche dans un communiqu\u00e9. Cette d\u00e9cision intervient apr\u00e8 que la CAF a re\u00e7u le rapport relatif \u00e0 la bousculade qui a fait huit morts, lundi.<\/b><\/p>\n<p>La Conf\u00e9d\u00e9ration africaine de football (CAF) a rouvert, dimanche 30 janvier, le stade d&rsquo;Olemb\u00e9 \u00e0 Yaound\u00e9 pour la fin de la Coupe d&rsquo;Afrique des nations (CAN) au Cameroun apr\u00e8s avoir re\u00e7u le rapport relatif \u00e0 la bousculade qui a fait huit morts lundi.<\/p>\n<p>\u00ab\u00a0La Commission d&rsquo;organisation de la CAF a d\u00e9cid\u00e9 \u00e0 l&rsquo;unanimit\u00e9 de lever la suspension impos\u00e9e au stade d&rsquo;Olemb\u00e9 et d&rsquo;autoriser l&rsquo;une des demi-finales de la CAN ainsi que le match de la finale \u00e0 se d\u00e9rouler au stade d&rsquo;Olemb\u00e9\u00a0\u00bb, a indiqu\u00e9 la CAF dans un communiqu\u00e9.<\/p>\n<p>\u00ab\u00a0Le rapport a analys\u00e9 les circonstances tragiques qui ont occasionn\u00e9 trente-huit bless\u00e9s et huit morts. Il a en outre soulign\u00e9 les recommandations et les interventions visant \u00e0 garantir qu&rsquo;une trag\u00e9die de cette nature ne se reproduise jamais\u00a0\u00bb, a d\u00e9velopp\u00e9 le communiqu\u00e9.<\/p>\n<p>Il souligne par ailleurs les mesures de s\u00e9curit\u00e9 suppl\u00e9mentaires \u00ab\u00a0mises en \u0153uvre avec succ\u00e8s au stade Ahmadou Ahidjo\u00a0\u00bb de Yaound\u00e9 \u00ab\u00a0lors du match Maroc-Malawi et au stade Japoma\u00a0\u00bb de Douala \u00ab\u00a0lors du match Gambie-Cameroun\u00a0\u00bb, deux quarts de finale de la comp\u00e9tition reine du continent.<\/p>\n<p>La bousculade mortelle, lundi dernier \u00e0 Yaound\u00e9, avant le huiti\u00e8me de finale entre le Cameroun et les Comores est due \u00e0 l&rsquo;ouverture \u00ab\u00a0imprudente\u00a0\u00bb d&rsquo;une porte par les forces de s\u00e9curit\u00e9 \u00ab\u00a0face \u00e0 une mar\u00e9e humaine\u00a0\u00bb, a soulign\u00e9 vendredi devant la presse le ministre camerounais des sports.<\/p>\n<p>La grille de l&rsquo;entr\u00e9e Sud du stade, le lieu du drame, \u00ab\u00a0a \u00e9t\u00e9 momentan\u00e9ment ferm\u00e9e par les forces de maintien de l&rsquo;ordre (&#8230;) face au d\u00e9ferlement de spectateurs (&#8230;) alors que d&rsquo;autres entr\u00e9es \u00e9taient op\u00e9rationnelles\u00a0\u00bb au grand stade d&rsquo;Olemb\u00e9 de la capitale camerounaise, a assur\u00e9 Narcisse Mouelle Kombi devant la presse et dans son rapport.<\/p>\n<p>Mais, \u00ab\u00a0face \u00e0 la pression exerc\u00e9e sur ces grilles, et d\u00e9bord\u00e9s par cette mar\u00e9e humaine, les \u00e9l\u00e9ments de s\u00e9curit\u00e9 en faction ont proc\u00e9d\u00e9 de mani\u00e8re imprudente \u00e0 l&rsquo;ouverture de l&rsquo;entr\u00e9e Sud, provoquant une grande bousculade\u00a0\u00bb qui a abouti \u00e0 la mort de huit personnes, dont un enfant et deux femmes, a poursuivi le ministre.<\/p>\n<p><b>Quart de finale d\u00e9localis\u00e9<\/b><\/p>\n<p>Des t\u00e9moignages concordants recueillis le lendemain du drame par l&rsquo;AFP confirmaient qu&rsquo;une foule compacte s&rsquo;agglutinait contre la grille de l&rsquo;entr\u00e9e Sud que les policiers ont finalement ouverte. Des centaines de personnes se sont engouffr\u00e9es dans cette br\u00e8che, en pi\u00e9tinant des dizaines d&rsquo;autres.<\/p>\n<p>Au lendemain de la trag\u00e9die, le pr\u00e9sident de la CAF, Patrice Motsepe, avait annonc\u00e9 la d\u00e9localisation du quart de finale pr\u00e9vu dimanche du stade d&rsquo;Olemb\u00e9 au deuxi\u00e8me stade de la capitale, Ahmadou Ahidjo.<\/p>\n<p>Il avait aussi annonc\u00e9 que la CAF ne permettrait pas d&rsquo;y jouer d&rsquo;autres rencontres si les autorit\u00e9s camerounaises ne lui pr\u00e9sentaient pas avant vendredi un rapport d&rsquo;enqu\u00eate.<\/p>\n<p>Patrice Motsepe avait d\u00e9j\u00e0 indiqu\u00e9 mardi que la bousculade \u00e9tait li\u00e9e \u00e0 la fermeture d&rsquo;une des grilles d&rsquo;acc\u00e8s au stade. Il avait jug\u00e9 \u00ab\u00a0inexplicable\u00a0\u00bb cette d\u00e9cision. \u00ab\u00a0Si cette porte avait \u00e9t\u00e9 ouverte comme elle aurait d\u00fb l&rsquo;\u00eatre, nous n&rsquo;aurions pas eu le probl\u00e8me que nous avons \u00e0 pr\u00e9sent, ces pertes de vie. Qui a ferm\u00e9 cette porte ? Qui est responsable de cette porte ?\u00a0\u00bb, avait-il martel\u00e9 devant la presse.<\/p>\n<p>Dans son rapport, le ministre des sports camerounais et pr\u00e9sident du comit\u00e9 d&rsquo;organisation de la comp\u00e9tition a \u00e9gren\u00e9 plusieurs mesures pr\u00e9conis\u00e9es par le gouvernement pour faire en sorte que ce type de drame ne puisse plus survenir, au stade d&rsquo;Olemb\u00e9 comme dans les autres: entre autres, davantage de points de filtrage, des acc\u00e8s en zig-zag dans les files menant aux grilles, l&rsquo;augmentation du nombre de portes d&rsquo;entr\u00e9e, l&rsquo;augmentation du nombre des forces de maintien de l&rsquo;ordre et l&rsquo;interdiction aux enfants de moins de 11 ans.<\/p>\n<p><strong>Pour plus d&rsquo;informations et d&rsquo;analyses sur la <a href=\"https:\/\/www.africa-press.net\/senegal\">Senegal<\/a>, suivez <a href=\"https:\/\/www.africa-press.net\/\">Africa-Press<\/a><\/strong><\/p>\n","protected":false},"excerpt":{"rendered":"<p>Africa-Press &#8211; Senegal. Le stade d&rsquo;Olemb\u00e9, \u00e0 Yaound\u00e9, va rouvrir pour une demi-finale et la finale de la Coupe d&rsquo;Afrique des nations, a aindiqu\u00e9 la Conf\u00e9d\u00e9ration africaine de football (CAF), dimanche dans un communiqu\u00e9. Cette d\u00e9cision intervient apr\u00e8 que la CAF a re\u00e7u le rapport relatif \u00e0 la bousculade qui a fait huit morts, lundi. [&hellip;]<\/p>\n","protected":false},"author":82,"featured_media":19861,"comment_status":"open","ping_status":"closed","sticky":false,"template":"","format":"standard","meta":{"footnotes":""},"categories":[11,6,10],"tags":[43,47,3052,3122,135,44,2209],"class_list":["post-19862","post","type-post","status-publish","format-standard","has-post-thumbnail","hentry","category-homepage-french","category-sports","category-toutes-les-actualites","tag-africa-press-2","tag-africa-press-senegal","tag-cameroun","tag-can-2022","tag-football","tag-senegal-2","tag-sport"],"yoast_head":"<!-- This site is optimized with the Yoast SEO Premium plugin v26.1 (Yoast SEO v27.0) - https:\/\/yoast.com\/product\/yoast-seo-premium-wordpress\/ -->\n<title>CAN-2022 : apr\u00e8s la bousculade mortelle, le stade d&#039;Olemb\u00e9 rouvre pour une demi-finale et la finale - Senegal<\/title>\n<meta name=\"description\" content=\"Le stade d&#039;Olemb\u00e9, \u00e0 Yaound\u00e9, va rouvrir pour une demi-finale et la finale de la Coupe d&#039;Afrique des nations, a aindi ...\" \/>\n<meta name=\"robots\" content=\"index, follow, max-snippet:-1, max-image-preview:large, max-video-preview:-1\" \/>\n<link rel=\"canonical\" href=\"https:\/\/www.africa-press.net\/senegal\/sports\/can-2022-apres-la-bousculade-mortelle-le-stade-dolembe-rouvre-pour-une-demi-finale-et-la-finale\" \/>\n<meta property=\"og:locale\" content=\"fr_FR\" \/>\n<meta property=\"og:type\" content=\"article\" \/>\n<meta property=\"og:title\" content=\"CAN-2022 : apr\u00e8s la bousculade mortelle, le stade d&#039;Olemb\u00e9 rouvre pour une demi-finale et la finale\" \/>\n<meta property=\"og:description\" content=\"Le stade d&#039;Olemb\u00e9, \u00e0 Yaound\u00e9, va rouvrir pour une demi-finale et la finale de la Coupe d&#039;Afrique des nations, a aindi ...\" \/>\n<meta property=\"og:url\" content=\"https:\/\/www.africa-press.net\/senegal\/sports\/can-2022-apres-la-bousculade-mortelle-le-stade-dolembe-rouvre-pour-une-demi-finale-et-la-finale\" \/>\n<meta property=\"og:site_name\" content=\"Senegal\" \/>\n<meta property=\"article:published_time\" content=\"2022-01-30T20:30:06+00:00\" \/>\n<meta property=\"article:modified_time\" content=\"2022-01-30T21:27:55+00:00\" \/>\n<meta property=\"og:image\" content=\"https:\/\/static.africa-press.net\/senegal\/sites\/13\/2022\/01\/img-61f702bf9244f.jpg\" \/>\n\t<meta property=\"og:image:width\" content=\"1280\" \/>\n\t<meta property=\"og:image:height\" content=\"720\" \/>\n\t<meta property=\"og:image:type\" content=\"image\/jpeg\" \/>\n<meta name=\"author\" content=\"cfeditorfr\" \/>\n<meta name=\"twitter:card\" content=\"summary_large_image\" \/>\n<meta name=\"twitter:label1\" content=\"\u00c9crit par\" \/>\n\t<meta name=\"twitter:data1\" content=\"cfeditorfr\" \/>\n\t<meta name=\"twitter:label2\" content=\"Dur\u00e9e de lecture estim\u00e9e\" \/>\n\t<meta name=\"twitter:data2\" content=\"3 minutes\" \/>\n<script type=\"application\/ld+json\" class=\"yoast-schema-graph\">{\"@context\":\"https:\/\/schema.org\",\"@graph\":[{\"@type\":\"Article\",\"@id\":\"https:\/\/www.africa-press.net\/senegal\/sports\/can-2022-apres-la-bousculade-mortelle-le-stade-dolembe-rouvre-pour-une-demi-finale-et-la-finale#article\",\"isPartOf\":{\"@id\":\"https:\/\/www.africa-press.net\/senegal\/sports\/can-2022-apres-la-bousculade-mortelle-le-stade-dolembe-rouvre-pour-une-demi-finale-et-la-finale\"},\"author\":{\"name\":\"cfeditorfr\",\"@id\":\"https:\/\/www.africa-press.net\/senegal\/#\/schema\/person\/2b1cf3cd81a31e3cd26889ca66d677f1\"},\"headline\":\"CAN-2022 : apr\u00e8s la bousculade mortelle, le stade d&rsquo;Olemb\u00e9 rouvre pour une demi-finale et la finale\",\"datePublished\":\"2022-01-30T20:30:06+00:00\",\"dateModified\":\"2022-01-30T21:27:55+00:00\",\"mainEntityOfPage\":{\"@id\":\"https:\/\/www.africa-press.net\/senegal\/sports\/can-2022-apres-la-bousculade-mortelle-le-stade-dolembe-rouvre-pour-une-demi-finale-et-la-finale\"},\"wordCount\":754,\"commentCount\":0,\"image\":{\"@id\":\"https:\/\/www.africa-press.net\/senegal\/sports\/can-2022-apres-la-bousculade-mortelle-le-stade-dolembe-rouvre-pour-une-demi-finale-et-la-finale#primaryimage\"},\"thumbnailUrl\":\"https:\/\/static.africa-press.net\/senegal\/sites\/13\/2022\/01\/img-61f702bf9244f.jpg\",\"keywords\":[\"Africa Press\",\"Africa Press-Senegal\",\"Cameroun\",\"CAN-2022\",\"Football\",\"Senegal\",\"Sport\"],\"articleSection\":[\"homepage-french\",\"Sports\",\"Toutes les actualit\u00e9s\"],\"inLanguage\":\"fr-FR\",\"potentialAction\":[{\"@type\":\"CommentAction\",\"name\":\"Comment\",\"target\":[\"https:\/\/www.africa-press.net\/senegal\/sports\/can-2022-apres-la-bousculade-mortelle-le-stade-dolembe-rouvre-pour-une-demi-finale-et-la-finale#respond\"]}]},{\"@type\":\"WebPage\",\"@id\":\"https:\/\/www.africa-press.net\/senegal\/sports\/can-2022-apres-la-bousculade-mortelle-le-stade-dolembe-rouvre-pour-une-demi-finale-et-la-finale\",\"url\":\"https:\/\/www.africa-press.net\/senegal\/sports\/can-2022-apres-la-bousculade-mortelle-le-stade-dolembe-rouvre-pour-une-demi-finale-et-la-finale\",\"name\":\"CAN-2022 : apr\u00e8s la bousculade mortelle, le stade d'Olemb\u00e9 rouvre pour une demi-finale et la finale - Senegal\",\"isPartOf\":{\"@id\":\"https:\/\/www.africa-press.net\/senegal\/#website\"},\"primaryImageOfPage\":{\"@id\":\"https:\/\/www.africa-press.net\/senegal\/sports\/can-2022-apres-la-bousculade-mortelle-le-stade-dolembe-rouvre-pour-une-demi-finale-et-la-finale#primaryimage\"},\"image\":{\"@id\":\"https:\/\/www.africa-press.net\/senegal\/sports\/can-2022-apres-la-bousculade-mortelle-le-stade-dolembe-rouvre-pour-une-demi-finale-et-la-finale#primaryimage\"},\"thumbnailUrl\":\"https:\/\/static.africa-press.net\/senegal\/sites\/13\/2022\/01\/img-61f702bf9244f.jpg\",\"datePublished\":\"2022-01-30T20:30:06+00:00\",\"dateModified\":\"2022-01-30T21:27:55+00:00\",\"author\":{\"@id\":\"https:\/\/www.africa-press.net\/senegal\/#\/schema\/person\/2b1cf3cd81a31e3cd26889ca66d677f1\"},\"description\":\"Le stade d'Olemb\u00e9, \u00e0 Yaound\u00e9, va rouvrir pour une demi-finale et la finale de la Coupe d'Afrique des nations, a aindi ...\",\"breadcrumb\":{\"@id\":\"https:\/\/www.africa-press.net\/senegal\/sports\/can-2022-apres-la-bousculade-mortelle-le-stade-dolembe-rouvre-pour-une-demi-finale-et-la-finale#breadcrumb\"},\"inLanguage\":\"fr-FR\",\"potentialAction\":[{\"@type\":\"ReadAction\",\"target\":[\"https:\/\/www.africa-press.net\/senegal\/sports\/can-2022-apres-la-bousculade-mortelle-le-stade-dolembe-rouvre-pour-une-demi-finale-et-la-finale\"]}]},{\"@type\":\"ImageObject\",\"inLanguage\":\"fr-FR\",\"@id\":\"https:\/\/www.africa-press.net\/senegal\/sports\/can-2022-apres-la-bousculade-mortelle-le-stade-dolembe-rouvre-pour-une-demi-finale-et-la-finale#primaryimage\",\"url\":\"https:\/\/static.africa-press.net\/senegal\/sites\/13\/2022\/01\/img-61f702bf9244f.jpg\",\"contentUrl\":\"https:\/\/static.africa-press.net\/senegal\/sites\/13\/2022\/01\/img-61f702bf9244f.jpg\",\"width\":1280,\"height\":720,\"caption\":\"CAN-2022 : apr\u00e8s la bousculade mortelle, le stade d'Olemb\u00e9 rouvre pour une demi-finale et la finale\"},{\"@type\":\"BreadcrumbList\",\"@id\":\"https:\/\/www.africa-press.net\/senegal\/sports\/can-2022-apres-la-bousculade-mortelle-le-stade-dolembe-rouvre-pour-une-demi-finale-et-la-finale#breadcrumb\",\"itemListElement\":[{\"@type\":\"ListItem\",\"position\":1,\"name\":\"Accueil\",\"item\":\"https:\/\/www.africa-press.net\/senegal\/\"},{\"@type\":\"ListItem\",\"position\":2,\"name\":\"CAN-2022 : apr\u00e8s la bousculade mortelle, le stade d&#8217;Olemb\u00e9 rouvre pour une demi-finale et la finale\"}]},{\"@type\":\"WebSite\",\"@id\":\"https:\/\/www.africa-press.net\/senegal\/#website\",\"url\":\"https:\/\/www.africa-press.net\/senegal\/\",\"name\":\"Africa Press | Senegal | Homepage\",\"description\":\"Just another Africa News Agency Sites site\",\"potentialAction\":[{\"@type\":\"SearchAction\",\"target\":{\"@type\":\"EntryPoint\",\"urlTemplate\":\"https:\/\/www.africa-press.net\/senegal\/?s={search_term_string}\"},\"query-input\":{\"@type\":\"PropertyValueSpecification\",\"valueRequired\":true,\"valueName\":\"search_term_string\"}}],\"inLanguage\":\"fr-FR\"},{\"@type\":\"Person\",\"@id\":\"https:\/\/www.africa-press.net\/senegal\/#\/schema\/person\/2b1cf3cd81a31e3cd26889ca66d677f1\",\"name\":\"cfeditorfr\",\"url\":\"https:\/\/www.africa-press.net\/senegal\/author\/cfeditorfr\"}]}<\/script>\n<!-- \/ Yoast SEO Premium plugin. -->","yoast_head_json":{"title":"CAN-2022 : apr\u00e8s la bousculade mortelle, le stade d'Olemb\u00e9 rouvre pour une demi-finale et la finale - Senegal","description":"Le stade d'Olemb\u00e9, \u00e0 Yaound\u00e9, va rouvrir pour une demi-finale et la finale de la Coupe d'Afrique des nations, a aindi ...","robots":{"index":"index","follow":"follow","max-snippet":"max-snippet:-1","max-image-preview":"max-image-preview:large","max-video-preview":"max-video-preview:-1"},"canonical":"https:\/\/www.africa-press.net\/senegal\/sports\/can-2022-apres-la-bousculade-mortelle-le-stade-dolembe-rouvre-pour-une-demi-finale-et-la-finale","og_locale":"fr_FR","og_type":"article","og_title":"CAN-2022 : apr\u00e8s la bousculade mortelle, le stade d'Olemb\u00e9 rouvre pour une demi-finale et la finale","og_description":"Le stade d'Olemb\u00e9, \u00e0 Yaound\u00e9, va rouvrir pour une demi-finale et la finale de la Coupe d'Afrique des nations, a aindi ...","og_url":"https:\/\/www.africa-press.net\/senegal\/sports\/can-2022-apres-la-bousculade-mortelle-le-stade-dolembe-rouvre-pour-une-demi-finale-et-la-finale","og_site_name":"Senegal","article_published_time":"2022-01-30T20:30:06+00:00","article_modified_time":"2022-01-30T21:27:55+00:00","og_image":[{"width":1280,"height":720,"url":"https:\/\/static.africa-press.net\/senegal\/sites\/13\/2022\/01\/img-61f702bf9244f.jpg","type":"image\/jpeg"}],"author":"cfeditorfr","twitter_card":"summary_large_image","twitter_misc":{"\u00c9crit par":"cfeditorfr","Dur\u00e9e de lecture estim\u00e9e":"3 minutes"},"schema":{"@context":"https:\/\/schema.org","@graph":[{"@type":"Article","@id":"https:\/\/www.africa-press.net\/senegal\/sports\/can-2022-apres-la-bousculade-mortelle-le-stade-dolembe-rouvre-pour-une-demi-finale-et-la-finale#article","isPartOf":{"@id":"https:\/\/www.africa-press.net\/senegal\/sports\/can-2022-apres-la-bousculade-mortelle-le-stade-dolembe-rouvre-pour-une-demi-finale-et-la-finale"},"author":{"name":"cfeditorfr","@id":"https:\/\/www.africa-press.net\/senegal\/#\/schema\/person\/2b1cf3cd81a31e3cd26889ca66d677f1"},"headline":"CAN-2022 : apr\u00e8s la bousculade mortelle, le stade d&rsquo;Olemb\u00e9 rouvre pour une demi-finale et la finale","datePublished":"2022-01-30T20:30:06+00:00","dateModified":"2022-01-30T21:27:55+00:00","mainEntityOfPage":{"@id":"https:\/\/www.africa-press.net\/senegal\/sports\/can-2022-apres-la-bousculade-mortelle-le-stade-dolembe-rouvre-pour-une-demi-finale-et-la-finale"},"wordCount":754,"commentCount":0,"image":{"@id":"https:\/\/www.africa-press.net\/senegal\/sports\/can-2022-apres-la-bousculade-mortelle-le-stade-dolembe-rouvre-pour-une-demi-finale-et-la-finale#primaryimage"},"thumbnailUrl":"https:\/\/static.africa-press.net\/senegal\/sites\/13\/2022\/01\/img-61f702bf9244f.jpg","keywords":["Africa Press","Africa Press-Senegal","Cameroun","CAN-2022","Football","Senegal","Sport"],"articleSection":["homepage-french","Sports","Toutes les actualit\u00e9s"],"inLanguage":"fr-FR","potentialAction":[{"@type":"CommentAction","name":"Comment","target":["https:\/\/www.africa-press.net\/senegal\/sports\/can-2022-apres-la-bousculade-mortelle-le-stade-dolembe-rouvre-pour-une-demi-finale-et-la-finale#respond"]}]},{"@type":"WebPage","@id":"https:\/\/www.africa-press.net\/senegal\/sports\/can-2022-apres-la-bousculade-mortelle-le-stade-dolembe-rouvre-pour-une-demi-finale-et-la-finale","url":"https:\/\/www.africa-press.net\/senegal\/sports\/can-2022-apres-la-bousculade-mortelle-le-stade-dolembe-rouvre-pour-une-demi-finale-et-la-finale","name":"CAN-2022 : apr\u00e8s la bousculade mortelle, le stade d'Olemb\u00e9 rouvre pour une demi-finale et la finale - Senegal","isPartOf":{"@id":"https:\/\/www.africa-press.net\/senegal\/#website"},"primaryImageOfPage":{"@id":"https:\/\/www.africa-press.net\/senegal\/sports\/can-2022-apres-la-bousculade-mortelle-le-stade-dolembe-rouvre-pour-une-demi-finale-et-la-finale#primaryimage"},"image":{"@id":"https:\/\/www.africa-press.net\/senegal\/sports\/can-2022-apres-la-bousculade-mortelle-le-stade-dolembe-rouvre-pour-une-demi-finale-et-la-finale#primaryimage"},"thumbnailUrl":"https:\/\/static.africa-press.net\/senegal\/sites\/13\/2022\/01\/img-61f702bf9244f.jpg","datePublished":"2022-01-30T20:30:06+00:00","dateModified":"2022-01-30T21:27:55+00:00","author":{"@id":"https:\/\/www.africa-press.net\/senegal\/#\/schema\/person\/2b1cf3cd81a31e3cd26889ca66d677f1"},"description":"Le stade d'Olemb\u00e9, \u00e0 Yaound\u00e9, va rouvrir pour une demi-finale et la finale de la Coupe d'Afrique des nations, a aindi ...","breadcrumb":{"@id":"https:\/\/www.africa-press.net\/senegal\/sports\/can-2022-apres-la-bousculade-mortelle-le-stade-dolembe-rouvre-pour-une-demi-finale-et-la-finale#breadcrumb"},"inLanguage":"fr-FR","potentialAction":[{"@type":"ReadAction","target":["https:\/\/www.africa-press.net\/senegal\/sports\/can-2022-apres-la-bousculade-mortelle-le-stade-dolembe-rouvre-pour-une-demi-finale-et-la-finale"]}]},{"@type":"ImageObject","inLanguage":"fr-FR","@id":"https:\/\/www.africa-press.net\/senegal\/sports\/can-2022-apres-la-bousculade-mortelle-le-stade-dolembe-rouvre-pour-une-demi-finale-et-la-finale#primaryimage","url":"https:\/\/static.africa-press.net\/senegal\/sites\/13\/2022\/01\/img-61f702bf9244f.jpg","contentUrl":"https:\/\/static.africa-press.net\/senegal\/sites\/13\/2022\/01\/img-61f702bf9244f.jpg","width":1280,"height":720,"caption":"CAN-2022 : apr\u00e8s la bousculade mortelle, le stade d'Olemb\u00e9 rouvre pour une demi-finale et la finale"},{"@type":"BreadcrumbList","@id":"https:\/\/www.africa-press.net\/senegal\/sports\/can-2022-apres-la-bousculade-mortelle-le-stade-dolembe-rouvre-pour-une-demi-finale-et-la-finale#breadcrumb","itemListElement":[{"@type":"ListItem","position":1,"name":"Accueil","item":"https:\/\/www.africa-press.net\/senegal\/"},{"@type":"ListItem","position":2,"name":"CAN-2022 : apr\u00e8s la bousculade mortelle, le stade d&#8217;Olemb\u00e9 rouvre pour une demi-finale et la finale"}]},{"@type":"WebSite","@id":"https:\/\/www.africa-press.net\/senegal\/#website","url":"https:\/\/www.africa-press.net\/senegal\/","name":"Africa Press | Senegal | Homepage","description":"Just another Africa News Agency Sites site","potentialAction":[{"@type":"SearchAction","target":{"@type":"EntryPoint","urlTemplate":"https:\/\/www.africa-press.net\/senegal\/?s={search_term_string}"},"query-input":{"@type":"PropertyValueSpecification","valueRequired":true,"valueName":"search_term_string"}}],"inLanguage":"fr-FR"},{"@type":"Person","@id":"https:\/\/www.africa-press.net\/senegal\/#\/schema\/person\/2b1cf3cd81a31e3cd26889ca66d677f1","name":"cfeditorfr","url":"https:\/\/www.africa-press.net\/senegal\/author\/cfeditorfr"}]}},"_links":{"self":[{"href":"https:\/\/www.africa-press.net\/senegal\/wp-json\/wp\/v2\/posts\/19862","targetHints":{"allow":["GET"]}}],"collection":[{"href":"https:\/\/www.africa-press.net\/senegal\/wp-json\/wp\/v2\/posts"}],"about":[{"href":"https:\/\/www.africa-press.net\/senegal\/wp-json\/wp\/v2\/types\/post"}],"author":[{"embeddable":true,"href":"https:\/\/www.africa-press.net\/senegal\/wp-json\/wp\/v2\/users\/82"}],"replies":[{"embeddable":true,"href":"https:\/\/www.africa-press.net\/senegal\/wp-json\/wp\/v2\/comments?post=19862"}],"version-history":[{"count":0,"href":"https:\/\/www.africa-press.net\/senegal\/wp-json\/wp\/v2\/posts\/19862\/revisions"}],"wp:featuredmedia":[{"embeddable":true,"href":"https:\/\/www.africa-press.net\/senegal\/wp-json\/wp\/v2\/media\/19861"}],"wp:attachment":[{"href":"https:\/\/www.africa-press.net\/senegal\/wp-json\/wp\/v2\/media?parent=19862"}],"wp:term":[{"taxonomy":"category","embeddable":true,"href":"https:\/\/www.africa-press.net\/senegal\/wp-json\/wp\/v2\/categories?post=19862"},{"taxonomy":"post_tag","embeddable":true,"href":"https:\/\/www.africa-press.net\/senegal\/wp-json\/wp\/v2\/tags?post=19862"}],"curies":[{"name":"wp","href":"https:\/\/api.w.org\/{rel}","templated":true}]}}