{"id":21133,"date":"2022-02-22T23:09:22","date_gmt":"2022-02-22T23:09:22","guid":{"rendered":"https:\/\/www.africa-press.net\/senegal\/politique\/macky-sall-reaffirme-la-poursuite-du-travail-de-rehabilitation-des-infrastructures-sportives"},"modified":"2022-02-22T23:46:07","modified_gmt":"2022-02-22T23:46:07","slug":"macky-sall-reaffirme-la-poursuite-du-travail-de-rehabilitation-des-infrastructures-sportives","status":"publish","type":"post","link":"https:\/\/www.africa-press.net\/senegal\/politique\/macky-sall-reaffirme-la-poursuite-du-travail-de-rehabilitation-des-infrastructures-sportives","title":{"rendered":"Macky Sall r\u00e9affirme la poursuite du travail de r\u00e9habilitation des infrastructures sportives"},"content":{"rendered":"<p><span style=\"color: #ff6600\"><strong>Africa-Press &#8211; Senegal. <\/strong><\/span>Le chef de l\u2019Etat a r\u00e9affirm\u00e9, mardi, \u00e0 Diamniadio, la volont\u00e9 du gouvernement de poursuivre la r\u00e9habilitation des infrastructures sportives \u00e0 Dakar et dans les r\u00e9gions.<\/p>\n<p>\u2019\u2019En plus de ce joyau, Dakar Arena et l\u2019Ar\u00e8ne nationale de lutte, nous avons en cours le programme de rehabilitaton de la piscine olympique de Dakar, des Stades L\u00e9opold S\u00e9dar Senghor, Demba Diop, Iba Mar Diop,le stade de Diourbel, le stade de Kaolack et le stade de ziguinchor\u2019\u2019, a dit Macky Sall.<\/p>\n<p>Le chef de l\u2019Etat s\u2019exprimait \u00e0 la c\u00e9r\u00e9monie d\u2019inauguration du Stade du Me Abdoulaye Wade aux c\u00f4t\u00e9s de ses homologues de l\u2019Allemagne, Frank-Walter Steinmeier, du Rwanda, Paul Kagame, de la Turquie, Recep Tayyim Erdogan, du Liberia George Weah, de la Gambie, Adama Barrow et de la Guin\u00e9e-Bissau, Umaru Sissoko Embalo.<\/p>\n<p>Le Stade du S\u00e9n\u00e9gal qui porte le nom de l\u2019ancien pr\u00e9sident s\u00e9n\u00e9galais Abdoulaye Wade a \u00e9t\u00e9 construit en dix-sept mois par une entreprise turque.<\/p>\n<p>Pour Macky Sall, cette infrastructure est une invite \u00e0 \u2019\u2019poursuivre le chemin vers l\u2019excellence\u2019\u2019.<\/p>\n<p>Il a expliqu\u00e9 avoir donn\u00e9 le nom du Stade \u00e0 son pr\u00e9d\u00e9cesseur en hommage \u00e0 son parcours multidimensionnel, d\u2019intellectuel, de panafricaniste, d\u2019homme politique et d\u2019ancien pr\u00e9sident.<\/p>\n<p>Macky Sall a remerci\u00e9 les partenaires financiers qui ont particip\u00e9 \u00e0 la construction du Stade.<\/p>\n<p><strong>Pour plus d&rsquo;informations et d&rsquo;analyses sur la <a href=\"https:\/\/www.africa-press.net\/senegal\">Senegal<\/a>, suivez <a href=\"https:\/\/www.africa-press.net\/\">Africa-Press<\/a><\/strong><\/p>\n","protected":false},"excerpt":{"rendered":"<p>Africa-Press &#8211; Senegal. Le chef de l\u2019Etat a r\u00e9affirm\u00e9, mardi, \u00e0 Diamniadio, la volont\u00e9 du gouvernement de poursuivre la r\u00e9habilitation des infrastructures sportives \u00e0 Dakar et dans les r\u00e9gions. \u2019\u2019En plus de ce joyau, Dakar Arena et l\u2019Ar\u00e8ne nationale de lutte, nous avons en cours le programme de rehabilitaton de la piscine olympique de Dakar, [&hellip;]<\/p>\n","protected":false},"author":82,"featured_media":21132,"comment_status":"open","ping_status":"closed","sticky":false,"template":"","format":"standard","meta":{"footnotes":""},"categories":[11,2,6,20,10],"tags":[43,47,42,44],"class_list":["post-21133","post","type-post","status-publish","format-standard","has-post-thumbnail","hentry","category-homepage-french","category-politique","category-sports","category-top-nouvelles","category-toutes-les-actualites","tag-africa-press-2","tag-africa-press-senegal","tag-macky-sall","tag-senegal-2"],"yoast_head":"<!-- This site is optimized with the Yoast SEO Premium plugin v26.1 (Yoast SEO v27.0) - https:\/\/yoast.com\/product\/yoast-seo-premium-wordpress\/ -->\n<title>Macky Sall r\u00e9affirme la poursuite du travail de r\u00e9habilitation des infrastructures sportives - Senegal<\/title>\n<meta name=\"description\" content=\"Le chef de l\u2019Etat a r\u00e9affirm\u00e9, mardi, \u00e0 Diamniadio, la volont\u00e9 du gouvernement de poursuivre la r\u00e9habilitation des infra ...\" \/>\n<meta name=\"robots\" content=\"index, follow, max-snippet:-1, max-image-preview:large, max-video-preview:-1\" \/>\n<link rel=\"canonical\" href=\"https:\/\/www.africa-press.net\/senegal\/politique\/macky-sall-reaffirme-la-poursuite-du-travail-de-rehabilitation-des-infrastructures-sportives\" \/>\n<meta property=\"og:locale\" content=\"fr_FR\" \/>\n<meta property=\"og:type\" content=\"article\" \/>\n<meta property=\"og:title\" content=\"Macky Sall r\u00e9affirme la poursuite du travail de r\u00e9habilitation des infrastructures sportives\" \/>\n<meta property=\"og:description\" content=\"Le chef de l\u2019Etat a r\u00e9affirm\u00e9, mardi, \u00e0 Diamniadio, la volont\u00e9 du gouvernement de poursuivre la r\u00e9habilitation des infra ...\" \/>\n<meta property=\"og:url\" content=\"https:\/\/www.africa-press.net\/senegal\/politique\/macky-sall-reaffirme-la-poursuite-du-travail-de-rehabilitation-des-infrastructures-sportives\" \/>\n<meta property=\"og:site_name\" content=\"Senegal\" \/>\n<meta property=\"article:published_time\" content=\"2022-02-22T23:09:22+00:00\" \/>\n<meta property=\"article:modified_time\" content=\"2022-02-22T23:46:07+00:00\" \/>\n<meta property=\"og:image\" content=\"https:\/\/static.africa-press.net\/senegal\/sites\/13\/2022\/02\/img-621575aaa39fe.jpg\" \/>\n\t<meta property=\"og:image:width\" content=\"540\" \/>\n\t<meta property=\"og:image:height\" content=\"305\" \/>\n\t<meta property=\"og:image:type\" content=\"image\/jpeg\" \/>\n<meta name=\"author\" content=\"cfeditorfr\" \/>\n<meta name=\"twitter:card\" content=\"summary_large_image\" \/>\n<meta name=\"twitter:label1\" content=\"\u00c9crit par\" \/>\n\t<meta name=\"twitter:data1\" content=\"cfeditorfr\" \/>\n\t<meta name=\"twitter:label2\" content=\"Dur\u00e9e de lecture estim\u00e9e\" \/>\n\t<meta name=\"twitter:data2\" content=\"1 minute\" \/>\n<script type=\"application\/ld+json\" class=\"yoast-schema-graph\">{\"@context\":\"https:\/\/schema.org\",\"@graph\":[{\"@type\":\"Article\",\"@id\":\"https:\/\/www.africa-press.net\/senegal\/politique\/macky-sall-reaffirme-la-poursuite-du-travail-de-rehabilitation-des-infrastructures-sportives#article\",\"isPartOf\":{\"@id\":\"https:\/\/www.africa-press.net\/senegal\/politique\/macky-sall-reaffirme-la-poursuite-du-travail-de-rehabilitation-des-infrastructures-sportives\"},\"author\":{\"name\":\"cfeditorfr\",\"@id\":\"https:\/\/www.africa-press.net\/senegal\/#\/schema\/person\/2b1cf3cd81a31e3cd26889ca66d677f1\"},\"headline\":\"Macky Sall r\u00e9affirme la poursuite du travail de r\u00e9habilitation des infrastructures sportives\",\"datePublished\":\"2022-02-22T23:09:22+00:00\",\"dateModified\":\"2022-02-22T23:46:07+00:00\",\"mainEntityOfPage\":{\"@id\":\"https:\/\/www.africa-press.net\/senegal\/politique\/macky-sall-reaffirme-la-poursuite-du-travail-de-rehabilitation-des-infrastructures-sportives\"},\"wordCount\":260,\"commentCount\":0,\"image\":{\"@id\":\"https:\/\/www.africa-press.net\/senegal\/politique\/macky-sall-reaffirme-la-poursuite-du-travail-de-rehabilitation-des-infrastructures-sportives#primaryimage\"},\"thumbnailUrl\":\"https:\/\/static.africa-press.net\/senegal\/sites\/13\/2022\/02\/img-621575aaa39fe.jpg\",\"keywords\":[\"Africa Press\",\"Africa Press-Senegal\",\"Macky Sall\",\"Senegal\"],\"articleSection\":[\"homepage-french\",\"Politique\",\"Sports\",\"Top Nouvelles\",\"Toutes les actualit\u00e9s\"],\"inLanguage\":\"fr-FR\",\"potentialAction\":[{\"@type\":\"CommentAction\",\"name\":\"Comment\",\"target\":[\"https:\/\/www.africa-press.net\/senegal\/politique\/macky-sall-reaffirme-la-poursuite-du-travail-de-rehabilitation-des-infrastructures-sportives#respond\"]}]},{\"@type\":\"WebPage\",\"@id\":\"https:\/\/www.africa-press.net\/senegal\/politique\/macky-sall-reaffirme-la-poursuite-du-travail-de-rehabilitation-des-infrastructures-sportives\",\"url\":\"https:\/\/www.africa-press.net\/senegal\/politique\/macky-sall-reaffirme-la-poursuite-du-travail-de-rehabilitation-des-infrastructures-sportives\",\"name\":\"Macky Sall r\u00e9affirme la poursuite du travail de r\u00e9habilitation des infrastructures sportives - Senegal\",\"isPartOf\":{\"@id\":\"https:\/\/www.africa-press.net\/senegal\/#website\"},\"primaryImageOfPage\":{\"@id\":\"https:\/\/www.africa-press.net\/senegal\/politique\/macky-sall-reaffirme-la-poursuite-du-travail-de-rehabilitation-des-infrastructures-sportives#primaryimage\"},\"image\":{\"@id\":\"https:\/\/www.africa-press.net\/senegal\/politique\/macky-sall-reaffirme-la-poursuite-du-travail-de-rehabilitation-des-infrastructures-sportives#primaryimage\"},\"thumbnailUrl\":\"https:\/\/static.africa-press.net\/senegal\/sites\/13\/2022\/02\/img-621575aaa39fe.jpg\",\"datePublished\":\"2022-02-22T23:09:22+00:00\",\"dateModified\":\"2022-02-22T23:46:07+00:00\",\"author\":{\"@id\":\"https:\/\/www.africa-press.net\/senegal\/#\/schema\/person\/2b1cf3cd81a31e3cd26889ca66d677f1\"},\"description\":\"Le chef de l\u2019Etat a r\u00e9affirm\u00e9, mardi, \u00e0 Diamniadio, la volont\u00e9 du gouvernement de poursuivre la r\u00e9habilitation des infra ...\",\"breadcrumb\":{\"@id\":\"https:\/\/www.africa-press.net\/senegal\/politique\/macky-sall-reaffirme-la-poursuite-du-travail-de-rehabilitation-des-infrastructures-sportives#breadcrumb\"},\"inLanguage\":\"fr-FR\",\"potentialAction\":[{\"@type\":\"ReadAction\",\"target\":[\"https:\/\/www.africa-press.net\/senegal\/politique\/macky-sall-reaffirme-la-poursuite-du-travail-de-rehabilitation-des-infrastructures-sportives\"]}]},{\"@type\":\"ImageObject\",\"inLanguage\":\"fr-FR\",\"@id\":\"https:\/\/www.africa-press.net\/senegal\/politique\/macky-sall-reaffirme-la-poursuite-du-travail-de-rehabilitation-des-infrastructures-sportives#primaryimage\",\"url\":\"https:\/\/static.africa-press.net\/senegal\/sites\/13\/2022\/02\/img-621575aaa39fe.jpg\",\"contentUrl\":\"https:\/\/static.africa-press.net\/senegal\/sites\/13\/2022\/02\/img-621575aaa39fe.jpg\",\"width\":540,\"height\":305,\"caption\":\"Macky Sall r\u00e9affirme la poursuite du travail de r\u00e9habilitation des infrastructures sportives\"},{\"@type\":\"BreadcrumbList\",\"@id\":\"https:\/\/www.africa-press.net\/senegal\/politique\/macky-sall-reaffirme-la-poursuite-du-travail-de-rehabilitation-des-infrastructures-sportives#breadcrumb\",\"itemListElement\":[{\"@type\":\"ListItem\",\"position\":1,\"name\":\"Accueil\",\"item\":\"https:\/\/www.africa-press.net\/senegal\/\"},{\"@type\":\"ListItem\",\"position\":2,\"name\":\"Macky Sall r\u00e9affirme la poursuite du travail de r\u00e9habilitation des infrastructures sportives\"}]},{\"@type\":\"WebSite\",\"@id\":\"https:\/\/www.africa-press.net\/senegal\/#website\",\"url\":\"https:\/\/www.africa-press.net\/senegal\/\",\"name\":\"Africa Press | Senegal | Homepage\",\"description\":\"Just another Africa News Agency Sites site\",\"potentialAction\":[{\"@type\":\"SearchAction\",\"target\":{\"@type\":\"EntryPoint\",\"urlTemplate\":\"https:\/\/www.africa-press.net\/senegal\/?s={search_term_string}\"},\"query-input\":{\"@type\":\"PropertyValueSpecification\",\"valueRequired\":true,\"valueName\":\"search_term_string\"}}],\"inLanguage\":\"fr-FR\"},{\"@type\":\"Person\",\"@id\":\"https:\/\/www.africa-press.net\/senegal\/#\/schema\/person\/2b1cf3cd81a31e3cd26889ca66d677f1\",\"name\":\"cfeditorfr\",\"url\":\"https:\/\/www.africa-press.net\/senegal\/author\/cfeditorfr\"}]}<\/script>\n<!-- \/ Yoast SEO Premium plugin. -->","yoast_head_json":{"title":"Macky Sall r\u00e9affirme la poursuite du travail de r\u00e9habilitation des infrastructures sportives - Senegal","description":"Le chef de l\u2019Etat a r\u00e9affirm\u00e9, mardi, \u00e0 Diamniadio, la volont\u00e9 du gouvernement de poursuivre la r\u00e9habilitation des infra ...","robots":{"index":"index","follow":"follow","max-snippet":"max-snippet:-1","max-image-preview":"max-image-preview:large","max-video-preview":"max-video-preview:-1"},"canonical":"https:\/\/www.africa-press.net\/senegal\/politique\/macky-sall-reaffirme-la-poursuite-du-travail-de-rehabilitation-des-infrastructures-sportives","og_locale":"fr_FR","og_type":"article","og_title":"Macky Sall r\u00e9affirme la poursuite du travail de r\u00e9habilitation des infrastructures sportives","og_description":"Le chef de l\u2019Etat a r\u00e9affirm\u00e9, mardi, \u00e0 Diamniadio, la volont\u00e9 du gouvernement de poursuivre la r\u00e9habilitation des infra ...","og_url":"https:\/\/www.africa-press.net\/senegal\/politique\/macky-sall-reaffirme-la-poursuite-du-travail-de-rehabilitation-des-infrastructures-sportives","og_site_name":"Senegal","article_published_time":"2022-02-22T23:09:22+00:00","article_modified_time":"2022-02-22T23:46:07+00:00","og_image":[{"width":540,"height":305,"url":"https:\/\/static.africa-press.net\/senegal\/sites\/13\/2022\/02\/img-621575aaa39fe.jpg","type":"image\/jpeg"}],"author":"cfeditorfr","twitter_card":"summary_large_image","twitter_misc":{"\u00c9crit par":"cfeditorfr","Dur\u00e9e de lecture estim\u00e9e":"1 minute"},"schema":{"@context":"https:\/\/schema.org","@graph":[{"@type":"Article","@id":"https:\/\/www.africa-press.net\/senegal\/politique\/macky-sall-reaffirme-la-poursuite-du-travail-de-rehabilitation-des-infrastructures-sportives#article","isPartOf":{"@id":"https:\/\/www.africa-press.net\/senegal\/politique\/macky-sall-reaffirme-la-poursuite-du-travail-de-rehabilitation-des-infrastructures-sportives"},"author":{"name":"cfeditorfr","@id":"https:\/\/www.africa-press.net\/senegal\/#\/schema\/person\/2b1cf3cd81a31e3cd26889ca66d677f1"},"headline":"Macky Sall r\u00e9affirme la poursuite du travail de r\u00e9habilitation des infrastructures sportives","datePublished":"2022-02-22T23:09:22+00:00","dateModified":"2022-02-22T23:46:07+00:00","mainEntityOfPage":{"@id":"https:\/\/www.africa-press.net\/senegal\/politique\/macky-sall-reaffirme-la-poursuite-du-travail-de-rehabilitation-des-infrastructures-sportives"},"wordCount":260,"commentCount":0,"image":{"@id":"https:\/\/www.africa-press.net\/senegal\/politique\/macky-sall-reaffirme-la-poursuite-du-travail-de-rehabilitation-des-infrastructures-sportives#primaryimage"},"thumbnailUrl":"https:\/\/static.africa-press.net\/senegal\/sites\/13\/2022\/02\/img-621575aaa39fe.jpg","keywords":["Africa Press","Africa Press-Senegal","Macky Sall","Senegal"],"articleSection":["homepage-french","Politique","Sports","Top Nouvelles","Toutes les actualit\u00e9s"],"inLanguage":"fr-FR","potentialAction":[{"@type":"CommentAction","name":"Comment","target":["https:\/\/www.africa-press.net\/senegal\/politique\/macky-sall-reaffirme-la-poursuite-du-travail-de-rehabilitation-des-infrastructures-sportives#respond"]}]},{"@type":"WebPage","@id":"https:\/\/www.africa-press.net\/senegal\/politique\/macky-sall-reaffirme-la-poursuite-du-travail-de-rehabilitation-des-infrastructures-sportives","url":"https:\/\/www.africa-press.net\/senegal\/politique\/macky-sall-reaffirme-la-poursuite-du-travail-de-rehabilitation-des-infrastructures-sportives","name":"Macky Sall r\u00e9affirme la poursuite du travail de r\u00e9habilitation des infrastructures sportives - Senegal","isPartOf":{"@id":"https:\/\/www.africa-press.net\/senegal\/#website"},"primaryImageOfPage":{"@id":"https:\/\/www.africa-press.net\/senegal\/politique\/macky-sall-reaffirme-la-poursuite-du-travail-de-rehabilitation-des-infrastructures-sportives#primaryimage"},"image":{"@id":"https:\/\/www.africa-press.net\/senegal\/politique\/macky-sall-reaffirme-la-poursuite-du-travail-de-rehabilitation-des-infrastructures-sportives#primaryimage"},"thumbnailUrl":"https:\/\/static.africa-press.net\/senegal\/sites\/13\/2022\/02\/img-621575aaa39fe.jpg","datePublished":"2022-02-22T23:09:22+00:00","dateModified":"2022-02-22T23:46:07+00:00","author":{"@id":"https:\/\/www.africa-press.net\/senegal\/#\/schema\/person\/2b1cf3cd81a31e3cd26889ca66d677f1"},"description":"Le chef de l\u2019Etat a r\u00e9affirm\u00e9, mardi, \u00e0 Diamniadio, la volont\u00e9 du gouvernement de poursuivre la r\u00e9habilitation des infra ...","breadcrumb":{"@id":"https:\/\/www.africa-press.net\/senegal\/politique\/macky-sall-reaffirme-la-poursuite-du-travail-de-rehabilitation-des-infrastructures-sportives#breadcrumb"},"inLanguage":"fr-FR","potentialAction":[{"@type":"ReadAction","target":["https:\/\/www.africa-press.net\/senegal\/politique\/macky-sall-reaffirme-la-poursuite-du-travail-de-rehabilitation-des-infrastructures-sportives"]}]},{"@type":"ImageObject","inLanguage":"fr-FR","@id":"https:\/\/www.africa-press.net\/senegal\/politique\/macky-sall-reaffirme-la-poursuite-du-travail-de-rehabilitation-des-infrastructures-sportives#primaryimage","url":"https:\/\/static.africa-press.net\/senegal\/sites\/13\/2022\/02\/img-621575aaa39fe.jpg","contentUrl":"https:\/\/static.africa-press.net\/senegal\/sites\/13\/2022\/02\/img-621575aaa39fe.jpg","width":540,"height":305,"caption":"Macky Sall r\u00e9affirme la poursuite du travail de r\u00e9habilitation des infrastructures sportives"},{"@type":"BreadcrumbList","@id":"https:\/\/www.africa-press.net\/senegal\/politique\/macky-sall-reaffirme-la-poursuite-du-travail-de-rehabilitation-des-infrastructures-sportives#breadcrumb","itemListElement":[{"@type":"ListItem","position":1,"name":"Accueil","item":"https:\/\/www.africa-press.net\/senegal\/"},{"@type":"ListItem","position":2,"name":"Macky Sall r\u00e9affirme la poursuite du travail de r\u00e9habilitation des infrastructures sportives"}]},{"@type":"WebSite","@id":"https:\/\/www.africa-press.net\/senegal\/#website","url":"https:\/\/www.africa-press.net\/senegal\/","name":"Africa Press | Senegal | Homepage","description":"Just another Africa News Agency Sites site","potentialAction":[{"@type":"SearchAction","target":{"@type":"EntryPoint","urlTemplate":"https:\/\/www.africa-press.net\/senegal\/?s={search_term_string}"},"query-input":{"@type":"PropertyValueSpecification","valueRequired":true,"valueName":"search_term_string"}}],"inLanguage":"fr-FR"},{"@type":"Person","@id":"https:\/\/www.africa-press.net\/senegal\/#\/schema\/person\/2b1cf3cd81a31e3cd26889ca66d677f1","name":"cfeditorfr","url":"https:\/\/www.africa-press.net\/senegal\/author\/cfeditorfr"}]}},"_links":{"self":[{"href":"https:\/\/www.africa-press.net\/senegal\/wp-json\/wp\/v2\/posts\/21133","targetHints":{"allow":["GET"]}}],"collection":[{"href":"https:\/\/www.africa-press.net\/senegal\/wp-json\/wp\/v2\/posts"}],"about":[{"href":"https:\/\/www.africa-press.net\/senegal\/wp-json\/wp\/v2\/types\/post"}],"author":[{"embeddable":true,"href":"https:\/\/www.africa-press.net\/senegal\/wp-json\/wp\/v2\/users\/82"}],"replies":[{"embeddable":true,"href":"https:\/\/www.africa-press.net\/senegal\/wp-json\/wp\/v2\/comments?post=21133"}],"version-history":[{"count":0,"href":"https:\/\/www.africa-press.net\/senegal\/wp-json\/wp\/v2\/posts\/21133\/revisions"}],"wp:featuredmedia":[{"embeddable":true,"href":"https:\/\/www.africa-press.net\/senegal\/wp-json\/wp\/v2\/media\/21132"}],"wp:attachment":[{"href":"https:\/\/www.africa-press.net\/senegal\/wp-json\/wp\/v2\/media?parent=21133"}],"wp:term":[{"taxonomy":"category","embeddable":true,"href":"https:\/\/www.africa-press.net\/senegal\/wp-json\/wp\/v2\/categories?post=21133"},{"taxonomy":"post_tag","embeddable":true,"href":"https:\/\/www.africa-press.net\/senegal\/wp-json\/wp\/v2\/tags?post=21133"}],"curies":[{"name":"wp","href":"https:\/\/api.w.org\/{rel}","templated":true}]}}