{"id":21308,"date":"2022-02-25T22:32:21","date_gmt":"2022-02-25T22:32:21","guid":{"rendered":"https:\/\/www.africa-press.net\/senegal\/politique\/macky-sall-demande-lacceleration-de-la-transformation-du-statut-des-asp"},"modified":"2022-02-25T23:31:29","modified_gmt":"2022-02-25T23:31:29","slug":"macky-sall-demande-lacceleration-de-la-transformation-du-statut-des-asp","status":"publish","type":"post","link":"https:\/\/www.africa-press.net\/senegal\/politique\/macky-sall-demande-lacceleration-de-la-transformation-du-statut-des-asp","title":{"rendered":"Macky Sall demande l\u2019acc\u00e9l\u00e9ration de la transformation du statut des ASP"},"content":{"rendered":"<p><span style=\"color: #ff6600\"><strong>Africa-Press &#8211; Senegal. <\/strong><\/span>Le chef de l\u2019Etat, Macky Sall, a demand\u00e9, jeudi, au ministre de l\u2019Int\u00e9rieur, Antoine F\u00e9lix Abdoulaye Diome, de \u00ab\u00a0prendre toutes les mesures appropri\u00e9es pour acc\u00e9l\u00e9rer la transformation du statut actuel des ASP\u00a0\u00bb (assistants \u00e0 la s\u00e9curit\u00e9 de proximit\u00e9).<\/p>\n<p>Le pr\u00e9sident Sall a exprim\u00e9 cette demande lors du conseil des ministres, une r\u00e9union \u00e0 l\u2019occasion de laquelle il a \u00e9voqu\u00e9 \u00ab\u00a0l\u2019encadrement du volontariat et la situation\u00a0\u00bb des ASP.<\/p>\n<p>Les ASP ont manifest\u00e9 il y a quelques jours, notamment dans les r\u00e9gions de Dakar, Kaolack, Kolda et Ziguinchor, pour r\u00e9clamer de meilleures conditions, ainsi que leur int\u00e9gration dans la fonction publique, \u00e0 d\u00e9faut de la cr\u00e9ation d\u2019un corps sp\u00e9cial pour les accueillir.<\/p>\n<p>Plusieurs d\u2019entre eux avaient \u00e9t\u00e9 radi\u00e9s par la Direction g\u00e9n\u00e9rale de l\u2019Agence d\u2019assistance \u00e0 la s\u00e9curit\u00e9 de proximit\u00e9, qui a finalement d\u00e9cid\u00e9 de les r\u00e9int\u00e9grer \u00e0 la suite de la m\u00e9diation du chef religieux Serigne Habib Sakho.<\/p>\n<p>Le 12 janvier dernier, le chef de l\u2019Etat avait d\u00e9cid\u00e9 de \u2019\u2019prolonger, d\u2019une ann\u00e9e, \u00e0 compter du 1er janvier 2022, l\u2019engagement\u2019\u2019 des ASP.<\/p>\n<p>Il avait, dans la foul\u00e9e, demand\u00e9 au ministre de l\u2019Int\u00e9rieur de \u2019\u2019finaliser, au plus tard en fin juin 2022, l\u2019entr\u00e9e en vigueur du nouveau statut des ASP\u2019\u2019.<\/p>\n<p>En ao\u00fbt dernier, le directeur g\u00e9n\u00e9ral de l\u2019Agence d\u2019assistance \u00e0 la s\u00e9curit\u00e9 de proximit\u00e9, Birame Faye, annon\u00e7ait que son agence allait mettra en place \u2019\u2019sous peu\u2019\u2019, \u00ab\u00a0un corps sp\u00e9cial\u2019\u2019.<\/p>\n<p>\u00ab\u00a0Sous peu, conform\u00e9ment \u00e0 l\u2019instruction donn\u00e9e par le chef de l\u2019Etat, nous allons mettre en place effectivement ce corps sp\u00e9cial, au profit de ces jeunes engag\u00e9s civils volontaires\u2019\u2019, avait notamment dit M. Faye, au terme d\u2019un comit\u00e9 d\u00e9partemental de d\u00e9veloppement (CDD) \u00e0 Thi\u00e8s.<\/p>\n<p><strong>Pour plus d&rsquo;informations et d&rsquo;analyses sur la <a href=\"https:\/\/www.africa-press.net\/senegal\">Senegal<\/a>, suivez <a href=\"https:\/\/www.africa-press.net\/\">Africa-Press<\/a><\/strong><\/p>\n","protected":false},"excerpt":{"rendered":"<p>Africa-Press &#8211; Senegal. Le chef de l\u2019Etat, Macky Sall, a demand\u00e9, jeudi, au ministre de l\u2019Int\u00e9rieur, Antoine F\u00e9lix Abdoulaye Diome, de \u00ab\u00a0prendre toutes les mesures appropri\u00e9es pour acc\u00e9l\u00e9rer la transformation du statut actuel des ASP\u00a0\u00bb (assistants \u00e0 la s\u00e9curit\u00e9 de proximit\u00e9). Le pr\u00e9sident Sall a exprim\u00e9 cette demande lors du conseil des ministres, une r\u00e9union [&hellip;]<\/p>\n","protected":false},"author":82,"featured_media":21307,"comment_status":"open","ping_status":"closed","sticky":false,"template":"","format":"standard","meta":{"footnotes":""},"categories":[11,2,10],"tags":[43,47,42,44],"class_list":["post-21308","post","type-post","status-publish","format-standard","has-post-thumbnail","hentry","category-homepage-french","category-politique","category-toutes-les-actualites","tag-africa-press-2","tag-africa-press-senegal","tag-macky-sall","tag-senegal-2"],"yoast_head":"<!-- This site is optimized with the Yoast SEO Premium plugin v26.1 (Yoast SEO v27.0) - https:\/\/yoast.com\/product\/yoast-seo-premium-wordpress\/ -->\n<title>Macky Sall demande l\u2019acc\u00e9l\u00e9ration de la transformation du statut des ASP - Senegal<\/title>\n<meta name=\"description\" content=\"Le chef de l\u2019Etat, Macky Sall, a demand\u00e9, jeudi, au ministre de l\u2019Int\u00e9rieur, Antoine F\u00e9lix Abdoulaye Diome, de &quot;prendre ...\" \/>\n<meta name=\"robots\" content=\"index, follow, max-snippet:-1, max-image-preview:large, max-video-preview:-1\" \/>\n<link rel=\"canonical\" href=\"https:\/\/www.africa-press.net\/senegal\/politique\/macky-sall-demande-lacceleration-de-la-transformation-du-statut-des-asp\" \/>\n<meta property=\"og:locale\" content=\"fr_FR\" \/>\n<meta property=\"og:type\" content=\"article\" \/>\n<meta property=\"og:title\" content=\"Macky Sall demande l\u2019acc\u00e9l\u00e9ration de la transformation du statut des ASP\" \/>\n<meta property=\"og:description\" content=\"Le chef de l\u2019Etat, Macky Sall, a demand\u00e9, jeudi, au ministre de l\u2019Int\u00e9rieur, Antoine F\u00e9lix Abdoulaye Diome, de &quot;prendre ...\" \/>\n<meta property=\"og:url\" content=\"https:\/\/www.africa-press.net\/senegal\/politique\/macky-sall-demande-lacceleration-de-la-transformation-du-statut-des-asp\" \/>\n<meta property=\"og:site_name\" content=\"Senegal\" \/>\n<meta property=\"article:published_time\" content=\"2022-02-25T22:32:21+00:00\" \/>\n<meta property=\"article:modified_time\" content=\"2022-02-25T23:31:29+00:00\" \/>\n<meta property=\"og:image\" content=\"https:\/\/static.africa-press.net\/senegal\/sites\/13\/2022\/02\/img-621966baed7fc.jpg\" \/>\n\t<meta property=\"og:image:width\" content=\"540\" \/>\n\t<meta property=\"og:image:height\" content=\"305\" \/>\n\t<meta property=\"og:image:type\" content=\"image\/jpeg\" \/>\n<meta name=\"author\" content=\"cfeditorfr\" \/>\n<meta name=\"twitter:card\" content=\"summary_large_image\" \/>\n<meta name=\"twitter:label1\" content=\"\u00c9crit par\" \/>\n\t<meta name=\"twitter:data1\" content=\"cfeditorfr\" \/>\n\t<meta name=\"twitter:label2\" content=\"Dur\u00e9e de lecture estim\u00e9e\" \/>\n\t<meta name=\"twitter:data2\" content=\"2 minutes\" \/>\n<script type=\"application\/ld+json\" class=\"yoast-schema-graph\">{\"@context\":\"https:\/\/schema.org\",\"@graph\":[{\"@type\":\"Article\",\"@id\":\"https:\/\/www.africa-press.net\/senegal\/politique\/macky-sall-demande-lacceleration-de-la-transformation-du-statut-des-asp#article\",\"isPartOf\":{\"@id\":\"https:\/\/www.africa-press.net\/senegal\/politique\/macky-sall-demande-lacceleration-de-la-transformation-du-statut-des-asp\"},\"author\":{\"name\":\"cfeditorfr\",\"@id\":\"https:\/\/www.africa-press.net\/senegal\/#\/schema\/person\/2b1cf3cd81a31e3cd26889ca66d677f1\"},\"headline\":\"Macky Sall demande l\u2019acc\u00e9l\u00e9ration de la transformation du statut des ASP\",\"datePublished\":\"2022-02-25T22:32:21+00:00\",\"dateModified\":\"2022-02-25T23:31:29+00:00\",\"mainEntityOfPage\":{\"@id\":\"https:\/\/www.africa-press.net\/senegal\/politique\/macky-sall-demande-lacceleration-de-la-transformation-du-statut-des-asp\"},\"wordCount\":344,\"commentCount\":0,\"image\":{\"@id\":\"https:\/\/www.africa-press.net\/senegal\/politique\/macky-sall-demande-lacceleration-de-la-transformation-du-statut-des-asp#primaryimage\"},\"thumbnailUrl\":\"https:\/\/static.africa-press.net\/senegal\/sites\/13\/2022\/02\/img-621966baed7fc.jpg\",\"keywords\":[\"Africa Press\",\"Africa Press-Senegal\",\"Macky Sall\",\"Senegal\"],\"articleSection\":[\"homepage-french\",\"Politique\",\"Toutes les actualit\u00e9s\"],\"inLanguage\":\"fr-FR\",\"potentialAction\":[{\"@type\":\"CommentAction\",\"name\":\"Comment\",\"target\":[\"https:\/\/www.africa-press.net\/senegal\/politique\/macky-sall-demande-lacceleration-de-la-transformation-du-statut-des-asp#respond\"]}]},{\"@type\":\"WebPage\",\"@id\":\"https:\/\/www.africa-press.net\/senegal\/politique\/macky-sall-demande-lacceleration-de-la-transformation-du-statut-des-asp\",\"url\":\"https:\/\/www.africa-press.net\/senegal\/politique\/macky-sall-demande-lacceleration-de-la-transformation-du-statut-des-asp\",\"name\":\"Macky Sall demande l\u2019acc\u00e9l\u00e9ration de la transformation du statut des ASP - Senegal\",\"isPartOf\":{\"@id\":\"https:\/\/www.africa-press.net\/senegal\/#website\"},\"primaryImageOfPage\":{\"@id\":\"https:\/\/www.africa-press.net\/senegal\/politique\/macky-sall-demande-lacceleration-de-la-transformation-du-statut-des-asp#primaryimage\"},\"image\":{\"@id\":\"https:\/\/www.africa-press.net\/senegal\/politique\/macky-sall-demande-lacceleration-de-la-transformation-du-statut-des-asp#primaryimage\"},\"thumbnailUrl\":\"https:\/\/static.africa-press.net\/senegal\/sites\/13\/2022\/02\/img-621966baed7fc.jpg\",\"datePublished\":\"2022-02-25T22:32:21+00:00\",\"dateModified\":\"2022-02-25T23:31:29+00:00\",\"author\":{\"@id\":\"https:\/\/www.africa-press.net\/senegal\/#\/schema\/person\/2b1cf3cd81a31e3cd26889ca66d677f1\"},\"description\":\"Le chef de l\u2019Etat, Macky Sall, a demand\u00e9, jeudi, au ministre de l\u2019Int\u00e9rieur, Antoine F\u00e9lix Abdoulaye Diome, de \\\"prendre ...\",\"breadcrumb\":{\"@id\":\"https:\/\/www.africa-press.net\/senegal\/politique\/macky-sall-demande-lacceleration-de-la-transformation-du-statut-des-asp#breadcrumb\"},\"inLanguage\":\"fr-FR\",\"potentialAction\":[{\"@type\":\"ReadAction\",\"target\":[\"https:\/\/www.africa-press.net\/senegal\/politique\/macky-sall-demande-lacceleration-de-la-transformation-du-statut-des-asp\"]}]},{\"@type\":\"ImageObject\",\"inLanguage\":\"fr-FR\",\"@id\":\"https:\/\/www.africa-press.net\/senegal\/politique\/macky-sall-demande-lacceleration-de-la-transformation-du-statut-des-asp#primaryimage\",\"url\":\"https:\/\/static.africa-press.net\/senegal\/sites\/13\/2022\/02\/img-621966baed7fc.jpg\",\"contentUrl\":\"https:\/\/static.africa-press.net\/senegal\/sites\/13\/2022\/02\/img-621966baed7fc.jpg\",\"width\":540,\"height\":305,\"caption\":\"Macky Sall demande l\u2019acc\u00e9l\u00e9ration de la transformation du statut des ASP\"},{\"@type\":\"BreadcrumbList\",\"@id\":\"https:\/\/www.africa-press.net\/senegal\/politique\/macky-sall-demande-lacceleration-de-la-transformation-du-statut-des-asp#breadcrumb\",\"itemListElement\":[{\"@type\":\"ListItem\",\"position\":1,\"name\":\"Accueil\",\"item\":\"https:\/\/www.africa-press.net\/senegal\/\"},{\"@type\":\"ListItem\",\"position\":2,\"name\":\"Macky Sall demande l\u2019acc\u00e9l\u00e9ration de la transformation du statut des ASP\"}]},{\"@type\":\"WebSite\",\"@id\":\"https:\/\/www.africa-press.net\/senegal\/#website\",\"url\":\"https:\/\/www.africa-press.net\/senegal\/\",\"name\":\"Africa Press | Senegal | Homepage\",\"description\":\"Just another Africa News Agency Sites site\",\"potentialAction\":[{\"@type\":\"SearchAction\",\"target\":{\"@type\":\"EntryPoint\",\"urlTemplate\":\"https:\/\/www.africa-press.net\/senegal\/?s={search_term_string}\"},\"query-input\":{\"@type\":\"PropertyValueSpecification\",\"valueRequired\":true,\"valueName\":\"search_term_string\"}}],\"inLanguage\":\"fr-FR\"},{\"@type\":\"Person\",\"@id\":\"https:\/\/www.africa-press.net\/senegal\/#\/schema\/person\/2b1cf3cd81a31e3cd26889ca66d677f1\",\"name\":\"cfeditorfr\",\"url\":\"https:\/\/www.africa-press.net\/senegal\/author\/cfeditorfr\"}]}<\/script>\n<!-- \/ Yoast SEO Premium plugin. -->","yoast_head_json":{"title":"Macky Sall demande l\u2019acc\u00e9l\u00e9ration de la transformation du statut des ASP - Senegal","description":"Le chef de l\u2019Etat, Macky Sall, a demand\u00e9, jeudi, au ministre de l\u2019Int\u00e9rieur, Antoine F\u00e9lix Abdoulaye Diome, de \"prendre ...","robots":{"index":"index","follow":"follow","max-snippet":"max-snippet:-1","max-image-preview":"max-image-preview:large","max-video-preview":"max-video-preview:-1"},"canonical":"https:\/\/www.africa-press.net\/senegal\/politique\/macky-sall-demande-lacceleration-de-la-transformation-du-statut-des-asp","og_locale":"fr_FR","og_type":"article","og_title":"Macky Sall demande l\u2019acc\u00e9l\u00e9ration de la transformation du statut des ASP","og_description":"Le chef de l\u2019Etat, Macky Sall, a demand\u00e9, jeudi, au ministre de l\u2019Int\u00e9rieur, Antoine F\u00e9lix Abdoulaye Diome, de \"prendre ...","og_url":"https:\/\/www.africa-press.net\/senegal\/politique\/macky-sall-demande-lacceleration-de-la-transformation-du-statut-des-asp","og_site_name":"Senegal","article_published_time":"2022-02-25T22:32:21+00:00","article_modified_time":"2022-02-25T23:31:29+00:00","og_image":[{"width":540,"height":305,"url":"https:\/\/static.africa-press.net\/senegal\/sites\/13\/2022\/02\/img-621966baed7fc.jpg","type":"image\/jpeg"}],"author":"cfeditorfr","twitter_card":"summary_large_image","twitter_misc":{"\u00c9crit par":"cfeditorfr","Dur\u00e9e de lecture estim\u00e9e":"2 minutes"},"schema":{"@context":"https:\/\/schema.org","@graph":[{"@type":"Article","@id":"https:\/\/www.africa-press.net\/senegal\/politique\/macky-sall-demande-lacceleration-de-la-transformation-du-statut-des-asp#article","isPartOf":{"@id":"https:\/\/www.africa-press.net\/senegal\/politique\/macky-sall-demande-lacceleration-de-la-transformation-du-statut-des-asp"},"author":{"name":"cfeditorfr","@id":"https:\/\/www.africa-press.net\/senegal\/#\/schema\/person\/2b1cf3cd81a31e3cd26889ca66d677f1"},"headline":"Macky Sall demande l\u2019acc\u00e9l\u00e9ration de la transformation du statut des ASP","datePublished":"2022-02-25T22:32:21+00:00","dateModified":"2022-02-25T23:31:29+00:00","mainEntityOfPage":{"@id":"https:\/\/www.africa-press.net\/senegal\/politique\/macky-sall-demande-lacceleration-de-la-transformation-du-statut-des-asp"},"wordCount":344,"commentCount":0,"image":{"@id":"https:\/\/www.africa-press.net\/senegal\/politique\/macky-sall-demande-lacceleration-de-la-transformation-du-statut-des-asp#primaryimage"},"thumbnailUrl":"https:\/\/static.africa-press.net\/senegal\/sites\/13\/2022\/02\/img-621966baed7fc.jpg","keywords":["Africa Press","Africa Press-Senegal","Macky Sall","Senegal"],"articleSection":["homepage-french","Politique","Toutes les actualit\u00e9s"],"inLanguage":"fr-FR","potentialAction":[{"@type":"CommentAction","name":"Comment","target":["https:\/\/www.africa-press.net\/senegal\/politique\/macky-sall-demande-lacceleration-de-la-transformation-du-statut-des-asp#respond"]}]},{"@type":"WebPage","@id":"https:\/\/www.africa-press.net\/senegal\/politique\/macky-sall-demande-lacceleration-de-la-transformation-du-statut-des-asp","url":"https:\/\/www.africa-press.net\/senegal\/politique\/macky-sall-demande-lacceleration-de-la-transformation-du-statut-des-asp","name":"Macky Sall demande l\u2019acc\u00e9l\u00e9ration de la transformation du statut des ASP - Senegal","isPartOf":{"@id":"https:\/\/www.africa-press.net\/senegal\/#website"},"primaryImageOfPage":{"@id":"https:\/\/www.africa-press.net\/senegal\/politique\/macky-sall-demande-lacceleration-de-la-transformation-du-statut-des-asp#primaryimage"},"image":{"@id":"https:\/\/www.africa-press.net\/senegal\/politique\/macky-sall-demande-lacceleration-de-la-transformation-du-statut-des-asp#primaryimage"},"thumbnailUrl":"https:\/\/static.africa-press.net\/senegal\/sites\/13\/2022\/02\/img-621966baed7fc.jpg","datePublished":"2022-02-25T22:32:21+00:00","dateModified":"2022-02-25T23:31:29+00:00","author":{"@id":"https:\/\/www.africa-press.net\/senegal\/#\/schema\/person\/2b1cf3cd81a31e3cd26889ca66d677f1"},"description":"Le chef de l\u2019Etat, Macky Sall, a demand\u00e9, jeudi, au ministre de l\u2019Int\u00e9rieur, Antoine F\u00e9lix Abdoulaye Diome, de \"prendre ...","breadcrumb":{"@id":"https:\/\/www.africa-press.net\/senegal\/politique\/macky-sall-demande-lacceleration-de-la-transformation-du-statut-des-asp#breadcrumb"},"inLanguage":"fr-FR","potentialAction":[{"@type":"ReadAction","target":["https:\/\/www.africa-press.net\/senegal\/politique\/macky-sall-demande-lacceleration-de-la-transformation-du-statut-des-asp"]}]},{"@type":"ImageObject","inLanguage":"fr-FR","@id":"https:\/\/www.africa-press.net\/senegal\/politique\/macky-sall-demande-lacceleration-de-la-transformation-du-statut-des-asp#primaryimage","url":"https:\/\/static.africa-press.net\/senegal\/sites\/13\/2022\/02\/img-621966baed7fc.jpg","contentUrl":"https:\/\/static.africa-press.net\/senegal\/sites\/13\/2022\/02\/img-621966baed7fc.jpg","width":540,"height":305,"caption":"Macky Sall demande l\u2019acc\u00e9l\u00e9ration de la transformation du statut des ASP"},{"@type":"BreadcrumbList","@id":"https:\/\/www.africa-press.net\/senegal\/politique\/macky-sall-demande-lacceleration-de-la-transformation-du-statut-des-asp#breadcrumb","itemListElement":[{"@type":"ListItem","position":1,"name":"Accueil","item":"https:\/\/www.africa-press.net\/senegal\/"},{"@type":"ListItem","position":2,"name":"Macky Sall demande l\u2019acc\u00e9l\u00e9ration de la transformation du statut des ASP"}]},{"@type":"WebSite","@id":"https:\/\/www.africa-press.net\/senegal\/#website","url":"https:\/\/www.africa-press.net\/senegal\/","name":"Africa Press | Senegal | Homepage","description":"Just another Africa News Agency Sites site","potentialAction":[{"@type":"SearchAction","target":{"@type":"EntryPoint","urlTemplate":"https:\/\/www.africa-press.net\/senegal\/?s={search_term_string}"},"query-input":{"@type":"PropertyValueSpecification","valueRequired":true,"valueName":"search_term_string"}}],"inLanguage":"fr-FR"},{"@type":"Person","@id":"https:\/\/www.africa-press.net\/senegal\/#\/schema\/person\/2b1cf3cd81a31e3cd26889ca66d677f1","name":"cfeditorfr","url":"https:\/\/www.africa-press.net\/senegal\/author\/cfeditorfr"}]}},"_links":{"self":[{"href":"https:\/\/www.africa-press.net\/senegal\/wp-json\/wp\/v2\/posts\/21308","targetHints":{"allow":["GET"]}}],"collection":[{"href":"https:\/\/www.africa-press.net\/senegal\/wp-json\/wp\/v2\/posts"}],"about":[{"href":"https:\/\/www.africa-press.net\/senegal\/wp-json\/wp\/v2\/types\/post"}],"author":[{"embeddable":true,"href":"https:\/\/www.africa-press.net\/senegal\/wp-json\/wp\/v2\/users\/82"}],"replies":[{"embeddable":true,"href":"https:\/\/www.africa-press.net\/senegal\/wp-json\/wp\/v2\/comments?post=21308"}],"version-history":[{"count":0,"href":"https:\/\/www.africa-press.net\/senegal\/wp-json\/wp\/v2\/posts\/21308\/revisions"}],"wp:featuredmedia":[{"embeddable":true,"href":"https:\/\/www.africa-press.net\/senegal\/wp-json\/wp\/v2\/media\/21307"}],"wp:attachment":[{"href":"https:\/\/www.africa-press.net\/senegal\/wp-json\/wp\/v2\/media?parent=21308"}],"wp:term":[{"taxonomy":"category","embeddable":true,"href":"https:\/\/www.africa-press.net\/senegal\/wp-json\/wp\/v2\/categories?post=21308"},{"taxonomy":"post_tag","embeddable":true,"href":"https:\/\/www.africa-press.net\/senegal\/wp-json\/wp\/v2\/tags?post=21308"}],"curies":[{"name":"wp","href":"https:\/\/api.w.org\/{rel}","templated":true}]}}