{"id":22170,"date":"2022-03-11T23:18:21","date_gmt":"2022-03-11T23:18:21","guid":{"rendered":"https:\/\/www.africa-press.net\/senegal\/politique\/diviser-pour-mieux-regner-la-strategie-de-macky-sall-appliquee-au-pds"},"modified":"2022-03-11T23:49:35","modified_gmt":"2022-03-11T23:49:35","slug":"diviser-pour-mieux-regner-la-strategie-de-macky-sall-appliquee-au-pds","status":"publish","type":"post","link":"https:\/\/www.africa-press.net\/senegal\/dossiers\/diviser-pour-mieux-regner-la-strategie-de-macky-sall-appliquee-au-pds","title":{"rendered":"diviser pour mieux r\u00e9gner, la strat\u00e9gie de Macky Sall appliqu\u00e9e au PDS"},"content":{"rendered":"<p><span style=\"color: #ff6600\"><strong>Africa-Press &#8211; Senegal. <\/strong><\/span>Bien qu\u2019ayant accus\u00e9 un net recul lors des locales du 23 janvier, le parti d\u2019Abdoulaye Wade est rest\u00e9 ma\u00eetre dans la r\u00e9gion de Diourbel, en pays mouride. Un \u00e9lectorat convoit\u00e9 d\u00e9sormais par l\u2019opposition comme par le pouvoir, qui multiplie les appels du pied.<\/p>\n<p>Doudou Wade n\u2019a plus tr\u00e8s envie de r\u00e9pondre aux questions sur le positionnement du Parti d\u00e9mocratique s\u00e9n\u00e9galais (PDS). Lorsque Jeune Afrique le sollicite le 2 mars pour une rencontre informelle afin qu\u2019il \u00e9claircisse ses propos confus tenus le 27 f\u00e9vrier dans une \u00e9mission de grande \u00e9coute sur l\u2019\u00e9ventualit\u00e9 d\u2019un rapprochement entre le PDS et l\u2019Alliance pour la R\u00e9publique (APR), le neveu d\u2019Abdoulaye Wade d\u00e9cline aimablement, en nous renvoyant au communiqu\u00e9 publi\u00e9 dans la matin\u00e9e par Mayoro Faye, le secr\u00e9taire g\u00e9n\u00e9ral adjoint \u00e0 la communication du parti.<\/p>\n<p>Le PDS y r\u00e9affirme son \u00ab ancrage dans l\u2019opposition \u00bb et appelle militants et sympathisants \u00ab au travail et \u00e0 la mobilisation en perspective des \u00e9lections l\u00e9gislatives pr\u00e9vues le 31 juillet 2022 \u00bb. Le communiqu\u00e9 exhorte par ailleurs tous les membres de la formation \u00ab \u00e0 plus de vigilance afin que le parti continue, plus que jamais, d\u2019incarner une alternative cr\u00e9dible au pouvoir actuel \u00bb. Un rappel \u00e0 l\u2019ordre dont le but \u00e9tait d\u2019\u00e9teindre les pol\u00e9miques n\u00e9es trois jours plus t\u00f4t des propos du candidat de la coalition Wallu S\u00e9n\u00e9gal \u00e0 la mairie de Dakar. Il avait alors d\u00e9clar\u00e9 que Macky Sall \u00ab posait les jalons \u00bb d\u2019un rapprochement. \u00ab Le PDS ne peut pas se rapprocher de Macky Sall. [\u2026] Mais il faut que nous reconnaissions que Macky Sall a chang\u00e9 de voie \u00bb, avait ajout\u00e9 Doudou Wade.<\/p>\n<p>Il n\u2019en fallait pas plus pour que la presse s\u00e9n\u00e9galaise voie en ces mots les pr\u00e9mices d\u2019une alliance entre le chef de l\u2019\u00c9tat et Abdoulaye Wade, dont le nom tr\u00f4ne d\u00e9sormais sur le stade flambant neuf de Diamniadio. Un hommage rendu \u00e0 l\u2019ancien pr\u00e9sident de 95 ans non d\u00e9nu\u00e9 de calcul. \u00ab Par cette op\u00e9ration s\u00e9duction, Macky Sall tente de ramener dans son giron le PDS parce qu\u2019il manque d\u00e9sormais de partenaires forts, affirme un observateur de la vie politique. L\u2019Alliance des forces de progr\u00e8s (AFP) de Moustapha Niasse et le Parti socialiste (PS), qui sont ses deux plus grands alli\u00e9s au sein de la majorit\u00e9 pr\u00e9sidentielle, sont sortis affaiblis de ces \u00e9lections locales. Et Rewmi, la formation d\u2019Idrissa Seck, n\u2019a pas pu gagner la ville de Thi\u00e8s. Le chef de l\u2019\u00c9tat cherche donc \u00e0 se renforcer devant la mont\u00e9e en puissance de la coalition de l\u2019opposition Yewwi Askan Wi. \u00bb<\/p>\n<p><b>Relations tumultueuses<\/b><\/p>\n<p>Bien que le PDS ait accus\u00e9 un net recul, il a pu remporter, gr\u00e2ce \u00e0 l\u2019appui de partis satellites regroup\u00e9s au sein de Wallu S\u00e9n\u00e9gal, pr\u00e8s d\u2019une trentaine de communes, principalement dans la r\u00e9gion de Diourbel. Cet \u00e9lectorat, compos\u00e9 en grande partie des disciples de la puissante confr\u00e9rie mouride, \u00e9chappe au pr\u00e9sident depuis son arriv\u00e9e au pouvoir, en 2012. Ce n\u2019est d\u2019ailleurs pas la premi\u00e8re fois que Macky Sall tente d\u2019honorer Abdoulaye Wade, qui dirige encore le PDS malgr\u00e9 son \u00e2ge avanc\u00e9.<\/p>\n<p>En novembre 2017, le chef de l\u2019\u00c9tat avait d\u00e9j\u00e0 voulu donner son nom au nouvel a\u00e9roport international. Mais l\u2019int\u00e9ress\u00e9 avait finalement d\u00e9clin\u00e9 la proposition : leurs relations \u00e9taient tumultueuses apr\u00e8s la condamnation de Karim Wade en 2015. \u00ab Abdoulaye Wade avait aussi refus\u00e9 parce que la construction de l\u2019a\u00e9roport avait \u00e9t\u00e9 entam\u00e9e sous sa pr\u00e9sidence. Et il avait d\u00e9j\u00e0 choisi de lui donner le nom de Blaise Diagne. Il a eu l\u2019impression que Macky Sall voulait s\u2019arroger la paternit\u00e9 de cet \u00e9difice, explique Cheikh Dieng, secr\u00e9taire g\u00e9n\u00e9ral adjoint du PDS charg\u00e9 des \u00e9lections. Si, cette fois, Abdoulaye Wade a accept\u00e9 que le stade porte son nom, c\u2019est parce qu\u2019en vertu de son combat pour la d\u00e9mocratie et de tout ce qu\u2019il a fait pour le S\u00e9n\u00e9gal, il m\u00e9rite tous les honneurs. Mais on ne peut pas y voir des signes de rapprochement. \u00bb<\/p>\n<p>Du c\u00f4t\u00e9 de Yewwi Askan Wi, la grande coalition de l\u2019opposition port\u00e9e par Ousmane Sonko et Khalifa Sall, cette s\u00e9quence a toutefois \u00e9t\u00e9 observ\u00e9e avec circonspection. D\u2019autant qu\u2019\u00e0 20 km de Dakar, \u00e0 Gu\u00e9diawaye, un m\u00e9lodrame politique a aliment\u00e9 les suspicions \u00e0 l\u2019encontre du PDS. Le 2 mars, Ahmed Aidara, le nouveau maire de cette commune qui a d\u00e9fait Aliou Sall, le fr\u00e8re cadet du pr\u00e9sident, pensait pouvoir contr\u00f4ler le bureau municipal avec une majorit\u00e9 d\u2019adjoints gr\u00e2ce \u00e0 un jeu d\u2019alliance entre les coalitions Yewwi Askan Wi (39 conseillers), Wallu S\u00e9n\u00e9gal (4 conseillers) et Gueum Sa Bopp (3 conseillers).<\/p>\n<p>Mais, \u00e0 la surprise g\u00e9n\u00e9rale, certains conseillers du PDS ont, malgr\u00e9 les directives d\u2019Abdoulaye Wade, pr\u00e9f\u00e9r\u00e9 lors du vote rallier Aliou Sall, le maire sortant, qui a donc rafl\u00e9 la majorit\u00e9 des postes d\u2019adjoints au maire, imposant ainsi une cohabitation \u00e0 Ahmed Aidara au sein du bureau municipal. \u00ab Il ne faut cependant pas conclure \u00e0 un rapprochement entre le pouvoir et le PDS \u00e0 la lumi\u00e8re de ce qui s\u2019est pass\u00e9 \u00e0 Gu\u00e9diawaye, temporise Malick Gakou, pr\u00e9sident du Grand Parti et membre fondateur de Yewwi Askan Wi. Ce genre de choses arrive souvent. Lors des \u00e9lections locales, les appareils politiques ont toujours des difficult\u00e9s \u00e0 ma\u00eetriser leurs conseillers et \u00e0 faire respecter leurs directives. \u00bb<\/p>\n<p><b>Double jeu du PDS ?<\/b><\/p>\n<p>Ce n\u2019est pourtant pas ce que pense un important cadre de Yewwi Askan Wi, pour qui tous ces \u00e9v\u00e9nements cumul\u00e9s laissent planer le doute sur les r\u00e9elles intentions du PDS. \u00ab C\u2019est bien curieux qu\u2019on veuille nous faire croire que Doudou Wade a dit des choses qui n\u2019ont jamais exist\u00e9. Il n\u2019est pourtant pas un nain en politique \u00bb, souffle notre interlocuteur. La formation d\u2019Abdoulaye Wade jouerait-elle double jeu ? \u00ab Le parti au pouvoir veut semer la confusion dans les rangs de l\u2019opposition afin de la diviser \u00bb, avance un membre de la coalition Wallu S\u00e9n\u00e9gal. Pour Malick Gakou, \u00ab l\u2019opposition a pleinement conscience qu\u2019elle doit rester unie et se renforcer. Nous travaillons \u00e0 une grande alliance entre Yewwi Askan Wi et le PDS. Mais nous savons qu\u2019il y aura des tentatives de d\u00e9stabilisation de la part du pouvoir \u00bb.<\/p>\n<p>Les cadres de la coalition Benno Bokk Yakaar (au pouvoir) ne cachent plus d\u2019ailleurs leur volont\u00e9 de voir Abdoulaye Wade et son parti rejoindre la majorit\u00e9 pr\u00e9sidentielle. \u00ab Cela serait tout \u00e0 fait naturel. Avec le PDS, nous pourrions reconstruire la famille lib\u00e9rale \u00bb, affirme Moise Sarr, secr\u00e9taire d\u2019\u00c9tat charg\u00e9 des S\u00e9n\u00e9galais de l\u2019ext\u00e9rieur et ancien militant du PDS. Apr\u00e8s tout, beaucoup de choses lient Abdoulaye Wade \u00e0 Macky Sall et Idrissa Seck. Ceux-ci n\u2019ont-ils pas b\u00e2ti leur carri\u00e8re politique sous son aile ?<\/p>\n<p><strong>Pour plus d&rsquo;informations et d&rsquo;analyses sur la <a href=\"https:\/\/www.africa-press.net\/senegal\">Senegal<\/a>, suivez <a href=\"https:\/\/www.africa-press.net\/\">Africa-Press<\/a><\/strong><\/p>\n","protected":false},"excerpt":{"rendered":"<p>Africa-Press &#8211; Senegal. Bien qu\u2019ayant accus\u00e9 un net recul lors des locales du 23 janvier, le parti d\u2019Abdoulaye Wade est rest\u00e9 ma\u00eetre dans la r\u00e9gion de Diourbel, en pays mouride. Un \u00e9lectorat convoit\u00e9 d\u00e9sormais par l\u2019opposition comme par le pouvoir, qui multiplie les appels du pied. Doudou Wade n\u2019a plus tr\u00e8s envie de r\u00e9pondre aux [&hellip;]<\/p>\n","protected":false},"author":82,"featured_media":22169,"comment_status":"open","ping_status":"closed","sticky":false,"template":"","format":"standard","meta":{"footnotes":""},"categories":[7,11,49,20,10],"tags":[43,47,42,44],"class_list":["post-22170","post","type-post","status-publish","format-standard","has-post-thumbnail","hentry","category-dossiers","category-homepage-french","category-to-homepage","category-top-nouvelles","category-toutes-les-actualites","tag-africa-press-2","tag-africa-press-senegal","tag-macky-sall","tag-senegal-2"],"yoast_head":"<!-- This site is optimized with the Yoast SEO Premium plugin v26.1 (Yoast SEO v27.0) - https:\/\/yoast.com\/product\/yoast-seo-premium-wordpress\/ -->\n<title>diviser pour mieux r\u00e9gner, la strat\u00e9gie de Macky Sall appliqu\u00e9e au PDS - Senegal<\/title>\n<meta name=\"description\" content=\"Bien qu\u2019ayant accus\u00e9 un net recul lors des locales du 23 janvier, le parti d\u2019Abdoulaye Wade est rest\u00e9 ma\u00eetre dans la r\u00e9g ...\" \/>\n<meta name=\"robots\" content=\"index, follow, max-snippet:-1, max-image-preview:large, max-video-preview:-1\" \/>\n<link rel=\"canonical\" href=\"https:\/\/www.africa-press.net\/senegal\/dossiers\/diviser-pour-mieux-regner-la-strategie-de-macky-sall-appliquee-au-pds\" \/>\n<meta property=\"og:locale\" content=\"fr_FR\" \/>\n<meta property=\"og:type\" content=\"article\" \/>\n<meta property=\"og:title\" content=\"diviser pour mieux r\u00e9gner, la strat\u00e9gie de Macky Sall appliqu\u00e9e au PDS\" \/>\n<meta property=\"og:description\" content=\"Bien qu\u2019ayant accus\u00e9 un net recul lors des locales du 23 janvier, le parti d\u2019Abdoulaye Wade est rest\u00e9 ma\u00eetre dans la r\u00e9g ...\" \/>\n<meta property=\"og:url\" content=\"https:\/\/www.africa-press.net\/senegal\/dossiers\/diviser-pour-mieux-regner-la-strategie-de-macky-sall-appliquee-au-pds\" \/>\n<meta property=\"og:site_name\" content=\"Senegal\" \/>\n<meta property=\"article:published_time\" content=\"2022-03-11T23:18:21+00:00\" \/>\n<meta property=\"article:modified_time\" content=\"2022-03-11T23:49:35+00:00\" \/>\n<meta property=\"og:image\" content=\"https:\/\/static.africa-press.net\/senegal\/sites\/13\/2022\/03\/img-622bdff872acd.jpg\" \/>\n\t<meta property=\"og:image:width\" content=\"720\" \/>\n\t<meta property=\"og:image:height\" content=\"360\" \/>\n\t<meta property=\"og:image:type\" content=\"image\/jpeg\" \/>\n<meta name=\"author\" content=\"cfeditorfr\" \/>\n<meta name=\"twitter:card\" content=\"summary_large_image\" \/>\n<meta name=\"twitter:label1\" content=\"\u00c9crit par\" \/>\n\t<meta name=\"twitter:data1\" content=\"cfeditorfr\" \/>\n\t<meta name=\"twitter:label2\" content=\"Dur\u00e9e de lecture estim\u00e9e\" \/>\n\t<meta name=\"twitter:data2\" content=\"6 minutes\" \/>\n<script type=\"application\/ld+json\" class=\"yoast-schema-graph\">{\"@context\":\"https:\/\/schema.org\",\"@graph\":[{\"@type\":\"Article\",\"@id\":\"https:\/\/www.africa-press.net\/senegal\/dossiers\/diviser-pour-mieux-regner-la-strategie-de-macky-sall-appliquee-au-pds#article\",\"isPartOf\":{\"@id\":\"https:\/\/www.africa-press.net\/senegal\/dossiers\/diviser-pour-mieux-regner-la-strategie-de-macky-sall-appliquee-au-pds\"},\"author\":{\"name\":\"cfeditorfr\",\"@id\":\"https:\/\/www.africa-press.net\/senegal\/#\/schema\/person\/2b1cf3cd81a31e3cd26889ca66d677f1\"},\"headline\":\"diviser pour mieux r\u00e9gner, la strat\u00e9gie de Macky Sall appliqu\u00e9e au PDS\",\"datePublished\":\"2022-03-11T23:18:21+00:00\",\"dateModified\":\"2022-03-11T23:49:35+00:00\",\"mainEntityOfPage\":{\"@id\":\"https:\/\/www.africa-press.net\/senegal\/dossiers\/diviser-pour-mieux-regner-la-strategie-de-macky-sall-appliquee-au-pds\"},\"wordCount\":1219,\"commentCount\":0,\"image\":{\"@id\":\"https:\/\/www.africa-press.net\/senegal\/dossiers\/diviser-pour-mieux-regner-la-strategie-de-macky-sall-appliquee-au-pds#primaryimage\"},\"thumbnailUrl\":\"https:\/\/static.africa-press.net\/senegal\/sites\/13\/2022\/03\/img-622bdff872acd.jpg\",\"keywords\":[\"Africa Press\",\"Africa Press-Senegal\",\"Macky Sall\",\"Senegal\"],\"articleSection\":[\"Dossiers\",\"homepage-french\",\"to-homepage\",\"Top Nouvelles\",\"Toutes les actualit\u00e9s\"],\"inLanguage\":\"fr-FR\",\"potentialAction\":[{\"@type\":\"CommentAction\",\"name\":\"Comment\",\"target\":[\"https:\/\/www.africa-press.net\/senegal\/dossiers\/diviser-pour-mieux-regner-la-strategie-de-macky-sall-appliquee-au-pds#respond\"]}]},{\"@type\":\"WebPage\",\"@id\":\"https:\/\/www.africa-press.net\/senegal\/dossiers\/diviser-pour-mieux-regner-la-strategie-de-macky-sall-appliquee-au-pds\",\"url\":\"https:\/\/www.africa-press.net\/senegal\/dossiers\/diviser-pour-mieux-regner-la-strategie-de-macky-sall-appliquee-au-pds\",\"name\":\"diviser pour mieux r\u00e9gner, la strat\u00e9gie de Macky Sall appliqu\u00e9e au PDS - Senegal\",\"isPartOf\":{\"@id\":\"https:\/\/www.africa-press.net\/senegal\/#website\"},\"primaryImageOfPage\":{\"@id\":\"https:\/\/www.africa-press.net\/senegal\/dossiers\/diviser-pour-mieux-regner-la-strategie-de-macky-sall-appliquee-au-pds#primaryimage\"},\"image\":{\"@id\":\"https:\/\/www.africa-press.net\/senegal\/dossiers\/diviser-pour-mieux-regner-la-strategie-de-macky-sall-appliquee-au-pds#primaryimage\"},\"thumbnailUrl\":\"https:\/\/static.africa-press.net\/senegal\/sites\/13\/2022\/03\/img-622bdff872acd.jpg\",\"datePublished\":\"2022-03-11T23:18:21+00:00\",\"dateModified\":\"2022-03-11T23:49:35+00:00\",\"author\":{\"@id\":\"https:\/\/www.africa-press.net\/senegal\/#\/schema\/person\/2b1cf3cd81a31e3cd26889ca66d677f1\"},\"description\":\"Bien qu\u2019ayant accus\u00e9 un net recul lors des locales du 23 janvier, le parti d\u2019Abdoulaye Wade est rest\u00e9 ma\u00eetre dans la r\u00e9g ...\",\"breadcrumb\":{\"@id\":\"https:\/\/www.africa-press.net\/senegal\/dossiers\/diviser-pour-mieux-regner-la-strategie-de-macky-sall-appliquee-au-pds#breadcrumb\"},\"inLanguage\":\"fr-FR\",\"potentialAction\":[{\"@type\":\"ReadAction\",\"target\":[\"https:\/\/www.africa-press.net\/senegal\/dossiers\/diviser-pour-mieux-regner-la-strategie-de-macky-sall-appliquee-au-pds\"]}]},{\"@type\":\"ImageObject\",\"inLanguage\":\"fr-FR\",\"@id\":\"https:\/\/www.africa-press.net\/senegal\/dossiers\/diviser-pour-mieux-regner-la-strategie-de-macky-sall-appliquee-au-pds#primaryimage\",\"url\":\"https:\/\/static.africa-press.net\/senegal\/sites\/13\/2022\/03\/img-622bdff872acd.jpg\",\"contentUrl\":\"https:\/\/static.africa-press.net\/senegal\/sites\/13\/2022\/03\/img-622bdff872acd.jpg\",\"width\":720,\"height\":360,\"caption\":\"diviser pour mieux r\u00e9gner, la strat\u00e9gie de Macky Sall appliqu\u00e9e au PDS\"},{\"@type\":\"BreadcrumbList\",\"@id\":\"https:\/\/www.africa-press.net\/senegal\/dossiers\/diviser-pour-mieux-regner-la-strategie-de-macky-sall-appliquee-au-pds#breadcrumb\",\"itemListElement\":[{\"@type\":\"ListItem\",\"position\":1,\"name\":\"Accueil\",\"item\":\"https:\/\/www.africa-press.net\/senegal\/\"},{\"@type\":\"ListItem\",\"position\":2,\"name\":\"diviser pour mieux r\u00e9gner, la strat\u00e9gie de Macky Sall appliqu\u00e9e au PDS\"}]},{\"@type\":\"WebSite\",\"@id\":\"https:\/\/www.africa-press.net\/senegal\/#website\",\"url\":\"https:\/\/www.africa-press.net\/senegal\/\",\"name\":\"Africa Press | Senegal | Homepage\",\"description\":\"Just another Africa News Agency Sites site\",\"potentialAction\":[{\"@type\":\"SearchAction\",\"target\":{\"@type\":\"EntryPoint\",\"urlTemplate\":\"https:\/\/www.africa-press.net\/senegal\/?s={search_term_string}\"},\"query-input\":{\"@type\":\"PropertyValueSpecification\",\"valueRequired\":true,\"valueName\":\"search_term_string\"}}],\"inLanguage\":\"fr-FR\"},{\"@type\":\"Person\",\"@id\":\"https:\/\/www.africa-press.net\/senegal\/#\/schema\/person\/2b1cf3cd81a31e3cd26889ca66d677f1\",\"name\":\"cfeditorfr\",\"url\":\"https:\/\/www.africa-press.net\/senegal\/author\/cfeditorfr\"}]}<\/script>\n<!-- \/ Yoast SEO Premium plugin. -->","yoast_head_json":{"title":"diviser pour mieux r\u00e9gner, la strat\u00e9gie de Macky Sall appliqu\u00e9e au PDS - Senegal","description":"Bien qu\u2019ayant accus\u00e9 un net recul lors des locales du 23 janvier, le parti d\u2019Abdoulaye Wade est rest\u00e9 ma\u00eetre dans la r\u00e9g ...","robots":{"index":"index","follow":"follow","max-snippet":"max-snippet:-1","max-image-preview":"max-image-preview:large","max-video-preview":"max-video-preview:-1"},"canonical":"https:\/\/www.africa-press.net\/senegal\/dossiers\/diviser-pour-mieux-regner-la-strategie-de-macky-sall-appliquee-au-pds","og_locale":"fr_FR","og_type":"article","og_title":"diviser pour mieux r\u00e9gner, la strat\u00e9gie de Macky Sall appliqu\u00e9e au PDS","og_description":"Bien qu\u2019ayant accus\u00e9 un net recul lors des locales du 23 janvier, le parti d\u2019Abdoulaye Wade est rest\u00e9 ma\u00eetre dans la r\u00e9g ...","og_url":"https:\/\/www.africa-press.net\/senegal\/dossiers\/diviser-pour-mieux-regner-la-strategie-de-macky-sall-appliquee-au-pds","og_site_name":"Senegal","article_published_time":"2022-03-11T23:18:21+00:00","article_modified_time":"2022-03-11T23:49:35+00:00","og_image":[{"width":720,"height":360,"url":"https:\/\/static.africa-press.net\/senegal\/sites\/13\/2022\/03\/img-622bdff872acd.jpg","type":"image\/jpeg"}],"author":"cfeditorfr","twitter_card":"summary_large_image","twitter_misc":{"\u00c9crit par":"cfeditorfr","Dur\u00e9e de lecture estim\u00e9e":"6 minutes"},"schema":{"@context":"https:\/\/schema.org","@graph":[{"@type":"Article","@id":"https:\/\/www.africa-press.net\/senegal\/dossiers\/diviser-pour-mieux-regner-la-strategie-de-macky-sall-appliquee-au-pds#article","isPartOf":{"@id":"https:\/\/www.africa-press.net\/senegal\/dossiers\/diviser-pour-mieux-regner-la-strategie-de-macky-sall-appliquee-au-pds"},"author":{"name":"cfeditorfr","@id":"https:\/\/www.africa-press.net\/senegal\/#\/schema\/person\/2b1cf3cd81a31e3cd26889ca66d677f1"},"headline":"diviser pour mieux r\u00e9gner, la strat\u00e9gie de Macky Sall appliqu\u00e9e au PDS","datePublished":"2022-03-11T23:18:21+00:00","dateModified":"2022-03-11T23:49:35+00:00","mainEntityOfPage":{"@id":"https:\/\/www.africa-press.net\/senegal\/dossiers\/diviser-pour-mieux-regner-la-strategie-de-macky-sall-appliquee-au-pds"},"wordCount":1219,"commentCount":0,"image":{"@id":"https:\/\/www.africa-press.net\/senegal\/dossiers\/diviser-pour-mieux-regner-la-strategie-de-macky-sall-appliquee-au-pds#primaryimage"},"thumbnailUrl":"https:\/\/static.africa-press.net\/senegal\/sites\/13\/2022\/03\/img-622bdff872acd.jpg","keywords":["Africa Press","Africa Press-Senegal","Macky Sall","Senegal"],"articleSection":["Dossiers","homepage-french","to-homepage","Top Nouvelles","Toutes les actualit\u00e9s"],"inLanguage":"fr-FR","potentialAction":[{"@type":"CommentAction","name":"Comment","target":["https:\/\/www.africa-press.net\/senegal\/dossiers\/diviser-pour-mieux-regner-la-strategie-de-macky-sall-appliquee-au-pds#respond"]}]},{"@type":"WebPage","@id":"https:\/\/www.africa-press.net\/senegal\/dossiers\/diviser-pour-mieux-regner-la-strategie-de-macky-sall-appliquee-au-pds","url":"https:\/\/www.africa-press.net\/senegal\/dossiers\/diviser-pour-mieux-regner-la-strategie-de-macky-sall-appliquee-au-pds","name":"diviser pour mieux r\u00e9gner, la strat\u00e9gie de Macky Sall appliqu\u00e9e au PDS - Senegal","isPartOf":{"@id":"https:\/\/www.africa-press.net\/senegal\/#website"},"primaryImageOfPage":{"@id":"https:\/\/www.africa-press.net\/senegal\/dossiers\/diviser-pour-mieux-regner-la-strategie-de-macky-sall-appliquee-au-pds#primaryimage"},"image":{"@id":"https:\/\/www.africa-press.net\/senegal\/dossiers\/diviser-pour-mieux-regner-la-strategie-de-macky-sall-appliquee-au-pds#primaryimage"},"thumbnailUrl":"https:\/\/static.africa-press.net\/senegal\/sites\/13\/2022\/03\/img-622bdff872acd.jpg","datePublished":"2022-03-11T23:18:21+00:00","dateModified":"2022-03-11T23:49:35+00:00","author":{"@id":"https:\/\/www.africa-press.net\/senegal\/#\/schema\/person\/2b1cf3cd81a31e3cd26889ca66d677f1"},"description":"Bien qu\u2019ayant accus\u00e9 un net recul lors des locales du 23 janvier, le parti d\u2019Abdoulaye Wade est rest\u00e9 ma\u00eetre dans la r\u00e9g ...","breadcrumb":{"@id":"https:\/\/www.africa-press.net\/senegal\/dossiers\/diviser-pour-mieux-regner-la-strategie-de-macky-sall-appliquee-au-pds#breadcrumb"},"inLanguage":"fr-FR","potentialAction":[{"@type":"ReadAction","target":["https:\/\/www.africa-press.net\/senegal\/dossiers\/diviser-pour-mieux-regner-la-strategie-de-macky-sall-appliquee-au-pds"]}]},{"@type":"ImageObject","inLanguage":"fr-FR","@id":"https:\/\/www.africa-press.net\/senegal\/dossiers\/diviser-pour-mieux-regner-la-strategie-de-macky-sall-appliquee-au-pds#primaryimage","url":"https:\/\/static.africa-press.net\/senegal\/sites\/13\/2022\/03\/img-622bdff872acd.jpg","contentUrl":"https:\/\/static.africa-press.net\/senegal\/sites\/13\/2022\/03\/img-622bdff872acd.jpg","width":720,"height":360,"caption":"diviser pour mieux r\u00e9gner, la strat\u00e9gie de Macky Sall appliqu\u00e9e au PDS"},{"@type":"BreadcrumbList","@id":"https:\/\/www.africa-press.net\/senegal\/dossiers\/diviser-pour-mieux-regner-la-strategie-de-macky-sall-appliquee-au-pds#breadcrumb","itemListElement":[{"@type":"ListItem","position":1,"name":"Accueil","item":"https:\/\/www.africa-press.net\/senegal\/"},{"@type":"ListItem","position":2,"name":"diviser pour mieux r\u00e9gner, la strat\u00e9gie de Macky Sall appliqu\u00e9e au PDS"}]},{"@type":"WebSite","@id":"https:\/\/www.africa-press.net\/senegal\/#website","url":"https:\/\/www.africa-press.net\/senegal\/","name":"Africa Press | Senegal | Homepage","description":"Just another Africa News Agency Sites site","potentialAction":[{"@type":"SearchAction","target":{"@type":"EntryPoint","urlTemplate":"https:\/\/www.africa-press.net\/senegal\/?s={search_term_string}"},"query-input":{"@type":"PropertyValueSpecification","valueRequired":true,"valueName":"search_term_string"}}],"inLanguage":"fr-FR"},{"@type":"Person","@id":"https:\/\/www.africa-press.net\/senegal\/#\/schema\/person\/2b1cf3cd81a31e3cd26889ca66d677f1","name":"cfeditorfr","url":"https:\/\/www.africa-press.net\/senegal\/author\/cfeditorfr"}]}},"_links":{"self":[{"href":"https:\/\/www.africa-press.net\/senegal\/wp-json\/wp\/v2\/posts\/22170","targetHints":{"allow":["GET"]}}],"collection":[{"href":"https:\/\/www.africa-press.net\/senegal\/wp-json\/wp\/v2\/posts"}],"about":[{"href":"https:\/\/www.africa-press.net\/senegal\/wp-json\/wp\/v2\/types\/post"}],"author":[{"embeddable":true,"href":"https:\/\/www.africa-press.net\/senegal\/wp-json\/wp\/v2\/users\/82"}],"replies":[{"embeddable":true,"href":"https:\/\/www.africa-press.net\/senegal\/wp-json\/wp\/v2\/comments?post=22170"}],"version-history":[{"count":0,"href":"https:\/\/www.africa-press.net\/senegal\/wp-json\/wp\/v2\/posts\/22170\/revisions"}],"wp:featuredmedia":[{"embeddable":true,"href":"https:\/\/www.africa-press.net\/senegal\/wp-json\/wp\/v2\/media\/22169"}],"wp:attachment":[{"href":"https:\/\/www.africa-press.net\/senegal\/wp-json\/wp\/v2\/media?parent=22170"}],"wp:term":[{"taxonomy":"category","embeddable":true,"href":"https:\/\/www.africa-press.net\/senegal\/wp-json\/wp\/v2\/categories?post=22170"},{"taxonomy":"post_tag","embeddable":true,"href":"https:\/\/www.africa-press.net\/senegal\/wp-json\/wp\/v2\/tags?post=22170"}],"curies":[{"name":"wp","href":"https:\/\/api.w.org\/{rel}","templated":true}]}}