{"id":22209,"date":"2022-03-12T22:33:10","date_gmt":"2022-03-12T22:33:10","guid":{"rendered":"https:\/\/www.africa-press.net\/senegal\/politique\/macky-sall-a-la-ceremonie-officielle-du-daaka-de-medina-gounass"},"modified":"2022-03-12T23:13:33","modified_gmt":"2022-03-12T23:13:33","slug":"macky-sall-a-la-ceremonie-officielle-du-daaka-de-medina-gounass","status":"publish","type":"post","link":"https:\/\/www.africa-press.net\/senegal\/politique\/macky-sall-a-la-ceremonie-officielle-du-daaka-de-medina-gounass","title":{"rendered":"Macky Sall \u00e0 la c\u00e9r\u00e9monie officielle du Daaka de M\u00e9dina Gounass"},"content":{"rendered":"<p><span style=\"color: #ff6600\"><strong>Africa-Press &#8211; Senegal. <\/strong><\/span>Le chef de l\u2019Etat a pris part samedi \u00e0 la c\u00e9r\u00e9monie officielle du Daaka de M\u00e9dina Gounass, une retraite spirituelle qui se tient chaque ann\u00e9e dans cette commune du d\u00e9partement de V\u00e9lingara.<\/p>\n<p>Le pr\u00e9sident de la R\u00e9publique, accompagn\u00e9 de plusieurs membres du gouvernement, a d\u2019abord assist\u00e9 \u00e0 la pri\u00e8re de tisbar aux c\u00f4t\u00e9s du Khalife de M\u00e9dina Gounass, Thierno Amadou Tidiane B\u00e2, selon les images retransmises par la t\u00e9l\u00e9vision nationale.<\/p>\n<p>S\u2019exprimant en pulaar, Macky Sall qui s\u2019est r\u00e9joui de revenir sur les lieux apr\u00e8s deux ann\u00e9es marqu\u00e9es par la pand\u00e9mie de Covid-19, a soulign\u00e9 la particularit\u00e9 de ce rassemblement religieux auquel ne prennent part que des hommes.<\/p>\n<p>Le chef de l\u2019Etat a demand\u00e9 au Khalife et \u00e0 l\u2019assistance de prier pour la paix dans le monde, \u00e9voquant notamment le conflit entre la Russie et l\u2019Ukraine.<\/p>\n<p>Le Khalife a remerci\u00e9 le pr\u00e9sident de la R\u00e9publique pour ses actions en faveur du Daaka mais aussi \u00e0 travers l\u2019ensemble du pays. \u2019\u2019Tout le monde a vu vos r\u00e9alisations dans le pays\u2019\u2019, a t-il dit.<\/p>\n<p>Il a salu\u00e9 l\u2019implication de l\u2019ensemble des services de l\u2019Etat dans l\u2019organisation de cet \u00e9v\u00e8nement religieux.<\/p>\n<p>Thierno Amadou Tidiane B\u00e2 a invit\u00e9 la jeunesse au civisme et au travail.<\/p>\n<p>Le Daaka, organis\u00e9 depuis 1942 \u00e0 l\u2019initiative du marabout Thierno Mouhamadou Sa\u00efdou Ba (1900-1980), se tient pendant dix jours sur un site situ\u00e9 \u00e0 10 kilom\u00e8tres de M\u00e9dina Gounass.<\/p>\n<p>Durant toute la retraite spirituelle, les fid\u00e8les lisent le Coran et font des invocations.<\/p>\n<p>La pr\u00e9sente \u00e9dition a d\u00e9marr\u00e9 samedi. Elle prendra fin lundi prochain.<\/p>\n<p><strong>Pour plus d&rsquo;informations et d&rsquo;analyses sur la <a href=\"https:\/\/www.africa-press.net\/senegal\">Senegal<\/a>, suivez <a href=\"https:\/\/www.africa-press.net\/\">Africa-Press<\/a><\/strong><\/p>\n","protected":false},"excerpt":{"rendered":"<p>Africa-Press &#8211; Senegal. Le chef de l\u2019Etat a pris part samedi \u00e0 la c\u00e9r\u00e9monie officielle du Daaka de M\u00e9dina Gounass, une retraite spirituelle qui se tient chaque ann\u00e9e dans cette commune du d\u00e9partement de V\u00e9lingara. Le pr\u00e9sident de la R\u00e9publique, accompagn\u00e9 de plusieurs membres du gouvernement, a d\u2019abord assist\u00e9 \u00e0 la pri\u00e8re de tisbar aux [&hellip;]<\/p>\n","protected":false},"author":82,"featured_media":22208,"comment_status":"open","ping_status":"closed","sticky":false,"template":"","format":"standard","meta":{"footnotes":""},"categories":[11,2,10],"tags":[43,47,42,44],"class_list":["post-22209","post","type-post","status-publish","format-standard","has-post-thumbnail","hentry","category-homepage-french","category-politique","category-toutes-les-actualites","tag-africa-press-2","tag-africa-press-senegal","tag-macky-sall","tag-senegal-2"],"yoast_head":"<!-- This site is optimized with the Yoast SEO Premium plugin v26.1 (Yoast SEO v27.0) - https:\/\/yoast.com\/product\/yoast-seo-premium-wordpress\/ -->\n<title>Macky Sall \u00e0 la c\u00e9r\u00e9monie officielle du Daaka de M\u00e9dina Gounass - Senegal<\/title>\n<meta name=\"description\" content=\"Le chef de l\u2019Etat a pris part samedi \u00e0 la c\u00e9r\u00e9monie officielle du Daaka de M\u00e9dina Gounass, une retraite spirituelle qui ...\" \/>\n<meta name=\"robots\" content=\"index, follow, max-snippet:-1, max-image-preview:large, max-video-preview:-1\" \/>\n<link rel=\"canonical\" href=\"https:\/\/www.africa-press.net\/senegal\/politique\/macky-sall-a-la-ceremonie-officielle-du-daaka-de-medina-gounass\" \/>\n<meta property=\"og:locale\" content=\"fr_FR\" \/>\n<meta property=\"og:type\" content=\"article\" \/>\n<meta property=\"og:title\" content=\"Macky Sall \u00e0 la c\u00e9r\u00e9monie officielle du Daaka de M\u00e9dina Gounass\" \/>\n<meta property=\"og:description\" content=\"Le chef de l\u2019Etat a pris part samedi \u00e0 la c\u00e9r\u00e9monie officielle du Daaka de M\u00e9dina Gounass, une retraite spirituelle qui ...\" \/>\n<meta property=\"og:url\" content=\"https:\/\/www.africa-press.net\/senegal\/politique\/macky-sall-a-la-ceremonie-officielle-du-daaka-de-medina-gounass\" \/>\n<meta property=\"og:site_name\" content=\"Senegal\" \/>\n<meta property=\"article:published_time\" content=\"2022-03-12T22:33:10+00:00\" \/>\n<meta property=\"article:modified_time\" content=\"2022-03-12T23:13:33+00:00\" \/>\n<meta property=\"og:image\" content=\"https:\/\/static.africa-press.net\/senegal\/sites\/13\/2022\/03\/img-622d29098fff8.jpg\" \/>\n\t<meta property=\"og:image:width\" content=\"540\" \/>\n\t<meta property=\"og:image:height\" content=\"305\" \/>\n\t<meta property=\"og:image:type\" content=\"image\/jpeg\" \/>\n<meta name=\"author\" content=\"cfeditorfr\" \/>\n<meta name=\"twitter:card\" content=\"summary_large_image\" \/>\n<meta name=\"twitter:label1\" content=\"\u00c9crit par\" \/>\n\t<meta name=\"twitter:data1\" content=\"cfeditorfr\" \/>\n\t<meta name=\"twitter:label2\" content=\"Dur\u00e9e de lecture estim\u00e9e\" \/>\n\t<meta name=\"twitter:data2\" content=\"2 minutes\" \/>\n<script type=\"application\/ld+json\" class=\"yoast-schema-graph\">{\"@context\":\"https:\/\/schema.org\",\"@graph\":[{\"@type\":\"Article\",\"@id\":\"https:\/\/www.africa-press.net\/senegal\/politique\/macky-sall-a-la-ceremonie-officielle-du-daaka-de-medina-gounass#article\",\"isPartOf\":{\"@id\":\"https:\/\/www.africa-press.net\/senegal\/politique\/macky-sall-a-la-ceremonie-officielle-du-daaka-de-medina-gounass\"},\"author\":{\"name\":\"cfeditorfr\",\"@id\":\"https:\/\/www.africa-press.net\/senegal\/#\/schema\/person\/2b1cf3cd81a31e3cd26889ca66d677f1\"},\"headline\":\"Macky Sall \u00e0 la c\u00e9r\u00e9monie officielle du Daaka de M\u00e9dina Gounass\",\"datePublished\":\"2022-03-12T22:33:10+00:00\",\"dateModified\":\"2022-03-12T23:13:33+00:00\",\"mainEntityOfPage\":{\"@id\":\"https:\/\/www.africa-press.net\/senegal\/politique\/macky-sall-a-la-ceremonie-officielle-du-daaka-de-medina-gounass\"},\"wordCount\":316,\"commentCount\":0,\"image\":{\"@id\":\"https:\/\/www.africa-press.net\/senegal\/politique\/macky-sall-a-la-ceremonie-officielle-du-daaka-de-medina-gounass#primaryimage\"},\"thumbnailUrl\":\"https:\/\/static.africa-press.net\/senegal\/sites\/13\/2022\/03\/img-622d29098fff8.jpg\",\"keywords\":[\"Africa Press\",\"Africa Press-Senegal\",\"Macky Sall\",\"Senegal\"],\"articleSection\":[\"homepage-french\",\"Politique\",\"Toutes les actualit\u00e9s\"],\"inLanguage\":\"fr-FR\",\"potentialAction\":[{\"@type\":\"CommentAction\",\"name\":\"Comment\",\"target\":[\"https:\/\/www.africa-press.net\/senegal\/politique\/macky-sall-a-la-ceremonie-officielle-du-daaka-de-medina-gounass#respond\"]}]},{\"@type\":\"WebPage\",\"@id\":\"https:\/\/www.africa-press.net\/senegal\/politique\/macky-sall-a-la-ceremonie-officielle-du-daaka-de-medina-gounass\",\"url\":\"https:\/\/www.africa-press.net\/senegal\/politique\/macky-sall-a-la-ceremonie-officielle-du-daaka-de-medina-gounass\",\"name\":\"Macky Sall \u00e0 la c\u00e9r\u00e9monie officielle du Daaka de M\u00e9dina Gounass - Senegal\",\"isPartOf\":{\"@id\":\"https:\/\/www.africa-press.net\/senegal\/#website\"},\"primaryImageOfPage\":{\"@id\":\"https:\/\/www.africa-press.net\/senegal\/politique\/macky-sall-a-la-ceremonie-officielle-du-daaka-de-medina-gounass#primaryimage\"},\"image\":{\"@id\":\"https:\/\/www.africa-press.net\/senegal\/politique\/macky-sall-a-la-ceremonie-officielle-du-daaka-de-medina-gounass#primaryimage\"},\"thumbnailUrl\":\"https:\/\/static.africa-press.net\/senegal\/sites\/13\/2022\/03\/img-622d29098fff8.jpg\",\"datePublished\":\"2022-03-12T22:33:10+00:00\",\"dateModified\":\"2022-03-12T23:13:33+00:00\",\"author\":{\"@id\":\"https:\/\/www.africa-press.net\/senegal\/#\/schema\/person\/2b1cf3cd81a31e3cd26889ca66d677f1\"},\"description\":\"Le chef de l\u2019Etat a pris part samedi \u00e0 la c\u00e9r\u00e9monie officielle du Daaka de M\u00e9dina Gounass, une retraite spirituelle qui ...\",\"breadcrumb\":{\"@id\":\"https:\/\/www.africa-press.net\/senegal\/politique\/macky-sall-a-la-ceremonie-officielle-du-daaka-de-medina-gounass#breadcrumb\"},\"inLanguage\":\"fr-FR\",\"potentialAction\":[{\"@type\":\"ReadAction\",\"target\":[\"https:\/\/www.africa-press.net\/senegal\/politique\/macky-sall-a-la-ceremonie-officielle-du-daaka-de-medina-gounass\"]}]},{\"@type\":\"ImageObject\",\"inLanguage\":\"fr-FR\",\"@id\":\"https:\/\/www.africa-press.net\/senegal\/politique\/macky-sall-a-la-ceremonie-officielle-du-daaka-de-medina-gounass#primaryimage\",\"url\":\"https:\/\/static.africa-press.net\/senegal\/sites\/13\/2022\/03\/img-622d29098fff8.jpg\",\"contentUrl\":\"https:\/\/static.africa-press.net\/senegal\/sites\/13\/2022\/03\/img-622d29098fff8.jpg\",\"width\":540,\"height\":305,\"caption\":\"Macky Sall \u00e0 la c\u00e9r\u00e9monie officielle du Daaka de M\u00e9dina Gounass\"},{\"@type\":\"BreadcrumbList\",\"@id\":\"https:\/\/www.africa-press.net\/senegal\/politique\/macky-sall-a-la-ceremonie-officielle-du-daaka-de-medina-gounass#breadcrumb\",\"itemListElement\":[{\"@type\":\"ListItem\",\"position\":1,\"name\":\"Accueil\",\"item\":\"https:\/\/www.africa-press.net\/senegal\/\"},{\"@type\":\"ListItem\",\"position\":2,\"name\":\"Macky Sall \u00e0 la c\u00e9r\u00e9monie officielle du Daaka de M\u00e9dina Gounass\"}]},{\"@type\":\"WebSite\",\"@id\":\"https:\/\/www.africa-press.net\/senegal\/#website\",\"url\":\"https:\/\/www.africa-press.net\/senegal\/\",\"name\":\"Africa Press | Senegal | Homepage\",\"description\":\"Just another Africa News Agency Sites site\",\"potentialAction\":[{\"@type\":\"SearchAction\",\"target\":{\"@type\":\"EntryPoint\",\"urlTemplate\":\"https:\/\/www.africa-press.net\/senegal\/?s={search_term_string}\"},\"query-input\":{\"@type\":\"PropertyValueSpecification\",\"valueRequired\":true,\"valueName\":\"search_term_string\"}}],\"inLanguage\":\"fr-FR\"},{\"@type\":\"Person\",\"@id\":\"https:\/\/www.africa-press.net\/senegal\/#\/schema\/person\/2b1cf3cd81a31e3cd26889ca66d677f1\",\"name\":\"cfeditorfr\",\"url\":\"https:\/\/www.africa-press.net\/senegal\/author\/cfeditorfr\"}]}<\/script>\n<!-- \/ Yoast SEO Premium plugin. -->","yoast_head_json":{"title":"Macky Sall \u00e0 la c\u00e9r\u00e9monie officielle du Daaka de M\u00e9dina Gounass - Senegal","description":"Le chef de l\u2019Etat a pris part samedi \u00e0 la c\u00e9r\u00e9monie officielle du Daaka de M\u00e9dina Gounass, une retraite spirituelle qui ...","robots":{"index":"index","follow":"follow","max-snippet":"max-snippet:-1","max-image-preview":"max-image-preview:large","max-video-preview":"max-video-preview:-1"},"canonical":"https:\/\/www.africa-press.net\/senegal\/politique\/macky-sall-a-la-ceremonie-officielle-du-daaka-de-medina-gounass","og_locale":"fr_FR","og_type":"article","og_title":"Macky Sall \u00e0 la c\u00e9r\u00e9monie officielle du Daaka de M\u00e9dina Gounass","og_description":"Le chef de l\u2019Etat a pris part samedi \u00e0 la c\u00e9r\u00e9monie officielle du Daaka de M\u00e9dina Gounass, une retraite spirituelle qui ...","og_url":"https:\/\/www.africa-press.net\/senegal\/politique\/macky-sall-a-la-ceremonie-officielle-du-daaka-de-medina-gounass","og_site_name":"Senegal","article_published_time":"2022-03-12T22:33:10+00:00","article_modified_time":"2022-03-12T23:13:33+00:00","og_image":[{"width":540,"height":305,"url":"https:\/\/static.africa-press.net\/senegal\/sites\/13\/2022\/03\/img-622d29098fff8.jpg","type":"image\/jpeg"}],"author":"cfeditorfr","twitter_card":"summary_large_image","twitter_misc":{"\u00c9crit par":"cfeditorfr","Dur\u00e9e de lecture estim\u00e9e":"2 minutes"},"schema":{"@context":"https:\/\/schema.org","@graph":[{"@type":"Article","@id":"https:\/\/www.africa-press.net\/senegal\/politique\/macky-sall-a-la-ceremonie-officielle-du-daaka-de-medina-gounass#article","isPartOf":{"@id":"https:\/\/www.africa-press.net\/senegal\/politique\/macky-sall-a-la-ceremonie-officielle-du-daaka-de-medina-gounass"},"author":{"name":"cfeditorfr","@id":"https:\/\/www.africa-press.net\/senegal\/#\/schema\/person\/2b1cf3cd81a31e3cd26889ca66d677f1"},"headline":"Macky Sall \u00e0 la c\u00e9r\u00e9monie officielle du Daaka de M\u00e9dina Gounass","datePublished":"2022-03-12T22:33:10+00:00","dateModified":"2022-03-12T23:13:33+00:00","mainEntityOfPage":{"@id":"https:\/\/www.africa-press.net\/senegal\/politique\/macky-sall-a-la-ceremonie-officielle-du-daaka-de-medina-gounass"},"wordCount":316,"commentCount":0,"image":{"@id":"https:\/\/www.africa-press.net\/senegal\/politique\/macky-sall-a-la-ceremonie-officielle-du-daaka-de-medina-gounass#primaryimage"},"thumbnailUrl":"https:\/\/static.africa-press.net\/senegal\/sites\/13\/2022\/03\/img-622d29098fff8.jpg","keywords":["Africa Press","Africa Press-Senegal","Macky Sall","Senegal"],"articleSection":["homepage-french","Politique","Toutes les actualit\u00e9s"],"inLanguage":"fr-FR","potentialAction":[{"@type":"CommentAction","name":"Comment","target":["https:\/\/www.africa-press.net\/senegal\/politique\/macky-sall-a-la-ceremonie-officielle-du-daaka-de-medina-gounass#respond"]}]},{"@type":"WebPage","@id":"https:\/\/www.africa-press.net\/senegal\/politique\/macky-sall-a-la-ceremonie-officielle-du-daaka-de-medina-gounass","url":"https:\/\/www.africa-press.net\/senegal\/politique\/macky-sall-a-la-ceremonie-officielle-du-daaka-de-medina-gounass","name":"Macky Sall \u00e0 la c\u00e9r\u00e9monie officielle du Daaka de M\u00e9dina Gounass - Senegal","isPartOf":{"@id":"https:\/\/www.africa-press.net\/senegal\/#website"},"primaryImageOfPage":{"@id":"https:\/\/www.africa-press.net\/senegal\/politique\/macky-sall-a-la-ceremonie-officielle-du-daaka-de-medina-gounass#primaryimage"},"image":{"@id":"https:\/\/www.africa-press.net\/senegal\/politique\/macky-sall-a-la-ceremonie-officielle-du-daaka-de-medina-gounass#primaryimage"},"thumbnailUrl":"https:\/\/static.africa-press.net\/senegal\/sites\/13\/2022\/03\/img-622d29098fff8.jpg","datePublished":"2022-03-12T22:33:10+00:00","dateModified":"2022-03-12T23:13:33+00:00","author":{"@id":"https:\/\/www.africa-press.net\/senegal\/#\/schema\/person\/2b1cf3cd81a31e3cd26889ca66d677f1"},"description":"Le chef de l\u2019Etat a pris part samedi \u00e0 la c\u00e9r\u00e9monie officielle du Daaka de M\u00e9dina Gounass, une retraite spirituelle qui ...","breadcrumb":{"@id":"https:\/\/www.africa-press.net\/senegal\/politique\/macky-sall-a-la-ceremonie-officielle-du-daaka-de-medina-gounass#breadcrumb"},"inLanguage":"fr-FR","potentialAction":[{"@type":"ReadAction","target":["https:\/\/www.africa-press.net\/senegal\/politique\/macky-sall-a-la-ceremonie-officielle-du-daaka-de-medina-gounass"]}]},{"@type":"ImageObject","inLanguage":"fr-FR","@id":"https:\/\/www.africa-press.net\/senegal\/politique\/macky-sall-a-la-ceremonie-officielle-du-daaka-de-medina-gounass#primaryimage","url":"https:\/\/static.africa-press.net\/senegal\/sites\/13\/2022\/03\/img-622d29098fff8.jpg","contentUrl":"https:\/\/static.africa-press.net\/senegal\/sites\/13\/2022\/03\/img-622d29098fff8.jpg","width":540,"height":305,"caption":"Macky Sall \u00e0 la c\u00e9r\u00e9monie officielle du Daaka de M\u00e9dina Gounass"},{"@type":"BreadcrumbList","@id":"https:\/\/www.africa-press.net\/senegal\/politique\/macky-sall-a-la-ceremonie-officielle-du-daaka-de-medina-gounass#breadcrumb","itemListElement":[{"@type":"ListItem","position":1,"name":"Accueil","item":"https:\/\/www.africa-press.net\/senegal\/"},{"@type":"ListItem","position":2,"name":"Macky Sall \u00e0 la c\u00e9r\u00e9monie officielle du Daaka de M\u00e9dina Gounass"}]},{"@type":"WebSite","@id":"https:\/\/www.africa-press.net\/senegal\/#website","url":"https:\/\/www.africa-press.net\/senegal\/","name":"Africa Press | Senegal | Homepage","description":"Just another Africa News Agency Sites site","potentialAction":[{"@type":"SearchAction","target":{"@type":"EntryPoint","urlTemplate":"https:\/\/www.africa-press.net\/senegal\/?s={search_term_string}"},"query-input":{"@type":"PropertyValueSpecification","valueRequired":true,"valueName":"search_term_string"}}],"inLanguage":"fr-FR"},{"@type":"Person","@id":"https:\/\/www.africa-press.net\/senegal\/#\/schema\/person\/2b1cf3cd81a31e3cd26889ca66d677f1","name":"cfeditorfr","url":"https:\/\/www.africa-press.net\/senegal\/author\/cfeditorfr"}]}},"_links":{"self":[{"href":"https:\/\/www.africa-press.net\/senegal\/wp-json\/wp\/v2\/posts\/22209","targetHints":{"allow":["GET"]}}],"collection":[{"href":"https:\/\/www.africa-press.net\/senegal\/wp-json\/wp\/v2\/posts"}],"about":[{"href":"https:\/\/www.africa-press.net\/senegal\/wp-json\/wp\/v2\/types\/post"}],"author":[{"embeddable":true,"href":"https:\/\/www.africa-press.net\/senegal\/wp-json\/wp\/v2\/users\/82"}],"replies":[{"embeddable":true,"href":"https:\/\/www.africa-press.net\/senegal\/wp-json\/wp\/v2\/comments?post=22209"}],"version-history":[{"count":0,"href":"https:\/\/www.africa-press.net\/senegal\/wp-json\/wp\/v2\/posts\/22209\/revisions"}],"wp:featuredmedia":[{"embeddable":true,"href":"https:\/\/www.africa-press.net\/senegal\/wp-json\/wp\/v2\/media\/22208"}],"wp:attachment":[{"href":"https:\/\/www.africa-press.net\/senegal\/wp-json\/wp\/v2\/media?parent=22209"}],"wp:term":[{"taxonomy":"category","embeddable":true,"href":"https:\/\/www.africa-press.net\/senegal\/wp-json\/wp\/v2\/categories?post=22209"},{"taxonomy":"post_tag","embeddable":true,"href":"https:\/\/www.africa-press.net\/senegal\/wp-json\/wp\/v2\/tags?post=22209"}],"curies":[{"name":"wp","href":"https:\/\/api.w.org\/{rel}","templated":true}]}}