{"id":22462,"date":"2022-03-17T20:27:12","date_gmt":"2022-03-17T20:27:12","guid":{"rendered":"https:\/\/www.africa-press.net\/senegal\/politique\/mali-macky-sall-soutient-une-solution-negociee"},"modified":"2022-03-17T21:48:40","modified_gmt":"2022-03-17T21:48:40","slug":"mali-macky-sall-soutient-une-solution-negociee","status":"publish","type":"post","link":"https:\/\/www.africa-press.net\/senegal\/politique\/mali-macky-sall-soutient-une-solution-negociee","title":{"rendered":"Mali\u00a0: Macky Sall soutient une \u00ab\u00a0solution n\u00e9goci\u00e9e\u00a0\u00bb"},"content":{"rendered":"<p><span style=\"color: #ff6600\"><strong>Africa-Press &#8211; Senegal. <\/strong><\/span>Le pr\u00e9sident s\u00e9n\u00e9galais, Macky Sall, a annonc\u00e9 jeudi, soutenir la reprise du dialogue entre la Communaut\u00e9 \u00e9conomique des Etats de l\u2019Afrique de l\u2019Ouest (CEDEAO) et le Mali pour \u2019\u2019une solution n\u00e9goci\u00e9e\u00a0\u00bb de la crise dans ce pays.<\/p>\n<p>\u00ab\u00a0Je soutiens la reprise du dialogue pour une solution n\u00e9goci\u00e9e de la crise au Mali\u00a0\u00bb, a \u00e9crit le pr\u00e9sident Sall dans un tweet.<\/p>\n<p>Macky Sall a inform\u00e9 s\u2019\u00eatre entretenu le m\u00eame jour avec le Colonel Assimi Goita, pr\u00e9sident de la Transition du Mali, \u00e0 la veille de la visite \u00e0 Bamako du M\u00e9diateur de la CEDEAO.<\/p>\n<p>Les chefs d\u2019\u00c9tats et des gouvernements des pays de la CEDEAO ont adopt\u00e9 le 9 janvier dernier des sanctions contre le Mali, en r\u00e9ponse au retard pris dans la tenue des \u00e9lections apr\u00e8s une transition de 18 mois.<\/p>\n<p>La junte qui a pris le pouvoir lors d\u2019un coup d\u2019\u00c9tat en ao\u00fbt 2020, suivi d\u2019un second putsch, a propos\u00e9 en d\u00e9cembre, une p\u00e9riode de transition de cinq ans, arguant que l\u2019ins\u00e9curit\u00e9 chronique rendait impossible la tenue d\u2019\u00e9lections en toute s\u00e9curit\u00e9.<\/p>\n<p>Le S\u00e9n\u00e9gal est l\u2019un des premiers partenaires \u00e9conomiques du Mali. Plusieurs associations de commer\u00e7ants, de transporteurs, d\u2019activistes, ont demand\u00e9 la lev\u00e9e des sanctions de la CEDEAO.<\/p>\n<p><strong>Pour plus d&rsquo;informations et d&rsquo;analyses sur la <a href=\"https:\/\/www.africa-press.net\/senegal\">Senegal<\/a>, suivez <a href=\"https:\/\/www.africa-press.net\/\">Africa-Press<\/a><\/strong><\/p>\n","protected":false},"excerpt":{"rendered":"<p>Africa-Press &#8211; Senegal. Le pr\u00e9sident s\u00e9n\u00e9galais, Macky Sall, a annonc\u00e9 jeudi, soutenir la reprise du dialogue entre la Communaut\u00e9 \u00e9conomique des Etats de l\u2019Afrique de l\u2019Ouest (CEDEAO) et le Mali pour \u2019\u2019une solution n\u00e9goci\u00e9e\u00a0\u00bb de la crise dans ce pays. \u00ab\u00a0Je soutiens la reprise du dialogue pour une solution n\u00e9goci\u00e9e de la crise au Mali\u00a0\u00bb, [&hellip;]<\/p>\n","protected":false},"author":82,"featured_media":22461,"comment_status":"open","ping_status":"closed","sticky":false,"template":"","format":"standard","meta":{"footnotes":""},"categories":[11,2,20,10],"tags":[43,47,42,44],"class_list":["post-22462","post","type-post","status-publish","format-standard","has-post-thumbnail","hentry","category-homepage-french","category-politique","category-top-nouvelles","category-toutes-les-actualites","tag-africa-press-2","tag-africa-press-senegal","tag-macky-sall","tag-senegal-2"],"yoast_head":"<!-- This site is optimized with the Yoast SEO Premium plugin v26.1 (Yoast SEO v27.0) - https:\/\/yoast.com\/product\/yoast-seo-premium-wordpress\/ -->\n<title>Mali\u00a0: Macky Sall soutient une &quot;solution n\u00e9goci\u00e9e&quot; - Senegal<\/title>\n<meta name=\"description\" content=\"Le pr\u00e9sident s\u00e9n\u00e9galais, Macky Sall, a annonc\u00e9 jeudi, soutenir la reprise du dialogue entre la Communaut\u00e9 \u00e9conomique des ...\" \/>\n<meta name=\"robots\" content=\"index, follow, max-snippet:-1, max-image-preview:large, max-video-preview:-1\" \/>\n<link rel=\"canonical\" href=\"https:\/\/www.africa-press.net\/senegal\/politique\/mali-macky-sall-soutient-une-solution-negociee\" \/>\n<meta property=\"og:locale\" content=\"fr_FR\" \/>\n<meta property=\"og:type\" content=\"article\" \/>\n<meta property=\"og:title\" content=\"Mali\u00a0: Macky Sall soutient une &quot;solution n\u00e9goci\u00e9e&quot;\" \/>\n<meta property=\"og:description\" content=\"Le pr\u00e9sident s\u00e9n\u00e9galais, Macky Sall, a annonc\u00e9 jeudi, soutenir la reprise du dialogue entre la Communaut\u00e9 \u00e9conomique des ...\" \/>\n<meta property=\"og:url\" content=\"https:\/\/www.africa-press.net\/senegal\/politique\/mali-macky-sall-soutient-une-solution-negociee\" \/>\n<meta property=\"og:site_name\" content=\"Senegal\" \/>\n<meta property=\"article:published_time\" content=\"2022-03-17T20:27:12+00:00\" \/>\n<meta property=\"article:modified_time\" content=\"2022-03-17T21:48:40+00:00\" \/>\n<meta property=\"og:image\" content=\"https:\/\/static.africa-press.net\/senegal\/sites\/13\/2022\/03\/img-6233ac948ce54.jpg\" \/>\n\t<meta property=\"og:image:width\" content=\"540\" \/>\n\t<meta property=\"og:image:height\" content=\"305\" \/>\n\t<meta property=\"og:image:type\" content=\"image\/jpeg\" \/>\n<meta name=\"author\" content=\"cfeditorfr\" \/>\n<meta name=\"twitter:card\" content=\"summary_large_image\" \/>\n<meta name=\"twitter:label1\" content=\"\u00c9crit par\" \/>\n\t<meta name=\"twitter:data1\" content=\"cfeditorfr\" \/>\n\t<meta name=\"twitter:label2\" content=\"Dur\u00e9e de lecture estim\u00e9e\" \/>\n\t<meta name=\"twitter:data2\" content=\"1 minute\" \/>\n<script type=\"application\/ld+json\" class=\"yoast-schema-graph\">{\"@context\":\"https:\/\/schema.org\",\"@graph\":[{\"@type\":\"Article\",\"@id\":\"https:\/\/www.africa-press.net\/senegal\/politique\/mali-macky-sall-soutient-une-solution-negociee#article\",\"isPartOf\":{\"@id\":\"https:\/\/www.africa-press.net\/senegal\/politique\/mali-macky-sall-soutient-une-solution-negociee\"},\"author\":{\"name\":\"cfeditorfr\",\"@id\":\"https:\/\/www.africa-press.net\/senegal\/#\/schema\/person\/2b1cf3cd81a31e3cd26889ca66d677f1\"},\"headline\":\"Mali\u00a0: Macky Sall soutient une \u00ab\u00a0solution n\u00e9goci\u00e9e\u00a0\u00bb\",\"datePublished\":\"2022-03-17T20:27:12+00:00\",\"dateModified\":\"2022-03-17T21:48:40+00:00\",\"mainEntityOfPage\":{\"@id\":\"https:\/\/www.africa-press.net\/senegal\/politique\/mali-macky-sall-soutient-une-solution-negociee\"},\"wordCount\":250,\"commentCount\":0,\"image\":{\"@id\":\"https:\/\/www.africa-press.net\/senegal\/politique\/mali-macky-sall-soutient-une-solution-negociee#primaryimage\"},\"thumbnailUrl\":\"https:\/\/static.africa-press.net\/senegal\/sites\/13\/2022\/03\/img-6233ac948ce54.jpg\",\"keywords\":[\"Africa Press\",\"Africa Press-Senegal\",\"Macky Sall\",\"Senegal\"],\"articleSection\":[\"homepage-french\",\"Politique\",\"Top Nouvelles\",\"Toutes les actualit\u00e9s\"],\"inLanguage\":\"fr-FR\",\"potentialAction\":[{\"@type\":\"CommentAction\",\"name\":\"Comment\",\"target\":[\"https:\/\/www.africa-press.net\/senegal\/politique\/mali-macky-sall-soutient-une-solution-negociee#respond\"]}]},{\"@type\":\"WebPage\",\"@id\":\"https:\/\/www.africa-press.net\/senegal\/politique\/mali-macky-sall-soutient-une-solution-negociee\",\"url\":\"https:\/\/www.africa-press.net\/senegal\/politique\/mali-macky-sall-soutient-une-solution-negociee\",\"name\":\"Mali\u00a0: Macky Sall soutient une \\\"solution n\u00e9goci\u00e9e\\\" - Senegal\",\"isPartOf\":{\"@id\":\"https:\/\/www.africa-press.net\/senegal\/#website\"},\"primaryImageOfPage\":{\"@id\":\"https:\/\/www.africa-press.net\/senegal\/politique\/mali-macky-sall-soutient-une-solution-negociee#primaryimage\"},\"image\":{\"@id\":\"https:\/\/www.africa-press.net\/senegal\/politique\/mali-macky-sall-soutient-une-solution-negociee#primaryimage\"},\"thumbnailUrl\":\"https:\/\/static.africa-press.net\/senegal\/sites\/13\/2022\/03\/img-6233ac948ce54.jpg\",\"datePublished\":\"2022-03-17T20:27:12+00:00\",\"dateModified\":\"2022-03-17T21:48:40+00:00\",\"author\":{\"@id\":\"https:\/\/www.africa-press.net\/senegal\/#\/schema\/person\/2b1cf3cd81a31e3cd26889ca66d677f1\"},\"description\":\"Le pr\u00e9sident s\u00e9n\u00e9galais, Macky Sall, a annonc\u00e9 jeudi, soutenir la reprise du dialogue entre la Communaut\u00e9 \u00e9conomique des ...\",\"breadcrumb\":{\"@id\":\"https:\/\/www.africa-press.net\/senegal\/politique\/mali-macky-sall-soutient-une-solution-negociee#breadcrumb\"},\"inLanguage\":\"fr-FR\",\"potentialAction\":[{\"@type\":\"ReadAction\",\"target\":[\"https:\/\/www.africa-press.net\/senegal\/politique\/mali-macky-sall-soutient-une-solution-negociee\"]}]},{\"@type\":\"ImageObject\",\"inLanguage\":\"fr-FR\",\"@id\":\"https:\/\/www.africa-press.net\/senegal\/politique\/mali-macky-sall-soutient-une-solution-negociee#primaryimage\",\"url\":\"https:\/\/static.africa-press.net\/senegal\/sites\/13\/2022\/03\/img-6233ac948ce54.jpg\",\"contentUrl\":\"https:\/\/static.africa-press.net\/senegal\/sites\/13\/2022\/03\/img-6233ac948ce54.jpg\",\"width\":540,\"height\":305,\"caption\":\"Mali\u00a0: Macky Sall soutient une \\\"solution n\u00e9goci\u00e9e\\\"\"},{\"@type\":\"BreadcrumbList\",\"@id\":\"https:\/\/www.africa-press.net\/senegal\/politique\/mali-macky-sall-soutient-une-solution-negociee#breadcrumb\",\"itemListElement\":[{\"@type\":\"ListItem\",\"position\":1,\"name\":\"Accueil\",\"item\":\"https:\/\/www.africa-press.net\/senegal\/\"},{\"@type\":\"ListItem\",\"position\":2,\"name\":\"Mali\u00a0: Macky Sall soutient une &#8220;solution n\u00e9goci\u00e9e&#8221;\"}]},{\"@type\":\"WebSite\",\"@id\":\"https:\/\/www.africa-press.net\/senegal\/#website\",\"url\":\"https:\/\/www.africa-press.net\/senegal\/\",\"name\":\"Africa Press | Senegal | Homepage\",\"description\":\"Just another Africa News Agency Sites site\",\"potentialAction\":[{\"@type\":\"SearchAction\",\"target\":{\"@type\":\"EntryPoint\",\"urlTemplate\":\"https:\/\/www.africa-press.net\/senegal\/?s={search_term_string}\"},\"query-input\":{\"@type\":\"PropertyValueSpecification\",\"valueRequired\":true,\"valueName\":\"search_term_string\"}}],\"inLanguage\":\"fr-FR\"},{\"@type\":\"Person\",\"@id\":\"https:\/\/www.africa-press.net\/senegal\/#\/schema\/person\/2b1cf3cd81a31e3cd26889ca66d677f1\",\"name\":\"cfeditorfr\",\"url\":\"https:\/\/www.africa-press.net\/senegal\/author\/cfeditorfr\"}]}<\/script>\n<!-- \/ Yoast SEO Premium plugin. -->","yoast_head_json":{"title":"Mali\u00a0: Macky Sall soutient une \"solution n\u00e9goci\u00e9e\" - Senegal","description":"Le pr\u00e9sident s\u00e9n\u00e9galais, Macky Sall, a annonc\u00e9 jeudi, soutenir la reprise du dialogue entre la Communaut\u00e9 \u00e9conomique des ...","robots":{"index":"index","follow":"follow","max-snippet":"max-snippet:-1","max-image-preview":"max-image-preview:large","max-video-preview":"max-video-preview:-1"},"canonical":"https:\/\/www.africa-press.net\/senegal\/politique\/mali-macky-sall-soutient-une-solution-negociee","og_locale":"fr_FR","og_type":"article","og_title":"Mali\u00a0: Macky Sall soutient une \"solution n\u00e9goci\u00e9e\"","og_description":"Le pr\u00e9sident s\u00e9n\u00e9galais, Macky Sall, a annonc\u00e9 jeudi, soutenir la reprise du dialogue entre la Communaut\u00e9 \u00e9conomique des ...","og_url":"https:\/\/www.africa-press.net\/senegal\/politique\/mali-macky-sall-soutient-une-solution-negociee","og_site_name":"Senegal","article_published_time":"2022-03-17T20:27:12+00:00","article_modified_time":"2022-03-17T21:48:40+00:00","og_image":[{"width":540,"height":305,"url":"https:\/\/static.africa-press.net\/senegal\/sites\/13\/2022\/03\/img-6233ac948ce54.jpg","type":"image\/jpeg"}],"author":"cfeditorfr","twitter_card":"summary_large_image","twitter_misc":{"\u00c9crit par":"cfeditorfr","Dur\u00e9e de lecture estim\u00e9e":"1 minute"},"schema":{"@context":"https:\/\/schema.org","@graph":[{"@type":"Article","@id":"https:\/\/www.africa-press.net\/senegal\/politique\/mali-macky-sall-soutient-une-solution-negociee#article","isPartOf":{"@id":"https:\/\/www.africa-press.net\/senegal\/politique\/mali-macky-sall-soutient-une-solution-negociee"},"author":{"name":"cfeditorfr","@id":"https:\/\/www.africa-press.net\/senegal\/#\/schema\/person\/2b1cf3cd81a31e3cd26889ca66d677f1"},"headline":"Mali\u00a0: Macky Sall soutient une \u00ab\u00a0solution n\u00e9goci\u00e9e\u00a0\u00bb","datePublished":"2022-03-17T20:27:12+00:00","dateModified":"2022-03-17T21:48:40+00:00","mainEntityOfPage":{"@id":"https:\/\/www.africa-press.net\/senegal\/politique\/mali-macky-sall-soutient-une-solution-negociee"},"wordCount":250,"commentCount":0,"image":{"@id":"https:\/\/www.africa-press.net\/senegal\/politique\/mali-macky-sall-soutient-une-solution-negociee#primaryimage"},"thumbnailUrl":"https:\/\/static.africa-press.net\/senegal\/sites\/13\/2022\/03\/img-6233ac948ce54.jpg","keywords":["Africa Press","Africa Press-Senegal","Macky Sall","Senegal"],"articleSection":["homepage-french","Politique","Top Nouvelles","Toutes les actualit\u00e9s"],"inLanguage":"fr-FR","potentialAction":[{"@type":"CommentAction","name":"Comment","target":["https:\/\/www.africa-press.net\/senegal\/politique\/mali-macky-sall-soutient-une-solution-negociee#respond"]}]},{"@type":"WebPage","@id":"https:\/\/www.africa-press.net\/senegal\/politique\/mali-macky-sall-soutient-une-solution-negociee","url":"https:\/\/www.africa-press.net\/senegal\/politique\/mali-macky-sall-soutient-une-solution-negociee","name":"Mali\u00a0: Macky Sall soutient une \"solution n\u00e9goci\u00e9e\" - Senegal","isPartOf":{"@id":"https:\/\/www.africa-press.net\/senegal\/#website"},"primaryImageOfPage":{"@id":"https:\/\/www.africa-press.net\/senegal\/politique\/mali-macky-sall-soutient-une-solution-negociee#primaryimage"},"image":{"@id":"https:\/\/www.africa-press.net\/senegal\/politique\/mali-macky-sall-soutient-une-solution-negociee#primaryimage"},"thumbnailUrl":"https:\/\/static.africa-press.net\/senegal\/sites\/13\/2022\/03\/img-6233ac948ce54.jpg","datePublished":"2022-03-17T20:27:12+00:00","dateModified":"2022-03-17T21:48:40+00:00","author":{"@id":"https:\/\/www.africa-press.net\/senegal\/#\/schema\/person\/2b1cf3cd81a31e3cd26889ca66d677f1"},"description":"Le pr\u00e9sident s\u00e9n\u00e9galais, Macky Sall, a annonc\u00e9 jeudi, soutenir la reprise du dialogue entre la Communaut\u00e9 \u00e9conomique des ...","breadcrumb":{"@id":"https:\/\/www.africa-press.net\/senegal\/politique\/mali-macky-sall-soutient-une-solution-negociee#breadcrumb"},"inLanguage":"fr-FR","potentialAction":[{"@type":"ReadAction","target":["https:\/\/www.africa-press.net\/senegal\/politique\/mali-macky-sall-soutient-une-solution-negociee"]}]},{"@type":"ImageObject","inLanguage":"fr-FR","@id":"https:\/\/www.africa-press.net\/senegal\/politique\/mali-macky-sall-soutient-une-solution-negociee#primaryimage","url":"https:\/\/static.africa-press.net\/senegal\/sites\/13\/2022\/03\/img-6233ac948ce54.jpg","contentUrl":"https:\/\/static.africa-press.net\/senegal\/sites\/13\/2022\/03\/img-6233ac948ce54.jpg","width":540,"height":305,"caption":"Mali\u00a0: Macky Sall soutient une \"solution n\u00e9goci\u00e9e\""},{"@type":"BreadcrumbList","@id":"https:\/\/www.africa-press.net\/senegal\/politique\/mali-macky-sall-soutient-une-solution-negociee#breadcrumb","itemListElement":[{"@type":"ListItem","position":1,"name":"Accueil","item":"https:\/\/www.africa-press.net\/senegal\/"},{"@type":"ListItem","position":2,"name":"Mali\u00a0: Macky Sall soutient une &#8220;solution n\u00e9goci\u00e9e&#8221;"}]},{"@type":"WebSite","@id":"https:\/\/www.africa-press.net\/senegal\/#website","url":"https:\/\/www.africa-press.net\/senegal\/","name":"Africa Press | Senegal | Homepage","description":"Just another Africa News Agency Sites site","potentialAction":[{"@type":"SearchAction","target":{"@type":"EntryPoint","urlTemplate":"https:\/\/www.africa-press.net\/senegal\/?s={search_term_string}"},"query-input":{"@type":"PropertyValueSpecification","valueRequired":true,"valueName":"search_term_string"}}],"inLanguage":"fr-FR"},{"@type":"Person","@id":"https:\/\/www.africa-press.net\/senegal\/#\/schema\/person\/2b1cf3cd81a31e3cd26889ca66d677f1","name":"cfeditorfr","url":"https:\/\/www.africa-press.net\/senegal\/author\/cfeditorfr"}]}},"_links":{"self":[{"href":"https:\/\/www.africa-press.net\/senegal\/wp-json\/wp\/v2\/posts\/22462","targetHints":{"allow":["GET"]}}],"collection":[{"href":"https:\/\/www.africa-press.net\/senegal\/wp-json\/wp\/v2\/posts"}],"about":[{"href":"https:\/\/www.africa-press.net\/senegal\/wp-json\/wp\/v2\/types\/post"}],"author":[{"embeddable":true,"href":"https:\/\/www.africa-press.net\/senegal\/wp-json\/wp\/v2\/users\/82"}],"replies":[{"embeddable":true,"href":"https:\/\/www.africa-press.net\/senegal\/wp-json\/wp\/v2\/comments?post=22462"}],"version-history":[{"count":0,"href":"https:\/\/www.africa-press.net\/senegal\/wp-json\/wp\/v2\/posts\/22462\/revisions"}],"wp:featuredmedia":[{"embeddable":true,"href":"https:\/\/www.africa-press.net\/senegal\/wp-json\/wp\/v2\/media\/22461"}],"wp:attachment":[{"href":"https:\/\/www.africa-press.net\/senegal\/wp-json\/wp\/v2\/media?parent=22462"}],"wp:term":[{"taxonomy":"category","embeddable":true,"href":"https:\/\/www.africa-press.net\/senegal\/wp-json\/wp\/v2\/categories?post=22462"},{"taxonomy":"post_tag","embeddable":true,"href":"https:\/\/www.africa-press.net\/senegal\/wp-json\/wp\/v2\/tags?post=22462"}],"curies":[{"name":"wp","href":"https:\/\/api.w.org\/{rel}","templated":true}]}}