{"id":22727,"date":"2022-03-20T22:04:39","date_gmt":"2022-03-20T22:04:39","guid":{"rendered":"https:\/\/www.africa-press.net\/senegal\/politique\/darou-mousty-ousmane-sonko-et-sa-delegation-recus-par-serigne-abdou-mbacke"},"modified":"2022-03-20T22:57:31","modified_gmt":"2022-03-20T22:57:31","slug":"darou-mousty-ousmane-sonko-et-sa-delegation-recus-par-serigne-abdou-mbacke","status":"publish","type":"post","link":"https:\/\/www.africa-press.net\/senegal\/parties\/darou-mousty-ousmane-sonko-et-sa-delegation-recus-par-serigne-abdou-mbacke","title":{"rendered":"Darou Mousty: Ousmane Sonko et sa d\u00e9l\u00e9gation re\u00e7us par Serigne Abdou Mback\u00e9"},"content":{"rendered":"<p><span style=\"color: #ff6600\"><strong>Africa-Press &#8211; Senegal. <\/strong><\/span><b>La c\u00e9l\u00e9bration du Magal de Darou Mousty de l\u2019\u00e9dition 2021 a vu la participation d\u2019une forte d\u00e9l\u00e9gation du parti PASTEF-Les patriotes conduite par Ousmane Sonko.<\/b><\/p>\n<p>Arriv\u00e9e \u00e0 Darou Mousty un peu apr\u00e8s 12 heures, la d\u00e9l\u00e9gation du d\u00e9put\u00e9-Maire de Ziguinchor, Ousmane Sonko a \u00e9t\u00e9 re\u00e7ue avec les honneurs par Serigne Abdou Mback\u00e9, khalif de Baye Cheikh Khady, 3e khalif de Darou Mousty, rapporte Jotna.<\/p>\n<p>Apr\u00e8s avoir pass\u00e9 la journ\u00e9e chez son grand ami et guide, le chef des patriotes a effectu\u00e9 son \u201cziarra\u201d avec sa d\u00e9l\u00e9gation aupr\u00e8s du khalif de Darou Mousty, Serigne Bassirou Mback\u00e9. Ce dernier a dit toute sa satisfaction \u00e0 l\u2019endroit du Maire de Ziguinchor, avant de l\u2019inviter \u00e0 plus de pers\u00e9v\u00e9rance dans la droiture. Il a aussi pri\u00e9 pour le leader de PASTEF et sa d\u00e9l\u00e9gation.<\/p>\n<p>La d\u00e9l\u00e9gation a fini sa tourn\u00e9e dans la cit\u00e9 sainte de Mame Thierno, en participant au Symposium annuel organis\u00e9 par Serigne Abdou Mback\u00e9.<\/p>\n\r\n                <style type=\"text\/css\">\r\n                    \r\n                    #td_uid_1_69f23618c25ce  .td-doubleSlider-2 .td-item1 {\r\n                        background: url(https:\/\/static.africa-press.net\/senegal\/sites\/13\/2022\/03\/257-80x60.jpg) 0 0 no-repeat;\r\n                    }\r\n                    #td_uid_1_69f23618c25ce  .td-doubleSlider-2 .td-item2 {\r\n                        background: url(https:\/\/static.africa-press.net\/senegal\/sites\/13\/2022\/03\/258-80x60.jpg) 0 0 no-repeat;\r\n                    }\r\n                    #td_uid_1_69f23618c25ce  .td-doubleSlider-2 .td-item3 {\r\n                        background: url(https:\/\/static.africa-press.net\/senegal\/sites\/13\/2022\/03\/259-80x60.jpg) 0 0 no-repeat;\r\n                    }\r\n                    #td_uid_1_69f23618c25ce  .td-doubleSlider-2 .td-item4 {\r\n                        background: url(https:\/\/static.africa-press.net\/senegal\/sites\/13\/2022\/03\/260-80x60.jpg) 0 0 no-repeat;\r\n                    }\r\n                    #td_uid_1_69f23618c25ce  .td-doubleSlider-2 .td-item5 {\r\n                        background: url(https:\/\/static.africa-press.net\/senegal\/sites\/13\/2022\/03\/img-6237aa6d875d7-80x60.jpg) 0 0 no-repeat;\r\n                    }\r\n                <\/style>\r\n\r\n                <div id=\"td_uid_1_69f23618c25ce\" class=\"td-gallery td-slide-on-2-columns\">\r\n                    <div class=\"post_td_gallery\">\r\n                        <div class=\"td-gallery-slide-top\">\r\n                           <div class=\"td-gallery-title\"><\/div>\r\n\r\n                            <div class=\"td-gallery-controls-wrapper\">\r\n                                <div class=\"td-gallery-slide-count\"><span class=\"td-gallery-slide-item-focus\">1<\/span> de 5<\/div>\r\n                                <div class=\"td-gallery-slide-prev-next-but\">\r\n                                    <i class = \"td-icon-left doubleSliderPrevButton\"><\/i>\r\n                                    <i class = \"td-icon-right doubleSliderNextButton\"><\/i>\r\n                                <\/div>\r\n                            <\/div>\r\n                        <\/div>\r\n\r\n                        <div class = \"td-doubleSlider-1 \">\r\n                            <div class = \"td-slider\">\r\n                                \r\n                    <div class = \"td-slide-item td-item1\">\r\n                        <figure class=\"td-slide-galery-figure td-slide-popup-gallery\">\r\n                            <a class=\"slide-gallery-image-link\" href=\"https:\/\/static.africa-press.net\/senegal\/sites\/13\/2022\/03\/257.jpg\" title=\"257\"  data-caption=\"\"  data-description=\"Darou Mousty: Ousmane Sonko et sa d&eacute;l&eacute;gation re&ccedil;us par Serigne Abdou Mback&eacute;\">\r\n                                <img decoding=\"async\" src=\"https:\/\/static.africa-press.net\/senegal\/sites\/13\/2022\/03\/257.jpg\" srcset=\"https:\/\/static.africa-press.net\/senegal\/sites\/13\/2022\/03\/257.jpg 960w, https:\/\/static.africa-press.net\/senegal\/sites\/13\/2022\/03\/257-300x225.jpg 300w, https:\/\/static.africa-press.net\/senegal\/sites\/13\/2022\/03\/257-768x576.jpg 768w, https:\/\/static.africa-press.net\/senegal\/sites\/13\/2022\/03\/257-80x60.jpg 80w\" sizes=\"(max-width: 960px) 100vw, 960px\" alt=\"\">\r\n                            <\/a>\r\n                            <figcaption class = \"td-slide-caption td-gallery-slide-content\"><span>Darou Mousty: Ousmane Sonko et sa d\u00e9l\u00e9gation re\u00e7us par Serigne Abdou Mback\u00e9<\/span><\/figcaption>\r\n                        <\/figure>\r\n                    <\/div>\r\n                    <div class = \"td-slide-item td-item2\">\r\n                        <figure class=\"td-slide-galery-figure td-slide-popup-gallery\">\r\n                            <a class=\"slide-gallery-image-link\" href=\"https:\/\/static.africa-press.net\/senegal\/sites\/13\/2022\/03\/258.jpg\" title=\"258\"  data-caption=\"\"  data-description=\"Darou Mousty: Ousmane Sonko et sa d&eacute;l&eacute;gation re&ccedil;us par Serigne Abdou Mback&eacute;\">\r\n                                <img decoding=\"async\" src=\"https:\/\/static.africa-press.net\/senegal\/sites\/13\/2022\/03\/258.jpg\" srcset=\"https:\/\/static.africa-press.net\/senegal\/sites\/13\/2022\/03\/258.jpg 1024w, https:\/\/static.africa-press.net\/senegal\/sites\/13\/2022\/03\/258-300x225.jpg 300w, https:\/\/static.africa-press.net\/senegal\/sites\/13\/2022\/03\/258-768x576.jpg 768w, https:\/\/static.africa-press.net\/senegal\/sites\/13\/2022\/03\/258-80x60.jpg 80w\" sizes=\"(max-width: 1024px) 100vw, 1024px\" alt=\"\">\r\n                            <\/a>\r\n                            <figcaption class = \"td-slide-caption td-gallery-slide-content\"><span>Darou Mousty: Ousmane Sonko et sa d\u00e9l\u00e9gation re\u00e7us par Serigne Abdou Mback\u00e9<\/span><\/figcaption>\r\n                        <\/figure>\r\n                    <\/div>\r\n                    <div class = \"td-slide-item td-item3\">\r\n                        <figure class=\"td-slide-galery-figure td-slide-popup-gallery\">\r\n                            <a class=\"slide-gallery-image-link\" href=\"https:\/\/static.africa-press.net\/senegal\/sites\/13\/2022\/03\/259.jpg\" title=\"259\"  data-caption=\"\"  data-description=\"Darou Mousty: Ousmane Sonko et sa d&eacute;l&eacute;gation re&ccedil;us par Serigne Abdou Mback&eacute;\">\r\n                                <img decoding=\"async\" src=\"https:\/\/static.africa-press.net\/senegal\/sites\/13\/2022\/03\/259.jpg\" srcset=\"https:\/\/static.africa-press.net\/senegal\/sites\/13\/2022\/03\/259.jpg 768w, https:\/\/static.africa-press.net\/senegal\/sites\/13\/2022\/03\/259-225x300.jpg 225w\" sizes=\"(max-width: 768px) 100vw, 768px\" alt=\"\">\r\n                            <\/a>\r\n                            <figcaption class = \"td-slide-caption td-gallery-slide-content\"><span>Darou Mousty: Ousmane Sonko et sa d\u00e9l\u00e9gation re\u00e7us par Serigne Abdou Mback\u00e9<\/span><\/figcaption>\r\n                        <\/figure>\r\n                    <\/div>\r\n                    <div class = \"td-slide-item td-item4\">\r\n                        <figure class=\"td-slide-galery-figure td-slide-popup-gallery\">\r\n                            <a class=\"slide-gallery-image-link\" href=\"https:\/\/static.africa-press.net\/senegal\/sites\/13\/2022\/03\/260.jpg\" title=\"260\"  data-caption=\"\"  data-description=\"Darou Mousty: Ousmane Sonko et sa d&eacute;l&eacute;gation re&ccedil;us par Serigne Abdou Mback&eacute;\">\r\n                                <img decoding=\"async\" src=\"https:\/\/static.africa-press.net\/senegal\/sites\/13\/2022\/03\/260.jpg\" srcset=\"https:\/\/static.africa-press.net\/senegal\/sites\/13\/2022\/03\/260.jpg 960w, https:\/\/static.africa-press.net\/senegal\/sites\/13\/2022\/03\/260-300x225.jpg 300w, https:\/\/static.africa-press.net\/senegal\/sites\/13\/2022\/03\/260-768x576.jpg 768w, https:\/\/static.africa-press.net\/senegal\/sites\/13\/2022\/03\/260-80x60.jpg 80w\" sizes=\"(max-width: 960px) 100vw, 960px\" alt=\"\">\r\n                            <\/a>\r\n                            <figcaption class = \"td-slide-caption td-gallery-slide-content\"><span>Darou Mousty: Ousmane Sonko et sa d\u00e9l\u00e9gation re\u00e7us par Serigne Abdou Mback\u00e9<\/span><\/figcaption>\r\n                        <\/figure>\r\n                    <\/div>\r\n                    <div class = \"td-slide-item td-item5\">\r\n                        <figure class=\"td-slide-galery-figure td-slide-popup-gallery\">\r\n                            <a class=\"slide-gallery-image-link\" href=\"https:\/\/static.africa-press.net\/senegal\/sites\/13\/2022\/03\/img-6237aa6d875d7.jpg\" title=\"Darou Mousty: Ousmane Sonko et sa d\u00e9l\u00e9gation re\u00e7us par Serigne Abdou Mback\u00e9\"  data-caption=\"Darou Mousty: Ousmane Sonko et sa d\u00e9l\u00e9gation re\u00e7us par Serigne Abdou Mback\u00e9\"  data-description=\"Darou Mousty: Ousmane Sonko et sa d&eacute;l&eacute;gation re&ccedil;us par Serigne Abdou Mback&eacute;\">\r\n                                <img decoding=\"async\" src=\"https:\/\/static.africa-press.net\/senegal\/sites\/13\/2022\/03\/img-6237aa6d875d7.jpg\" srcset=\"https:\/\/static.africa-press.net\/senegal\/sites\/13\/2022\/03\/img-6237aa6d875d7.jpg 960w, https:\/\/static.africa-press.net\/senegal\/sites\/13\/2022\/03\/img-6237aa6d875d7-300x225.jpg 300w, https:\/\/static.africa-press.net\/senegal\/sites\/13\/2022\/03\/img-6237aa6d875d7-768x576.jpg 768w, https:\/\/static.africa-press.net\/senegal\/sites\/13\/2022\/03\/img-6237aa6d875d7-80x60.jpg 80w\" sizes=\"(max-width: 960px) 100vw, 960px\" alt=\"Darou Mousty: Ousmane Sonko et sa d&eacute;l&eacute;gation re&ccedil;us par Serigne Abdou Mback&eacute;\">\r\n                            <\/a>\r\n                            <figcaption class = \"td-slide-caption td-gallery-slide-content\"><div class = \"td-gallery-slide-copywrite\">Darou Mousty: Ousmane Sonko et sa d\u00e9l\u00e9gation re\u00e7us par Serigne Abdou Mback\u00e9<\/div><span>Darou Mousty: Ousmane Sonko et sa d\u00e9l\u00e9gation re\u00e7us par Serigne Abdou Mback\u00e9<\/span><\/figcaption>\r\n                        <\/figure>\r\n                    <\/div>\r\n                            <\/div>\r\n                        <\/div>\r\n\r\n                        <div class = \"td-doubleSlider-2\">\r\n                            <div class = \"td-slider\">\r\n                                \r\n                    <div class = \"td-button td-item1\">\r\n                        <div class = \"td-border\"><\/div>\r\n                    <\/div>\r\n                    <div class = \"td-button td-item2\">\r\n                        <div class = \"td-border\"><\/div>\r\n                    <\/div>\r\n                    <div class = \"td-button td-item3\">\r\n                        <div class = \"td-border\"><\/div>\r\n                    <\/div>\r\n                    <div class = \"td-button td-item4\">\r\n                        <div class = \"td-border\"><\/div>\r\n                    <\/div>\r\n                    <div class = \"td-button td-item5\">\r\n                        <div class = \"td-border\"><\/div>\r\n                    <\/div>\r\n                            <\/div>\r\n                        <\/div>\r\n\r\n                    <\/div>\r\n\r\n                <\/div>\r\n                \n<p><strong>Pour plus d&rsquo;informations et d&rsquo;analyses sur la <a href=\"https:\/\/www.africa-press.net\/senegal\">Senegal<\/a>, suivez <a href=\"https:\/\/www.africa-press.net\/\">Africa-Press<\/a><\/strong><\/p>\n","protected":false},"excerpt":{"rendered":"<p>Africa-Press &#8211; Senegal. La c\u00e9l\u00e9bration du Magal de Darou Mousty de l\u2019\u00e9dition 2021 a vu la participation d\u2019une forte d\u00e9l\u00e9gation du parti PASTEF-Les patriotes conduite par Ousmane Sonko. Arriv\u00e9e \u00e0 Darou Mousty un peu apr\u00e8s 12 heures, la d\u00e9l\u00e9gation du d\u00e9put\u00e9-Maire de Ziguinchor, Ousmane Sonko a \u00e9t\u00e9 re\u00e7ue avec les honneurs par Serigne Abdou Mback\u00e9, [&hellip;]<\/p>\n","protected":false},"author":82,"featured_media":22726,"comment_status":"open","ping_status":"closed","sticky":false,"template":"","format":"standard","meta":{"footnotes":""},"categories":[11,4,8,10],"tags":[43,47,1173,46,44],"class_list":["post-22727","post","type-post","status-publish","format-standard","has-post-thumbnail","hentry","category-homepage-french","category-parties","category-photo","category-toutes-les-actualites","tag-africa-press-2","tag-africa-press-senegal","tag-darou-mousty","tag-ousmane-sonko","tag-senegal-2"],"yoast_head":"<!-- This site is optimized with the Yoast SEO Premium plugin v26.1 (Yoast SEO v27.0) - https:\/\/yoast.com\/product\/yoast-seo-premium-wordpress\/ -->\n<title>Darou Mousty: Ousmane Sonko et sa d\u00e9l\u00e9gation re\u00e7us par Serigne Abdou Mback\u00e9 - Senegal<\/title>\n<meta name=\"description\" content=\"La c\u00e9l\u00e9bration du Magal de Darou Mousty de l\u2019\u00e9dition 2021 a vu la participation d\u2019une forte d\u00e9l\u00e9gation du parti PASTE ...\" \/>\n<meta name=\"robots\" content=\"index, follow, max-snippet:-1, max-image-preview:large, max-video-preview:-1\" \/>\n<link rel=\"canonical\" href=\"https:\/\/www.africa-press.net\/senegal\/parties\/darou-mousty-ousmane-sonko-et-sa-delegation-recus-par-serigne-abdou-mbacke\" \/>\n<meta property=\"og:locale\" content=\"fr_FR\" \/>\n<meta property=\"og:type\" content=\"article\" \/>\n<meta property=\"og:title\" content=\"Darou Mousty: Ousmane Sonko et sa d\u00e9l\u00e9gation re\u00e7us par Serigne Abdou Mback\u00e9\" \/>\n<meta property=\"og:description\" content=\"La c\u00e9l\u00e9bration du Magal de Darou Mousty de l\u2019\u00e9dition 2021 a vu la participation d\u2019une forte d\u00e9l\u00e9gation du parti PASTE ...\" \/>\n<meta property=\"og:url\" content=\"https:\/\/www.africa-press.net\/senegal\/parties\/darou-mousty-ousmane-sonko-et-sa-delegation-recus-par-serigne-abdou-mbacke\" \/>\n<meta property=\"og:site_name\" content=\"Senegal\" \/>\n<meta property=\"article:published_time\" content=\"2022-03-20T22:04:39+00:00\" \/>\n<meta property=\"article:modified_time\" content=\"2022-03-20T22:57:31+00:00\" \/>\n<meta property=\"og:image\" content=\"https:\/\/static.africa-press.net\/senegal\/sites\/13\/2022\/03\/img-6237aa6d875d7.jpg\" \/>\n\t<meta property=\"og:image:width\" content=\"960\" \/>\n\t<meta property=\"og:image:height\" content=\"720\" \/>\n\t<meta property=\"og:image:type\" content=\"image\/jpeg\" \/>\n<meta name=\"author\" content=\"cfeditorfr\" \/>\n<meta name=\"twitter:card\" content=\"summary_large_image\" \/>\n<meta name=\"twitter:label1\" content=\"\u00c9crit par\" \/>\n\t<meta name=\"twitter:data1\" content=\"cfeditorfr\" \/>\n\t<meta name=\"twitter:label2\" content=\"Dur\u00e9e de lecture estim\u00e9e\" \/>\n\t<meta name=\"twitter:data2\" content=\"1 minute\" \/>\n<script type=\"application\/ld+json\" class=\"yoast-schema-graph\">{\"@context\":\"https:\/\/schema.org\",\"@graph\":[{\"@type\":\"Article\",\"@id\":\"https:\/\/www.africa-press.net\/senegal\/parties\/darou-mousty-ousmane-sonko-et-sa-delegation-recus-par-serigne-abdou-mbacke#article\",\"isPartOf\":{\"@id\":\"https:\/\/www.africa-press.net\/senegal\/parties\/darou-mousty-ousmane-sonko-et-sa-delegation-recus-par-serigne-abdou-mbacke\"},\"author\":{\"name\":\"cfeditorfr\",\"@id\":\"https:\/\/www.africa-press.net\/senegal\/#\/schema\/person\/2b1cf3cd81a31e3cd26889ca66d677f1\"},\"headline\":\"Darou Mousty: Ousmane Sonko et sa d\u00e9l\u00e9gation re\u00e7us par Serigne Abdou Mback\u00e9\",\"datePublished\":\"2022-03-20T22:04:39+00:00\",\"dateModified\":\"2022-03-20T22:57:31+00:00\",\"mainEntityOfPage\":{\"@id\":\"https:\/\/www.africa-press.net\/senegal\/parties\/darou-mousty-ousmane-sonko-et-sa-delegation-recus-par-serigne-abdou-mbacke\"},\"wordCount\":212,\"commentCount\":0,\"image\":{\"@id\":\"https:\/\/www.africa-press.net\/senegal\/parties\/darou-mousty-ousmane-sonko-et-sa-delegation-recus-par-serigne-abdou-mbacke#primaryimage\"},\"thumbnailUrl\":\"https:\/\/static.africa-press.net\/senegal\/sites\/13\/2022\/03\/img-6237aa6d875d7.jpg\",\"keywords\":[\"Africa Press\",\"Africa Press-Senegal\",\"Darou Mousty\",\"Ousmane Sonko\",\"Senegal\"],\"articleSection\":[\"homepage-french\",\"Parties\",\"Photo\",\"Toutes les actualit\u00e9s\"],\"inLanguage\":\"fr-FR\",\"potentialAction\":[{\"@type\":\"CommentAction\",\"name\":\"Comment\",\"target\":[\"https:\/\/www.africa-press.net\/senegal\/parties\/darou-mousty-ousmane-sonko-et-sa-delegation-recus-par-serigne-abdou-mbacke#respond\"]}]},{\"@type\":\"WebPage\",\"@id\":\"https:\/\/www.africa-press.net\/senegal\/parties\/darou-mousty-ousmane-sonko-et-sa-delegation-recus-par-serigne-abdou-mbacke\",\"url\":\"https:\/\/www.africa-press.net\/senegal\/parties\/darou-mousty-ousmane-sonko-et-sa-delegation-recus-par-serigne-abdou-mbacke\",\"name\":\"Darou Mousty: Ousmane Sonko et sa d\u00e9l\u00e9gation re\u00e7us par Serigne Abdou Mback\u00e9 - Senegal\",\"isPartOf\":{\"@id\":\"https:\/\/www.africa-press.net\/senegal\/#website\"},\"primaryImageOfPage\":{\"@id\":\"https:\/\/www.africa-press.net\/senegal\/parties\/darou-mousty-ousmane-sonko-et-sa-delegation-recus-par-serigne-abdou-mbacke#primaryimage\"},\"image\":{\"@id\":\"https:\/\/www.africa-press.net\/senegal\/parties\/darou-mousty-ousmane-sonko-et-sa-delegation-recus-par-serigne-abdou-mbacke#primaryimage\"},\"thumbnailUrl\":\"https:\/\/static.africa-press.net\/senegal\/sites\/13\/2022\/03\/img-6237aa6d875d7.jpg\",\"datePublished\":\"2022-03-20T22:04:39+00:00\",\"dateModified\":\"2022-03-20T22:57:31+00:00\",\"author\":{\"@id\":\"https:\/\/www.africa-press.net\/senegal\/#\/schema\/person\/2b1cf3cd81a31e3cd26889ca66d677f1\"},\"description\":\"La c\u00e9l\u00e9bration du Magal de Darou Mousty de l\u2019\u00e9dition 2021 a vu la participation d\u2019une forte d\u00e9l\u00e9gation du parti PASTE ...\",\"breadcrumb\":{\"@id\":\"https:\/\/www.africa-press.net\/senegal\/parties\/darou-mousty-ousmane-sonko-et-sa-delegation-recus-par-serigne-abdou-mbacke#breadcrumb\"},\"inLanguage\":\"fr-FR\",\"potentialAction\":[{\"@type\":\"ReadAction\",\"target\":[\"https:\/\/www.africa-press.net\/senegal\/parties\/darou-mousty-ousmane-sonko-et-sa-delegation-recus-par-serigne-abdou-mbacke\"]}]},{\"@type\":\"ImageObject\",\"inLanguage\":\"fr-FR\",\"@id\":\"https:\/\/www.africa-press.net\/senegal\/parties\/darou-mousty-ousmane-sonko-et-sa-delegation-recus-par-serigne-abdou-mbacke#primaryimage\",\"url\":\"https:\/\/static.africa-press.net\/senegal\/sites\/13\/2022\/03\/img-6237aa6d875d7.jpg\",\"contentUrl\":\"https:\/\/static.africa-press.net\/senegal\/sites\/13\/2022\/03\/img-6237aa6d875d7.jpg\",\"width\":960,\"height\":720,\"caption\":\"Darou Mousty: Ousmane Sonko et sa d\u00e9l\u00e9gation re\u00e7us par Serigne Abdou Mback\u00e9\"},{\"@type\":\"BreadcrumbList\",\"@id\":\"https:\/\/www.africa-press.net\/senegal\/parties\/darou-mousty-ousmane-sonko-et-sa-delegation-recus-par-serigne-abdou-mbacke#breadcrumb\",\"itemListElement\":[{\"@type\":\"ListItem\",\"position\":1,\"name\":\"Accueil\",\"item\":\"https:\/\/www.africa-press.net\/senegal\/\"},{\"@type\":\"ListItem\",\"position\":2,\"name\":\"Darou Mousty: Ousmane Sonko et sa d\u00e9l\u00e9gation re\u00e7us par Serigne Abdou Mback\u00e9\"}]},{\"@type\":\"WebSite\",\"@id\":\"https:\/\/www.africa-press.net\/senegal\/#website\",\"url\":\"https:\/\/www.africa-press.net\/senegal\/\",\"name\":\"Africa Press | Senegal | Homepage\",\"description\":\"Just another Africa News Agency Sites site\",\"potentialAction\":[{\"@type\":\"SearchAction\",\"target\":{\"@type\":\"EntryPoint\",\"urlTemplate\":\"https:\/\/www.africa-press.net\/senegal\/?s={search_term_string}\"},\"query-input\":{\"@type\":\"PropertyValueSpecification\",\"valueRequired\":true,\"valueName\":\"search_term_string\"}}],\"inLanguage\":\"fr-FR\"},{\"@type\":\"Person\",\"@id\":\"https:\/\/www.africa-press.net\/senegal\/#\/schema\/person\/2b1cf3cd81a31e3cd26889ca66d677f1\",\"name\":\"cfeditorfr\",\"url\":\"https:\/\/www.africa-press.net\/senegal\/author\/cfeditorfr\"}]}<\/script>\n<!-- \/ Yoast SEO Premium plugin. -->","yoast_head_json":{"title":"Darou Mousty: Ousmane Sonko et sa d\u00e9l\u00e9gation re\u00e7us par Serigne Abdou Mback\u00e9 - Senegal","description":"La c\u00e9l\u00e9bration du Magal de Darou Mousty de l\u2019\u00e9dition 2021 a vu la participation d\u2019une forte d\u00e9l\u00e9gation du parti PASTE ...","robots":{"index":"index","follow":"follow","max-snippet":"max-snippet:-1","max-image-preview":"max-image-preview:large","max-video-preview":"max-video-preview:-1"},"canonical":"https:\/\/www.africa-press.net\/senegal\/parties\/darou-mousty-ousmane-sonko-et-sa-delegation-recus-par-serigne-abdou-mbacke","og_locale":"fr_FR","og_type":"article","og_title":"Darou Mousty: Ousmane Sonko et sa d\u00e9l\u00e9gation re\u00e7us par Serigne Abdou Mback\u00e9","og_description":"La c\u00e9l\u00e9bration du Magal de Darou Mousty de l\u2019\u00e9dition 2021 a vu la participation d\u2019une forte d\u00e9l\u00e9gation du parti PASTE ...","og_url":"https:\/\/www.africa-press.net\/senegal\/parties\/darou-mousty-ousmane-sonko-et-sa-delegation-recus-par-serigne-abdou-mbacke","og_site_name":"Senegal","article_published_time":"2022-03-20T22:04:39+00:00","article_modified_time":"2022-03-20T22:57:31+00:00","og_image":[{"width":960,"height":720,"url":"https:\/\/static.africa-press.net\/senegal\/sites\/13\/2022\/03\/img-6237aa6d875d7.jpg","type":"image\/jpeg"}],"author":"cfeditorfr","twitter_card":"summary_large_image","twitter_misc":{"\u00c9crit par":"cfeditorfr","Dur\u00e9e de lecture estim\u00e9e":"1 minute"},"schema":{"@context":"https:\/\/schema.org","@graph":[{"@type":"Article","@id":"https:\/\/www.africa-press.net\/senegal\/parties\/darou-mousty-ousmane-sonko-et-sa-delegation-recus-par-serigne-abdou-mbacke#article","isPartOf":{"@id":"https:\/\/www.africa-press.net\/senegal\/parties\/darou-mousty-ousmane-sonko-et-sa-delegation-recus-par-serigne-abdou-mbacke"},"author":{"name":"cfeditorfr","@id":"https:\/\/www.africa-press.net\/senegal\/#\/schema\/person\/2b1cf3cd81a31e3cd26889ca66d677f1"},"headline":"Darou Mousty: Ousmane Sonko et sa d\u00e9l\u00e9gation re\u00e7us par Serigne Abdou Mback\u00e9","datePublished":"2022-03-20T22:04:39+00:00","dateModified":"2022-03-20T22:57:31+00:00","mainEntityOfPage":{"@id":"https:\/\/www.africa-press.net\/senegal\/parties\/darou-mousty-ousmane-sonko-et-sa-delegation-recus-par-serigne-abdou-mbacke"},"wordCount":212,"commentCount":0,"image":{"@id":"https:\/\/www.africa-press.net\/senegal\/parties\/darou-mousty-ousmane-sonko-et-sa-delegation-recus-par-serigne-abdou-mbacke#primaryimage"},"thumbnailUrl":"https:\/\/static.africa-press.net\/senegal\/sites\/13\/2022\/03\/img-6237aa6d875d7.jpg","keywords":["Africa Press","Africa Press-Senegal","Darou Mousty","Ousmane Sonko","Senegal"],"articleSection":["homepage-french","Parties","Photo","Toutes les actualit\u00e9s"],"inLanguage":"fr-FR","potentialAction":[{"@type":"CommentAction","name":"Comment","target":["https:\/\/www.africa-press.net\/senegal\/parties\/darou-mousty-ousmane-sonko-et-sa-delegation-recus-par-serigne-abdou-mbacke#respond"]}]},{"@type":"WebPage","@id":"https:\/\/www.africa-press.net\/senegal\/parties\/darou-mousty-ousmane-sonko-et-sa-delegation-recus-par-serigne-abdou-mbacke","url":"https:\/\/www.africa-press.net\/senegal\/parties\/darou-mousty-ousmane-sonko-et-sa-delegation-recus-par-serigne-abdou-mbacke","name":"Darou Mousty: Ousmane Sonko et sa d\u00e9l\u00e9gation re\u00e7us par Serigne Abdou Mback\u00e9 - Senegal","isPartOf":{"@id":"https:\/\/www.africa-press.net\/senegal\/#website"},"primaryImageOfPage":{"@id":"https:\/\/www.africa-press.net\/senegal\/parties\/darou-mousty-ousmane-sonko-et-sa-delegation-recus-par-serigne-abdou-mbacke#primaryimage"},"image":{"@id":"https:\/\/www.africa-press.net\/senegal\/parties\/darou-mousty-ousmane-sonko-et-sa-delegation-recus-par-serigne-abdou-mbacke#primaryimage"},"thumbnailUrl":"https:\/\/static.africa-press.net\/senegal\/sites\/13\/2022\/03\/img-6237aa6d875d7.jpg","datePublished":"2022-03-20T22:04:39+00:00","dateModified":"2022-03-20T22:57:31+00:00","author":{"@id":"https:\/\/www.africa-press.net\/senegal\/#\/schema\/person\/2b1cf3cd81a31e3cd26889ca66d677f1"},"description":"La c\u00e9l\u00e9bration du Magal de Darou Mousty de l\u2019\u00e9dition 2021 a vu la participation d\u2019une forte d\u00e9l\u00e9gation du parti PASTE ...","breadcrumb":{"@id":"https:\/\/www.africa-press.net\/senegal\/parties\/darou-mousty-ousmane-sonko-et-sa-delegation-recus-par-serigne-abdou-mbacke#breadcrumb"},"inLanguage":"fr-FR","potentialAction":[{"@type":"ReadAction","target":["https:\/\/www.africa-press.net\/senegal\/parties\/darou-mousty-ousmane-sonko-et-sa-delegation-recus-par-serigne-abdou-mbacke"]}]},{"@type":"ImageObject","inLanguage":"fr-FR","@id":"https:\/\/www.africa-press.net\/senegal\/parties\/darou-mousty-ousmane-sonko-et-sa-delegation-recus-par-serigne-abdou-mbacke#primaryimage","url":"https:\/\/static.africa-press.net\/senegal\/sites\/13\/2022\/03\/img-6237aa6d875d7.jpg","contentUrl":"https:\/\/static.africa-press.net\/senegal\/sites\/13\/2022\/03\/img-6237aa6d875d7.jpg","width":960,"height":720,"caption":"Darou Mousty: Ousmane Sonko et sa d\u00e9l\u00e9gation re\u00e7us par Serigne Abdou Mback\u00e9"},{"@type":"BreadcrumbList","@id":"https:\/\/www.africa-press.net\/senegal\/parties\/darou-mousty-ousmane-sonko-et-sa-delegation-recus-par-serigne-abdou-mbacke#breadcrumb","itemListElement":[{"@type":"ListItem","position":1,"name":"Accueil","item":"https:\/\/www.africa-press.net\/senegal\/"},{"@type":"ListItem","position":2,"name":"Darou Mousty: Ousmane Sonko et sa d\u00e9l\u00e9gation re\u00e7us par Serigne Abdou Mback\u00e9"}]},{"@type":"WebSite","@id":"https:\/\/www.africa-press.net\/senegal\/#website","url":"https:\/\/www.africa-press.net\/senegal\/","name":"Africa Press | Senegal | Homepage","description":"Just another Africa News Agency Sites site","potentialAction":[{"@type":"SearchAction","target":{"@type":"EntryPoint","urlTemplate":"https:\/\/www.africa-press.net\/senegal\/?s={search_term_string}"},"query-input":{"@type":"PropertyValueSpecification","valueRequired":true,"valueName":"search_term_string"}}],"inLanguage":"fr-FR"},{"@type":"Person","@id":"https:\/\/www.africa-press.net\/senegal\/#\/schema\/person\/2b1cf3cd81a31e3cd26889ca66d677f1","name":"cfeditorfr","url":"https:\/\/www.africa-press.net\/senegal\/author\/cfeditorfr"}]}},"_links":{"self":[{"href":"https:\/\/www.africa-press.net\/senegal\/wp-json\/wp\/v2\/posts\/22727","targetHints":{"allow":["GET"]}}],"collection":[{"href":"https:\/\/www.africa-press.net\/senegal\/wp-json\/wp\/v2\/posts"}],"about":[{"href":"https:\/\/www.africa-press.net\/senegal\/wp-json\/wp\/v2\/types\/post"}],"author":[{"embeddable":true,"href":"https:\/\/www.africa-press.net\/senegal\/wp-json\/wp\/v2\/users\/82"}],"replies":[{"embeddable":true,"href":"https:\/\/www.africa-press.net\/senegal\/wp-json\/wp\/v2\/comments?post=22727"}],"version-history":[{"count":0,"href":"https:\/\/www.africa-press.net\/senegal\/wp-json\/wp\/v2\/posts\/22727\/revisions"}],"wp:featuredmedia":[{"embeddable":true,"href":"https:\/\/www.africa-press.net\/senegal\/wp-json\/wp\/v2\/media\/22726"}],"wp:attachment":[{"href":"https:\/\/www.africa-press.net\/senegal\/wp-json\/wp\/v2\/media?parent=22727"}],"wp:term":[{"taxonomy":"category","embeddable":true,"href":"https:\/\/www.africa-press.net\/senegal\/wp-json\/wp\/v2\/categories?post=22727"},{"taxonomy":"post_tag","embeddable":true,"href":"https:\/\/www.africa-press.net\/senegal\/wp-json\/wp\/v2\/tags?post=22727"}],"curies":[{"name":"wp","href":"https:\/\/api.w.org\/{rel}","templated":true}]}}