{"id":22839,"date":"2022-03-21T22:02:40","date_gmt":"2022-03-21T22:02:40","guid":{"rendered":"https:\/\/www.africa-press.net\/senegal\/politique\/un-9e-forum-mondial-de-leau-pour-sonner-lalerte"},"modified":"2022-03-21T22:35:43","modified_gmt":"2022-03-21T22:35:43","slug":"un-9e-forum-mondial-de-leau-pour-sonner-lalerte","status":"publish","type":"post","link":"https:\/\/www.africa-press.net\/senegal\/politique\/un-9e-forum-mondial-de-leau-pour-sonner-lalerte","title":{"rendered":"un 9e Forum mondial de l&rsquo;eau pour \u00ab\u00a0sonner l&rsquo;alerte\u00a0\u00bb"},"content":{"rendered":"<p><span style=\"color: #ff6600\"><strong>Africa-Press &#8211; Senegal. <\/strong><\/span>Le pr\u00e9sident s\u00e9n\u00e9galais Macky Sall a donn\u00e9 lundi le coup d&rsquo;envoi du 9e Forum mondial de l&rsquo;eau \u00e0 Diamniadio, pr\u00e8s de Dakar, en vue de \u00ab\u00a0sonner l&rsquo;alerte\u00a0\u00bb sur la \u00ab\u00a0rar\u00e9faction des ressources hydriques\u00a0\u00bb dans le monde et en particulier en Afrique.<\/p>\n<p>Le pr\u00e9sident Macky Sall, a soulign\u00e9 dans son discours d&rsquo;ouverture que le Forum se r\u00e9unissait au S\u00e9n\u00e9gal \u00ab\u00a0alors que la rar\u00e9faction des ressources hydriques et la d\u00e9gradation de l&rsquo;environnement continuent de s&rsquo;aggraver\u00a0\u00bb.<\/p>\n<p>Selon Macky Sall, qui cite un rapport l&rsquo;ONU, \u00ab\u00a0la situation n&rsquo;est pas rassurante\u00a0\u00bb, notamment car \u00ab\u00a0deux personnes sur cinq dans le monde vivent dans des r\u00e9gions o\u00f9 l&rsquo;eau est rare\u00a0\u00bb.<\/p>\n<p>\u00ab\u00a0Tout laisse croire que si rien n&rsquo;est fait, la situation ira de mal en pis\u00a0\u00bb, a-t-il dit en assurant que le 9e Forum mondial de l&rsquo;eau \u00e9tait \u00ab\u00a0l&rsquo;occasion de sonner l&rsquo;alerte sur la gravit\u00e9 de la situation\u00a0\u00bb.<\/p>\n<p>Il a \u00e9galement sugg\u00e9r\u00e9 que \u00ab\u00a0compte tenu des enjeux globaux (&#8230;) il semble n\u00e9cessaire que le G20 s&rsquo;\u00e9largisse et \u00e9largisse sa composition. L&rsquo;UA pourrait ainsi en devenir membre\u00a0\u00bb car \u00ab\u00a0l&rsquo;Afrique compte plus d&rsquo;un quart des pays membres des Nations unies\u00a0\u00bb.<\/p>\n<p>Plusieurs chefs d&rsquo;\u00c9tat \u00e9taient pr\u00e9sents lundi \u00e0 la Dakar Arena, \u00e0 Diamniadio, dont le Congolais Denis Sassou Nguesso ou le Bissau-Guin\u00e9en Umaro Sissoco Embalo. Audrey Azoulay, la directrice g\u00e9n\u00e9rale de l&rsquo;UNESCO partie prenante dans l&rsquo;organisation du forum, assistait \u00e9galement \u00e0 la c\u00e9r\u00e9monie. L&#8217;empereur du Japon, Naruhito, s&rsquo;est exprim\u00e9 par visioconf\u00e9rence.<\/p>\n<p>Ce forum, organis\u00e9 pour la premi\u00e8re fois en Afrique de l&rsquo;Ouest, se d\u00e9roulera jusqu&rsquo;au 26 mars avec pour th\u00e8me \u00ab\u00a0la s\u00e9curit\u00e9 de l&rsquo;eau pour la paix et le d\u00e9veloppement\u00a0\u00bb.<\/p>\n<p>\u00ab\u00a0La gestion durable de la ressource en eau est un enjeu majeur du XXIe si\u00e8cle. Ce forum doit permettre de renforcer les actions multilat\u00e9rales dans ce domaine. Mieux g\u00e9rer l\u2019eau, cela implique d\u2019\u00e9duquer, de former et de sensibiliser. J&rsquo;appelle \u00e0 un engagement fort des \u00c9tats\u00a0\u00bb, a d\u00e9clar\u00e9 Audrey Azoulay dans un communiqu\u00e9 r\u00e9cent.<\/p>\n<p>Les d\u00e9bats s&rsquo;ouvrent dans ce forum, au moment o\u00f9 l&rsquo;UNESCO vient de publier un rapport mettant en exergue le potentiel des eaux souterraines susceptibles de g\u00e9n\u00e9rer des b\u00e9n\u00e9fices sociaux, \u00e9conomiques et environnementaux, \u00e0 condition qu&rsquo;elles soient g\u00e9r\u00e9es de fa\u00e7on durable.<\/p>\n<p>L&rsquo;UNESCO avertit dans ce rapport que les ressources en eaux souterraines \u00ab\u00a0passent trop souvent inaper\u00e7ues ou sont ignor\u00e9es\u00a0\u00bb et les r\u00e9serves mondiales sont souvent mal g\u00e9r\u00e9es, sous-\u00e9valu\u00e9es et expos\u00e9es \u00e0 des risques de pollution.<\/p>\n<p>Le dernier Forum mondial de l&rsquo;eau s&rsquo;\u00e9tait tenu \u00e0 Brasilia en mars 2018.<\/p>\n<p><strong>Pour plus d&rsquo;informations et d&rsquo;analyses sur la <a href=\"https:\/\/www.africa-press.net\/senegal\">Senegal<\/a>, suivez <a href=\"https:\/\/www.africa-press.net\/\">Africa-Press<\/a><\/strong><\/p>\n","protected":false},"excerpt":{"rendered":"<p>Africa-Press &#8211; Senegal. Le pr\u00e9sident s\u00e9n\u00e9galais Macky Sall a donn\u00e9 lundi le coup d&rsquo;envoi du 9e Forum mondial de l&rsquo;eau \u00e0 Diamniadio, pr\u00e8s de Dakar, en vue de \u00ab\u00a0sonner l&rsquo;alerte\u00a0\u00bb sur la \u00ab\u00a0rar\u00e9faction des ressources hydriques\u00a0\u00bb dans le monde et en particulier en Afrique. Le pr\u00e9sident Macky Sall, a soulign\u00e9 dans son discours d&rsquo;ouverture que [&hellip;]<\/p>\n","protected":false},"author":82,"featured_media":22838,"comment_status":"open","ping_status":"closed","sticky":false,"template":"","format":"standard","meta":{"footnotes":""},"categories":[11,2,20,10],"tags":[43,47,42,44],"class_list":["post-22839","post","type-post","status-publish","format-standard","has-post-thumbnail","hentry","category-homepage-french","category-politique","category-top-nouvelles","category-toutes-les-actualites","tag-africa-press-2","tag-africa-press-senegal","tag-macky-sall","tag-senegal-2"],"yoast_head":"<!-- This site is optimized with the Yoast SEO Premium plugin v26.1 (Yoast SEO v27.0) - https:\/\/yoast.com\/product\/yoast-seo-premium-wordpress\/ -->\n<title>un 9e Forum mondial de l&#039;eau pour &quot;sonner l&#039;alerte&quot; - Senegal<\/title>\n<meta name=\"description\" content=\"Le pr\u00e9sident s\u00e9n\u00e9galais Macky Sall a donn\u00e9 lundi le coup d&#039;envoi du 9e Forum mondial de l&#039;eau \u00e0 Diamniadio, pr\u00e8s de Daka ...\" \/>\n<meta name=\"robots\" content=\"index, follow, max-snippet:-1, max-image-preview:large, max-video-preview:-1\" \/>\n<link rel=\"canonical\" href=\"https:\/\/www.africa-press.net\/senegal\/politique\/un-9e-forum-mondial-de-leau-pour-sonner-lalerte\" \/>\n<meta property=\"og:locale\" content=\"fr_FR\" \/>\n<meta property=\"og:type\" content=\"article\" \/>\n<meta property=\"og:title\" content=\"un 9e Forum mondial de l&#039;eau pour &quot;sonner l&#039;alerte&quot;\" \/>\n<meta property=\"og:description\" content=\"Le pr\u00e9sident s\u00e9n\u00e9galais Macky Sall a donn\u00e9 lundi le coup d&#039;envoi du 9e Forum mondial de l&#039;eau \u00e0 Diamniadio, pr\u00e8s de Daka ...\" \/>\n<meta property=\"og:url\" content=\"https:\/\/www.africa-press.net\/senegal\/politique\/un-9e-forum-mondial-de-leau-pour-sonner-lalerte\" \/>\n<meta property=\"og:site_name\" content=\"Senegal\" \/>\n<meta property=\"article:published_time\" content=\"2022-03-21T22:02:40+00:00\" \/>\n<meta property=\"article:modified_time\" content=\"2022-03-21T22:35:43+00:00\" \/>\n<meta property=\"og:image\" content=\"https:\/\/static.africa-press.net\/senegal\/sites\/13\/2022\/03\/img-6238fd94241b8.jpg\" \/>\n\t<meta property=\"og:image:width\" content=\"893\" \/>\n\t<meta property=\"og:image:height\" content=\"495\" \/>\n\t<meta property=\"og:image:type\" content=\"image\/jpeg\" \/>\n<meta name=\"author\" content=\"cfeditorfr\" \/>\n<meta name=\"twitter:card\" content=\"summary_large_image\" \/>\n<meta name=\"twitter:label1\" content=\"\u00c9crit par\" \/>\n\t<meta name=\"twitter:data1\" content=\"cfeditorfr\" \/>\n\t<meta name=\"twitter:label2\" content=\"Dur\u00e9e de lecture estim\u00e9e\" \/>\n\t<meta name=\"twitter:data2\" content=\"2 minutes\" \/>\n<script type=\"application\/ld+json\" class=\"yoast-schema-graph\">{\"@context\":\"https:\/\/schema.org\",\"@graph\":[{\"@type\":\"Article\",\"@id\":\"https:\/\/www.africa-press.net\/senegal\/politique\/un-9e-forum-mondial-de-leau-pour-sonner-lalerte#article\",\"isPartOf\":{\"@id\":\"https:\/\/www.africa-press.net\/senegal\/politique\/un-9e-forum-mondial-de-leau-pour-sonner-lalerte\"},\"author\":{\"name\":\"cfeditorfr\",\"@id\":\"https:\/\/www.africa-press.net\/senegal\/#\/schema\/person\/2b1cf3cd81a31e3cd26889ca66d677f1\"},\"headline\":\"un 9e Forum mondial de l&rsquo;eau pour \u00ab\u00a0sonner l&rsquo;alerte\u00a0\u00bb\",\"datePublished\":\"2022-03-21T22:02:40+00:00\",\"dateModified\":\"2022-03-21T22:35:43+00:00\",\"mainEntityOfPage\":{\"@id\":\"https:\/\/www.africa-press.net\/senegal\/politique\/un-9e-forum-mondial-de-leau-pour-sonner-lalerte\"},\"wordCount\":495,\"commentCount\":0,\"image\":{\"@id\":\"https:\/\/www.africa-press.net\/senegal\/politique\/un-9e-forum-mondial-de-leau-pour-sonner-lalerte#primaryimage\"},\"thumbnailUrl\":\"https:\/\/static.africa-press.net\/senegal\/sites\/13\/2022\/03\/img-6238fd94241b8.jpg\",\"keywords\":[\"Africa Press\",\"Africa Press-Senegal\",\"Macky Sall\",\"Senegal\"],\"articleSection\":[\"homepage-french\",\"Politique\",\"Top Nouvelles\",\"Toutes les actualit\u00e9s\"],\"inLanguage\":\"fr-FR\",\"potentialAction\":[{\"@type\":\"CommentAction\",\"name\":\"Comment\",\"target\":[\"https:\/\/www.africa-press.net\/senegal\/politique\/un-9e-forum-mondial-de-leau-pour-sonner-lalerte#respond\"]}]},{\"@type\":\"WebPage\",\"@id\":\"https:\/\/www.africa-press.net\/senegal\/politique\/un-9e-forum-mondial-de-leau-pour-sonner-lalerte\",\"url\":\"https:\/\/www.africa-press.net\/senegal\/politique\/un-9e-forum-mondial-de-leau-pour-sonner-lalerte\",\"name\":\"un 9e Forum mondial de l'eau pour \\\"sonner l'alerte\\\" - Senegal\",\"isPartOf\":{\"@id\":\"https:\/\/www.africa-press.net\/senegal\/#website\"},\"primaryImageOfPage\":{\"@id\":\"https:\/\/www.africa-press.net\/senegal\/politique\/un-9e-forum-mondial-de-leau-pour-sonner-lalerte#primaryimage\"},\"image\":{\"@id\":\"https:\/\/www.africa-press.net\/senegal\/politique\/un-9e-forum-mondial-de-leau-pour-sonner-lalerte#primaryimage\"},\"thumbnailUrl\":\"https:\/\/static.africa-press.net\/senegal\/sites\/13\/2022\/03\/img-6238fd94241b8.jpg\",\"datePublished\":\"2022-03-21T22:02:40+00:00\",\"dateModified\":\"2022-03-21T22:35:43+00:00\",\"author\":{\"@id\":\"https:\/\/www.africa-press.net\/senegal\/#\/schema\/person\/2b1cf3cd81a31e3cd26889ca66d677f1\"},\"description\":\"Le pr\u00e9sident s\u00e9n\u00e9galais Macky Sall a donn\u00e9 lundi le coup d'envoi du 9e Forum mondial de l'eau \u00e0 Diamniadio, pr\u00e8s de Daka ...\",\"breadcrumb\":{\"@id\":\"https:\/\/www.africa-press.net\/senegal\/politique\/un-9e-forum-mondial-de-leau-pour-sonner-lalerte#breadcrumb\"},\"inLanguage\":\"fr-FR\",\"potentialAction\":[{\"@type\":\"ReadAction\",\"target\":[\"https:\/\/www.africa-press.net\/senegal\/politique\/un-9e-forum-mondial-de-leau-pour-sonner-lalerte\"]}]},{\"@type\":\"ImageObject\",\"inLanguage\":\"fr-FR\",\"@id\":\"https:\/\/www.africa-press.net\/senegal\/politique\/un-9e-forum-mondial-de-leau-pour-sonner-lalerte#primaryimage\",\"url\":\"https:\/\/static.africa-press.net\/senegal\/sites\/13\/2022\/03\/img-6238fd94241b8.jpg\",\"contentUrl\":\"https:\/\/static.africa-press.net\/senegal\/sites\/13\/2022\/03\/img-6238fd94241b8.jpg\",\"width\":893,\"height\":495,\"caption\":\"un 9e Forum mondial de l'eau pour \\\"sonner l'alerte\\\"\"},{\"@type\":\"BreadcrumbList\",\"@id\":\"https:\/\/www.africa-press.net\/senegal\/politique\/un-9e-forum-mondial-de-leau-pour-sonner-lalerte#breadcrumb\",\"itemListElement\":[{\"@type\":\"ListItem\",\"position\":1,\"name\":\"Accueil\",\"item\":\"https:\/\/www.africa-press.net\/senegal\/\"},{\"@type\":\"ListItem\",\"position\":2,\"name\":\"un 9e Forum mondial de l&#8217;eau pour &#8220;sonner l&#8217;alerte&#8221;\"}]},{\"@type\":\"WebSite\",\"@id\":\"https:\/\/www.africa-press.net\/senegal\/#website\",\"url\":\"https:\/\/www.africa-press.net\/senegal\/\",\"name\":\"Africa Press | Senegal | Homepage\",\"description\":\"Just another Africa News Agency Sites site\",\"potentialAction\":[{\"@type\":\"SearchAction\",\"target\":{\"@type\":\"EntryPoint\",\"urlTemplate\":\"https:\/\/www.africa-press.net\/senegal\/?s={search_term_string}\"},\"query-input\":{\"@type\":\"PropertyValueSpecification\",\"valueRequired\":true,\"valueName\":\"search_term_string\"}}],\"inLanguage\":\"fr-FR\"},{\"@type\":\"Person\",\"@id\":\"https:\/\/www.africa-press.net\/senegal\/#\/schema\/person\/2b1cf3cd81a31e3cd26889ca66d677f1\",\"name\":\"cfeditorfr\",\"url\":\"https:\/\/www.africa-press.net\/senegal\/author\/cfeditorfr\"}]}<\/script>\n<!-- \/ Yoast SEO Premium plugin. -->","yoast_head_json":{"title":"un 9e Forum mondial de l'eau pour \"sonner l'alerte\" - Senegal","description":"Le pr\u00e9sident s\u00e9n\u00e9galais Macky Sall a donn\u00e9 lundi le coup d'envoi du 9e Forum mondial de l'eau \u00e0 Diamniadio, pr\u00e8s de Daka ...","robots":{"index":"index","follow":"follow","max-snippet":"max-snippet:-1","max-image-preview":"max-image-preview:large","max-video-preview":"max-video-preview:-1"},"canonical":"https:\/\/www.africa-press.net\/senegal\/politique\/un-9e-forum-mondial-de-leau-pour-sonner-lalerte","og_locale":"fr_FR","og_type":"article","og_title":"un 9e Forum mondial de l'eau pour \"sonner l'alerte\"","og_description":"Le pr\u00e9sident s\u00e9n\u00e9galais Macky Sall a donn\u00e9 lundi le coup d'envoi du 9e Forum mondial de l'eau \u00e0 Diamniadio, pr\u00e8s de Daka ...","og_url":"https:\/\/www.africa-press.net\/senegal\/politique\/un-9e-forum-mondial-de-leau-pour-sonner-lalerte","og_site_name":"Senegal","article_published_time":"2022-03-21T22:02:40+00:00","article_modified_time":"2022-03-21T22:35:43+00:00","og_image":[{"width":893,"height":495,"url":"https:\/\/static.africa-press.net\/senegal\/sites\/13\/2022\/03\/img-6238fd94241b8.jpg","type":"image\/jpeg"}],"author":"cfeditorfr","twitter_card":"summary_large_image","twitter_misc":{"\u00c9crit par":"cfeditorfr","Dur\u00e9e de lecture estim\u00e9e":"2 minutes"},"schema":{"@context":"https:\/\/schema.org","@graph":[{"@type":"Article","@id":"https:\/\/www.africa-press.net\/senegal\/politique\/un-9e-forum-mondial-de-leau-pour-sonner-lalerte#article","isPartOf":{"@id":"https:\/\/www.africa-press.net\/senegal\/politique\/un-9e-forum-mondial-de-leau-pour-sonner-lalerte"},"author":{"name":"cfeditorfr","@id":"https:\/\/www.africa-press.net\/senegal\/#\/schema\/person\/2b1cf3cd81a31e3cd26889ca66d677f1"},"headline":"un 9e Forum mondial de l&rsquo;eau pour \u00ab\u00a0sonner l&rsquo;alerte\u00a0\u00bb","datePublished":"2022-03-21T22:02:40+00:00","dateModified":"2022-03-21T22:35:43+00:00","mainEntityOfPage":{"@id":"https:\/\/www.africa-press.net\/senegal\/politique\/un-9e-forum-mondial-de-leau-pour-sonner-lalerte"},"wordCount":495,"commentCount":0,"image":{"@id":"https:\/\/www.africa-press.net\/senegal\/politique\/un-9e-forum-mondial-de-leau-pour-sonner-lalerte#primaryimage"},"thumbnailUrl":"https:\/\/static.africa-press.net\/senegal\/sites\/13\/2022\/03\/img-6238fd94241b8.jpg","keywords":["Africa Press","Africa Press-Senegal","Macky Sall","Senegal"],"articleSection":["homepage-french","Politique","Top Nouvelles","Toutes les actualit\u00e9s"],"inLanguage":"fr-FR","potentialAction":[{"@type":"CommentAction","name":"Comment","target":["https:\/\/www.africa-press.net\/senegal\/politique\/un-9e-forum-mondial-de-leau-pour-sonner-lalerte#respond"]}]},{"@type":"WebPage","@id":"https:\/\/www.africa-press.net\/senegal\/politique\/un-9e-forum-mondial-de-leau-pour-sonner-lalerte","url":"https:\/\/www.africa-press.net\/senegal\/politique\/un-9e-forum-mondial-de-leau-pour-sonner-lalerte","name":"un 9e Forum mondial de l'eau pour \"sonner l'alerte\" - Senegal","isPartOf":{"@id":"https:\/\/www.africa-press.net\/senegal\/#website"},"primaryImageOfPage":{"@id":"https:\/\/www.africa-press.net\/senegal\/politique\/un-9e-forum-mondial-de-leau-pour-sonner-lalerte#primaryimage"},"image":{"@id":"https:\/\/www.africa-press.net\/senegal\/politique\/un-9e-forum-mondial-de-leau-pour-sonner-lalerte#primaryimage"},"thumbnailUrl":"https:\/\/static.africa-press.net\/senegal\/sites\/13\/2022\/03\/img-6238fd94241b8.jpg","datePublished":"2022-03-21T22:02:40+00:00","dateModified":"2022-03-21T22:35:43+00:00","author":{"@id":"https:\/\/www.africa-press.net\/senegal\/#\/schema\/person\/2b1cf3cd81a31e3cd26889ca66d677f1"},"description":"Le pr\u00e9sident s\u00e9n\u00e9galais Macky Sall a donn\u00e9 lundi le coup d'envoi du 9e Forum mondial de l'eau \u00e0 Diamniadio, pr\u00e8s de Daka ...","breadcrumb":{"@id":"https:\/\/www.africa-press.net\/senegal\/politique\/un-9e-forum-mondial-de-leau-pour-sonner-lalerte#breadcrumb"},"inLanguage":"fr-FR","potentialAction":[{"@type":"ReadAction","target":["https:\/\/www.africa-press.net\/senegal\/politique\/un-9e-forum-mondial-de-leau-pour-sonner-lalerte"]}]},{"@type":"ImageObject","inLanguage":"fr-FR","@id":"https:\/\/www.africa-press.net\/senegal\/politique\/un-9e-forum-mondial-de-leau-pour-sonner-lalerte#primaryimage","url":"https:\/\/static.africa-press.net\/senegal\/sites\/13\/2022\/03\/img-6238fd94241b8.jpg","contentUrl":"https:\/\/static.africa-press.net\/senegal\/sites\/13\/2022\/03\/img-6238fd94241b8.jpg","width":893,"height":495,"caption":"un 9e Forum mondial de l'eau pour \"sonner l'alerte\""},{"@type":"BreadcrumbList","@id":"https:\/\/www.africa-press.net\/senegal\/politique\/un-9e-forum-mondial-de-leau-pour-sonner-lalerte#breadcrumb","itemListElement":[{"@type":"ListItem","position":1,"name":"Accueil","item":"https:\/\/www.africa-press.net\/senegal\/"},{"@type":"ListItem","position":2,"name":"un 9e Forum mondial de l&#8217;eau pour &#8220;sonner l&#8217;alerte&#8221;"}]},{"@type":"WebSite","@id":"https:\/\/www.africa-press.net\/senegal\/#website","url":"https:\/\/www.africa-press.net\/senegal\/","name":"Africa Press | Senegal | Homepage","description":"Just another Africa News Agency Sites site","potentialAction":[{"@type":"SearchAction","target":{"@type":"EntryPoint","urlTemplate":"https:\/\/www.africa-press.net\/senegal\/?s={search_term_string}"},"query-input":{"@type":"PropertyValueSpecification","valueRequired":true,"valueName":"search_term_string"}}],"inLanguage":"fr-FR"},{"@type":"Person","@id":"https:\/\/www.africa-press.net\/senegal\/#\/schema\/person\/2b1cf3cd81a31e3cd26889ca66d677f1","name":"cfeditorfr","url":"https:\/\/www.africa-press.net\/senegal\/author\/cfeditorfr"}]}},"_links":{"self":[{"href":"https:\/\/www.africa-press.net\/senegal\/wp-json\/wp\/v2\/posts\/22839","targetHints":{"allow":["GET"]}}],"collection":[{"href":"https:\/\/www.africa-press.net\/senegal\/wp-json\/wp\/v2\/posts"}],"about":[{"href":"https:\/\/www.africa-press.net\/senegal\/wp-json\/wp\/v2\/types\/post"}],"author":[{"embeddable":true,"href":"https:\/\/www.africa-press.net\/senegal\/wp-json\/wp\/v2\/users\/82"}],"replies":[{"embeddable":true,"href":"https:\/\/www.africa-press.net\/senegal\/wp-json\/wp\/v2\/comments?post=22839"}],"version-history":[{"count":0,"href":"https:\/\/www.africa-press.net\/senegal\/wp-json\/wp\/v2\/posts\/22839\/revisions"}],"wp:featuredmedia":[{"embeddable":true,"href":"https:\/\/www.africa-press.net\/senegal\/wp-json\/wp\/v2\/media\/22838"}],"wp:attachment":[{"href":"https:\/\/www.africa-press.net\/senegal\/wp-json\/wp\/v2\/media?parent=22839"}],"wp:term":[{"taxonomy":"category","embeddable":true,"href":"https:\/\/www.africa-press.net\/senegal\/wp-json\/wp\/v2\/categories?post=22839"},{"taxonomy":"post_tag","embeddable":true,"href":"https:\/\/www.africa-press.net\/senegal\/wp-json\/wp\/v2\/tags?post=22839"}],"curies":[{"name":"wp","href":"https:\/\/api.w.org\/{rel}","templated":true}]}}