{"id":23881,"date":"2022-04-02T22:18:20","date_gmt":"2022-04-02T22:18:20","guid":{"rendered":"https:\/\/www.africa-press.net\/senegal\/politique\/macky-sall-a-la-jeunesse-ne-perdez-pas-votre-temps-a-suivre-ceux-qui-se-disent-influenceurs"},"modified":"2022-04-02T23:33:28","modified_gmt":"2022-04-02T23:33:28","slug":"macky-sall-a-la-jeunesse-ne-perdez-pas-votre-temps-a-suivre-ceux-qui-se-disent-influenceurs","status":"publish","type":"post","link":"https:\/\/www.africa-press.net\/senegal\/politique\/macky-sall-a-la-jeunesse-ne-perdez-pas-votre-temps-a-suivre-ceux-qui-se-disent-influenceurs","title":{"rendered":"Macky Sall \u00e0 la jeunesse : \u00ab\u00a0Ne perdez pas votre temps \u00e0 suivre ceux qui se disent influenceurs\u00a0\u00bb"},"content":{"rendered":"<p><span style=\"color: #ff6600\"><strong>Africa-Press &#8211; Senegal. <\/strong><\/span><b>Le pr\u00e9sident s\u00e9n\u00e9galais qui lan\u00e7ait les festivit\u00e9s de la semaine nationale de la jeunesse, estime que \u00ab la violence ne m\u00e8ne qu\u2019au recul et \u00e0 la ruine. \u00bb<\/b><br \/>\n<b>\u00ab Ne vous laissez pas conduire dans des aventures sans lendemain. Ne perdez pas votre temps sur les r\u00e9seaux sociaux \u00e0 la merci de personnes qui se disent influenceurs. Saisissez l\u2019essentiel sur internet, cultivez le savoir et ne vous laissez pas manipuler, a insist\u00e9 le chef de l\u2019\u00c9tat, estimant que seules les connaissances qui nous rendent meilleures sont utiles \u00bb.<\/b><\/p>\n<p>Depuis le pr\u00e9sidium du CICAD, il les incite \u00e0 choisir la voie de l\u2019\u00e9ducation, l\u2019apprentissage, la formation. \u201cC\u2019est la meilleure ligne de d\u00e9fense contre l\u2019ignorance, l\u2019obscurantisme et la manipulation des masses. Inspirez-vous de nos valeurs, celle des anciens. Enracinement d\u2019abord puis ouverture. Et cela est enseign\u00e9 dans toutes nos langues. Des remparts solides contre les tentations et d\u00e9riv\u00e9s. Car c\u2019est en grandissant avec ces valeurs que l\u2019on devient un bon citoyen\u201d, dit-il, convaincu que la jeunesse est juste un temps de passage, une fen\u00eatre d\u2019opportunit\u00e9s qu\u2019il faut saisir. D\u2019o\u00f9 son mot d\u2019ordre : \u201cchoisir son temps et agir \u00e0 temps plut\u00f4t que d\u2019essayer de rattraper le temps\u201d.<\/p>\n<p>Macky Sall a aussi mis en exergue la multiplication des structures scolaires et universitaires, l\u2019intensification du recrutement des enseignants, les opportunit\u00e9s qu\u2019offre le 3FPT, la cr\u00e9ation de 11 300 emplois n\u00e9e de la convention \u00c9tat-employeurs, la distribution de 4 190 bons de formation, le recrutement de 1 000 volontaires au service civique national.<\/p>\n<p>Cette journ\u00e9e, organis\u00e9e par le minist\u00e8re de la Jeunesse, en partenariat avec le Comit\u00e9 national olympique et sportif s\u00e9n\u00e9galais (Cnoss) et le Conseil national de la jeunesse du S\u00e9n\u00e9gal (Cnjs), a pour th\u00e8me : \u00ab Les semaines de la jeunesse au rythme de l\u2019Olympisme \u00bb.<\/p>\n<p><strong>Pour plus d&rsquo;informations et d&rsquo;analyses sur la <a href=\"https:\/\/www.africa-press.net\/senegal\">Senegal<\/a>, suivez <a href=\"https:\/\/www.africa-press.net\/\">Africa-Press<\/a><\/strong><\/p>\n","protected":false},"excerpt":{"rendered":"<p>Africa-Press &#8211; Senegal. Le pr\u00e9sident s\u00e9n\u00e9galais qui lan\u00e7ait les festivit\u00e9s de la semaine nationale de la jeunesse, estime que \u00ab la violence ne m\u00e8ne qu\u2019au recul et \u00e0 la ruine. \u00bb \u00ab Ne vous laissez pas conduire dans des aventures sans lendemain. Ne perdez pas votre temps sur les r\u00e9seaux sociaux \u00e0 la merci de [&hellip;]<\/p>\n","protected":false},"author":82,"featured_media":23880,"comment_status":"open","ping_status":"closed","sticky":false,"template":"","format":"standard","meta":{"footnotes":""},"categories":[11,2,20,10],"tags":[43,47,42,44],"class_list":["post-23881","post","type-post","status-publish","format-standard","has-post-thumbnail","hentry","category-homepage-french","category-politique","category-top-nouvelles","category-toutes-les-actualites","tag-africa-press-2","tag-africa-press-senegal","tag-macky-sall","tag-senegal-2"],"yoast_head":"<!-- This site is optimized with the Yoast SEO Premium plugin v26.1 (Yoast SEO v27.0) - https:\/\/yoast.com\/product\/yoast-seo-premium-wordpress\/ -->\n<title>Macky Sall \u00e0 la jeunesse : \u00ab\u00a0Ne perdez pas votre temps \u00e0 suivre ceux qui se disent influenceurs\u00a0\u00bb - Senegal<\/title>\n<meta name=\"description\" content=\"Le pr\u00e9sident s\u00e9n\u00e9galais qui lan\u00e7ait les festivit\u00e9s de la semaine nationale de la jeunesse, estime que \u00ab la violence n ...\" \/>\n<meta name=\"robots\" content=\"index, follow, max-snippet:-1, max-image-preview:large, max-video-preview:-1\" \/>\n<link rel=\"canonical\" href=\"https:\/\/www.africa-press.net\/senegal\/politique\/macky-sall-a-la-jeunesse-ne-perdez-pas-votre-temps-a-suivre-ceux-qui-se-disent-influenceurs\" \/>\n<meta property=\"og:locale\" content=\"fr_FR\" \/>\n<meta property=\"og:type\" content=\"article\" \/>\n<meta property=\"og:title\" content=\"Macky Sall \u00e0 la jeunesse : \u00ab\u00a0Ne perdez pas votre temps \u00e0 suivre ceux qui se disent influenceurs\u00a0\u00bb\" \/>\n<meta property=\"og:description\" content=\"Le pr\u00e9sident s\u00e9n\u00e9galais qui lan\u00e7ait les festivit\u00e9s de la semaine nationale de la jeunesse, estime que \u00ab la violence n ...\" \/>\n<meta property=\"og:url\" content=\"https:\/\/www.africa-press.net\/senegal\/politique\/macky-sall-a-la-jeunesse-ne-perdez-pas-votre-temps-a-suivre-ceux-qui-se-disent-influenceurs\" \/>\n<meta property=\"og:site_name\" content=\"Senegal\" \/>\n<meta property=\"article:published_time\" content=\"2022-04-02T22:18:20+00:00\" \/>\n<meta property=\"article:modified_time\" content=\"2022-04-02T23:33:28+00:00\" \/>\n<meta property=\"og:image\" content=\"https:\/\/static.africa-press.net\/senegal\/sites\/13\/2022\/04\/postQueueImg_12-6248dd34a1113.jpg\" \/>\n\t<meta property=\"og:image:width\" content=\"1080\" \/>\n\t<meta property=\"og:image:height\" content=\"720\" \/>\n\t<meta property=\"og:image:type\" content=\"image\/jpeg\" \/>\n<meta name=\"author\" content=\"cfeditorfr\" \/>\n<meta name=\"twitter:card\" content=\"summary_large_image\" \/>\n<meta name=\"twitter:label1\" content=\"\u00c9crit par\" \/>\n\t<meta name=\"twitter:data1\" content=\"cfeditorfr\" \/>\n\t<meta name=\"twitter:label2\" content=\"Dur\u00e9e de lecture estim\u00e9e\" \/>\n\t<meta name=\"twitter:data2\" content=\"2 minutes\" \/>\n<script type=\"application\/ld+json\" class=\"yoast-schema-graph\">{\"@context\":\"https:\/\/schema.org\",\"@graph\":[{\"@type\":\"Article\",\"@id\":\"https:\/\/www.africa-press.net\/senegal\/politique\/macky-sall-a-la-jeunesse-ne-perdez-pas-votre-temps-a-suivre-ceux-qui-se-disent-influenceurs#article\",\"isPartOf\":{\"@id\":\"https:\/\/www.africa-press.net\/senegal\/politique\/macky-sall-a-la-jeunesse-ne-perdez-pas-votre-temps-a-suivre-ceux-qui-se-disent-influenceurs\"},\"author\":{\"name\":\"cfeditorfr\",\"@id\":\"https:\/\/www.africa-press.net\/senegal\/#\/schema\/person\/2b1cf3cd81a31e3cd26889ca66d677f1\"},\"headline\":\"Macky Sall \u00e0 la jeunesse : \u00ab\u00a0Ne perdez pas votre temps \u00e0 suivre ceux qui se disent influenceurs\u00a0\u00bb\",\"datePublished\":\"2022-04-02T22:18:20+00:00\",\"dateModified\":\"2022-04-02T23:33:28+00:00\",\"mainEntityOfPage\":{\"@id\":\"https:\/\/www.africa-press.net\/senegal\/politique\/macky-sall-a-la-jeunesse-ne-perdez-pas-votre-temps-a-suivre-ceux-qui-se-disent-influenceurs\"},\"wordCount\":349,\"commentCount\":0,\"image\":{\"@id\":\"https:\/\/www.africa-press.net\/senegal\/politique\/macky-sall-a-la-jeunesse-ne-perdez-pas-votre-temps-a-suivre-ceux-qui-se-disent-influenceurs#primaryimage\"},\"thumbnailUrl\":\"https:\/\/static.africa-press.net\/senegal\/sites\/13\/2022\/04\/postQueueImg_12-6248dd34a1113.jpg\",\"keywords\":[\"Africa Press\",\"Africa Press-Senegal\",\"Macky Sall\",\"Senegal\"],\"articleSection\":[\"homepage-french\",\"Politique\",\"Top Nouvelles\",\"Toutes les actualit\u00e9s\"],\"inLanguage\":\"fr-FR\",\"potentialAction\":[{\"@type\":\"CommentAction\",\"name\":\"Comment\",\"target\":[\"https:\/\/www.africa-press.net\/senegal\/politique\/macky-sall-a-la-jeunesse-ne-perdez-pas-votre-temps-a-suivre-ceux-qui-se-disent-influenceurs#respond\"]}]},{\"@type\":\"WebPage\",\"@id\":\"https:\/\/www.africa-press.net\/senegal\/politique\/macky-sall-a-la-jeunesse-ne-perdez-pas-votre-temps-a-suivre-ceux-qui-se-disent-influenceurs\",\"url\":\"https:\/\/www.africa-press.net\/senegal\/politique\/macky-sall-a-la-jeunesse-ne-perdez-pas-votre-temps-a-suivre-ceux-qui-se-disent-influenceurs\",\"name\":\"Macky Sall \u00e0 la jeunesse : \u00ab\u00a0Ne perdez pas votre temps \u00e0 suivre ceux qui se disent influenceurs\u00a0\u00bb - Senegal\",\"isPartOf\":{\"@id\":\"https:\/\/www.africa-press.net\/senegal\/#website\"},\"primaryImageOfPage\":{\"@id\":\"https:\/\/www.africa-press.net\/senegal\/politique\/macky-sall-a-la-jeunesse-ne-perdez-pas-votre-temps-a-suivre-ceux-qui-se-disent-influenceurs#primaryimage\"},\"image\":{\"@id\":\"https:\/\/www.africa-press.net\/senegal\/politique\/macky-sall-a-la-jeunesse-ne-perdez-pas-votre-temps-a-suivre-ceux-qui-se-disent-influenceurs#primaryimage\"},\"thumbnailUrl\":\"https:\/\/static.africa-press.net\/senegal\/sites\/13\/2022\/04\/postQueueImg_12-6248dd34a1113.jpg\",\"datePublished\":\"2022-04-02T22:18:20+00:00\",\"dateModified\":\"2022-04-02T23:33:28+00:00\",\"author\":{\"@id\":\"https:\/\/www.africa-press.net\/senegal\/#\/schema\/person\/2b1cf3cd81a31e3cd26889ca66d677f1\"},\"description\":\"Le pr\u00e9sident s\u00e9n\u00e9galais qui lan\u00e7ait les festivit\u00e9s de la semaine nationale de la jeunesse, estime que \u00ab la violence n ...\",\"breadcrumb\":{\"@id\":\"https:\/\/www.africa-press.net\/senegal\/politique\/macky-sall-a-la-jeunesse-ne-perdez-pas-votre-temps-a-suivre-ceux-qui-se-disent-influenceurs#breadcrumb\"},\"inLanguage\":\"fr-FR\",\"potentialAction\":[{\"@type\":\"ReadAction\",\"target\":[\"https:\/\/www.africa-press.net\/senegal\/politique\/macky-sall-a-la-jeunesse-ne-perdez-pas-votre-temps-a-suivre-ceux-qui-se-disent-influenceurs\"]}]},{\"@type\":\"ImageObject\",\"inLanguage\":\"fr-FR\",\"@id\":\"https:\/\/www.africa-press.net\/senegal\/politique\/macky-sall-a-la-jeunesse-ne-perdez-pas-votre-temps-a-suivre-ceux-qui-se-disent-influenceurs#primaryimage\",\"url\":\"https:\/\/static.africa-press.net\/senegal\/sites\/13\/2022\/04\/postQueueImg_12-6248dd34a1113.jpg\",\"contentUrl\":\"https:\/\/static.africa-press.net\/senegal\/sites\/13\/2022\/04\/postQueueImg_12-6248dd34a1113.jpg\",\"width\":1080,\"height\":720,\"caption\":\"Macky Sall \u00e0 la jeunesse : \u00ab\u00a0Ne perdez pas votre temps \u00e0 suivre ceux qui se disent influenceurs\u00a0\u00bb\"},{\"@type\":\"BreadcrumbList\",\"@id\":\"https:\/\/www.africa-press.net\/senegal\/politique\/macky-sall-a-la-jeunesse-ne-perdez-pas-votre-temps-a-suivre-ceux-qui-se-disent-influenceurs#breadcrumb\",\"itemListElement\":[{\"@type\":\"ListItem\",\"position\":1,\"name\":\"Accueil\",\"item\":\"https:\/\/www.africa-press.net\/senegal\/\"},{\"@type\":\"ListItem\",\"position\":2,\"name\":\"Macky Sall \u00e0 la jeunesse : \u00ab\u00a0Ne perdez pas votre temps \u00e0 suivre ceux qui se disent influenceurs\u00a0\u00bb\"}]},{\"@type\":\"WebSite\",\"@id\":\"https:\/\/www.africa-press.net\/senegal\/#website\",\"url\":\"https:\/\/www.africa-press.net\/senegal\/\",\"name\":\"Africa Press | Senegal | Homepage\",\"description\":\"Just another Africa News Agency Sites site\",\"potentialAction\":[{\"@type\":\"SearchAction\",\"target\":{\"@type\":\"EntryPoint\",\"urlTemplate\":\"https:\/\/www.africa-press.net\/senegal\/?s={search_term_string}\"},\"query-input\":{\"@type\":\"PropertyValueSpecification\",\"valueRequired\":true,\"valueName\":\"search_term_string\"}}],\"inLanguage\":\"fr-FR\"},{\"@type\":\"Person\",\"@id\":\"https:\/\/www.africa-press.net\/senegal\/#\/schema\/person\/2b1cf3cd81a31e3cd26889ca66d677f1\",\"name\":\"cfeditorfr\",\"url\":\"https:\/\/www.africa-press.net\/senegal\/author\/cfeditorfr\"}]}<\/script>\n<!-- \/ Yoast SEO Premium plugin. -->","yoast_head_json":{"title":"Macky Sall \u00e0 la jeunesse : \u00ab\u00a0Ne perdez pas votre temps \u00e0 suivre ceux qui se disent influenceurs\u00a0\u00bb - Senegal","description":"Le pr\u00e9sident s\u00e9n\u00e9galais qui lan\u00e7ait les festivit\u00e9s de la semaine nationale de la jeunesse, estime que \u00ab la violence n ...","robots":{"index":"index","follow":"follow","max-snippet":"max-snippet:-1","max-image-preview":"max-image-preview:large","max-video-preview":"max-video-preview:-1"},"canonical":"https:\/\/www.africa-press.net\/senegal\/politique\/macky-sall-a-la-jeunesse-ne-perdez-pas-votre-temps-a-suivre-ceux-qui-se-disent-influenceurs","og_locale":"fr_FR","og_type":"article","og_title":"Macky Sall \u00e0 la jeunesse : \u00ab\u00a0Ne perdez pas votre temps \u00e0 suivre ceux qui se disent influenceurs\u00a0\u00bb","og_description":"Le pr\u00e9sident s\u00e9n\u00e9galais qui lan\u00e7ait les festivit\u00e9s de la semaine nationale de la jeunesse, estime que \u00ab la violence n ...","og_url":"https:\/\/www.africa-press.net\/senegal\/politique\/macky-sall-a-la-jeunesse-ne-perdez-pas-votre-temps-a-suivre-ceux-qui-se-disent-influenceurs","og_site_name":"Senegal","article_published_time":"2022-04-02T22:18:20+00:00","article_modified_time":"2022-04-02T23:33:28+00:00","og_image":[{"width":1080,"height":720,"url":"https:\/\/static.africa-press.net\/senegal\/sites\/13\/2022\/04\/postQueueImg_12-6248dd34a1113.jpg","type":"image\/jpeg"}],"author":"cfeditorfr","twitter_card":"summary_large_image","twitter_misc":{"\u00c9crit par":"cfeditorfr","Dur\u00e9e de lecture estim\u00e9e":"2 minutes"},"schema":{"@context":"https:\/\/schema.org","@graph":[{"@type":"Article","@id":"https:\/\/www.africa-press.net\/senegal\/politique\/macky-sall-a-la-jeunesse-ne-perdez-pas-votre-temps-a-suivre-ceux-qui-se-disent-influenceurs#article","isPartOf":{"@id":"https:\/\/www.africa-press.net\/senegal\/politique\/macky-sall-a-la-jeunesse-ne-perdez-pas-votre-temps-a-suivre-ceux-qui-se-disent-influenceurs"},"author":{"name":"cfeditorfr","@id":"https:\/\/www.africa-press.net\/senegal\/#\/schema\/person\/2b1cf3cd81a31e3cd26889ca66d677f1"},"headline":"Macky Sall \u00e0 la jeunesse : \u00ab\u00a0Ne perdez pas votre temps \u00e0 suivre ceux qui se disent influenceurs\u00a0\u00bb","datePublished":"2022-04-02T22:18:20+00:00","dateModified":"2022-04-02T23:33:28+00:00","mainEntityOfPage":{"@id":"https:\/\/www.africa-press.net\/senegal\/politique\/macky-sall-a-la-jeunesse-ne-perdez-pas-votre-temps-a-suivre-ceux-qui-se-disent-influenceurs"},"wordCount":349,"commentCount":0,"image":{"@id":"https:\/\/www.africa-press.net\/senegal\/politique\/macky-sall-a-la-jeunesse-ne-perdez-pas-votre-temps-a-suivre-ceux-qui-se-disent-influenceurs#primaryimage"},"thumbnailUrl":"https:\/\/static.africa-press.net\/senegal\/sites\/13\/2022\/04\/postQueueImg_12-6248dd34a1113.jpg","keywords":["Africa Press","Africa Press-Senegal","Macky Sall","Senegal"],"articleSection":["homepage-french","Politique","Top Nouvelles","Toutes les actualit\u00e9s"],"inLanguage":"fr-FR","potentialAction":[{"@type":"CommentAction","name":"Comment","target":["https:\/\/www.africa-press.net\/senegal\/politique\/macky-sall-a-la-jeunesse-ne-perdez-pas-votre-temps-a-suivre-ceux-qui-se-disent-influenceurs#respond"]}]},{"@type":"WebPage","@id":"https:\/\/www.africa-press.net\/senegal\/politique\/macky-sall-a-la-jeunesse-ne-perdez-pas-votre-temps-a-suivre-ceux-qui-se-disent-influenceurs","url":"https:\/\/www.africa-press.net\/senegal\/politique\/macky-sall-a-la-jeunesse-ne-perdez-pas-votre-temps-a-suivre-ceux-qui-se-disent-influenceurs","name":"Macky Sall \u00e0 la jeunesse : \u00ab\u00a0Ne perdez pas votre temps \u00e0 suivre ceux qui se disent influenceurs\u00a0\u00bb - Senegal","isPartOf":{"@id":"https:\/\/www.africa-press.net\/senegal\/#website"},"primaryImageOfPage":{"@id":"https:\/\/www.africa-press.net\/senegal\/politique\/macky-sall-a-la-jeunesse-ne-perdez-pas-votre-temps-a-suivre-ceux-qui-se-disent-influenceurs#primaryimage"},"image":{"@id":"https:\/\/www.africa-press.net\/senegal\/politique\/macky-sall-a-la-jeunesse-ne-perdez-pas-votre-temps-a-suivre-ceux-qui-se-disent-influenceurs#primaryimage"},"thumbnailUrl":"https:\/\/static.africa-press.net\/senegal\/sites\/13\/2022\/04\/postQueueImg_12-6248dd34a1113.jpg","datePublished":"2022-04-02T22:18:20+00:00","dateModified":"2022-04-02T23:33:28+00:00","author":{"@id":"https:\/\/www.africa-press.net\/senegal\/#\/schema\/person\/2b1cf3cd81a31e3cd26889ca66d677f1"},"description":"Le pr\u00e9sident s\u00e9n\u00e9galais qui lan\u00e7ait les festivit\u00e9s de la semaine nationale de la jeunesse, estime que \u00ab la violence n ...","breadcrumb":{"@id":"https:\/\/www.africa-press.net\/senegal\/politique\/macky-sall-a-la-jeunesse-ne-perdez-pas-votre-temps-a-suivre-ceux-qui-se-disent-influenceurs#breadcrumb"},"inLanguage":"fr-FR","potentialAction":[{"@type":"ReadAction","target":["https:\/\/www.africa-press.net\/senegal\/politique\/macky-sall-a-la-jeunesse-ne-perdez-pas-votre-temps-a-suivre-ceux-qui-se-disent-influenceurs"]}]},{"@type":"ImageObject","inLanguage":"fr-FR","@id":"https:\/\/www.africa-press.net\/senegal\/politique\/macky-sall-a-la-jeunesse-ne-perdez-pas-votre-temps-a-suivre-ceux-qui-se-disent-influenceurs#primaryimage","url":"https:\/\/static.africa-press.net\/senegal\/sites\/13\/2022\/04\/postQueueImg_12-6248dd34a1113.jpg","contentUrl":"https:\/\/static.africa-press.net\/senegal\/sites\/13\/2022\/04\/postQueueImg_12-6248dd34a1113.jpg","width":1080,"height":720,"caption":"Macky Sall \u00e0 la jeunesse : \u00ab\u00a0Ne perdez pas votre temps \u00e0 suivre ceux qui se disent influenceurs\u00a0\u00bb"},{"@type":"BreadcrumbList","@id":"https:\/\/www.africa-press.net\/senegal\/politique\/macky-sall-a-la-jeunesse-ne-perdez-pas-votre-temps-a-suivre-ceux-qui-se-disent-influenceurs#breadcrumb","itemListElement":[{"@type":"ListItem","position":1,"name":"Accueil","item":"https:\/\/www.africa-press.net\/senegal\/"},{"@type":"ListItem","position":2,"name":"Macky Sall \u00e0 la jeunesse : \u00ab\u00a0Ne perdez pas votre temps \u00e0 suivre ceux qui se disent influenceurs\u00a0\u00bb"}]},{"@type":"WebSite","@id":"https:\/\/www.africa-press.net\/senegal\/#website","url":"https:\/\/www.africa-press.net\/senegal\/","name":"Africa Press | Senegal | Homepage","description":"Just another Africa News Agency Sites site","potentialAction":[{"@type":"SearchAction","target":{"@type":"EntryPoint","urlTemplate":"https:\/\/www.africa-press.net\/senegal\/?s={search_term_string}"},"query-input":{"@type":"PropertyValueSpecification","valueRequired":true,"valueName":"search_term_string"}}],"inLanguage":"fr-FR"},{"@type":"Person","@id":"https:\/\/www.africa-press.net\/senegal\/#\/schema\/person\/2b1cf3cd81a31e3cd26889ca66d677f1","name":"cfeditorfr","url":"https:\/\/www.africa-press.net\/senegal\/author\/cfeditorfr"}]}},"_links":{"self":[{"href":"https:\/\/www.africa-press.net\/senegal\/wp-json\/wp\/v2\/posts\/23881","targetHints":{"allow":["GET"]}}],"collection":[{"href":"https:\/\/www.africa-press.net\/senegal\/wp-json\/wp\/v2\/posts"}],"about":[{"href":"https:\/\/www.africa-press.net\/senegal\/wp-json\/wp\/v2\/types\/post"}],"author":[{"embeddable":true,"href":"https:\/\/www.africa-press.net\/senegal\/wp-json\/wp\/v2\/users\/82"}],"replies":[{"embeddable":true,"href":"https:\/\/www.africa-press.net\/senegal\/wp-json\/wp\/v2\/comments?post=23881"}],"version-history":[{"count":0,"href":"https:\/\/www.africa-press.net\/senegal\/wp-json\/wp\/v2\/posts\/23881\/revisions"}],"wp:featuredmedia":[{"embeddable":true,"href":"https:\/\/www.africa-press.net\/senegal\/wp-json\/wp\/v2\/media\/23880"}],"wp:attachment":[{"href":"https:\/\/www.africa-press.net\/senegal\/wp-json\/wp\/v2\/media?parent=23881"}],"wp:term":[{"taxonomy":"category","embeddable":true,"href":"https:\/\/www.africa-press.net\/senegal\/wp-json\/wp\/v2\/categories?post=23881"},{"taxonomy":"post_tag","embeddable":true,"href":"https:\/\/www.africa-press.net\/senegal\/wp-json\/wp\/v2\/tags?post=23881"}],"curies":[{"name":"wp","href":"https:\/\/api.w.org\/{rel}","templated":true}]}}