{"id":23932,"date":"2022-04-02T21:44:08","date_gmt":"2022-04-02T21:44:08","guid":{"rendered":"https:\/\/www.africa-press.net\/senegal\/politique\/violence-policiere-comment-le-sous-prefet-et-le-commissaire-de-dakar-plateau-et-ses-agents-avaient-traite-ces-activistes"},"modified":"2022-04-02T23:50:55","modified_gmt":"2022-04-02T23:50:55","slug":"violence-policiere-comment-le-sous-prefet-et-le-commissaire-de-dakar-plateau-et-ses-agents-avaient-traite-ces-activistes","status":"publish","type":"post","link":"https:\/\/www.africa-press.net\/senegal\/politique\/violence-policiere-comment-le-sous-prefet-et-le-commissaire-de-dakar-plateau-et-ses-agents-avaient-traite-ces-activistes","title":{"rendered":"Violence polici\u00e8re \/ comment le sous-pr\u00e9fet et le commissaire de Dakar plateau et ses agents avaient trait\u00e9 ces activistes"},"content":{"rendered":"<p><span style=\"color: #ff6600\"><strong>Africa-Press &#8211; Senegal. <\/strong><\/span>Suite \u00e0 leur arrestation lors de leur manifestation contre le parrainage, aux alentours du minist\u00e8re de l\u2019int\u00e9rieur, les activistes avaient \u00e9t\u00e9 durement. Parmi eux, des jeunes filles toutes maltrait\u00e9es et jet\u00e9es \u00e0 des kilom\u00e8tres de Dakar. Elles se sont engag\u00e9es \u00e0 combattre cela aujourd\u2019hui lors du sit-in contre les violences polici\u00e8res.<\/p>\n<p>Thierno Mouhamadou Sall, activiste et victime revient avec plus de d\u00e9tails sur les sc\u00e8nes de violence dont ils ont \u00e9t\u00e9 victimes de la part du sous-pr\u00e9fet Diby Diallo, du commissaire Khady Fall et de leurs agents.<br \/>\n<iframe loading=\"lazy\" title=\"Violence polici\u00e8re : comment le sous-pr\u00e9fet, le commissaire de Dakar plateau et les policiers ont...\" width=\"696\" height=\"392\" src=\"https:\/\/www.youtube.com\/embed\/u5pAWnSw6MU?feature=oembed\" frameborder=\"0\" allow=\"accelerometer; autoplay; clipboard-write; encrypted-media; gyroscope; picture-in-picture\" allowfullscreen><\/iframe><\/p>\n<p><strong>Pour plus d&rsquo;informations et d&rsquo;analyses sur la <a href=\"https:\/\/www.africa-press.net\/senegal\">Senegal<\/a>, suivez <a href=\"https:\/\/www.africa-press.net\/\">Africa-Press<\/a><\/strong><\/p>\n","protected":false},"excerpt":{"rendered":"<p>Africa-Press &#8211; Senegal. Suite \u00e0 leur arrestation lors de leur manifestation contre le parrainage, aux alentours du minist\u00e8re de l\u2019int\u00e9rieur, les activistes avaient \u00e9t\u00e9 durement. Parmi eux, des jeunes filles toutes maltrait\u00e9es et jet\u00e9es \u00e0 des kilom\u00e8tres de Dakar. Elles se sont engag\u00e9es \u00e0 combattre cela aujourd\u2019hui lors du sit-in contre les violences polici\u00e8res. Thierno [&hellip;]<\/p>\n","protected":false},"author":82,"featured_media":23931,"comment_status":"open","ping_status":"closed","sticky":false,"template":"","format":"standard","meta":{"footnotes":""},"categories":[11,2,10,9],"tags":[43,47,44],"class_list":["post-23932","post","type-post","status-publish","format-standard","has-post-thumbnail","hentry","category-homepage-french","category-politique","category-toutes-les-actualites","category-video","tag-africa-press-2","tag-africa-press-senegal","tag-senegal-2"],"yoast_head":"<!-- This site is optimized with the Yoast SEO Premium plugin v26.1 (Yoast SEO v27.0) - https:\/\/yoast.com\/product\/yoast-seo-premium-wordpress\/ -->\n<title>Violence polici\u00e8re \/ comment le sous-pr\u00e9fet et le commissaire de Dakar plateau et ses agents avaient trait\u00e9 ces activistes - Senegal<\/title>\n<meta name=\"description\" content=\"Suite \u00e0 leur arrestation lors de leur manifestation contre le parrainage, aux alentours du minist\u00e8re de l\u2019int\u00e9rieur, les ...\" \/>\n<meta name=\"robots\" content=\"index, follow, max-snippet:-1, max-image-preview:large, max-video-preview:-1\" \/>\n<link rel=\"canonical\" href=\"https:\/\/www.africa-press.net\/senegal\/politique\/violence-policiere-comment-le-sous-prefet-et-le-commissaire-de-dakar-plateau-et-ses-agents-avaient-traite-ces-activistes\" \/>\n<meta property=\"og:locale\" content=\"fr_FR\" \/>\n<meta property=\"og:type\" content=\"article\" \/>\n<meta property=\"og:title\" content=\"Violence polici\u00e8re \/ comment le sous-pr\u00e9fet et le commissaire de Dakar plateau et ses agents avaient trait\u00e9 ces activistes\" \/>\n<meta property=\"og:description\" content=\"Suite \u00e0 leur arrestation lors de leur manifestation contre le parrainage, aux alentours du minist\u00e8re de l\u2019int\u00e9rieur, les ...\" \/>\n<meta property=\"og:url\" content=\"https:\/\/www.africa-press.net\/senegal\/politique\/violence-policiere-comment-le-sous-prefet-et-le-commissaire-de-dakar-plateau-et-ses-agents-avaient-traite-ces-activistes\" \/>\n<meta property=\"og:site_name\" content=\"Senegal\" \/>\n<meta property=\"article:published_time\" content=\"2022-04-02T21:44:08+00:00\" \/>\n<meta property=\"article:modified_time\" content=\"2022-04-02T23:50:55+00:00\" \/>\n<meta property=\"og:image\" content=\"https:\/\/static.africa-press.net\/senegal\/sites\/13\/2022\/04\/postQueueImg_8-6248e14d3865d.jpg\" \/>\n\t<meta property=\"og:image:width\" content=\"967\" \/>\n\t<meta property=\"og:image:height\" content=\"547\" \/>\n\t<meta property=\"og:image:type\" content=\"image\/jpeg\" \/>\n<meta name=\"author\" content=\"cfeditorfr\" \/>\n<meta name=\"twitter:card\" content=\"summary_large_image\" \/>\n<meta name=\"twitter:label1\" content=\"\u00c9crit par\" \/>\n\t<meta name=\"twitter:data1\" content=\"cfeditorfr\" \/>\n\t<meta name=\"twitter:label2\" content=\"Dur\u00e9e de lecture estim\u00e9e\" \/>\n\t<meta name=\"twitter:data2\" content=\"1 minute\" \/>\n<script type=\"application\/ld+json\" class=\"yoast-schema-graph\">{\"@context\":\"https:\/\/schema.org\",\"@graph\":[{\"@type\":\"Article\",\"@id\":\"https:\/\/www.africa-press.net\/senegal\/politique\/violence-policiere-comment-le-sous-prefet-et-le-commissaire-de-dakar-plateau-et-ses-agents-avaient-traite-ces-activistes#article\",\"isPartOf\":{\"@id\":\"https:\/\/www.africa-press.net\/senegal\/politique\/violence-policiere-comment-le-sous-prefet-et-le-commissaire-de-dakar-plateau-et-ses-agents-avaient-traite-ces-activistes\"},\"author\":{\"name\":\"cfeditorfr\",\"@id\":\"https:\/\/www.africa-press.net\/senegal\/#\/schema\/person\/2b1cf3cd81a31e3cd26889ca66d677f1\"},\"headline\":\"Violence polici\u00e8re \/ comment le sous-pr\u00e9fet et le commissaire de Dakar plateau et ses agents avaient trait\u00e9 ces activistes\",\"datePublished\":\"2022-04-02T21:44:08+00:00\",\"dateModified\":\"2022-04-02T23:50:55+00:00\",\"mainEntityOfPage\":{\"@id\":\"https:\/\/www.africa-press.net\/senegal\/politique\/violence-policiere-comment-le-sous-prefet-et-le-commissaire-de-dakar-plateau-et-ses-agents-avaient-traite-ces-activistes\"},\"wordCount\":137,\"commentCount\":0,\"image\":{\"@id\":\"https:\/\/www.africa-press.net\/senegal\/politique\/violence-policiere-comment-le-sous-prefet-et-le-commissaire-de-dakar-plateau-et-ses-agents-avaient-traite-ces-activistes#primaryimage\"},\"thumbnailUrl\":\"https:\/\/static.africa-press.net\/senegal\/sites\/13\/2022\/04\/postQueueImg_8-6248e14d3865d.jpg\",\"keywords\":[\"Africa Press\",\"Africa Press-Senegal\",\"Senegal\"],\"articleSection\":[\"homepage-french\",\"Politique\",\"Toutes les actualit\u00e9s\",\"vid\u00e9o\"],\"inLanguage\":\"fr-FR\",\"potentialAction\":[{\"@type\":\"CommentAction\",\"name\":\"Comment\",\"target\":[\"https:\/\/www.africa-press.net\/senegal\/politique\/violence-policiere-comment-le-sous-prefet-et-le-commissaire-de-dakar-plateau-et-ses-agents-avaient-traite-ces-activistes#respond\"]}]},{\"@type\":\"WebPage\",\"@id\":\"https:\/\/www.africa-press.net\/senegal\/politique\/violence-policiere-comment-le-sous-prefet-et-le-commissaire-de-dakar-plateau-et-ses-agents-avaient-traite-ces-activistes\",\"url\":\"https:\/\/www.africa-press.net\/senegal\/politique\/violence-policiere-comment-le-sous-prefet-et-le-commissaire-de-dakar-plateau-et-ses-agents-avaient-traite-ces-activistes\",\"name\":\"Violence polici\u00e8re \/ comment le sous-pr\u00e9fet et le commissaire de Dakar plateau et ses agents avaient trait\u00e9 ces activistes - Senegal\",\"isPartOf\":{\"@id\":\"https:\/\/www.africa-press.net\/senegal\/#website\"},\"primaryImageOfPage\":{\"@id\":\"https:\/\/www.africa-press.net\/senegal\/politique\/violence-policiere-comment-le-sous-prefet-et-le-commissaire-de-dakar-plateau-et-ses-agents-avaient-traite-ces-activistes#primaryimage\"},\"image\":{\"@id\":\"https:\/\/www.africa-press.net\/senegal\/politique\/violence-policiere-comment-le-sous-prefet-et-le-commissaire-de-dakar-plateau-et-ses-agents-avaient-traite-ces-activistes#primaryimage\"},\"thumbnailUrl\":\"https:\/\/static.africa-press.net\/senegal\/sites\/13\/2022\/04\/postQueueImg_8-6248e14d3865d.jpg\",\"datePublished\":\"2022-04-02T21:44:08+00:00\",\"dateModified\":\"2022-04-02T23:50:55+00:00\",\"author\":{\"@id\":\"https:\/\/www.africa-press.net\/senegal\/#\/schema\/person\/2b1cf3cd81a31e3cd26889ca66d677f1\"},\"description\":\"Suite \u00e0 leur arrestation lors de leur manifestation contre le parrainage, aux alentours du minist\u00e8re de l\u2019int\u00e9rieur, les ...\",\"breadcrumb\":{\"@id\":\"https:\/\/www.africa-press.net\/senegal\/politique\/violence-policiere-comment-le-sous-prefet-et-le-commissaire-de-dakar-plateau-et-ses-agents-avaient-traite-ces-activistes#breadcrumb\"},\"inLanguage\":\"fr-FR\",\"potentialAction\":[{\"@type\":\"ReadAction\",\"target\":[\"https:\/\/www.africa-press.net\/senegal\/politique\/violence-policiere-comment-le-sous-prefet-et-le-commissaire-de-dakar-plateau-et-ses-agents-avaient-traite-ces-activistes\"]}]},{\"@type\":\"ImageObject\",\"inLanguage\":\"fr-FR\",\"@id\":\"https:\/\/www.africa-press.net\/senegal\/politique\/violence-policiere-comment-le-sous-prefet-et-le-commissaire-de-dakar-plateau-et-ses-agents-avaient-traite-ces-activistes#primaryimage\",\"url\":\"https:\/\/static.africa-press.net\/senegal\/sites\/13\/2022\/04\/postQueueImg_8-6248e14d3865d.jpg\",\"contentUrl\":\"https:\/\/static.africa-press.net\/senegal\/sites\/13\/2022\/04\/postQueueImg_8-6248e14d3865d.jpg\",\"width\":967,\"height\":547,\"caption\":\"Violence polici\u00e8re \/ comment le sous-pr\u00e9fet et le commissaire de Dakar plateau et ses agents avaient trait\u00e9 ces activistes\"},{\"@type\":\"BreadcrumbList\",\"@id\":\"https:\/\/www.africa-press.net\/senegal\/politique\/violence-policiere-comment-le-sous-prefet-et-le-commissaire-de-dakar-plateau-et-ses-agents-avaient-traite-ces-activistes#breadcrumb\",\"itemListElement\":[{\"@type\":\"ListItem\",\"position\":1,\"name\":\"Accueil\",\"item\":\"https:\/\/www.africa-press.net\/senegal\/\"},{\"@type\":\"ListItem\",\"position\":2,\"name\":\"Violence polici\u00e8re \/ comment le sous-pr\u00e9fet et le commissaire de Dakar plateau et ses agents avaient trait\u00e9 ces activistes\"}]},{\"@type\":\"WebSite\",\"@id\":\"https:\/\/www.africa-press.net\/senegal\/#website\",\"url\":\"https:\/\/www.africa-press.net\/senegal\/\",\"name\":\"Africa Press | Senegal | Homepage\",\"description\":\"Just another Africa News Agency Sites site\",\"potentialAction\":[{\"@type\":\"SearchAction\",\"target\":{\"@type\":\"EntryPoint\",\"urlTemplate\":\"https:\/\/www.africa-press.net\/senegal\/?s={search_term_string}\"},\"query-input\":{\"@type\":\"PropertyValueSpecification\",\"valueRequired\":true,\"valueName\":\"search_term_string\"}}],\"inLanguage\":\"fr-FR\"},{\"@type\":\"Person\",\"@id\":\"https:\/\/www.africa-press.net\/senegal\/#\/schema\/person\/2b1cf3cd81a31e3cd26889ca66d677f1\",\"name\":\"cfeditorfr\",\"url\":\"https:\/\/www.africa-press.net\/senegal\/author\/cfeditorfr\"}]}<\/script>\n<!-- \/ Yoast SEO Premium plugin. -->","yoast_head_json":{"title":"Violence polici\u00e8re \/ comment le sous-pr\u00e9fet et le commissaire de Dakar plateau et ses agents avaient trait\u00e9 ces activistes - Senegal","description":"Suite \u00e0 leur arrestation lors de leur manifestation contre le parrainage, aux alentours du minist\u00e8re de l\u2019int\u00e9rieur, les ...","robots":{"index":"index","follow":"follow","max-snippet":"max-snippet:-1","max-image-preview":"max-image-preview:large","max-video-preview":"max-video-preview:-1"},"canonical":"https:\/\/www.africa-press.net\/senegal\/politique\/violence-policiere-comment-le-sous-prefet-et-le-commissaire-de-dakar-plateau-et-ses-agents-avaient-traite-ces-activistes","og_locale":"fr_FR","og_type":"article","og_title":"Violence polici\u00e8re \/ comment le sous-pr\u00e9fet et le commissaire de Dakar plateau et ses agents avaient trait\u00e9 ces activistes","og_description":"Suite \u00e0 leur arrestation lors de leur manifestation contre le parrainage, aux alentours du minist\u00e8re de l\u2019int\u00e9rieur, les ...","og_url":"https:\/\/www.africa-press.net\/senegal\/politique\/violence-policiere-comment-le-sous-prefet-et-le-commissaire-de-dakar-plateau-et-ses-agents-avaient-traite-ces-activistes","og_site_name":"Senegal","article_published_time":"2022-04-02T21:44:08+00:00","article_modified_time":"2022-04-02T23:50:55+00:00","og_image":[{"width":967,"height":547,"url":"https:\/\/static.africa-press.net\/senegal\/sites\/13\/2022\/04\/postQueueImg_8-6248e14d3865d.jpg","type":"image\/jpeg"}],"author":"cfeditorfr","twitter_card":"summary_large_image","twitter_misc":{"\u00c9crit par":"cfeditorfr","Dur\u00e9e de lecture estim\u00e9e":"1 minute"},"schema":{"@context":"https:\/\/schema.org","@graph":[{"@type":"Article","@id":"https:\/\/www.africa-press.net\/senegal\/politique\/violence-policiere-comment-le-sous-prefet-et-le-commissaire-de-dakar-plateau-et-ses-agents-avaient-traite-ces-activistes#article","isPartOf":{"@id":"https:\/\/www.africa-press.net\/senegal\/politique\/violence-policiere-comment-le-sous-prefet-et-le-commissaire-de-dakar-plateau-et-ses-agents-avaient-traite-ces-activistes"},"author":{"name":"cfeditorfr","@id":"https:\/\/www.africa-press.net\/senegal\/#\/schema\/person\/2b1cf3cd81a31e3cd26889ca66d677f1"},"headline":"Violence polici\u00e8re \/ comment le sous-pr\u00e9fet et le commissaire de Dakar plateau et ses agents avaient trait\u00e9 ces activistes","datePublished":"2022-04-02T21:44:08+00:00","dateModified":"2022-04-02T23:50:55+00:00","mainEntityOfPage":{"@id":"https:\/\/www.africa-press.net\/senegal\/politique\/violence-policiere-comment-le-sous-prefet-et-le-commissaire-de-dakar-plateau-et-ses-agents-avaient-traite-ces-activistes"},"wordCount":137,"commentCount":0,"image":{"@id":"https:\/\/www.africa-press.net\/senegal\/politique\/violence-policiere-comment-le-sous-prefet-et-le-commissaire-de-dakar-plateau-et-ses-agents-avaient-traite-ces-activistes#primaryimage"},"thumbnailUrl":"https:\/\/static.africa-press.net\/senegal\/sites\/13\/2022\/04\/postQueueImg_8-6248e14d3865d.jpg","keywords":["Africa Press","Africa Press-Senegal","Senegal"],"articleSection":["homepage-french","Politique","Toutes les actualit\u00e9s","vid\u00e9o"],"inLanguage":"fr-FR","potentialAction":[{"@type":"CommentAction","name":"Comment","target":["https:\/\/www.africa-press.net\/senegal\/politique\/violence-policiere-comment-le-sous-prefet-et-le-commissaire-de-dakar-plateau-et-ses-agents-avaient-traite-ces-activistes#respond"]}]},{"@type":"WebPage","@id":"https:\/\/www.africa-press.net\/senegal\/politique\/violence-policiere-comment-le-sous-prefet-et-le-commissaire-de-dakar-plateau-et-ses-agents-avaient-traite-ces-activistes","url":"https:\/\/www.africa-press.net\/senegal\/politique\/violence-policiere-comment-le-sous-prefet-et-le-commissaire-de-dakar-plateau-et-ses-agents-avaient-traite-ces-activistes","name":"Violence polici\u00e8re \/ comment le sous-pr\u00e9fet et le commissaire de Dakar plateau et ses agents avaient trait\u00e9 ces activistes - Senegal","isPartOf":{"@id":"https:\/\/www.africa-press.net\/senegal\/#website"},"primaryImageOfPage":{"@id":"https:\/\/www.africa-press.net\/senegal\/politique\/violence-policiere-comment-le-sous-prefet-et-le-commissaire-de-dakar-plateau-et-ses-agents-avaient-traite-ces-activistes#primaryimage"},"image":{"@id":"https:\/\/www.africa-press.net\/senegal\/politique\/violence-policiere-comment-le-sous-prefet-et-le-commissaire-de-dakar-plateau-et-ses-agents-avaient-traite-ces-activistes#primaryimage"},"thumbnailUrl":"https:\/\/static.africa-press.net\/senegal\/sites\/13\/2022\/04\/postQueueImg_8-6248e14d3865d.jpg","datePublished":"2022-04-02T21:44:08+00:00","dateModified":"2022-04-02T23:50:55+00:00","author":{"@id":"https:\/\/www.africa-press.net\/senegal\/#\/schema\/person\/2b1cf3cd81a31e3cd26889ca66d677f1"},"description":"Suite \u00e0 leur arrestation lors de leur manifestation contre le parrainage, aux alentours du minist\u00e8re de l\u2019int\u00e9rieur, les ...","breadcrumb":{"@id":"https:\/\/www.africa-press.net\/senegal\/politique\/violence-policiere-comment-le-sous-prefet-et-le-commissaire-de-dakar-plateau-et-ses-agents-avaient-traite-ces-activistes#breadcrumb"},"inLanguage":"fr-FR","potentialAction":[{"@type":"ReadAction","target":["https:\/\/www.africa-press.net\/senegal\/politique\/violence-policiere-comment-le-sous-prefet-et-le-commissaire-de-dakar-plateau-et-ses-agents-avaient-traite-ces-activistes"]}]},{"@type":"ImageObject","inLanguage":"fr-FR","@id":"https:\/\/www.africa-press.net\/senegal\/politique\/violence-policiere-comment-le-sous-prefet-et-le-commissaire-de-dakar-plateau-et-ses-agents-avaient-traite-ces-activistes#primaryimage","url":"https:\/\/static.africa-press.net\/senegal\/sites\/13\/2022\/04\/postQueueImg_8-6248e14d3865d.jpg","contentUrl":"https:\/\/static.africa-press.net\/senegal\/sites\/13\/2022\/04\/postQueueImg_8-6248e14d3865d.jpg","width":967,"height":547,"caption":"Violence polici\u00e8re \/ comment le sous-pr\u00e9fet et le commissaire de Dakar plateau et ses agents avaient trait\u00e9 ces activistes"},{"@type":"BreadcrumbList","@id":"https:\/\/www.africa-press.net\/senegal\/politique\/violence-policiere-comment-le-sous-prefet-et-le-commissaire-de-dakar-plateau-et-ses-agents-avaient-traite-ces-activistes#breadcrumb","itemListElement":[{"@type":"ListItem","position":1,"name":"Accueil","item":"https:\/\/www.africa-press.net\/senegal\/"},{"@type":"ListItem","position":2,"name":"Violence polici\u00e8re \/ comment le sous-pr\u00e9fet et le commissaire de Dakar plateau et ses agents avaient trait\u00e9 ces activistes"}]},{"@type":"WebSite","@id":"https:\/\/www.africa-press.net\/senegal\/#website","url":"https:\/\/www.africa-press.net\/senegal\/","name":"Africa Press | Senegal | Homepage","description":"Just another Africa News Agency Sites site","potentialAction":[{"@type":"SearchAction","target":{"@type":"EntryPoint","urlTemplate":"https:\/\/www.africa-press.net\/senegal\/?s={search_term_string}"},"query-input":{"@type":"PropertyValueSpecification","valueRequired":true,"valueName":"search_term_string"}}],"inLanguage":"fr-FR"},{"@type":"Person","@id":"https:\/\/www.africa-press.net\/senegal\/#\/schema\/person\/2b1cf3cd81a31e3cd26889ca66d677f1","name":"cfeditorfr","url":"https:\/\/www.africa-press.net\/senegal\/author\/cfeditorfr"}]}},"_links":{"self":[{"href":"https:\/\/www.africa-press.net\/senegal\/wp-json\/wp\/v2\/posts\/23932","targetHints":{"allow":["GET"]}}],"collection":[{"href":"https:\/\/www.africa-press.net\/senegal\/wp-json\/wp\/v2\/posts"}],"about":[{"href":"https:\/\/www.africa-press.net\/senegal\/wp-json\/wp\/v2\/types\/post"}],"author":[{"embeddable":true,"href":"https:\/\/www.africa-press.net\/senegal\/wp-json\/wp\/v2\/users\/82"}],"replies":[{"embeddable":true,"href":"https:\/\/www.africa-press.net\/senegal\/wp-json\/wp\/v2\/comments?post=23932"}],"version-history":[{"count":0,"href":"https:\/\/www.africa-press.net\/senegal\/wp-json\/wp\/v2\/posts\/23932\/revisions"}],"wp:featuredmedia":[{"embeddable":true,"href":"https:\/\/www.africa-press.net\/senegal\/wp-json\/wp\/v2\/media\/23931"}],"wp:attachment":[{"href":"https:\/\/www.africa-press.net\/senegal\/wp-json\/wp\/v2\/media?parent=23932"}],"wp:term":[{"taxonomy":"category","embeddable":true,"href":"https:\/\/www.africa-press.net\/senegal\/wp-json\/wp\/v2\/categories?post=23932"},{"taxonomy":"post_tag","embeddable":true,"href":"https:\/\/www.africa-press.net\/senegal\/wp-json\/wp\/v2\/tags?post=23932"}],"curies":[{"name":"wp","href":"https:\/\/api.w.org\/{rel}","templated":true}]}}