{"id":24013,"date":"2022-04-04T21:29:48","date_gmt":"2022-04-04T21:29:48","guid":{"rendered":"https:\/\/www.africa-press.net\/senegal\/politique\/macky-sall-president-de-la-republique-du-senegal-nous-avons-les-capacites-de-neutraliser-toutes-sortes-de-menaces-dou-quelles-viennent"},"modified":"2022-04-04T22:02:00","modified_gmt":"2022-04-04T22:02:00","slug":"macky-sall-president-de-la-republique-du-senegal-nous-avons-les-capacites-de-neutraliser-toutes-sortes-de-menaces-dou-quelles-viennent","status":"publish","type":"post","link":"https:\/\/www.africa-press.net\/senegal\/politique\/macky-sall-president-de-la-republique-du-senegal-nous-avons-les-capacites-de-neutraliser-toutes-sortes-de-menaces-dou-quelles-viennent","title":{"rendered":"Macky Sall, pr\u00e9sident de la R\u00e9publique du S\u00e9n\u00e9gal : \u00ab Nous avons les capacit\u00e9s de neutraliser toutes sortes de menaces d&rsquo;o\u00f9 qu&rsquo;elles viennent \u00bb"},"content":{"rendered":"<p><span style=\"color: #ff6600\"><strong>Africa-Press &#8211; Senegal. <\/strong><\/span>Aucune occasion ne pouvait \u00eatre meilleure que la c\u00e9l\u00e9bration de la f\u00eate de l\u2019ind\u00e9pendance pour annoncer sa force de d\u00e9fense et de dissuasion. Macky Sall a annonc\u00e9 que le S\u00e9n\u00e9gal est d\u00e9sormais outill\u00e9 pour enrayer toutes vell\u00e9it\u00e9s ou menaces internes ou ext\u00e9rieures.<\/p>\n<p>\u00ab M\u00eame si cette ann\u00e9e le d\u00e9fil\u00e9 motoris\u00e9 n\u2019est pas programm\u00e9, cette prise d\u2019armes a montr\u00e9 que le S\u00e9n\u00e9gal est fin pr\u00eat pour faire face aux menaces. Je pr\u00e9cise que nous sommes outill\u00e9s pour enrayer toute menace d\u2019o\u00f9 qu\u2019elle vienne. Nous avons les capacit\u00e9s de neutraliser toute sorte de menaces \u00bb, soutient Macky Sall.<\/p>\n<p>Parlant des troubles internes \u00e0 l\u2019image du mois de mars 2021, le chef de l\u2019\u00c9tat pr\u00e9vient : \u00ab l\u2019ordre public est au top niveau car tous les renseignements sont sur le qui-vive et ont maill\u00e9 tout le territoire national. La gendarmerie et la police ne sont pas en reste ainsi que la douane \u00bb, conclut Macky Sall qui s&rsquo;est voulu clair et pr\u00e9cis.<\/p>\n<p><strong>Pour plus d&rsquo;informations et d&rsquo;analyses sur la <a href=\"https:\/\/www.africa-press.net\/senegal\">Senegal<\/a>, suivez <a href=\"https:\/\/www.africa-press.net\/\">Africa-Press<\/a><\/strong><\/p>\n","protected":false},"excerpt":{"rendered":"<p>Africa-Press &#8211; Senegal. Aucune occasion ne pouvait \u00eatre meilleure que la c\u00e9l\u00e9bration de la f\u00eate de l\u2019ind\u00e9pendance pour annoncer sa force de d\u00e9fense et de dissuasion. Macky Sall a annonc\u00e9 que le S\u00e9n\u00e9gal est d\u00e9sormais outill\u00e9 pour enrayer toutes vell\u00e9it\u00e9s ou menaces internes ou ext\u00e9rieures. \u00ab M\u00eame si cette ann\u00e9e le d\u00e9fil\u00e9 motoris\u00e9 n\u2019est pas [&hellip;]<\/p>\n","protected":false},"author":82,"featured_media":24012,"comment_status":"open","ping_status":"closed","sticky":false,"template":"","format":"standard","meta":{"footnotes":""},"categories":[11,2,20,10],"tags":[43,47,42,44],"class_list":["post-24013","post","type-post","status-publish","format-standard","has-post-thumbnail","hentry","category-homepage-french","category-politique","category-top-nouvelles","category-toutes-les-actualites","tag-africa-press-2","tag-africa-press-senegal","tag-macky-sall","tag-senegal-2"],"yoast_head":"<!-- This site is optimized with the Yoast SEO Premium plugin v26.1 (Yoast SEO v27.0) - https:\/\/yoast.com\/product\/yoast-seo-premium-wordpress\/ -->\n<title>Macky Sall, pr\u00e9sident de la R\u00e9publique du S\u00e9n\u00e9gal : \u00ab Nous avons les capacit\u00e9s de neutraliser toutes sortes de menaces d&#039;o\u00f9 qu&#039;elles viennent \u00bb - Senegal<\/title>\n<meta name=\"description\" content=\"Aucune occasion ne pouvait \u00eatre meilleure que la c\u00e9l\u00e9bration de la f\u00eate de l\u2019ind\u00e9pendance pour annoncer sa force de d\u00e9fe ...\" \/>\n<meta name=\"robots\" content=\"index, follow, max-snippet:-1, max-image-preview:large, max-video-preview:-1\" \/>\n<link rel=\"canonical\" href=\"https:\/\/www.africa-press.net\/senegal\/politique\/macky-sall-president-de-la-republique-du-senegal-nous-avons-les-capacites-de-neutraliser-toutes-sortes-de-menaces-dou-quelles-viennent\" \/>\n<meta property=\"og:locale\" content=\"fr_FR\" \/>\n<meta property=\"og:type\" content=\"article\" \/>\n<meta property=\"og:title\" content=\"Macky Sall, pr\u00e9sident de la R\u00e9publique du S\u00e9n\u00e9gal : \u00ab Nous avons les capacit\u00e9s de neutraliser toutes sortes de menaces d&#039;o\u00f9 qu&#039;elles viennent \u00bb\" \/>\n<meta property=\"og:description\" content=\"Aucune occasion ne pouvait \u00eatre meilleure que la c\u00e9l\u00e9bration de la f\u00eate de l\u2019ind\u00e9pendance pour annoncer sa force de d\u00e9fe ...\" \/>\n<meta property=\"og:url\" content=\"https:\/\/www.africa-press.net\/senegal\/politique\/macky-sall-president-de-la-republique-du-senegal-nous-avons-les-capacites-de-neutraliser-toutes-sortes-de-menaces-dou-quelles-viennent\" \/>\n<meta property=\"og:site_name\" content=\"Senegal\" \/>\n<meta property=\"article:published_time\" content=\"2022-04-04T21:29:48+00:00\" \/>\n<meta property=\"article:modified_time\" content=\"2022-04-04T22:02:00+00:00\" \/>\n<meta property=\"og:image\" content=\"https:\/\/static.africa-press.net\/senegal\/sites\/13\/2022\/04\/postQueueImg_11-624b6ac32bbea.jpg\" \/>\n\t<meta property=\"og:image:width\" content=\"1284\" \/>\n\t<meta property=\"og:image:height\" content=\"732\" \/>\n\t<meta property=\"og:image:type\" content=\"image\/jpeg\" \/>\n<meta name=\"author\" content=\"cfeditorfr\" \/>\n<meta name=\"twitter:card\" content=\"summary_large_image\" \/>\n<meta name=\"twitter:label1\" content=\"\u00c9crit par\" \/>\n\t<meta name=\"twitter:data1\" content=\"cfeditorfr\" \/>\n\t<meta name=\"twitter:label2\" content=\"Dur\u00e9e de lecture estim\u00e9e\" \/>\n\t<meta name=\"twitter:data2\" content=\"1 minute\" \/>\n<script type=\"application\/ld+json\" class=\"yoast-schema-graph\">{\"@context\":\"https:\/\/schema.org\",\"@graph\":[{\"@type\":\"Article\",\"@id\":\"https:\/\/www.africa-press.net\/senegal\/politique\/macky-sall-president-de-la-republique-du-senegal-nous-avons-les-capacites-de-neutraliser-toutes-sortes-de-menaces-dou-quelles-viennent#article\",\"isPartOf\":{\"@id\":\"https:\/\/www.africa-press.net\/senegal\/politique\/macky-sall-president-de-la-republique-du-senegal-nous-avons-les-capacites-de-neutraliser-toutes-sortes-de-menaces-dou-quelles-viennent\"},\"author\":{\"name\":\"cfeditorfr\",\"@id\":\"https:\/\/www.africa-press.net\/senegal\/#\/schema\/person\/2b1cf3cd81a31e3cd26889ca66d677f1\"},\"headline\":\"Macky Sall, pr\u00e9sident de la R\u00e9publique du S\u00e9n\u00e9gal : \u00ab Nous avons les capacit\u00e9s de neutraliser toutes sortes de menaces d&rsquo;o\u00f9 qu&rsquo;elles viennent \u00bb\",\"datePublished\":\"2022-04-04T21:29:48+00:00\",\"dateModified\":\"2022-04-04T22:02:00+00:00\",\"mainEntityOfPage\":{\"@id\":\"https:\/\/www.africa-press.net\/senegal\/politique\/macky-sall-president-de-la-republique-du-senegal-nous-avons-les-capacites-de-neutraliser-toutes-sortes-de-menaces-dou-quelles-viennent\"},\"wordCount\":226,\"commentCount\":0,\"image\":{\"@id\":\"https:\/\/www.africa-press.net\/senegal\/politique\/macky-sall-president-de-la-republique-du-senegal-nous-avons-les-capacites-de-neutraliser-toutes-sortes-de-menaces-dou-quelles-viennent#primaryimage\"},\"thumbnailUrl\":\"https:\/\/static.africa-press.net\/senegal\/sites\/13\/2022\/04\/postQueueImg_11-624b6ac32bbea.jpg\",\"keywords\":[\"Africa Press\",\"Africa Press-Senegal\",\"Macky Sall\",\"Senegal\"],\"articleSection\":[\"homepage-french\",\"Politique\",\"Top Nouvelles\",\"Toutes les actualit\u00e9s\"],\"inLanguage\":\"fr-FR\",\"potentialAction\":[{\"@type\":\"CommentAction\",\"name\":\"Comment\",\"target\":[\"https:\/\/www.africa-press.net\/senegal\/politique\/macky-sall-president-de-la-republique-du-senegal-nous-avons-les-capacites-de-neutraliser-toutes-sortes-de-menaces-dou-quelles-viennent#respond\"]}]},{\"@type\":\"WebPage\",\"@id\":\"https:\/\/www.africa-press.net\/senegal\/politique\/macky-sall-president-de-la-republique-du-senegal-nous-avons-les-capacites-de-neutraliser-toutes-sortes-de-menaces-dou-quelles-viennent\",\"url\":\"https:\/\/www.africa-press.net\/senegal\/politique\/macky-sall-president-de-la-republique-du-senegal-nous-avons-les-capacites-de-neutraliser-toutes-sortes-de-menaces-dou-quelles-viennent\",\"name\":\"Macky Sall, pr\u00e9sident de la R\u00e9publique du S\u00e9n\u00e9gal : \u00ab Nous avons les capacit\u00e9s de neutraliser toutes sortes de menaces d'o\u00f9 qu'elles viennent \u00bb - Senegal\",\"isPartOf\":{\"@id\":\"https:\/\/www.africa-press.net\/senegal\/#website\"},\"primaryImageOfPage\":{\"@id\":\"https:\/\/www.africa-press.net\/senegal\/politique\/macky-sall-president-de-la-republique-du-senegal-nous-avons-les-capacites-de-neutraliser-toutes-sortes-de-menaces-dou-quelles-viennent#primaryimage\"},\"image\":{\"@id\":\"https:\/\/www.africa-press.net\/senegal\/politique\/macky-sall-president-de-la-republique-du-senegal-nous-avons-les-capacites-de-neutraliser-toutes-sortes-de-menaces-dou-quelles-viennent#primaryimage\"},\"thumbnailUrl\":\"https:\/\/static.africa-press.net\/senegal\/sites\/13\/2022\/04\/postQueueImg_11-624b6ac32bbea.jpg\",\"datePublished\":\"2022-04-04T21:29:48+00:00\",\"dateModified\":\"2022-04-04T22:02:00+00:00\",\"author\":{\"@id\":\"https:\/\/www.africa-press.net\/senegal\/#\/schema\/person\/2b1cf3cd81a31e3cd26889ca66d677f1\"},\"description\":\"Aucune occasion ne pouvait \u00eatre meilleure que la c\u00e9l\u00e9bration de la f\u00eate de l\u2019ind\u00e9pendance pour annoncer sa force de d\u00e9fe ...\",\"breadcrumb\":{\"@id\":\"https:\/\/www.africa-press.net\/senegal\/politique\/macky-sall-president-de-la-republique-du-senegal-nous-avons-les-capacites-de-neutraliser-toutes-sortes-de-menaces-dou-quelles-viennent#breadcrumb\"},\"inLanguage\":\"fr-FR\",\"potentialAction\":[{\"@type\":\"ReadAction\",\"target\":[\"https:\/\/www.africa-press.net\/senegal\/politique\/macky-sall-president-de-la-republique-du-senegal-nous-avons-les-capacites-de-neutraliser-toutes-sortes-de-menaces-dou-quelles-viennent\"]}]},{\"@type\":\"ImageObject\",\"inLanguage\":\"fr-FR\",\"@id\":\"https:\/\/www.africa-press.net\/senegal\/politique\/macky-sall-president-de-la-republique-du-senegal-nous-avons-les-capacites-de-neutraliser-toutes-sortes-de-menaces-dou-quelles-viennent#primaryimage\",\"url\":\"https:\/\/static.africa-press.net\/senegal\/sites\/13\/2022\/04\/postQueueImg_11-624b6ac32bbea.jpg\",\"contentUrl\":\"https:\/\/static.africa-press.net\/senegal\/sites\/13\/2022\/04\/postQueueImg_11-624b6ac32bbea.jpg\",\"width\":1284,\"height\":732,\"caption\":\"Macky Sall, pr\u00e9sident de la R\u00e9publique du S\u00e9n\u00e9gal : \u00ab Nous avons les capacit\u00e9s de neutraliser toutes sortes de menaces d'o\u00f9 qu'elles viennent \u00bb\"},{\"@type\":\"BreadcrumbList\",\"@id\":\"https:\/\/www.africa-press.net\/senegal\/politique\/macky-sall-president-de-la-republique-du-senegal-nous-avons-les-capacites-de-neutraliser-toutes-sortes-de-menaces-dou-quelles-viennent#breadcrumb\",\"itemListElement\":[{\"@type\":\"ListItem\",\"position\":1,\"name\":\"Accueil\",\"item\":\"https:\/\/www.africa-press.net\/senegal\/\"},{\"@type\":\"ListItem\",\"position\":2,\"name\":\"Macky Sall, pr\u00e9sident de la R\u00e9publique du S\u00e9n\u00e9gal : \u00ab Nous avons les capacit\u00e9s de neutraliser toutes sortes de menaces d&#8217;o\u00f9 qu&#8217;elles viennent \u00bb\"}]},{\"@type\":\"WebSite\",\"@id\":\"https:\/\/www.africa-press.net\/senegal\/#website\",\"url\":\"https:\/\/www.africa-press.net\/senegal\/\",\"name\":\"Africa Press | Senegal | Homepage\",\"description\":\"Just another Africa News Agency Sites site\",\"potentialAction\":[{\"@type\":\"SearchAction\",\"target\":{\"@type\":\"EntryPoint\",\"urlTemplate\":\"https:\/\/www.africa-press.net\/senegal\/?s={search_term_string}\"},\"query-input\":{\"@type\":\"PropertyValueSpecification\",\"valueRequired\":true,\"valueName\":\"search_term_string\"}}],\"inLanguage\":\"fr-FR\"},{\"@type\":\"Person\",\"@id\":\"https:\/\/www.africa-press.net\/senegal\/#\/schema\/person\/2b1cf3cd81a31e3cd26889ca66d677f1\",\"name\":\"cfeditorfr\",\"url\":\"https:\/\/www.africa-press.net\/senegal\/author\/cfeditorfr\"}]}<\/script>\n<!-- \/ Yoast SEO Premium plugin. -->","yoast_head_json":{"title":"Macky Sall, pr\u00e9sident de la R\u00e9publique du S\u00e9n\u00e9gal : \u00ab Nous avons les capacit\u00e9s de neutraliser toutes sortes de menaces d'o\u00f9 qu'elles viennent \u00bb - Senegal","description":"Aucune occasion ne pouvait \u00eatre meilleure que la c\u00e9l\u00e9bration de la f\u00eate de l\u2019ind\u00e9pendance pour annoncer sa force de d\u00e9fe ...","robots":{"index":"index","follow":"follow","max-snippet":"max-snippet:-1","max-image-preview":"max-image-preview:large","max-video-preview":"max-video-preview:-1"},"canonical":"https:\/\/www.africa-press.net\/senegal\/politique\/macky-sall-president-de-la-republique-du-senegal-nous-avons-les-capacites-de-neutraliser-toutes-sortes-de-menaces-dou-quelles-viennent","og_locale":"fr_FR","og_type":"article","og_title":"Macky Sall, pr\u00e9sident de la R\u00e9publique du S\u00e9n\u00e9gal : \u00ab Nous avons les capacit\u00e9s de neutraliser toutes sortes de menaces d'o\u00f9 qu'elles viennent \u00bb","og_description":"Aucune occasion ne pouvait \u00eatre meilleure que la c\u00e9l\u00e9bration de la f\u00eate de l\u2019ind\u00e9pendance pour annoncer sa force de d\u00e9fe ...","og_url":"https:\/\/www.africa-press.net\/senegal\/politique\/macky-sall-president-de-la-republique-du-senegal-nous-avons-les-capacites-de-neutraliser-toutes-sortes-de-menaces-dou-quelles-viennent","og_site_name":"Senegal","article_published_time":"2022-04-04T21:29:48+00:00","article_modified_time":"2022-04-04T22:02:00+00:00","og_image":[{"width":1284,"height":732,"url":"https:\/\/static.africa-press.net\/senegal\/sites\/13\/2022\/04\/postQueueImg_11-624b6ac32bbea.jpg","type":"image\/jpeg"}],"author":"cfeditorfr","twitter_card":"summary_large_image","twitter_misc":{"\u00c9crit par":"cfeditorfr","Dur\u00e9e de lecture estim\u00e9e":"1 minute"},"schema":{"@context":"https:\/\/schema.org","@graph":[{"@type":"Article","@id":"https:\/\/www.africa-press.net\/senegal\/politique\/macky-sall-president-de-la-republique-du-senegal-nous-avons-les-capacites-de-neutraliser-toutes-sortes-de-menaces-dou-quelles-viennent#article","isPartOf":{"@id":"https:\/\/www.africa-press.net\/senegal\/politique\/macky-sall-president-de-la-republique-du-senegal-nous-avons-les-capacites-de-neutraliser-toutes-sortes-de-menaces-dou-quelles-viennent"},"author":{"name":"cfeditorfr","@id":"https:\/\/www.africa-press.net\/senegal\/#\/schema\/person\/2b1cf3cd81a31e3cd26889ca66d677f1"},"headline":"Macky Sall, pr\u00e9sident de la R\u00e9publique du S\u00e9n\u00e9gal : \u00ab Nous avons les capacit\u00e9s de neutraliser toutes sortes de menaces d&rsquo;o\u00f9 qu&rsquo;elles viennent \u00bb","datePublished":"2022-04-04T21:29:48+00:00","dateModified":"2022-04-04T22:02:00+00:00","mainEntityOfPage":{"@id":"https:\/\/www.africa-press.net\/senegal\/politique\/macky-sall-president-de-la-republique-du-senegal-nous-avons-les-capacites-de-neutraliser-toutes-sortes-de-menaces-dou-quelles-viennent"},"wordCount":226,"commentCount":0,"image":{"@id":"https:\/\/www.africa-press.net\/senegal\/politique\/macky-sall-president-de-la-republique-du-senegal-nous-avons-les-capacites-de-neutraliser-toutes-sortes-de-menaces-dou-quelles-viennent#primaryimage"},"thumbnailUrl":"https:\/\/static.africa-press.net\/senegal\/sites\/13\/2022\/04\/postQueueImg_11-624b6ac32bbea.jpg","keywords":["Africa Press","Africa Press-Senegal","Macky Sall","Senegal"],"articleSection":["homepage-french","Politique","Top Nouvelles","Toutes les actualit\u00e9s"],"inLanguage":"fr-FR","potentialAction":[{"@type":"CommentAction","name":"Comment","target":["https:\/\/www.africa-press.net\/senegal\/politique\/macky-sall-president-de-la-republique-du-senegal-nous-avons-les-capacites-de-neutraliser-toutes-sortes-de-menaces-dou-quelles-viennent#respond"]}]},{"@type":"WebPage","@id":"https:\/\/www.africa-press.net\/senegal\/politique\/macky-sall-president-de-la-republique-du-senegal-nous-avons-les-capacites-de-neutraliser-toutes-sortes-de-menaces-dou-quelles-viennent","url":"https:\/\/www.africa-press.net\/senegal\/politique\/macky-sall-president-de-la-republique-du-senegal-nous-avons-les-capacites-de-neutraliser-toutes-sortes-de-menaces-dou-quelles-viennent","name":"Macky Sall, pr\u00e9sident de la R\u00e9publique du S\u00e9n\u00e9gal : \u00ab Nous avons les capacit\u00e9s de neutraliser toutes sortes de menaces d'o\u00f9 qu'elles viennent \u00bb - Senegal","isPartOf":{"@id":"https:\/\/www.africa-press.net\/senegal\/#website"},"primaryImageOfPage":{"@id":"https:\/\/www.africa-press.net\/senegal\/politique\/macky-sall-president-de-la-republique-du-senegal-nous-avons-les-capacites-de-neutraliser-toutes-sortes-de-menaces-dou-quelles-viennent#primaryimage"},"image":{"@id":"https:\/\/www.africa-press.net\/senegal\/politique\/macky-sall-president-de-la-republique-du-senegal-nous-avons-les-capacites-de-neutraliser-toutes-sortes-de-menaces-dou-quelles-viennent#primaryimage"},"thumbnailUrl":"https:\/\/static.africa-press.net\/senegal\/sites\/13\/2022\/04\/postQueueImg_11-624b6ac32bbea.jpg","datePublished":"2022-04-04T21:29:48+00:00","dateModified":"2022-04-04T22:02:00+00:00","author":{"@id":"https:\/\/www.africa-press.net\/senegal\/#\/schema\/person\/2b1cf3cd81a31e3cd26889ca66d677f1"},"description":"Aucune occasion ne pouvait \u00eatre meilleure que la c\u00e9l\u00e9bration de la f\u00eate de l\u2019ind\u00e9pendance pour annoncer sa force de d\u00e9fe ...","breadcrumb":{"@id":"https:\/\/www.africa-press.net\/senegal\/politique\/macky-sall-president-de-la-republique-du-senegal-nous-avons-les-capacites-de-neutraliser-toutes-sortes-de-menaces-dou-quelles-viennent#breadcrumb"},"inLanguage":"fr-FR","potentialAction":[{"@type":"ReadAction","target":["https:\/\/www.africa-press.net\/senegal\/politique\/macky-sall-president-de-la-republique-du-senegal-nous-avons-les-capacites-de-neutraliser-toutes-sortes-de-menaces-dou-quelles-viennent"]}]},{"@type":"ImageObject","inLanguage":"fr-FR","@id":"https:\/\/www.africa-press.net\/senegal\/politique\/macky-sall-president-de-la-republique-du-senegal-nous-avons-les-capacites-de-neutraliser-toutes-sortes-de-menaces-dou-quelles-viennent#primaryimage","url":"https:\/\/static.africa-press.net\/senegal\/sites\/13\/2022\/04\/postQueueImg_11-624b6ac32bbea.jpg","contentUrl":"https:\/\/static.africa-press.net\/senegal\/sites\/13\/2022\/04\/postQueueImg_11-624b6ac32bbea.jpg","width":1284,"height":732,"caption":"Macky Sall, pr\u00e9sident de la R\u00e9publique du S\u00e9n\u00e9gal : \u00ab Nous avons les capacit\u00e9s de neutraliser toutes sortes de menaces d'o\u00f9 qu'elles viennent \u00bb"},{"@type":"BreadcrumbList","@id":"https:\/\/www.africa-press.net\/senegal\/politique\/macky-sall-president-de-la-republique-du-senegal-nous-avons-les-capacites-de-neutraliser-toutes-sortes-de-menaces-dou-quelles-viennent#breadcrumb","itemListElement":[{"@type":"ListItem","position":1,"name":"Accueil","item":"https:\/\/www.africa-press.net\/senegal\/"},{"@type":"ListItem","position":2,"name":"Macky Sall, pr\u00e9sident de la R\u00e9publique du S\u00e9n\u00e9gal : \u00ab Nous avons les capacit\u00e9s de neutraliser toutes sortes de menaces d&#8217;o\u00f9 qu&#8217;elles viennent \u00bb"}]},{"@type":"WebSite","@id":"https:\/\/www.africa-press.net\/senegal\/#website","url":"https:\/\/www.africa-press.net\/senegal\/","name":"Africa Press | Senegal | Homepage","description":"Just another Africa News Agency Sites site","potentialAction":[{"@type":"SearchAction","target":{"@type":"EntryPoint","urlTemplate":"https:\/\/www.africa-press.net\/senegal\/?s={search_term_string}"},"query-input":{"@type":"PropertyValueSpecification","valueRequired":true,"valueName":"search_term_string"}}],"inLanguage":"fr-FR"},{"@type":"Person","@id":"https:\/\/www.africa-press.net\/senegal\/#\/schema\/person\/2b1cf3cd81a31e3cd26889ca66d677f1","name":"cfeditorfr","url":"https:\/\/www.africa-press.net\/senegal\/author\/cfeditorfr"}]}},"_links":{"self":[{"href":"https:\/\/www.africa-press.net\/senegal\/wp-json\/wp\/v2\/posts\/24013","targetHints":{"allow":["GET"]}}],"collection":[{"href":"https:\/\/www.africa-press.net\/senegal\/wp-json\/wp\/v2\/posts"}],"about":[{"href":"https:\/\/www.africa-press.net\/senegal\/wp-json\/wp\/v2\/types\/post"}],"author":[{"embeddable":true,"href":"https:\/\/www.africa-press.net\/senegal\/wp-json\/wp\/v2\/users\/82"}],"replies":[{"embeddable":true,"href":"https:\/\/www.africa-press.net\/senegal\/wp-json\/wp\/v2\/comments?post=24013"}],"version-history":[{"count":0,"href":"https:\/\/www.africa-press.net\/senegal\/wp-json\/wp\/v2\/posts\/24013\/revisions"}],"wp:featuredmedia":[{"embeddable":true,"href":"https:\/\/www.africa-press.net\/senegal\/wp-json\/wp\/v2\/media\/24012"}],"wp:attachment":[{"href":"https:\/\/www.africa-press.net\/senegal\/wp-json\/wp\/v2\/media?parent=24013"}],"wp:term":[{"taxonomy":"category","embeddable":true,"href":"https:\/\/www.africa-press.net\/senegal\/wp-json\/wp\/v2\/categories?post=24013"},{"taxonomy":"post_tag","embeddable":true,"href":"https:\/\/www.africa-press.net\/senegal\/wp-json\/wp\/v2\/tags?post=24013"}],"curies":[{"name":"wp","href":"https:\/\/api.w.org\/{rel}","templated":true}]}}