{"id":29383,"date":"2022-07-03T19:37:55","date_gmt":"2022-07-03T19:37:55","guid":{"rendered":"https:\/\/www.africa-press.net\/senegal\/politique\/les-citoyens-invites-a-sengager-davantage-pour-la-mise-en-oeuvre-de-la-politique-sanitaire"},"modified":"2022-07-03T19:40:38","modified_gmt":"2022-07-03T19:40:38","slug":"les-citoyens-invites-a-sengager-davantage-pour-la-mise-en-oeuvre-de-la-politique-sanitaire","status":"publish","type":"post","link":"https:\/\/www.africa-press.net\/senegal\/toutes-les-actualites\/les-citoyens-invites-a-sengager-davantage-pour-la-mise-en-oeuvre-de-la-politique-sanitaire","title":{"rendered":"Les citoyens invit\u00e9s \u00e0 s\u2019engager davantage pour la mise en oeuvre de la politique sanitaire"},"content":{"rendered":"<p><span style=\"color: #ff6600\"><strong>Africa-Press &#8211; Senegal. <\/strong><\/span>Le directeur de l\u2019Agence s\u00e9n\u00e9galaise de promotion des exportations (ASEPEX), Malick Diop, appelle les citoyens \u00e0 s\u2019engager dans la mise en \u0153uvre de la politique sanitaire dont l\u2019application ne devrait pas selon lui relever de la seule responsabilit\u00e9 de l\u2019Etat.<\/p>\n<p>\u00ab\u00a0La politique sanitaire, c\u2019est vrai que c\u2019est l\u2019Etat, mais cela concerne aussi les S\u00e9n\u00e9galais et S\u00e9n\u00e9galaises qui doivent s\u2019engager, dans le cadre de l\u2019offre de soins, dans la prise en charge et l\u2019\u00e9laboration d\u2019une bonne politique sanitaire pour que les populations puissent se porter mieux\u00a0\u00bb, a-t-il d\u00e9clar\u00e9.<\/p>\n<p>Il intervenait samedi lors de la c\u00e9r\u00e9monie officielle de remise d\u2019une ambulance m\u00e9dicalis\u00e9e au centre de sant\u00e9 Gaspard Camara, un \u00e9tablissement de la commune de Fann-Point E-Amiti\u00e9 o\u00f9 il r\u00e9side.<\/p>\n<p>Selon Malick Diop, les citoyens doivent \u00eatre amen\u00e9s \u00e0 s\u2019impliquer davantage dans l\u2019am\u00e9lioration du syst\u00e8me de sant\u00e9, chacun dans son domaine de comp\u00e9tence.<\/p>\n<p>\u00ab\u00a0Ce sont ces gens dont le pays a besoin, \u00e0 savoir ceux qui travaillent pour le bien des populations et qui les soutiennent quand elles sont dans des difficult\u00e9s telles que celles li\u00e9es \u00e0 la sant\u00e9\u00a0\u00bb, a fait savoir docteur Malick Diop, pharmacien de formation.<\/p>\n<p>Il reconnait que des choses doivent \u00eatre am\u00e9lior\u00e9es dans le syst\u00e8me sanitaire, notamment en ce qui concerne la prise en charge des urgences sanitaires, \u00ab\u00a0m\u00eame si l\u2019Etat a beaucoup fait dans sa politique sanitaire\u00a0\u00bb.<\/p>\n<p>Le donateur, Bouna Kant\u00e9, a dit avoir voulu r\u00e9pondre avec ses partenaires \u00e0 \u00ab\u00a0de vieilles dol\u00e9ances des populations de cette commune qui ne cessaient de faire part de leurs soucis li\u00e9s au transport des malades\u00a0\u00bb.<\/p>\n<p><strong>Pour plus d&rsquo;informations et d&rsquo;analyses sur la <a href=\"https:\/\/www.africa-press.net\/senegal\">Senegal<\/a>, suivez <a href=\"https:\/\/www.africa-press.net\/\">Africa-Press<\/a><\/strong><\/p>\n","protected":false},"excerpt":{"rendered":"<p>Africa-Press &#8211; Senegal. Le directeur de l\u2019Agence s\u00e9n\u00e9galaise de promotion des exportations (ASEPEX), Malick Diop, appelle les citoyens \u00e0 s\u2019engager dans la mise en \u0153uvre de la politique sanitaire dont l\u2019application ne devrait pas selon lui relever de la seule responsabilit\u00e9 de l\u2019Etat. \u00ab\u00a0La politique sanitaire, c\u2019est vrai que c\u2019est l\u2019Etat, mais cela concerne aussi [&hellip;]<\/p>\n","protected":false},"author":82,"featured_media":29382,"comment_status":"open","ping_status":"closed","sticky":false,"template":"","format":"standard","meta":{"footnotes":""},"categories":[21,11,10],"tags":[43,47,44],"class_list":["post-29383","post","type-post","status-publish","format-standard","has-post-thumbnail","hentry","category-communaute","category-homepage-french","category-toutes-les-actualites","tag-africa-press-2","tag-africa-press-senegal","tag-senegal-2"],"yoast_head":"<!-- This site is optimized with the Yoast SEO Premium plugin v26.1 (Yoast SEO v27.0) - https:\/\/yoast.com\/product\/yoast-seo-premium-wordpress\/ -->\n<title>Les citoyens invit\u00e9s \u00e0 s\u2019engager davantage pour la mise en oeuvre de la politique sanitaire - Senegal<\/title>\n<meta name=\"description\" content=\"Le directeur de l\u2019Agence s\u00e9n\u00e9galaise de promotion des exportations (ASEPEX), Malick Diop, appelle les citoyens \u00e0 s\u2019engag ...\" \/>\n<meta name=\"robots\" content=\"index, follow, max-snippet:-1, max-image-preview:large, max-video-preview:-1\" \/>\n<link rel=\"canonical\" href=\"https:\/\/www.africa-press.net\/senegal\/toutes-les-actualites\/les-citoyens-invites-a-sengager-davantage-pour-la-mise-en-oeuvre-de-la-politique-sanitaire\" \/>\n<meta property=\"og:locale\" content=\"fr_FR\" \/>\n<meta property=\"og:type\" content=\"article\" \/>\n<meta property=\"og:title\" content=\"Les citoyens invit\u00e9s \u00e0 s\u2019engager davantage pour la mise en oeuvre de la politique sanitaire\" \/>\n<meta property=\"og:description\" content=\"Le directeur de l\u2019Agence s\u00e9n\u00e9galaise de promotion des exportations (ASEPEX), Malick Diop, appelle les citoyens \u00e0 s\u2019engag ...\" \/>\n<meta property=\"og:url\" content=\"https:\/\/www.africa-press.net\/senegal\/toutes-les-actualites\/les-citoyens-invites-a-sengager-davantage-pour-la-mise-en-oeuvre-de-la-politique-sanitaire\" \/>\n<meta property=\"og:site_name\" content=\"Senegal\" \/>\n<meta property=\"article:published_time\" content=\"2022-07-03T19:37:55+00:00\" \/>\n<meta property=\"article:modified_time\" content=\"2022-07-03T19:40:38+00:00\" \/>\n<meta property=\"og:image\" content=\"https:\/\/static.africa-press.net\/senegal\/sites\/13\/2022\/07\/postQueueImg_1-62c1f089c06be.jpg\" \/>\n\t<meta property=\"og:image:width\" content=\"540\" \/>\n\t<meta property=\"og:image:height\" content=\"305\" \/>\n\t<meta property=\"og:image:type\" content=\"image\/jpeg\" \/>\n<meta name=\"author\" content=\"cfeditorfr\" \/>\n<meta name=\"twitter:card\" content=\"summary_large_image\" \/>\n<meta name=\"twitter:label1\" content=\"\u00c9crit par\" \/>\n\t<meta name=\"twitter:data1\" content=\"cfeditorfr\" \/>\n\t<meta name=\"twitter:label2\" content=\"Dur\u00e9e de lecture estim\u00e9e\" \/>\n\t<meta name=\"twitter:data2\" content=\"2 minutes\" \/>\n<script type=\"application\/ld+json\" class=\"yoast-schema-graph\">{\"@context\":\"https:\/\/schema.org\",\"@graph\":[{\"@type\":\"Article\",\"@id\":\"https:\/\/www.africa-press.net\/senegal\/toutes-les-actualites\/les-citoyens-invites-a-sengager-davantage-pour-la-mise-en-oeuvre-de-la-politique-sanitaire#article\",\"isPartOf\":{\"@id\":\"https:\/\/www.africa-press.net\/senegal\/toutes-les-actualites\/les-citoyens-invites-a-sengager-davantage-pour-la-mise-en-oeuvre-de-la-politique-sanitaire\"},\"author\":{\"name\":\"cfeditorfr\",\"@id\":\"https:\/\/www.africa-press.net\/senegal\/#\/schema\/person\/2b1cf3cd81a31e3cd26889ca66d677f1\"},\"headline\":\"Les citoyens invit\u00e9s \u00e0 s\u2019engager davantage pour la mise en oeuvre de la politique sanitaire\",\"datePublished\":\"2022-07-03T19:37:55+00:00\",\"dateModified\":\"2022-07-03T19:40:38+00:00\",\"mainEntityOfPage\":{\"@id\":\"https:\/\/www.africa-press.net\/senegal\/toutes-les-actualites\/les-citoyens-invites-a-sengager-davantage-pour-la-mise-en-oeuvre-de-la-politique-sanitaire\"},\"wordCount\":320,\"commentCount\":0,\"image\":{\"@id\":\"https:\/\/www.africa-press.net\/senegal\/toutes-les-actualites\/les-citoyens-invites-a-sengager-davantage-pour-la-mise-en-oeuvre-de-la-politique-sanitaire#primaryimage\"},\"thumbnailUrl\":\"https:\/\/static.africa-press.net\/senegal\/sites\/13\/2022\/07\/postQueueImg_1-62c1f089c06be.jpg\",\"keywords\":[\"Africa Press\",\"Africa Press-Senegal\",\"Senegal\"],\"articleSection\":[\"Communaut\u00e9\",\"homepage-french\",\"Toutes les actualit\u00e9s\"],\"inLanguage\":\"fr-FR\",\"potentialAction\":[{\"@type\":\"CommentAction\",\"name\":\"Comment\",\"target\":[\"https:\/\/www.africa-press.net\/senegal\/toutes-les-actualites\/les-citoyens-invites-a-sengager-davantage-pour-la-mise-en-oeuvre-de-la-politique-sanitaire#respond\"]}]},{\"@type\":\"WebPage\",\"@id\":\"https:\/\/www.africa-press.net\/senegal\/toutes-les-actualites\/les-citoyens-invites-a-sengager-davantage-pour-la-mise-en-oeuvre-de-la-politique-sanitaire\",\"url\":\"https:\/\/www.africa-press.net\/senegal\/toutes-les-actualites\/les-citoyens-invites-a-sengager-davantage-pour-la-mise-en-oeuvre-de-la-politique-sanitaire\",\"name\":\"Les citoyens invit\u00e9s \u00e0 s\u2019engager davantage pour la mise en oeuvre de la politique sanitaire - Senegal\",\"isPartOf\":{\"@id\":\"https:\/\/www.africa-press.net\/senegal\/#website\"},\"primaryImageOfPage\":{\"@id\":\"https:\/\/www.africa-press.net\/senegal\/toutes-les-actualites\/les-citoyens-invites-a-sengager-davantage-pour-la-mise-en-oeuvre-de-la-politique-sanitaire#primaryimage\"},\"image\":{\"@id\":\"https:\/\/www.africa-press.net\/senegal\/toutes-les-actualites\/les-citoyens-invites-a-sengager-davantage-pour-la-mise-en-oeuvre-de-la-politique-sanitaire#primaryimage\"},\"thumbnailUrl\":\"https:\/\/static.africa-press.net\/senegal\/sites\/13\/2022\/07\/postQueueImg_1-62c1f089c06be.jpg\",\"datePublished\":\"2022-07-03T19:37:55+00:00\",\"dateModified\":\"2022-07-03T19:40:38+00:00\",\"author\":{\"@id\":\"https:\/\/www.africa-press.net\/senegal\/#\/schema\/person\/2b1cf3cd81a31e3cd26889ca66d677f1\"},\"description\":\"Le directeur de l\u2019Agence s\u00e9n\u00e9galaise de promotion des exportations (ASEPEX), Malick Diop, appelle les citoyens \u00e0 s\u2019engag ...\",\"breadcrumb\":{\"@id\":\"https:\/\/www.africa-press.net\/senegal\/toutes-les-actualites\/les-citoyens-invites-a-sengager-davantage-pour-la-mise-en-oeuvre-de-la-politique-sanitaire#breadcrumb\"},\"inLanguage\":\"fr-FR\",\"potentialAction\":[{\"@type\":\"ReadAction\",\"target\":[\"https:\/\/www.africa-press.net\/senegal\/toutes-les-actualites\/les-citoyens-invites-a-sengager-davantage-pour-la-mise-en-oeuvre-de-la-politique-sanitaire\"]}]},{\"@type\":\"ImageObject\",\"inLanguage\":\"fr-FR\",\"@id\":\"https:\/\/www.africa-press.net\/senegal\/toutes-les-actualites\/les-citoyens-invites-a-sengager-davantage-pour-la-mise-en-oeuvre-de-la-politique-sanitaire#primaryimage\",\"url\":\"https:\/\/static.africa-press.net\/senegal\/sites\/13\/2022\/07\/postQueueImg_1-62c1f089c06be.jpg\",\"contentUrl\":\"https:\/\/static.africa-press.net\/senegal\/sites\/13\/2022\/07\/postQueueImg_1-62c1f089c06be.jpg\",\"width\":540,\"height\":305,\"caption\":\"Les citoyens invit\u00e9s \u00e0 s\u2019engager davantage pour la mise en oeuvre de la politique sanitaire\"},{\"@type\":\"BreadcrumbList\",\"@id\":\"https:\/\/www.africa-press.net\/senegal\/toutes-les-actualites\/les-citoyens-invites-a-sengager-davantage-pour-la-mise-en-oeuvre-de-la-politique-sanitaire#breadcrumb\",\"itemListElement\":[{\"@type\":\"ListItem\",\"position\":1,\"name\":\"Accueil\",\"item\":\"https:\/\/www.africa-press.net\/senegal\/\"},{\"@type\":\"ListItem\",\"position\":2,\"name\":\"Les citoyens invit\u00e9s \u00e0 s\u2019engager davantage pour la mise en oeuvre de la politique sanitaire\"}]},{\"@type\":\"WebSite\",\"@id\":\"https:\/\/www.africa-press.net\/senegal\/#website\",\"url\":\"https:\/\/www.africa-press.net\/senegal\/\",\"name\":\"Africa Press | Senegal | Homepage\",\"description\":\"Just another Africa News Agency Sites site\",\"potentialAction\":[{\"@type\":\"SearchAction\",\"target\":{\"@type\":\"EntryPoint\",\"urlTemplate\":\"https:\/\/www.africa-press.net\/senegal\/?s={search_term_string}\"},\"query-input\":{\"@type\":\"PropertyValueSpecification\",\"valueRequired\":true,\"valueName\":\"search_term_string\"}}],\"inLanguage\":\"fr-FR\"},{\"@type\":\"Person\",\"@id\":\"https:\/\/www.africa-press.net\/senegal\/#\/schema\/person\/2b1cf3cd81a31e3cd26889ca66d677f1\",\"name\":\"cfeditorfr\",\"url\":\"https:\/\/www.africa-press.net\/senegal\/author\/cfeditorfr\"}]}<\/script>\n<!-- \/ Yoast SEO Premium plugin. -->","yoast_head_json":{"title":"Les citoyens invit\u00e9s \u00e0 s\u2019engager davantage pour la mise en oeuvre de la politique sanitaire - Senegal","description":"Le directeur de l\u2019Agence s\u00e9n\u00e9galaise de promotion des exportations (ASEPEX), Malick Diop, appelle les citoyens \u00e0 s\u2019engag ...","robots":{"index":"index","follow":"follow","max-snippet":"max-snippet:-1","max-image-preview":"max-image-preview:large","max-video-preview":"max-video-preview:-1"},"canonical":"https:\/\/www.africa-press.net\/senegal\/toutes-les-actualites\/les-citoyens-invites-a-sengager-davantage-pour-la-mise-en-oeuvre-de-la-politique-sanitaire","og_locale":"fr_FR","og_type":"article","og_title":"Les citoyens invit\u00e9s \u00e0 s\u2019engager davantage pour la mise en oeuvre de la politique sanitaire","og_description":"Le directeur de l\u2019Agence s\u00e9n\u00e9galaise de promotion des exportations (ASEPEX), Malick Diop, appelle les citoyens \u00e0 s\u2019engag ...","og_url":"https:\/\/www.africa-press.net\/senegal\/toutes-les-actualites\/les-citoyens-invites-a-sengager-davantage-pour-la-mise-en-oeuvre-de-la-politique-sanitaire","og_site_name":"Senegal","article_published_time":"2022-07-03T19:37:55+00:00","article_modified_time":"2022-07-03T19:40:38+00:00","og_image":[{"width":540,"height":305,"url":"https:\/\/static.africa-press.net\/senegal\/sites\/13\/2022\/07\/postQueueImg_1-62c1f089c06be.jpg","type":"image\/jpeg"}],"author":"cfeditorfr","twitter_card":"summary_large_image","twitter_misc":{"\u00c9crit par":"cfeditorfr","Dur\u00e9e de lecture estim\u00e9e":"2 minutes"},"schema":{"@context":"https:\/\/schema.org","@graph":[{"@type":"Article","@id":"https:\/\/www.africa-press.net\/senegal\/toutes-les-actualites\/les-citoyens-invites-a-sengager-davantage-pour-la-mise-en-oeuvre-de-la-politique-sanitaire#article","isPartOf":{"@id":"https:\/\/www.africa-press.net\/senegal\/toutes-les-actualites\/les-citoyens-invites-a-sengager-davantage-pour-la-mise-en-oeuvre-de-la-politique-sanitaire"},"author":{"name":"cfeditorfr","@id":"https:\/\/www.africa-press.net\/senegal\/#\/schema\/person\/2b1cf3cd81a31e3cd26889ca66d677f1"},"headline":"Les citoyens invit\u00e9s \u00e0 s\u2019engager davantage pour la mise en oeuvre de la politique sanitaire","datePublished":"2022-07-03T19:37:55+00:00","dateModified":"2022-07-03T19:40:38+00:00","mainEntityOfPage":{"@id":"https:\/\/www.africa-press.net\/senegal\/toutes-les-actualites\/les-citoyens-invites-a-sengager-davantage-pour-la-mise-en-oeuvre-de-la-politique-sanitaire"},"wordCount":320,"commentCount":0,"image":{"@id":"https:\/\/www.africa-press.net\/senegal\/toutes-les-actualites\/les-citoyens-invites-a-sengager-davantage-pour-la-mise-en-oeuvre-de-la-politique-sanitaire#primaryimage"},"thumbnailUrl":"https:\/\/static.africa-press.net\/senegal\/sites\/13\/2022\/07\/postQueueImg_1-62c1f089c06be.jpg","keywords":["Africa Press","Africa Press-Senegal","Senegal"],"articleSection":["Communaut\u00e9","homepage-french","Toutes les actualit\u00e9s"],"inLanguage":"fr-FR","potentialAction":[{"@type":"CommentAction","name":"Comment","target":["https:\/\/www.africa-press.net\/senegal\/toutes-les-actualites\/les-citoyens-invites-a-sengager-davantage-pour-la-mise-en-oeuvre-de-la-politique-sanitaire#respond"]}]},{"@type":"WebPage","@id":"https:\/\/www.africa-press.net\/senegal\/toutes-les-actualites\/les-citoyens-invites-a-sengager-davantage-pour-la-mise-en-oeuvre-de-la-politique-sanitaire","url":"https:\/\/www.africa-press.net\/senegal\/toutes-les-actualites\/les-citoyens-invites-a-sengager-davantage-pour-la-mise-en-oeuvre-de-la-politique-sanitaire","name":"Les citoyens invit\u00e9s \u00e0 s\u2019engager davantage pour la mise en oeuvre de la politique sanitaire - Senegal","isPartOf":{"@id":"https:\/\/www.africa-press.net\/senegal\/#website"},"primaryImageOfPage":{"@id":"https:\/\/www.africa-press.net\/senegal\/toutes-les-actualites\/les-citoyens-invites-a-sengager-davantage-pour-la-mise-en-oeuvre-de-la-politique-sanitaire#primaryimage"},"image":{"@id":"https:\/\/www.africa-press.net\/senegal\/toutes-les-actualites\/les-citoyens-invites-a-sengager-davantage-pour-la-mise-en-oeuvre-de-la-politique-sanitaire#primaryimage"},"thumbnailUrl":"https:\/\/static.africa-press.net\/senegal\/sites\/13\/2022\/07\/postQueueImg_1-62c1f089c06be.jpg","datePublished":"2022-07-03T19:37:55+00:00","dateModified":"2022-07-03T19:40:38+00:00","author":{"@id":"https:\/\/www.africa-press.net\/senegal\/#\/schema\/person\/2b1cf3cd81a31e3cd26889ca66d677f1"},"description":"Le directeur de l\u2019Agence s\u00e9n\u00e9galaise de promotion des exportations (ASEPEX), Malick Diop, appelle les citoyens \u00e0 s\u2019engag ...","breadcrumb":{"@id":"https:\/\/www.africa-press.net\/senegal\/toutes-les-actualites\/les-citoyens-invites-a-sengager-davantage-pour-la-mise-en-oeuvre-de-la-politique-sanitaire#breadcrumb"},"inLanguage":"fr-FR","potentialAction":[{"@type":"ReadAction","target":["https:\/\/www.africa-press.net\/senegal\/toutes-les-actualites\/les-citoyens-invites-a-sengager-davantage-pour-la-mise-en-oeuvre-de-la-politique-sanitaire"]}]},{"@type":"ImageObject","inLanguage":"fr-FR","@id":"https:\/\/www.africa-press.net\/senegal\/toutes-les-actualites\/les-citoyens-invites-a-sengager-davantage-pour-la-mise-en-oeuvre-de-la-politique-sanitaire#primaryimage","url":"https:\/\/static.africa-press.net\/senegal\/sites\/13\/2022\/07\/postQueueImg_1-62c1f089c06be.jpg","contentUrl":"https:\/\/static.africa-press.net\/senegal\/sites\/13\/2022\/07\/postQueueImg_1-62c1f089c06be.jpg","width":540,"height":305,"caption":"Les citoyens invit\u00e9s \u00e0 s\u2019engager davantage pour la mise en oeuvre de la politique sanitaire"},{"@type":"BreadcrumbList","@id":"https:\/\/www.africa-press.net\/senegal\/toutes-les-actualites\/les-citoyens-invites-a-sengager-davantage-pour-la-mise-en-oeuvre-de-la-politique-sanitaire#breadcrumb","itemListElement":[{"@type":"ListItem","position":1,"name":"Accueil","item":"https:\/\/www.africa-press.net\/senegal\/"},{"@type":"ListItem","position":2,"name":"Les citoyens invit\u00e9s \u00e0 s\u2019engager davantage pour la mise en oeuvre de la politique sanitaire"}]},{"@type":"WebSite","@id":"https:\/\/www.africa-press.net\/senegal\/#website","url":"https:\/\/www.africa-press.net\/senegal\/","name":"Africa Press | Senegal | Homepage","description":"Just another Africa News Agency Sites site","potentialAction":[{"@type":"SearchAction","target":{"@type":"EntryPoint","urlTemplate":"https:\/\/www.africa-press.net\/senegal\/?s={search_term_string}"},"query-input":{"@type":"PropertyValueSpecification","valueRequired":true,"valueName":"search_term_string"}}],"inLanguage":"fr-FR"},{"@type":"Person","@id":"https:\/\/www.africa-press.net\/senegal\/#\/schema\/person\/2b1cf3cd81a31e3cd26889ca66d677f1","name":"cfeditorfr","url":"https:\/\/www.africa-press.net\/senegal\/author\/cfeditorfr"}]}},"_links":{"self":[{"href":"https:\/\/www.africa-press.net\/senegal\/wp-json\/wp\/v2\/posts\/29383","targetHints":{"allow":["GET"]}}],"collection":[{"href":"https:\/\/www.africa-press.net\/senegal\/wp-json\/wp\/v2\/posts"}],"about":[{"href":"https:\/\/www.africa-press.net\/senegal\/wp-json\/wp\/v2\/types\/post"}],"author":[{"embeddable":true,"href":"https:\/\/www.africa-press.net\/senegal\/wp-json\/wp\/v2\/users\/82"}],"replies":[{"embeddable":true,"href":"https:\/\/www.africa-press.net\/senegal\/wp-json\/wp\/v2\/comments?post=29383"}],"version-history":[{"count":0,"href":"https:\/\/www.africa-press.net\/senegal\/wp-json\/wp\/v2\/posts\/29383\/revisions"}],"wp:featuredmedia":[{"embeddable":true,"href":"https:\/\/www.africa-press.net\/senegal\/wp-json\/wp\/v2\/media\/29382"}],"wp:attachment":[{"href":"https:\/\/www.africa-press.net\/senegal\/wp-json\/wp\/v2\/media?parent=29383"}],"wp:term":[{"taxonomy":"category","embeddable":true,"href":"https:\/\/www.africa-press.net\/senegal\/wp-json\/wp\/v2\/categories?post=29383"},{"taxonomy":"post_tag","embeddable":true,"href":"https:\/\/www.africa-press.net\/senegal\/wp-json\/wp\/v2\/tags?post=29383"}],"curies":[{"name":"wp","href":"https:\/\/api.w.org\/{rel}","templated":true}]}}