{"id":29386,"date":"2022-07-03T19:39:30","date_gmt":"2022-07-03T19:39:30","guid":{"rendered":"https:\/\/www.africa-press.net\/senegal\/politique\/fatick-la-chasse-de-diobaye-va-etre-inscrite-au-patrimoine-culturel-national"},"modified":"2022-07-03T19:41:02","modified_gmt":"2022-07-03T19:41:02","slug":"fatick-la-chasse-de-diobaye-va-etre-inscrite-au-patrimoine-culturel-national","status":"publish","type":"post","link":"https:\/\/www.africa-press.net\/senegal\/culture-et-art\/fatick-la-chasse-de-diobaye-va-etre-inscrite-au-patrimoine-culturel-national","title":{"rendered":"Fatick\u00a0: \u00ab\u00a0La chasse de Diobaye\u00a0\u00bb va \u00eatre inscrite au patrimoine culturel national"},"content":{"rendered":"<p><span style=\"color: #ff6600\"><strong>Africa-Press &#8211; Senegal. <\/strong><\/span>Le maire de la commune de Fatick, Matar B\u00e2, dit avoir demand\u00e9 et obtenu l\u2019inscription, au patrimoine culturel s\u00e9n\u00e9galais, de \u00ab\u00a0la chasse de Diobaye\u00a0\u00bb, un rite traditionnel s\u00e9r\u00e8re de protection contre les mauvais esprits et les calamit\u00e9s.<\/p>\n<p>\u00ab\u00a0J\u2019ai saisi le ministre de la Culture, Abdoulaye Diop, pour que la chasse de Diobaye soit inscrite au patrimoine de la culture du S\u00e9n\u00e9gal\u00a0\u00bb, a-t-il avanc\u00e9 samedi \u00e0 l\u2019issue d\u2019une rencontre avec le comit\u00e9 d\u2019organisation de l\u2019\u00e9dition 2022 de ce rite de la communaut\u00e9 s\u00e9r\u00e8re du Sine.<\/p>\n<p>Le ministre de la Culture \u00ab\u00a0a donn\u00e9 une suite favorable \u00e0 cette requ\u00eate, maintenant il reste \u00e0 mener la proc\u00e9dure pour y arriver\u00a0\u00bb, a-t-il dit \u00e0 des journalistes.<\/p>\n<p>La chasse de Diobaye est un rite organis\u00e9 chaque ann\u00e9e \u00e0 l\u2019approche de l\u2019hivernage par les habitants de Ndiaye-Ndiaye, un quartier de la ville de Fatick, seule communaut\u00e9 s\u00e9r\u00e8re \u00e0 perp\u00e9tuer cette tradition historique, lit-on dans un document remis \u00e0 des journalistes.<\/p>\n<p>\u00ab\u00a0L\u2019objectif de ce rite, ajoute le document, est de prot\u00e9ger les populations contre les mauvais esprits et les calamit\u00e9s\u00a0\u00bb. La veille de la c\u00e9r\u00e9monie, les initi\u00e9s se rendent en brousse pour chasser un animal qui leur est d\u00e9sign\u00e9 quelques temps plus t\u00f4t.<\/p>\n<p>Le lendemain, jour de la c\u00e9r\u00e9monie, les chasseurs arrivent avec leur troph\u00e9e de chasse et se rendent jusqu\u2019\u00e0 la maison du chef, au rythme de chants et de tirs au fusil, poursuit le document.<\/p>\n<p>Le cort\u00e8ge de chasseurs se rendra ensuite jusqu\u2019au fromager sacr\u00e9 du quartier dont ils vont faire le tour sept fois, explique le document. L\u2019\u00e9dile de Fatick a appel\u00e9 \u00e0 la pr\u00e9servation de cette tradition. \u00ab\u00a0Il ne faut pas qu\u2019on perdre cette tradition historique\u00a0\u00bb, a-t-il d\u00e9clar\u00e9.<\/p>\n<p>Selon lui, l\u2019inscription de ce rite au patrimoine culturel du S\u00e9n\u00e9gal pourrait contribuer \u00e0 ouvrir davantage la commune de Fatick sur le monde et \u00e0 vendre la ville, a-t-il estim\u00e9.<\/p>\n<p>La commune a remis au comit\u00e9 d\u2019organisation une enveloppe financi\u00e8re et des denr\u00e9es alimentaires pour la prise en charge des participants \u00e0 ce rite dont la c\u00e9r\u00e9monie est pr\u00e9vue cette ann\u00e9e dimanche et lundi.<\/p>\n<p><strong>Pour plus d&rsquo;informations et d&rsquo;analyses sur la <a href=\"https:\/\/www.africa-press.net\/senegal\">Senegal<\/a>, suivez <a href=\"https:\/\/www.africa-press.net\/\">Africa-Press<\/a><\/strong><\/p>\n","protected":false},"excerpt":{"rendered":"<p>Africa-Press &#8211; Senegal. Le maire de la commune de Fatick, Matar B\u00e2, dit avoir demand\u00e9 et obtenu l\u2019inscription, au patrimoine culturel s\u00e9n\u00e9galais, de \u00ab\u00a0la chasse de Diobaye\u00a0\u00bb, un rite traditionnel s\u00e9r\u00e8re de protection contre les mauvais esprits et les calamit\u00e9s. \u00ab\u00a0J\u2019ai saisi le ministre de la Culture, Abdoulaye Diop, pour que la chasse de Diobaye [&hellip;]<\/p>\n","protected":false},"author":82,"featured_media":29385,"comment_status":"open","ping_status":"closed","sticky":false,"template":"","format":"standard","meta":{"footnotes":""},"categories":[5,11,10],"tags":[43,47,44],"class_list":["post-29386","post","type-post","status-publish","format-standard","has-post-thumbnail","hentry","category-culture-et-art","category-homepage-french","category-toutes-les-actualites","tag-africa-press-2","tag-africa-press-senegal","tag-senegal-2"],"yoast_head":"<!-- This site is optimized with the Yoast SEO Premium plugin v26.1 (Yoast SEO v27.0) - https:\/\/yoast.com\/product\/yoast-seo-premium-wordpress\/ -->\n<title>Fatick\u00a0: &quot;La chasse de Diobaye&quot; va \u00eatre inscrite au patrimoine culturel national - Senegal<\/title>\n<meta name=\"description\" content=\"Le maire de la commune de Fatick, Matar B\u00e2, dit avoir demand\u00e9 et obtenu l\u2019inscription, au patrimoine culturel s\u00e9n\u00e9galais ...\" \/>\n<meta name=\"robots\" content=\"index, follow, max-snippet:-1, max-image-preview:large, max-video-preview:-1\" \/>\n<link rel=\"canonical\" href=\"https:\/\/www.africa-press.net\/senegal\/culture-et-art\/fatick-la-chasse-de-diobaye-va-etre-inscrite-au-patrimoine-culturel-national\" \/>\n<meta property=\"og:locale\" content=\"fr_FR\" \/>\n<meta property=\"og:type\" content=\"article\" \/>\n<meta property=\"og:title\" content=\"Fatick\u00a0: &quot;La chasse de Diobaye&quot; va \u00eatre inscrite au patrimoine culturel national\" \/>\n<meta property=\"og:description\" content=\"Le maire de la commune de Fatick, Matar B\u00e2, dit avoir demand\u00e9 et obtenu l\u2019inscription, au patrimoine culturel s\u00e9n\u00e9galais ...\" \/>\n<meta property=\"og:url\" content=\"https:\/\/www.africa-press.net\/senegal\/culture-et-art\/fatick-la-chasse-de-diobaye-va-etre-inscrite-au-patrimoine-culturel-national\" \/>\n<meta property=\"og:site_name\" content=\"Senegal\" \/>\n<meta property=\"article:published_time\" content=\"2022-07-03T19:39:30+00:00\" \/>\n<meta property=\"article:modified_time\" content=\"2022-07-03T19:41:02+00:00\" \/>\n<meta property=\"og:image\" content=\"https:\/\/static.africa-press.net\/senegal\/sites\/13\/2022\/07\/postQueueImg_2-62c1f0bba7578.jpg\" \/>\n\t<meta property=\"og:image:width\" content=\"540\" \/>\n\t<meta property=\"og:image:height\" content=\"305\" \/>\n\t<meta property=\"og:image:type\" content=\"image\/jpeg\" \/>\n<meta name=\"author\" content=\"cfeditorfr\" \/>\n<meta name=\"twitter:card\" content=\"summary_large_image\" \/>\n<meta name=\"twitter:label1\" content=\"\u00c9crit par\" \/>\n\t<meta name=\"twitter:data1\" content=\"cfeditorfr\" \/>\n\t<meta name=\"twitter:label2\" content=\"Dur\u00e9e de lecture estim\u00e9e\" \/>\n\t<meta name=\"twitter:data2\" content=\"2 minutes\" \/>\n<script type=\"application\/ld+json\" class=\"yoast-schema-graph\">{\"@context\":\"https:\/\/schema.org\",\"@graph\":[{\"@type\":\"Article\",\"@id\":\"https:\/\/www.africa-press.net\/senegal\/culture-et-art\/fatick-la-chasse-de-diobaye-va-etre-inscrite-au-patrimoine-culturel-national#article\",\"isPartOf\":{\"@id\":\"https:\/\/www.africa-press.net\/senegal\/culture-et-art\/fatick-la-chasse-de-diobaye-va-etre-inscrite-au-patrimoine-culturel-national\"},\"author\":{\"name\":\"cfeditorfr\",\"@id\":\"https:\/\/www.africa-press.net\/senegal\/#\/schema\/person\/2b1cf3cd81a31e3cd26889ca66d677f1\"},\"headline\":\"Fatick\u00a0: \u00ab\u00a0La chasse de Diobaye\u00a0\u00bb va \u00eatre inscrite au patrimoine culturel national\",\"datePublished\":\"2022-07-03T19:39:30+00:00\",\"dateModified\":\"2022-07-03T19:41:02+00:00\",\"mainEntityOfPage\":{\"@id\":\"https:\/\/www.africa-press.net\/senegal\/culture-et-art\/fatick-la-chasse-de-diobaye-va-etre-inscrite-au-patrimoine-culturel-national\"},\"wordCount\":404,\"commentCount\":0,\"image\":{\"@id\":\"https:\/\/www.africa-press.net\/senegal\/culture-et-art\/fatick-la-chasse-de-diobaye-va-etre-inscrite-au-patrimoine-culturel-national#primaryimage\"},\"thumbnailUrl\":\"https:\/\/static.africa-press.net\/senegal\/sites\/13\/2022\/07\/postQueueImg_2-62c1f0bba7578.jpg\",\"keywords\":[\"Africa Press\",\"Africa Press-Senegal\",\"Senegal\"],\"articleSection\":[\"Culture et Art\",\"homepage-french\",\"Toutes les actualit\u00e9s\"],\"inLanguage\":\"fr-FR\",\"potentialAction\":[{\"@type\":\"CommentAction\",\"name\":\"Comment\",\"target\":[\"https:\/\/www.africa-press.net\/senegal\/culture-et-art\/fatick-la-chasse-de-diobaye-va-etre-inscrite-au-patrimoine-culturel-national#respond\"]}]},{\"@type\":\"WebPage\",\"@id\":\"https:\/\/www.africa-press.net\/senegal\/culture-et-art\/fatick-la-chasse-de-diobaye-va-etre-inscrite-au-patrimoine-culturel-national\",\"url\":\"https:\/\/www.africa-press.net\/senegal\/culture-et-art\/fatick-la-chasse-de-diobaye-va-etre-inscrite-au-patrimoine-culturel-national\",\"name\":\"Fatick\u00a0: \\\"La chasse de Diobaye\\\" va \u00eatre inscrite au patrimoine culturel national - Senegal\",\"isPartOf\":{\"@id\":\"https:\/\/www.africa-press.net\/senegal\/#website\"},\"primaryImageOfPage\":{\"@id\":\"https:\/\/www.africa-press.net\/senegal\/culture-et-art\/fatick-la-chasse-de-diobaye-va-etre-inscrite-au-patrimoine-culturel-national#primaryimage\"},\"image\":{\"@id\":\"https:\/\/www.africa-press.net\/senegal\/culture-et-art\/fatick-la-chasse-de-diobaye-va-etre-inscrite-au-patrimoine-culturel-national#primaryimage\"},\"thumbnailUrl\":\"https:\/\/static.africa-press.net\/senegal\/sites\/13\/2022\/07\/postQueueImg_2-62c1f0bba7578.jpg\",\"datePublished\":\"2022-07-03T19:39:30+00:00\",\"dateModified\":\"2022-07-03T19:41:02+00:00\",\"author\":{\"@id\":\"https:\/\/www.africa-press.net\/senegal\/#\/schema\/person\/2b1cf3cd81a31e3cd26889ca66d677f1\"},\"description\":\"Le maire de la commune de Fatick, Matar B\u00e2, dit avoir demand\u00e9 et obtenu l\u2019inscription, au patrimoine culturel s\u00e9n\u00e9galais ...\",\"breadcrumb\":{\"@id\":\"https:\/\/www.africa-press.net\/senegal\/culture-et-art\/fatick-la-chasse-de-diobaye-va-etre-inscrite-au-patrimoine-culturel-national#breadcrumb\"},\"inLanguage\":\"fr-FR\",\"potentialAction\":[{\"@type\":\"ReadAction\",\"target\":[\"https:\/\/www.africa-press.net\/senegal\/culture-et-art\/fatick-la-chasse-de-diobaye-va-etre-inscrite-au-patrimoine-culturel-national\"]}]},{\"@type\":\"ImageObject\",\"inLanguage\":\"fr-FR\",\"@id\":\"https:\/\/www.africa-press.net\/senegal\/culture-et-art\/fatick-la-chasse-de-diobaye-va-etre-inscrite-au-patrimoine-culturel-national#primaryimage\",\"url\":\"https:\/\/static.africa-press.net\/senegal\/sites\/13\/2022\/07\/postQueueImg_2-62c1f0bba7578.jpg\",\"contentUrl\":\"https:\/\/static.africa-press.net\/senegal\/sites\/13\/2022\/07\/postQueueImg_2-62c1f0bba7578.jpg\",\"width\":540,\"height\":305,\"caption\":\"Fatick\u00a0: \\\"La chasse de Diobaye\\\" va \u00eatre inscrite au patrimoine culturel national\"},{\"@type\":\"BreadcrumbList\",\"@id\":\"https:\/\/www.africa-press.net\/senegal\/culture-et-art\/fatick-la-chasse-de-diobaye-va-etre-inscrite-au-patrimoine-culturel-national#breadcrumb\",\"itemListElement\":[{\"@type\":\"ListItem\",\"position\":1,\"name\":\"Accueil\",\"item\":\"https:\/\/www.africa-press.net\/senegal\/\"},{\"@type\":\"ListItem\",\"position\":2,\"name\":\"Fatick\u00a0: &#8220;La chasse de Diobaye&#8221; va \u00eatre inscrite au patrimoine culturel national\"}]},{\"@type\":\"WebSite\",\"@id\":\"https:\/\/www.africa-press.net\/senegal\/#website\",\"url\":\"https:\/\/www.africa-press.net\/senegal\/\",\"name\":\"Africa Press | Senegal | Homepage\",\"description\":\"Just another Africa News Agency Sites site\",\"potentialAction\":[{\"@type\":\"SearchAction\",\"target\":{\"@type\":\"EntryPoint\",\"urlTemplate\":\"https:\/\/www.africa-press.net\/senegal\/?s={search_term_string}\"},\"query-input\":{\"@type\":\"PropertyValueSpecification\",\"valueRequired\":true,\"valueName\":\"search_term_string\"}}],\"inLanguage\":\"fr-FR\"},{\"@type\":\"Person\",\"@id\":\"https:\/\/www.africa-press.net\/senegal\/#\/schema\/person\/2b1cf3cd81a31e3cd26889ca66d677f1\",\"name\":\"cfeditorfr\",\"url\":\"https:\/\/www.africa-press.net\/senegal\/author\/cfeditorfr\"}]}<\/script>\n<!-- \/ Yoast SEO Premium plugin. -->","yoast_head_json":{"title":"Fatick\u00a0: \"La chasse de Diobaye\" va \u00eatre inscrite au patrimoine culturel national - Senegal","description":"Le maire de la commune de Fatick, Matar B\u00e2, dit avoir demand\u00e9 et obtenu l\u2019inscription, au patrimoine culturel s\u00e9n\u00e9galais ...","robots":{"index":"index","follow":"follow","max-snippet":"max-snippet:-1","max-image-preview":"max-image-preview:large","max-video-preview":"max-video-preview:-1"},"canonical":"https:\/\/www.africa-press.net\/senegal\/culture-et-art\/fatick-la-chasse-de-diobaye-va-etre-inscrite-au-patrimoine-culturel-national","og_locale":"fr_FR","og_type":"article","og_title":"Fatick\u00a0: \"La chasse de Diobaye\" va \u00eatre inscrite au patrimoine culturel national","og_description":"Le maire de la commune de Fatick, Matar B\u00e2, dit avoir demand\u00e9 et obtenu l\u2019inscription, au patrimoine culturel s\u00e9n\u00e9galais ...","og_url":"https:\/\/www.africa-press.net\/senegal\/culture-et-art\/fatick-la-chasse-de-diobaye-va-etre-inscrite-au-patrimoine-culturel-national","og_site_name":"Senegal","article_published_time":"2022-07-03T19:39:30+00:00","article_modified_time":"2022-07-03T19:41:02+00:00","og_image":[{"width":540,"height":305,"url":"https:\/\/static.africa-press.net\/senegal\/sites\/13\/2022\/07\/postQueueImg_2-62c1f0bba7578.jpg","type":"image\/jpeg"}],"author":"cfeditorfr","twitter_card":"summary_large_image","twitter_misc":{"\u00c9crit par":"cfeditorfr","Dur\u00e9e de lecture estim\u00e9e":"2 minutes"},"schema":{"@context":"https:\/\/schema.org","@graph":[{"@type":"Article","@id":"https:\/\/www.africa-press.net\/senegal\/culture-et-art\/fatick-la-chasse-de-diobaye-va-etre-inscrite-au-patrimoine-culturel-national#article","isPartOf":{"@id":"https:\/\/www.africa-press.net\/senegal\/culture-et-art\/fatick-la-chasse-de-diobaye-va-etre-inscrite-au-patrimoine-culturel-national"},"author":{"name":"cfeditorfr","@id":"https:\/\/www.africa-press.net\/senegal\/#\/schema\/person\/2b1cf3cd81a31e3cd26889ca66d677f1"},"headline":"Fatick\u00a0: \u00ab\u00a0La chasse de Diobaye\u00a0\u00bb va \u00eatre inscrite au patrimoine culturel national","datePublished":"2022-07-03T19:39:30+00:00","dateModified":"2022-07-03T19:41:02+00:00","mainEntityOfPage":{"@id":"https:\/\/www.africa-press.net\/senegal\/culture-et-art\/fatick-la-chasse-de-diobaye-va-etre-inscrite-au-patrimoine-culturel-national"},"wordCount":404,"commentCount":0,"image":{"@id":"https:\/\/www.africa-press.net\/senegal\/culture-et-art\/fatick-la-chasse-de-diobaye-va-etre-inscrite-au-patrimoine-culturel-national#primaryimage"},"thumbnailUrl":"https:\/\/static.africa-press.net\/senegal\/sites\/13\/2022\/07\/postQueueImg_2-62c1f0bba7578.jpg","keywords":["Africa Press","Africa Press-Senegal","Senegal"],"articleSection":["Culture et Art","homepage-french","Toutes les actualit\u00e9s"],"inLanguage":"fr-FR","potentialAction":[{"@type":"CommentAction","name":"Comment","target":["https:\/\/www.africa-press.net\/senegal\/culture-et-art\/fatick-la-chasse-de-diobaye-va-etre-inscrite-au-patrimoine-culturel-national#respond"]}]},{"@type":"WebPage","@id":"https:\/\/www.africa-press.net\/senegal\/culture-et-art\/fatick-la-chasse-de-diobaye-va-etre-inscrite-au-patrimoine-culturel-national","url":"https:\/\/www.africa-press.net\/senegal\/culture-et-art\/fatick-la-chasse-de-diobaye-va-etre-inscrite-au-patrimoine-culturel-national","name":"Fatick\u00a0: \"La chasse de Diobaye\" va \u00eatre inscrite au patrimoine culturel national - Senegal","isPartOf":{"@id":"https:\/\/www.africa-press.net\/senegal\/#website"},"primaryImageOfPage":{"@id":"https:\/\/www.africa-press.net\/senegal\/culture-et-art\/fatick-la-chasse-de-diobaye-va-etre-inscrite-au-patrimoine-culturel-national#primaryimage"},"image":{"@id":"https:\/\/www.africa-press.net\/senegal\/culture-et-art\/fatick-la-chasse-de-diobaye-va-etre-inscrite-au-patrimoine-culturel-national#primaryimage"},"thumbnailUrl":"https:\/\/static.africa-press.net\/senegal\/sites\/13\/2022\/07\/postQueueImg_2-62c1f0bba7578.jpg","datePublished":"2022-07-03T19:39:30+00:00","dateModified":"2022-07-03T19:41:02+00:00","author":{"@id":"https:\/\/www.africa-press.net\/senegal\/#\/schema\/person\/2b1cf3cd81a31e3cd26889ca66d677f1"},"description":"Le maire de la commune de Fatick, Matar B\u00e2, dit avoir demand\u00e9 et obtenu l\u2019inscription, au patrimoine culturel s\u00e9n\u00e9galais ...","breadcrumb":{"@id":"https:\/\/www.africa-press.net\/senegal\/culture-et-art\/fatick-la-chasse-de-diobaye-va-etre-inscrite-au-patrimoine-culturel-national#breadcrumb"},"inLanguage":"fr-FR","potentialAction":[{"@type":"ReadAction","target":["https:\/\/www.africa-press.net\/senegal\/culture-et-art\/fatick-la-chasse-de-diobaye-va-etre-inscrite-au-patrimoine-culturel-national"]}]},{"@type":"ImageObject","inLanguage":"fr-FR","@id":"https:\/\/www.africa-press.net\/senegal\/culture-et-art\/fatick-la-chasse-de-diobaye-va-etre-inscrite-au-patrimoine-culturel-national#primaryimage","url":"https:\/\/static.africa-press.net\/senegal\/sites\/13\/2022\/07\/postQueueImg_2-62c1f0bba7578.jpg","contentUrl":"https:\/\/static.africa-press.net\/senegal\/sites\/13\/2022\/07\/postQueueImg_2-62c1f0bba7578.jpg","width":540,"height":305,"caption":"Fatick\u00a0: \"La chasse de Diobaye\" va \u00eatre inscrite au patrimoine culturel national"},{"@type":"BreadcrumbList","@id":"https:\/\/www.africa-press.net\/senegal\/culture-et-art\/fatick-la-chasse-de-diobaye-va-etre-inscrite-au-patrimoine-culturel-national#breadcrumb","itemListElement":[{"@type":"ListItem","position":1,"name":"Accueil","item":"https:\/\/www.africa-press.net\/senegal\/"},{"@type":"ListItem","position":2,"name":"Fatick\u00a0: &#8220;La chasse de Diobaye&#8221; va \u00eatre inscrite au patrimoine culturel national"}]},{"@type":"WebSite","@id":"https:\/\/www.africa-press.net\/senegal\/#website","url":"https:\/\/www.africa-press.net\/senegal\/","name":"Africa Press | Senegal | Homepage","description":"Just another Africa News Agency Sites site","potentialAction":[{"@type":"SearchAction","target":{"@type":"EntryPoint","urlTemplate":"https:\/\/www.africa-press.net\/senegal\/?s={search_term_string}"},"query-input":{"@type":"PropertyValueSpecification","valueRequired":true,"valueName":"search_term_string"}}],"inLanguage":"fr-FR"},{"@type":"Person","@id":"https:\/\/www.africa-press.net\/senegal\/#\/schema\/person\/2b1cf3cd81a31e3cd26889ca66d677f1","name":"cfeditorfr","url":"https:\/\/www.africa-press.net\/senegal\/author\/cfeditorfr"}]}},"_links":{"self":[{"href":"https:\/\/www.africa-press.net\/senegal\/wp-json\/wp\/v2\/posts\/29386","targetHints":{"allow":["GET"]}}],"collection":[{"href":"https:\/\/www.africa-press.net\/senegal\/wp-json\/wp\/v2\/posts"}],"about":[{"href":"https:\/\/www.africa-press.net\/senegal\/wp-json\/wp\/v2\/types\/post"}],"author":[{"embeddable":true,"href":"https:\/\/www.africa-press.net\/senegal\/wp-json\/wp\/v2\/users\/82"}],"replies":[{"embeddable":true,"href":"https:\/\/www.africa-press.net\/senegal\/wp-json\/wp\/v2\/comments?post=29386"}],"version-history":[{"count":0,"href":"https:\/\/www.africa-press.net\/senegal\/wp-json\/wp\/v2\/posts\/29386\/revisions"}],"wp:featuredmedia":[{"embeddable":true,"href":"https:\/\/www.africa-press.net\/senegal\/wp-json\/wp\/v2\/media\/29385"}],"wp:attachment":[{"href":"https:\/\/www.africa-press.net\/senegal\/wp-json\/wp\/v2\/media?parent=29386"}],"wp:term":[{"taxonomy":"category","embeddable":true,"href":"https:\/\/www.africa-press.net\/senegal\/wp-json\/wp\/v2\/categories?post=29386"},{"taxonomy":"post_tag","embeddable":true,"href":"https:\/\/www.africa-press.net\/senegal\/wp-json\/wp\/v2\/tags?post=29386"}],"curies":[{"name":"wp","href":"https:\/\/api.w.org\/{rel}","templated":true}]}}