{"id":30108,"date":"2022-07-23T20:39:59","date_gmt":"2022-07-23T20:39:59","guid":{"rendered":"https:\/\/www.africa-press.net\/senegal\/politique\/matar-ba-le-senegal-a-definitivement-pris-sa-place-de-leader-dans-le-football-africain-2"},"modified":"2022-07-23T20:54:33","modified_gmt":"2022-07-23T20:54:33","slug":"matar-ba-le-senegal-a-definitivement-pris-sa-place-de-leader-dans-le-football-africain-2","status":"publish","type":"post","link":"https:\/\/www.africa-press.net\/senegal\/sports\/matar-ba-le-senegal-a-definitivement-pris-sa-place-de-leader-dans-le-football-africain-2","title":{"rendered":"Matar B\u00e2\u00a0: \u00ab\u00a0Le S\u00e9n\u00e9gal a d\u00e9finitivement pris sa place de leader dans le football africain\u00a0\u00bb"},"content":{"rendered":"<p><span style=\"color: #ff6600\"><strong>Africa-Press &#8211; Senegal. <\/strong><\/span>Le ministre des Sports, Matar B\u00e2, s\u2019est r\u00e9joui du sacre du S\u00e9n\u00e9gal \u00e0 la 29e \u00e9dition des CAF Awards, jeudi, \u00e0 Rabat (Maroc), estimant que l\u2019ann\u00e9e en cours a d\u00e9finitivement prouv\u00e9 le leadership du pays dans le football africain.<\/p>\n<p>\u00ab\u00a02022 a fini de montrer \u00e0 l\u2019ensemble de l\u2019Afrique et du monde que le S\u00e9n\u00e9gal a d\u00e9finitivement pris sa place de leader pour le football africain\u00a0\u00bb, a-t-il dit, vendredi, lors du lancement des travaux de construction du stade r\u00e9gional de Kaffrine.<\/p>\n<p>Le S\u00e9n\u00e9gal a remport\u00e9, jeudi, lors de la c\u00e9r\u00e9monie des CAF Awards, \u00e0 Rabat, cinq des treize distinctions en jeu, dont celle de meilleur footballeur de l\u2019ann\u00e9e, revenue \u00e0 son attaquant-vedette, Sadio Man\u00e9, et celle de meilleur entraineur, d\u00e9cern\u00e9e \u00e0 son s\u00e9lectionneur, Aliou Ciss\u00e9.<\/p>\n<p>Le ministre des Sport a r\u00e9it\u00e9r\u00e9 ses f\u00e9licitations \u00e0 l\u2019endroit des r\u00e9cipiendaires sur son compte twitter.<\/p>\n<p>Les travaux du stades r\u00e9gional de Kaffrine vont co\u00fbter 7,5 milliards de francs CFA et durer 24 mois.<\/p>\n<p>\u00ab\u00a0Aujourd\u2019hui, nous lan\u00e7ons un nouveau type de stade, car les stades r\u00e9gionaux qu\u2019on a d\u00e9j\u00e0 eu \u00e0 construire sont diff\u00e9rents dans la conception du stade r\u00e9gional de Kaffrine\u00a0\u00bb, a expliqu\u00e9 Matar B\u00e2, en pr\u00e9sence des autorit\u00e9s locales et du vice pr\u00e9sident de la F\u00e9d\u00e9ration s\u00e9n\u00e9galaise de football et maire de Kaffrine, Abdoulaye Saydou Sow, \u00e0 qui il a aussi adress\u00e9 ses f\u00e9liciations.<\/p>\n<p>Selon Matar B\u00e2, \u00ab\u00a0ce stade de Kaffrine, qui portera le nom de feu Momar Talla Ciss\u00e9 (ancien ministre), disposera de toutes les commodit\u00e9s n\u00e9cessaires pour accompagner le d\u00e9veloppement du football, de l\u2019athl\u00e9tisme et des autres disciplines\u00a0\u00bb.<\/p>\n<p>Il a en outre r\u00e9pondu favorablement aux maires de Kahi (Aliou Dian\u00e9) et de Kaffrine (Abdoulaye Saydou Sow), pour que le stade de la commune de Kahi dispose d\u2019une grille de protection et que celui de Diamagadio puisse \u00eatre dot\u00e9 de tribunes.<\/p>\n<p><strong>Pour plus d&rsquo;informations et d&rsquo;analyses sur la <a href=\"https:\/\/www.africa-press.net\/senegal\">Senegal<\/a>, suivez <a href=\"https:\/\/www.africa-press.net\/\">Africa-Press<\/a><\/strong><\/p>\n","protected":false},"excerpt":{"rendered":"<p>Africa-Press &#8211; Senegal. Le ministre des Sports, Matar B\u00e2, s\u2019est r\u00e9joui du sacre du S\u00e9n\u00e9gal \u00e0 la 29e \u00e9dition des CAF Awards, jeudi, \u00e0 Rabat (Maroc), estimant que l\u2019ann\u00e9e en cours a d\u00e9finitivement prouv\u00e9 le leadership du pays dans le football africain. \u00ab\u00a02022 a fini de montrer \u00e0 l\u2019ensemble de l\u2019Afrique et du monde que [&hellip;]<\/p>\n","protected":false},"author":82,"featured_media":30107,"comment_status":"open","ping_status":"closed","sticky":false,"template":"","format":"standard","meta":{"footnotes":""},"categories":[11,6,10],"tags":[43,47,44],"class_list":["post-30108","post","type-post","status-publish","format-standard","has-post-thumbnail","hentry","category-homepage-french","category-sports","category-toutes-les-actualites","tag-africa-press-2","tag-africa-press-senegal","tag-senegal-2"],"yoast_head":"<!-- This site is optimized with the Yoast SEO Premium plugin v26.1 (Yoast SEO v27.0) - https:\/\/yoast.com\/product\/yoast-seo-premium-wordpress\/ -->\n<title>Matar B\u00e2\u00a0: &quot;Le S\u00e9n\u00e9gal a d\u00e9finitivement pris sa place de leader dans le football africain&quot; - Senegal<\/title>\n<meta name=\"description\" content=\"Le ministre des Sports, Matar B\u00e2, s\u2019est r\u00e9joui du sacre du S\u00e9n\u00e9gal \u00e0 la 29e \u00e9dition des CAF Awards, jeudi, \u00e0 Rabat (Maro ...\" \/>\n<meta name=\"robots\" content=\"index, follow, max-snippet:-1, max-image-preview:large, max-video-preview:-1\" \/>\n<link rel=\"canonical\" href=\"https:\/\/www.africa-press.net\/senegal\/sports\/matar-ba-le-senegal-a-definitivement-pris-sa-place-de-leader-dans-le-football-africain-2\" \/>\n<meta property=\"og:locale\" content=\"fr_FR\" \/>\n<meta property=\"og:type\" content=\"article\" \/>\n<meta property=\"og:title\" content=\"Matar B\u00e2\u00a0: &quot;Le S\u00e9n\u00e9gal a d\u00e9finitivement pris sa place de leader dans le football africain&quot;\" \/>\n<meta property=\"og:description\" content=\"Le ministre des Sports, Matar B\u00e2, s\u2019est r\u00e9joui du sacre du S\u00e9n\u00e9gal \u00e0 la 29e \u00e9dition des CAF Awards, jeudi, \u00e0 Rabat (Maro ...\" \/>\n<meta property=\"og:url\" content=\"https:\/\/www.africa-press.net\/senegal\/sports\/matar-ba-le-senegal-a-definitivement-pris-sa-place-de-leader-dans-le-football-africain-2\" \/>\n<meta property=\"og:site_name\" content=\"Senegal\" \/>\n<meta property=\"article:published_time\" content=\"2022-07-23T20:39:59+00:00\" \/>\n<meta property=\"article:modified_time\" content=\"2022-07-23T20:54:33+00:00\" \/>\n<meta property=\"og:image\" content=\"https:\/\/static.africa-press.net\/senegal\/sites\/13\/2022\/07\/postQueueImg_6-62dc5ff31d6e6.jpg\" \/>\n\t<meta property=\"og:image:width\" content=\"540\" \/>\n\t<meta property=\"og:image:height\" content=\"305\" \/>\n\t<meta property=\"og:image:type\" content=\"image\/jpeg\" \/>\n<meta name=\"author\" content=\"cfeditorfr\" \/>\n<meta name=\"twitter:card\" content=\"summary_large_image\" \/>\n<meta name=\"twitter:label1\" content=\"\u00c9crit par\" \/>\n\t<meta name=\"twitter:data1\" content=\"cfeditorfr\" \/>\n\t<meta name=\"twitter:label2\" content=\"Dur\u00e9e de lecture estim\u00e9e\" \/>\n\t<meta name=\"twitter:data2\" content=\"2 minutes\" \/>\n<script type=\"application\/ld+json\" class=\"yoast-schema-graph\">{\"@context\":\"https:\/\/schema.org\",\"@graph\":[{\"@type\":\"Article\",\"@id\":\"https:\/\/www.africa-press.net\/senegal\/sports\/matar-ba-le-senegal-a-definitivement-pris-sa-place-de-leader-dans-le-football-africain-2#article\",\"isPartOf\":{\"@id\":\"https:\/\/www.africa-press.net\/senegal\/sports\/matar-ba-le-senegal-a-definitivement-pris-sa-place-de-leader-dans-le-football-africain-2\"},\"author\":{\"name\":\"cfeditorfr\",\"@id\":\"https:\/\/www.africa-press.net\/senegal\/#\/schema\/person\/2b1cf3cd81a31e3cd26889ca66d677f1\"},\"headline\":\"Matar B\u00e2\u00a0: \u00ab\u00a0Le S\u00e9n\u00e9gal a d\u00e9finitivement pris sa place de leader dans le football africain\u00a0\u00bb\",\"datePublished\":\"2022-07-23T20:39:59+00:00\",\"dateModified\":\"2022-07-23T20:54:33+00:00\",\"mainEntityOfPage\":{\"@id\":\"https:\/\/www.africa-press.net\/senegal\/sports\/matar-ba-le-senegal-a-definitivement-pris-sa-place-de-leader-dans-le-football-africain-2\"},\"wordCount\":370,\"commentCount\":0,\"image\":{\"@id\":\"https:\/\/www.africa-press.net\/senegal\/sports\/matar-ba-le-senegal-a-definitivement-pris-sa-place-de-leader-dans-le-football-africain-2#primaryimage\"},\"thumbnailUrl\":\"https:\/\/static.africa-press.net\/senegal\/sites\/13\/2022\/07\/postQueueImg_6-62dc5ff31d6e6.jpg\",\"keywords\":[\"Africa Press\",\"Africa Press-Senegal\",\"Senegal\"],\"articleSection\":[\"homepage-french\",\"Sports\",\"Toutes les actualit\u00e9s\"],\"inLanguage\":\"fr-FR\",\"potentialAction\":[{\"@type\":\"CommentAction\",\"name\":\"Comment\",\"target\":[\"https:\/\/www.africa-press.net\/senegal\/sports\/matar-ba-le-senegal-a-definitivement-pris-sa-place-de-leader-dans-le-football-africain-2#respond\"]}]},{\"@type\":\"WebPage\",\"@id\":\"https:\/\/www.africa-press.net\/senegal\/sports\/matar-ba-le-senegal-a-definitivement-pris-sa-place-de-leader-dans-le-football-africain-2\",\"url\":\"https:\/\/www.africa-press.net\/senegal\/sports\/matar-ba-le-senegal-a-definitivement-pris-sa-place-de-leader-dans-le-football-africain-2\",\"name\":\"Matar B\u00e2\u00a0: \\\"Le S\u00e9n\u00e9gal a d\u00e9finitivement pris sa place de leader dans le football africain\\\" - Senegal\",\"isPartOf\":{\"@id\":\"https:\/\/www.africa-press.net\/senegal\/#website\"},\"primaryImageOfPage\":{\"@id\":\"https:\/\/www.africa-press.net\/senegal\/sports\/matar-ba-le-senegal-a-definitivement-pris-sa-place-de-leader-dans-le-football-africain-2#primaryimage\"},\"image\":{\"@id\":\"https:\/\/www.africa-press.net\/senegal\/sports\/matar-ba-le-senegal-a-definitivement-pris-sa-place-de-leader-dans-le-football-africain-2#primaryimage\"},\"thumbnailUrl\":\"https:\/\/static.africa-press.net\/senegal\/sites\/13\/2022\/07\/postQueueImg_6-62dc5ff31d6e6.jpg\",\"datePublished\":\"2022-07-23T20:39:59+00:00\",\"dateModified\":\"2022-07-23T20:54:33+00:00\",\"author\":{\"@id\":\"https:\/\/www.africa-press.net\/senegal\/#\/schema\/person\/2b1cf3cd81a31e3cd26889ca66d677f1\"},\"description\":\"Le ministre des Sports, Matar B\u00e2, s\u2019est r\u00e9joui du sacre du S\u00e9n\u00e9gal \u00e0 la 29e \u00e9dition des CAF Awards, jeudi, \u00e0 Rabat (Maro ...\",\"breadcrumb\":{\"@id\":\"https:\/\/www.africa-press.net\/senegal\/sports\/matar-ba-le-senegal-a-definitivement-pris-sa-place-de-leader-dans-le-football-africain-2#breadcrumb\"},\"inLanguage\":\"fr-FR\",\"potentialAction\":[{\"@type\":\"ReadAction\",\"target\":[\"https:\/\/www.africa-press.net\/senegal\/sports\/matar-ba-le-senegal-a-definitivement-pris-sa-place-de-leader-dans-le-football-africain-2\"]}]},{\"@type\":\"ImageObject\",\"inLanguage\":\"fr-FR\",\"@id\":\"https:\/\/www.africa-press.net\/senegal\/sports\/matar-ba-le-senegal-a-definitivement-pris-sa-place-de-leader-dans-le-football-africain-2#primaryimage\",\"url\":\"https:\/\/static.africa-press.net\/senegal\/sites\/13\/2022\/07\/postQueueImg_6-62dc5ff31d6e6.jpg\",\"contentUrl\":\"https:\/\/static.africa-press.net\/senegal\/sites\/13\/2022\/07\/postQueueImg_6-62dc5ff31d6e6.jpg\",\"width\":540,\"height\":305,\"caption\":\"Matar B\u00e2\u00a0: \\\"Le S\u00e9n\u00e9gal a d\u00e9finitivement pris sa place de leader dans le football africain\\\"\"},{\"@type\":\"BreadcrumbList\",\"@id\":\"https:\/\/www.africa-press.net\/senegal\/sports\/matar-ba-le-senegal-a-definitivement-pris-sa-place-de-leader-dans-le-football-africain-2#breadcrumb\",\"itemListElement\":[{\"@type\":\"ListItem\",\"position\":1,\"name\":\"Accueil\",\"item\":\"https:\/\/www.africa-press.net\/senegal\/\"},{\"@type\":\"ListItem\",\"position\":2,\"name\":\"Matar B\u00e2\u00a0: &#8220;Le S\u00e9n\u00e9gal a d\u00e9finitivement pris sa place de leader dans le football africain&#8221;\"}]},{\"@type\":\"WebSite\",\"@id\":\"https:\/\/www.africa-press.net\/senegal\/#website\",\"url\":\"https:\/\/www.africa-press.net\/senegal\/\",\"name\":\"Africa Press | Senegal | Homepage\",\"description\":\"Just another Africa News Agency Sites site\",\"potentialAction\":[{\"@type\":\"SearchAction\",\"target\":{\"@type\":\"EntryPoint\",\"urlTemplate\":\"https:\/\/www.africa-press.net\/senegal\/?s={search_term_string}\"},\"query-input\":{\"@type\":\"PropertyValueSpecification\",\"valueRequired\":true,\"valueName\":\"search_term_string\"}}],\"inLanguage\":\"fr-FR\"},{\"@type\":\"Person\",\"@id\":\"https:\/\/www.africa-press.net\/senegal\/#\/schema\/person\/2b1cf3cd81a31e3cd26889ca66d677f1\",\"name\":\"cfeditorfr\",\"url\":\"https:\/\/www.africa-press.net\/senegal\/author\/cfeditorfr\"}]}<\/script>\n<!-- \/ Yoast SEO Premium plugin. -->","yoast_head_json":{"title":"Matar B\u00e2\u00a0: \"Le S\u00e9n\u00e9gal a d\u00e9finitivement pris sa place de leader dans le football africain\" - Senegal","description":"Le ministre des Sports, Matar B\u00e2, s\u2019est r\u00e9joui du sacre du S\u00e9n\u00e9gal \u00e0 la 29e \u00e9dition des CAF Awards, jeudi, \u00e0 Rabat (Maro ...","robots":{"index":"index","follow":"follow","max-snippet":"max-snippet:-1","max-image-preview":"max-image-preview:large","max-video-preview":"max-video-preview:-1"},"canonical":"https:\/\/www.africa-press.net\/senegal\/sports\/matar-ba-le-senegal-a-definitivement-pris-sa-place-de-leader-dans-le-football-africain-2","og_locale":"fr_FR","og_type":"article","og_title":"Matar B\u00e2\u00a0: \"Le S\u00e9n\u00e9gal a d\u00e9finitivement pris sa place de leader dans le football africain\"","og_description":"Le ministre des Sports, Matar B\u00e2, s\u2019est r\u00e9joui du sacre du S\u00e9n\u00e9gal \u00e0 la 29e \u00e9dition des CAF Awards, jeudi, \u00e0 Rabat (Maro ...","og_url":"https:\/\/www.africa-press.net\/senegal\/sports\/matar-ba-le-senegal-a-definitivement-pris-sa-place-de-leader-dans-le-football-africain-2","og_site_name":"Senegal","article_published_time":"2022-07-23T20:39:59+00:00","article_modified_time":"2022-07-23T20:54:33+00:00","og_image":[{"width":540,"height":305,"url":"https:\/\/static.africa-press.net\/senegal\/sites\/13\/2022\/07\/postQueueImg_6-62dc5ff31d6e6.jpg","type":"image\/jpeg"}],"author":"cfeditorfr","twitter_card":"summary_large_image","twitter_misc":{"\u00c9crit par":"cfeditorfr","Dur\u00e9e de lecture estim\u00e9e":"2 minutes"},"schema":{"@context":"https:\/\/schema.org","@graph":[{"@type":"Article","@id":"https:\/\/www.africa-press.net\/senegal\/sports\/matar-ba-le-senegal-a-definitivement-pris-sa-place-de-leader-dans-le-football-africain-2#article","isPartOf":{"@id":"https:\/\/www.africa-press.net\/senegal\/sports\/matar-ba-le-senegal-a-definitivement-pris-sa-place-de-leader-dans-le-football-africain-2"},"author":{"name":"cfeditorfr","@id":"https:\/\/www.africa-press.net\/senegal\/#\/schema\/person\/2b1cf3cd81a31e3cd26889ca66d677f1"},"headline":"Matar B\u00e2\u00a0: \u00ab\u00a0Le S\u00e9n\u00e9gal a d\u00e9finitivement pris sa place de leader dans le football africain\u00a0\u00bb","datePublished":"2022-07-23T20:39:59+00:00","dateModified":"2022-07-23T20:54:33+00:00","mainEntityOfPage":{"@id":"https:\/\/www.africa-press.net\/senegal\/sports\/matar-ba-le-senegal-a-definitivement-pris-sa-place-de-leader-dans-le-football-africain-2"},"wordCount":370,"commentCount":0,"image":{"@id":"https:\/\/www.africa-press.net\/senegal\/sports\/matar-ba-le-senegal-a-definitivement-pris-sa-place-de-leader-dans-le-football-africain-2#primaryimage"},"thumbnailUrl":"https:\/\/static.africa-press.net\/senegal\/sites\/13\/2022\/07\/postQueueImg_6-62dc5ff31d6e6.jpg","keywords":["Africa Press","Africa Press-Senegal","Senegal"],"articleSection":["homepage-french","Sports","Toutes les actualit\u00e9s"],"inLanguage":"fr-FR","potentialAction":[{"@type":"CommentAction","name":"Comment","target":["https:\/\/www.africa-press.net\/senegal\/sports\/matar-ba-le-senegal-a-definitivement-pris-sa-place-de-leader-dans-le-football-africain-2#respond"]}]},{"@type":"WebPage","@id":"https:\/\/www.africa-press.net\/senegal\/sports\/matar-ba-le-senegal-a-definitivement-pris-sa-place-de-leader-dans-le-football-africain-2","url":"https:\/\/www.africa-press.net\/senegal\/sports\/matar-ba-le-senegal-a-definitivement-pris-sa-place-de-leader-dans-le-football-africain-2","name":"Matar B\u00e2\u00a0: \"Le S\u00e9n\u00e9gal a d\u00e9finitivement pris sa place de leader dans le football africain\" - Senegal","isPartOf":{"@id":"https:\/\/www.africa-press.net\/senegal\/#website"},"primaryImageOfPage":{"@id":"https:\/\/www.africa-press.net\/senegal\/sports\/matar-ba-le-senegal-a-definitivement-pris-sa-place-de-leader-dans-le-football-africain-2#primaryimage"},"image":{"@id":"https:\/\/www.africa-press.net\/senegal\/sports\/matar-ba-le-senegal-a-definitivement-pris-sa-place-de-leader-dans-le-football-africain-2#primaryimage"},"thumbnailUrl":"https:\/\/static.africa-press.net\/senegal\/sites\/13\/2022\/07\/postQueueImg_6-62dc5ff31d6e6.jpg","datePublished":"2022-07-23T20:39:59+00:00","dateModified":"2022-07-23T20:54:33+00:00","author":{"@id":"https:\/\/www.africa-press.net\/senegal\/#\/schema\/person\/2b1cf3cd81a31e3cd26889ca66d677f1"},"description":"Le ministre des Sports, Matar B\u00e2, s\u2019est r\u00e9joui du sacre du S\u00e9n\u00e9gal \u00e0 la 29e \u00e9dition des CAF Awards, jeudi, \u00e0 Rabat (Maro ...","breadcrumb":{"@id":"https:\/\/www.africa-press.net\/senegal\/sports\/matar-ba-le-senegal-a-definitivement-pris-sa-place-de-leader-dans-le-football-africain-2#breadcrumb"},"inLanguage":"fr-FR","potentialAction":[{"@type":"ReadAction","target":["https:\/\/www.africa-press.net\/senegal\/sports\/matar-ba-le-senegal-a-definitivement-pris-sa-place-de-leader-dans-le-football-africain-2"]}]},{"@type":"ImageObject","inLanguage":"fr-FR","@id":"https:\/\/www.africa-press.net\/senegal\/sports\/matar-ba-le-senegal-a-definitivement-pris-sa-place-de-leader-dans-le-football-africain-2#primaryimage","url":"https:\/\/static.africa-press.net\/senegal\/sites\/13\/2022\/07\/postQueueImg_6-62dc5ff31d6e6.jpg","contentUrl":"https:\/\/static.africa-press.net\/senegal\/sites\/13\/2022\/07\/postQueueImg_6-62dc5ff31d6e6.jpg","width":540,"height":305,"caption":"Matar B\u00e2\u00a0: \"Le S\u00e9n\u00e9gal a d\u00e9finitivement pris sa place de leader dans le football africain\""},{"@type":"BreadcrumbList","@id":"https:\/\/www.africa-press.net\/senegal\/sports\/matar-ba-le-senegal-a-definitivement-pris-sa-place-de-leader-dans-le-football-africain-2#breadcrumb","itemListElement":[{"@type":"ListItem","position":1,"name":"Accueil","item":"https:\/\/www.africa-press.net\/senegal\/"},{"@type":"ListItem","position":2,"name":"Matar B\u00e2\u00a0: &#8220;Le S\u00e9n\u00e9gal a d\u00e9finitivement pris sa place de leader dans le football africain&#8221;"}]},{"@type":"WebSite","@id":"https:\/\/www.africa-press.net\/senegal\/#website","url":"https:\/\/www.africa-press.net\/senegal\/","name":"Africa Press | Senegal | Homepage","description":"Just another Africa News Agency Sites site","potentialAction":[{"@type":"SearchAction","target":{"@type":"EntryPoint","urlTemplate":"https:\/\/www.africa-press.net\/senegal\/?s={search_term_string}"},"query-input":{"@type":"PropertyValueSpecification","valueRequired":true,"valueName":"search_term_string"}}],"inLanguage":"fr-FR"},{"@type":"Person","@id":"https:\/\/www.africa-press.net\/senegal\/#\/schema\/person\/2b1cf3cd81a31e3cd26889ca66d677f1","name":"cfeditorfr","url":"https:\/\/www.africa-press.net\/senegal\/author\/cfeditorfr"}]}},"_links":{"self":[{"href":"https:\/\/www.africa-press.net\/senegal\/wp-json\/wp\/v2\/posts\/30108","targetHints":{"allow":["GET"]}}],"collection":[{"href":"https:\/\/www.africa-press.net\/senegal\/wp-json\/wp\/v2\/posts"}],"about":[{"href":"https:\/\/www.africa-press.net\/senegal\/wp-json\/wp\/v2\/types\/post"}],"author":[{"embeddable":true,"href":"https:\/\/www.africa-press.net\/senegal\/wp-json\/wp\/v2\/users\/82"}],"replies":[{"embeddable":true,"href":"https:\/\/www.africa-press.net\/senegal\/wp-json\/wp\/v2\/comments?post=30108"}],"version-history":[{"count":0,"href":"https:\/\/www.africa-press.net\/senegal\/wp-json\/wp\/v2\/posts\/30108\/revisions"}],"wp:featuredmedia":[{"embeddable":true,"href":"https:\/\/www.africa-press.net\/senegal\/wp-json\/wp\/v2\/media\/30107"}],"wp:attachment":[{"href":"https:\/\/www.africa-press.net\/senegal\/wp-json\/wp\/v2\/media?parent=30108"}],"wp:term":[{"taxonomy":"category","embeddable":true,"href":"https:\/\/www.africa-press.net\/senegal\/wp-json\/wp\/v2\/categories?post=30108"},{"taxonomy":"post_tag","embeddable":true,"href":"https:\/\/www.africa-press.net\/senegal\/wp-json\/wp\/v2\/tags?post=30108"}],"curies":[{"name":"wp","href":"https:\/\/api.w.org\/{rel}","templated":true}]}}