{"id":30120,"date":"2022-07-23T20:41:57","date_gmt":"2022-07-23T20:41:57","guid":{"rendered":"https:\/\/www.africa-press.net\/senegal\/politique\/des-equipements-medicaux-de-world-vision-a-des-districts-sanitaires-de-tambacounda"},"modified":"2022-07-23T20:56:14","modified_gmt":"2022-07-23T20:56:14","slug":"des-equipements-medicaux-de-world-vision-a-des-districts-sanitaires-de-tambacounda","status":"publish","type":"post","link":"https:\/\/www.africa-press.net\/senegal\/toutes-les-actualites\/des-equipements-medicaux-de-world-vision-a-des-districts-sanitaires-de-tambacounda","title":{"rendered":"Des \u00e9quipements m\u00e9dicaux de World Vision \u00e0 des districts sanitaires de Tambacounda"},"content":{"rendered":"<p><span style=\"color: #ff6600\"><strong>Africa-Press &#8211; Senegal. <\/strong><\/span>L\u2019ONG World Vision a remis samedi des \u00e9quipements m\u00e9dicaux d\u2019une valeur estim\u00e9e \u00e0 25 millions de francs CFA aux postes de sant\u00e9 des communes de Missirah, N\u00e9tt\u00e9boulou et Dialacoto, dans le district sanitaire de Tambacounda (est).<\/p>\n<p>Ce don destin\u00e9 \u00e0 renforcer le syst\u00e8me de sant\u00e9 devrait aussi participer \u00e0 l\u2019am\u00e9lioration de la prise en charge sanitaire des populations b\u00e9n\u00e9ficiaires.<\/p>\n<p>\u00ab\u00a0Il s\u2019agit, \u00e0 travers ce partenariat, d\u2019am\u00e9liorer la prise en charge des populations de ces communes b\u00e9n\u00e9ficiaires\u00a0\u00bb, a expliqu\u00e9 le m\u00e9decin-chef du district sanitaire de Tambacounda, docteur Tidiane Gadiaga.<\/p>\n<p>Selon docteur Gadiaga, ce don est compos\u00e9 de tables de consultation, de lits pour les malades, de mat\u00e9riels de consultations pour les infirmiers chefs de postes et sages-femmes des diff\u00e9rents postes de sant\u00e9 concern\u00e9s.<\/p>\n<p>Il va contribuer \u00e0 la r\u00e9novation des structures de sant\u00e9 et \u00e0 l\u2019am\u00e9lioration de la prise en charge sanitaire des populations de ces communes, a indiqu\u00e9 le m\u00e9decin-chef du district sanitaire de Tambacounda.<\/p>\n<p>Il a annonc\u00e9 qu\u2019un poste de sant\u00e9 construit par World Vision sera bient\u00f4t inaugur\u00e9 \u00e0 Dar Salam, dans la commune de N\u00e9tt\u00e9boulou.<\/p>\n<p>\u00ab\u00a0Cet appui va n\u00e9cessairement participer \u00e0 la r\u00e9duction de la mortalit\u00e9 maternelle et infantile, tout en y renfor\u00e7ant les efforts de pr\u00e9vention et d\u2019\u00e9limination du paludisme\u00a0\u00bb, a indiqu\u00e9 Cr\u00e9pin Louhoungou, manager des programmes \u00e0 Word Vision Tambacounda.<\/p>\n<p>Ces \u00e9quipements m\u00e9dicaux ont \u00e9t\u00e9 acquis avec un financement du programme de sant\u00e9 de World Vision, coupl\u00e9 avec le programme hygi\u00e8ne-eau et assainissement de la m\u00eame ONG, en vue de renforcer les capacit\u00e9s du personnel.<\/p>\n<p><strong>Pour plus d&rsquo;informations et d&rsquo;analyses sur la <a href=\"https:\/\/www.africa-press.net\/senegal\">Senegal<\/a>, suivez <a href=\"https:\/\/www.africa-press.net\/\">Africa-Press<\/a><\/strong><\/p>\n","protected":false},"excerpt":{"rendered":"<p>Africa-Press &#8211; Senegal. L\u2019ONG World Vision a remis samedi des \u00e9quipements m\u00e9dicaux d\u2019une valeur estim\u00e9e \u00e0 25 millions de francs CFA aux postes de sant\u00e9 des communes de Missirah, N\u00e9tt\u00e9boulou et Dialacoto, dans le district sanitaire de Tambacounda (est). Ce don destin\u00e9 \u00e0 renforcer le syst\u00e8me de sant\u00e9 devrait aussi participer \u00e0 l\u2019am\u00e9lioration de la [&hellip;]<\/p>\n","protected":false},"author":82,"featured_media":30119,"comment_status":"open","ping_status":"closed","sticky":false,"template":"","format":"standard","meta":{"footnotes":""},"categories":[21,11,10],"tags":[43,47,44],"class_list":["post-30120","post","type-post","status-publish","format-standard","has-post-thumbnail","hentry","category-communaute","category-homepage-french","category-toutes-les-actualites","tag-africa-press-2","tag-africa-press-senegal","tag-senegal-2"],"yoast_head":"<!-- This site is optimized with the Yoast SEO Premium plugin v26.1 (Yoast SEO v27.0) - https:\/\/yoast.com\/product\/yoast-seo-premium-wordpress\/ -->\n<title>Des \u00e9quipements m\u00e9dicaux de World Vision \u00e0 des districts sanitaires de Tambacounda - Senegal<\/title>\n<meta name=\"description\" content=\"L\u2019ONG World Vision a remis samedi des \u00e9quipements m\u00e9dicaux d\u2019une valeur estim\u00e9e \u00e0 25 millions de francs CFA aux postes d ...\" \/>\n<meta name=\"robots\" content=\"index, follow, max-snippet:-1, max-image-preview:large, max-video-preview:-1\" \/>\n<link rel=\"canonical\" href=\"https:\/\/www.africa-press.net\/senegal\/toutes-les-actualites\/des-equipements-medicaux-de-world-vision-a-des-districts-sanitaires-de-tambacounda\" \/>\n<meta property=\"og:locale\" content=\"fr_FR\" \/>\n<meta property=\"og:type\" content=\"article\" \/>\n<meta property=\"og:title\" content=\"Des \u00e9quipements m\u00e9dicaux de World Vision \u00e0 des districts sanitaires de Tambacounda\" \/>\n<meta property=\"og:description\" content=\"L\u2019ONG World Vision a remis samedi des \u00e9quipements m\u00e9dicaux d\u2019une valeur estim\u00e9e \u00e0 25 millions de francs CFA aux postes d ...\" \/>\n<meta property=\"og:url\" content=\"https:\/\/www.africa-press.net\/senegal\/toutes-les-actualites\/des-equipements-medicaux-de-world-vision-a-des-districts-sanitaires-de-tambacounda\" \/>\n<meta property=\"og:site_name\" content=\"Senegal\" \/>\n<meta property=\"article:published_time\" content=\"2022-07-23T20:41:57+00:00\" \/>\n<meta property=\"article:modified_time\" content=\"2022-07-23T20:56:14+00:00\" \/>\n<meta property=\"og:image\" content=\"https:\/\/static.africa-press.net\/senegal\/sites\/13\/2022\/07\/postQueueImg_10-62dc605c3beb1.jpg\" \/>\n\t<meta property=\"og:image:width\" content=\"540\" \/>\n\t<meta property=\"og:image:height\" content=\"305\" \/>\n\t<meta property=\"og:image:type\" content=\"image\/jpeg\" \/>\n<meta name=\"author\" content=\"cfeditorfr\" \/>\n<meta name=\"twitter:card\" content=\"summary_large_image\" \/>\n<meta name=\"twitter:label1\" content=\"\u00c9crit par\" \/>\n\t<meta name=\"twitter:data1\" content=\"cfeditorfr\" \/>\n\t<meta name=\"twitter:label2\" content=\"Dur\u00e9e de lecture estim\u00e9e\" \/>\n\t<meta name=\"twitter:data2\" content=\"2 minutes\" \/>\n<script type=\"application\/ld+json\" class=\"yoast-schema-graph\">{\"@context\":\"https:\/\/schema.org\",\"@graph\":[{\"@type\":\"Article\",\"@id\":\"https:\/\/www.africa-press.net\/senegal\/toutes-les-actualites\/des-equipements-medicaux-de-world-vision-a-des-districts-sanitaires-de-tambacounda#article\",\"isPartOf\":{\"@id\":\"https:\/\/www.africa-press.net\/senegal\/toutes-les-actualites\/des-equipements-medicaux-de-world-vision-a-des-districts-sanitaires-de-tambacounda\"},\"author\":{\"name\":\"cfeditorfr\",\"@id\":\"https:\/\/www.africa-press.net\/senegal\/#\/schema\/person\/2b1cf3cd81a31e3cd26889ca66d677f1\"},\"headline\":\"Des \u00e9quipements m\u00e9dicaux de World Vision \u00e0 des districts sanitaires de Tambacounda\",\"datePublished\":\"2022-07-23T20:41:57+00:00\",\"dateModified\":\"2022-07-23T20:56:14+00:00\",\"mainEntityOfPage\":{\"@id\":\"https:\/\/www.africa-press.net\/senegal\/toutes-les-actualites\/des-equipements-medicaux-de-world-vision-a-des-districts-sanitaires-de-tambacounda\"},\"wordCount\":304,\"commentCount\":0,\"image\":{\"@id\":\"https:\/\/www.africa-press.net\/senegal\/toutes-les-actualites\/des-equipements-medicaux-de-world-vision-a-des-districts-sanitaires-de-tambacounda#primaryimage\"},\"thumbnailUrl\":\"https:\/\/static.africa-press.net\/senegal\/sites\/13\/2022\/07\/postQueueImg_10-62dc605c3beb1.jpg\",\"keywords\":[\"Africa Press\",\"Africa Press-Senegal\",\"Senegal\"],\"articleSection\":[\"Communaut\u00e9\",\"homepage-french\",\"Toutes les actualit\u00e9s\"],\"inLanguage\":\"fr-FR\",\"potentialAction\":[{\"@type\":\"CommentAction\",\"name\":\"Comment\",\"target\":[\"https:\/\/www.africa-press.net\/senegal\/toutes-les-actualites\/des-equipements-medicaux-de-world-vision-a-des-districts-sanitaires-de-tambacounda#respond\"]}]},{\"@type\":\"WebPage\",\"@id\":\"https:\/\/www.africa-press.net\/senegal\/toutes-les-actualites\/des-equipements-medicaux-de-world-vision-a-des-districts-sanitaires-de-tambacounda\",\"url\":\"https:\/\/www.africa-press.net\/senegal\/toutes-les-actualites\/des-equipements-medicaux-de-world-vision-a-des-districts-sanitaires-de-tambacounda\",\"name\":\"Des \u00e9quipements m\u00e9dicaux de World Vision \u00e0 des districts sanitaires de Tambacounda - Senegal\",\"isPartOf\":{\"@id\":\"https:\/\/www.africa-press.net\/senegal\/#website\"},\"primaryImageOfPage\":{\"@id\":\"https:\/\/www.africa-press.net\/senegal\/toutes-les-actualites\/des-equipements-medicaux-de-world-vision-a-des-districts-sanitaires-de-tambacounda#primaryimage\"},\"image\":{\"@id\":\"https:\/\/www.africa-press.net\/senegal\/toutes-les-actualites\/des-equipements-medicaux-de-world-vision-a-des-districts-sanitaires-de-tambacounda#primaryimage\"},\"thumbnailUrl\":\"https:\/\/static.africa-press.net\/senegal\/sites\/13\/2022\/07\/postQueueImg_10-62dc605c3beb1.jpg\",\"datePublished\":\"2022-07-23T20:41:57+00:00\",\"dateModified\":\"2022-07-23T20:56:14+00:00\",\"author\":{\"@id\":\"https:\/\/www.africa-press.net\/senegal\/#\/schema\/person\/2b1cf3cd81a31e3cd26889ca66d677f1\"},\"description\":\"L\u2019ONG World Vision a remis samedi des \u00e9quipements m\u00e9dicaux d\u2019une valeur estim\u00e9e \u00e0 25 millions de francs CFA aux postes d ...\",\"breadcrumb\":{\"@id\":\"https:\/\/www.africa-press.net\/senegal\/toutes-les-actualites\/des-equipements-medicaux-de-world-vision-a-des-districts-sanitaires-de-tambacounda#breadcrumb\"},\"inLanguage\":\"fr-FR\",\"potentialAction\":[{\"@type\":\"ReadAction\",\"target\":[\"https:\/\/www.africa-press.net\/senegal\/toutes-les-actualites\/des-equipements-medicaux-de-world-vision-a-des-districts-sanitaires-de-tambacounda\"]}]},{\"@type\":\"ImageObject\",\"inLanguage\":\"fr-FR\",\"@id\":\"https:\/\/www.africa-press.net\/senegal\/toutes-les-actualites\/des-equipements-medicaux-de-world-vision-a-des-districts-sanitaires-de-tambacounda#primaryimage\",\"url\":\"https:\/\/static.africa-press.net\/senegal\/sites\/13\/2022\/07\/postQueueImg_10-62dc605c3beb1.jpg\",\"contentUrl\":\"https:\/\/static.africa-press.net\/senegal\/sites\/13\/2022\/07\/postQueueImg_10-62dc605c3beb1.jpg\",\"width\":540,\"height\":305,\"caption\":\"Des \u00e9quipements m\u00e9dicaux de World Vision \u00e0 des districts sanitaires de Tambacounda\"},{\"@type\":\"BreadcrumbList\",\"@id\":\"https:\/\/www.africa-press.net\/senegal\/toutes-les-actualites\/des-equipements-medicaux-de-world-vision-a-des-districts-sanitaires-de-tambacounda#breadcrumb\",\"itemListElement\":[{\"@type\":\"ListItem\",\"position\":1,\"name\":\"Accueil\",\"item\":\"https:\/\/www.africa-press.net\/senegal\/\"},{\"@type\":\"ListItem\",\"position\":2,\"name\":\"Des \u00e9quipements m\u00e9dicaux de World Vision \u00e0 des districts sanitaires de Tambacounda\"}]},{\"@type\":\"WebSite\",\"@id\":\"https:\/\/www.africa-press.net\/senegal\/#website\",\"url\":\"https:\/\/www.africa-press.net\/senegal\/\",\"name\":\"Africa Press | Senegal | Homepage\",\"description\":\"Just another Africa News Agency Sites site\",\"potentialAction\":[{\"@type\":\"SearchAction\",\"target\":{\"@type\":\"EntryPoint\",\"urlTemplate\":\"https:\/\/www.africa-press.net\/senegal\/?s={search_term_string}\"},\"query-input\":{\"@type\":\"PropertyValueSpecification\",\"valueRequired\":true,\"valueName\":\"search_term_string\"}}],\"inLanguage\":\"fr-FR\"},{\"@type\":\"Person\",\"@id\":\"https:\/\/www.africa-press.net\/senegal\/#\/schema\/person\/2b1cf3cd81a31e3cd26889ca66d677f1\",\"name\":\"cfeditorfr\",\"url\":\"https:\/\/www.africa-press.net\/senegal\/author\/cfeditorfr\"}]}<\/script>\n<!-- \/ Yoast SEO Premium plugin. -->","yoast_head_json":{"title":"Des \u00e9quipements m\u00e9dicaux de World Vision \u00e0 des districts sanitaires de Tambacounda - Senegal","description":"L\u2019ONG World Vision a remis samedi des \u00e9quipements m\u00e9dicaux d\u2019une valeur estim\u00e9e \u00e0 25 millions de francs CFA aux postes d ...","robots":{"index":"index","follow":"follow","max-snippet":"max-snippet:-1","max-image-preview":"max-image-preview:large","max-video-preview":"max-video-preview:-1"},"canonical":"https:\/\/www.africa-press.net\/senegal\/toutes-les-actualites\/des-equipements-medicaux-de-world-vision-a-des-districts-sanitaires-de-tambacounda","og_locale":"fr_FR","og_type":"article","og_title":"Des \u00e9quipements m\u00e9dicaux de World Vision \u00e0 des districts sanitaires de Tambacounda","og_description":"L\u2019ONG World Vision a remis samedi des \u00e9quipements m\u00e9dicaux d\u2019une valeur estim\u00e9e \u00e0 25 millions de francs CFA aux postes d ...","og_url":"https:\/\/www.africa-press.net\/senegal\/toutes-les-actualites\/des-equipements-medicaux-de-world-vision-a-des-districts-sanitaires-de-tambacounda","og_site_name":"Senegal","article_published_time":"2022-07-23T20:41:57+00:00","article_modified_time":"2022-07-23T20:56:14+00:00","og_image":[{"width":540,"height":305,"url":"https:\/\/static.africa-press.net\/senegal\/sites\/13\/2022\/07\/postQueueImg_10-62dc605c3beb1.jpg","type":"image\/jpeg"}],"author":"cfeditorfr","twitter_card":"summary_large_image","twitter_misc":{"\u00c9crit par":"cfeditorfr","Dur\u00e9e de lecture estim\u00e9e":"2 minutes"},"schema":{"@context":"https:\/\/schema.org","@graph":[{"@type":"Article","@id":"https:\/\/www.africa-press.net\/senegal\/toutes-les-actualites\/des-equipements-medicaux-de-world-vision-a-des-districts-sanitaires-de-tambacounda#article","isPartOf":{"@id":"https:\/\/www.africa-press.net\/senegal\/toutes-les-actualites\/des-equipements-medicaux-de-world-vision-a-des-districts-sanitaires-de-tambacounda"},"author":{"name":"cfeditorfr","@id":"https:\/\/www.africa-press.net\/senegal\/#\/schema\/person\/2b1cf3cd81a31e3cd26889ca66d677f1"},"headline":"Des \u00e9quipements m\u00e9dicaux de World Vision \u00e0 des districts sanitaires de Tambacounda","datePublished":"2022-07-23T20:41:57+00:00","dateModified":"2022-07-23T20:56:14+00:00","mainEntityOfPage":{"@id":"https:\/\/www.africa-press.net\/senegal\/toutes-les-actualites\/des-equipements-medicaux-de-world-vision-a-des-districts-sanitaires-de-tambacounda"},"wordCount":304,"commentCount":0,"image":{"@id":"https:\/\/www.africa-press.net\/senegal\/toutes-les-actualites\/des-equipements-medicaux-de-world-vision-a-des-districts-sanitaires-de-tambacounda#primaryimage"},"thumbnailUrl":"https:\/\/static.africa-press.net\/senegal\/sites\/13\/2022\/07\/postQueueImg_10-62dc605c3beb1.jpg","keywords":["Africa Press","Africa Press-Senegal","Senegal"],"articleSection":["Communaut\u00e9","homepage-french","Toutes les actualit\u00e9s"],"inLanguage":"fr-FR","potentialAction":[{"@type":"CommentAction","name":"Comment","target":["https:\/\/www.africa-press.net\/senegal\/toutes-les-actualites\/des-equipements-medicaux-de-world-vision-a-des-districts-sanitaires-de-tambacounda#respond"]}]},{"@type":"WebPage","@id":"https:\/\/www.africa-press.net\/senegal\/toutes-les-actualites\/des-equipements-medicaux-de-world-vision-a-des-districts-sanitaires-de-tambacounda","url":"https:\/\/www.africa-press.net\/senegal\/toutes-les-actualites\/des-equipements-medicaux-de-world-vision-a-des-districts-sanitaires-de-tambacounda","name":"Des \u00e9quipements m\u00e9dicaux de World Vision \u00e0 des districts sanitaires de Tambacounda - Senegal","isPartOf":{"@id":"https:\/\/www.africa-press.net\/senegal\/#website"},"primaryImageOfPage":{"@id":"https:\/\/www.africa-press.net\/senegal\/toutes-les-actualites\/des-equipements-medicaux-de-world-vision-a-des-districts-sanitaires-de-tambacounda#primaryimage"},"image":{"@id":"https:\/\/www.africa-press.net\/senegal\/toutes-les-actualites\/des-equipements-medicaux-de-world-vision-a-des-districts-sanitaires-de-tambacounda#primaryimage"},"thumbnailUrl":"https:\/\/static.africa-press.net\/senegal\/sites\/13\/2022\/07\/postQueueImg_10-62dc605c3beb1.jpg","datePublished":"2022-07-23T20:41:57+00:00","dateModified":"2022-07-23T20:56:14+00:00","author":{"@id":"https:\/\/www.africa-press.net\/senegal\/#\/schema\/person\/2b1cf3cd81a31e3cd26889ca66d677f1"},"description":"L\u2019ONG World Vision a remis samedi des \u00e9quipements m\u00e9dicaux d\u2019une valeur estim\u00e9e \u00e0 25 millions de francs CFA aux postes d ...","breadcrumb":{"@id":"https:\/\/www.africa-press.net\/senegal\/toutes-les-actualites\/des-equipements-medicaux-de-world-vision-a-des-districts-sanitaires-de-tambacounda#breadcrumb"},"inLanguage":"fr-FR","potentialAction":[{"@type":"ReadAction","target":["https:\/\/www.africa-press.net\/senegal\/toutes-les-actualites\/des-equipements-medicaux-de-world-vision-a-des-districts-sanitaires-de-tambacounda"]}]},{"@type":"ImageObject","inLanguage":"fr-FR","@id":"https:\/\/www.africa-press.net\/senegal\/toutes-les-actualites\/des-equipements-medicaux-de-world-vision-a-des-districts-sanitaires-de-tambacounda#primaryimage","url":"https:\/\/static.africa-press.net\/senegal\/sites\/13\/2022\/07\/postQueueImg_10-62dc605c3beb1.jpg","contentUrl":"https:\/\/static.africa-press.net\/senegal\/sites\/13\/2022\/07\/postQueueImg_10-62dc605c3beb1.jpg","width":540,"height":305,"caption":"Des \u00e9quipements m\u00e9dicaux de World Vision \u00e0 des districts sanitaires de Tambacounda"},{"@type":"BreadcrumbList","@id":"https:\/\/www.africa-press.net\/senegal\/toutes-les-actualites\/des-equipements-medicaux-de-world-vision-a-des-districts-sanitaires-de-tambacounda#breadcrumb","itemListElement":[{"@type":"ListItem","position":1,"name":"Accueil","item":"https:\/\/www.africa-press.net\/senegal\/"},{"@type":"ListItem","position":2,"name":"Des \u00e9quipements m\u00e9dicaux de World Vision \u00e0 des districts sanitaires de Tambacounda"}]},{"@type":"WebSite","@id":"https:\/\/www.africa-press.net\/senegal\/#website","url":"https:\/\/www.africa-press.net\/senegal\/","name":"Africa Press | Senegal | Homepage","description":"Just another Africa News Agency Sites site","potentialAction":[{"@type":"SearchAction","target":{"@type":"EntryPoint","urlTemplate":"https:\/\/www.africa-press.net\/senegal\/?s={search_term_string}"},"query-input":{"@type":"PropertyValueSpecification","valueRequired":true,"valueName":"search_term_string"}}],"inLanguage":"fr-FR"},{"@type":"Person","@id":"https:\/\/www.africa-press.net\/senegal\/#\/schema\/person\/2b1cf3cd81a31e3cd26889ca66d677f1","name":"cfeditorfr","url":"https:\/\/www.africa-press.net\/senegal\/author\/cfeditorfr"}]}},"_links":{"self":[{"href":"https:\/\/www.africa-press.net\/senegal\/wp-json\/wp\/v2\/posts\/30120","targetHints":{"allow":["GET"]}}],"collection":[{"href":"https:\/\/www.africa-press.net\/senegal\/wp-json\/wp\/v2\/posts"}],"about":[{"href":"https:\/\/www.africa-press.net\/senegal\/wp-json\/wp\/v2\/types\/post"}],"author":[{"embeddable":true,"href":"https:\/\/www.africa-press.net\/senegal\/wp-json\/wp\/v2\/users\/82"}],"replies":[{"embeddable":true,"href":"https:\/\/www.africa-press.net\/senegal\/wp-json\/wp\/v2\/comments?post=30120"}],"version-history":[{"count":0,"href":"https:\/\/www.africa-press.net\/senegal\/wp-json\/wp\/v2\/posts\/30120\/revisions"}],"wp:featuredmedia":[{"embeddable":true,"href":"https:\/\/www.africa-press.net\/senegal\/wp-json\/wp\/v2\/media\/30119"}],"wp:attachment":[{"href":"https:\/\/www.africa-press.net\/senegal\/wp-json\/wp\/v2\/media?parent=30120"}],"wp:term":[{"taxonomy":"category","embeddable":true,"href":"https:\/\/www.africa-press.net\/senegal\/wp-json\/wp\/v2\/categories?post=30120"},{"taxonomy":"post_tag","embeddable":true,"href":"https:\/\/www.africa-press.net\/senegal\/wp-json\/wp\/v2\/tags?post=30120"}],"curies":[{"name":"wp","href":"https:\/\/api.w.org\/{rel}","templated":true}]}}