{"id":30135,"date":"2022-07-23T20:44:54","date_gmt":"2022-07-23T20:44:54","guid":{"rendered":"https:\/\/www.africa-press.net\/senegal\/politique\/cest-une-utopie-de-croire-a-une-cohabitation-selon-la-coalition-domou-rewmi"},"modified":"2022-07-23T20:58:17","modified_gmt":"2022-07-23T20:58:17","slug":"cest-une-utopie-de-croire-a-une-cohabitation-selon-la-coalition-domou-rewmi","status":"publish","type":"post","link":"https:\/\/www.africa-press.net\/senegal\/politique\/cest-une-utopie-de-croire-a-une-cohabitation-selon-la-coalition-domou-rewmi","title":{"rendered":"\u00ab\u00a0C\u2019est une utopie de croire \u00e0 une cohabitation\u00a0\u00bb, selon la coalition \u00ab\u00a0Domou Rewmi\u00a0\u00bb"},"content":{"rendered":"<p><span style=\"color: #ff6600\"><strong>Africa-Press &#8211; Senegal. <\/strong><\/span>La coalition \u00ab\u00a0Domou Rewmi\u00a0\u00bb juge qu\u2019une cohabitation avec l\u2019opposition \u00e0 l\u2019issue des \u00e9lections l\u00e9gislatives du 31 juillet n\u2019est pas envisageable.<\/p>\n<p>\u00ab\u00a0C\u2019est une utopie de croire \u00e0 une cohabitation avec l\u2019opposition \u00e0 l\u2019Assembl\u00e9e nationale\u00a0\u00bb, a d\u00e9clar\u00e9 son coordonnateur, Habib Ndao, samedi au cours d\u2019une rencontre avec la presse \u00e0 Kaolack (centre).<\/p>\n<p>\u00ab\u00a0Nous sommes dans un r\u00e9gime pr\u00e9sidentiel, et m\u00eame s\u2019il y a une cohabitation avec l\u2019opposition, le pr\u00e9sident de la R\u00e9publique a les pr\u00e9rogatives de gouverner exceptionnellement par ordonnance\u00a0\u00bb, a-t-il dit au cours de cette rencontre avec des journalistes locaux, sur le th\u00e8me : \u00ab\u00a0L\u00e9gislatives 2022, bilan et perspectives\u00a0\u00bb.<\/p>\n<p>Le coordonnateur de Domou Rewmi r\u00e9fute par ailleurs le bilan selon lequel la 13e l\u00e9gislature qui serait \u00ab\u00a0un \u00e9chec\u00a0\u00bb. Il affirme plut\u00f4t que \u00ab\u00a0des projets de lois consolidants ont \u00e9t\u00e9 vot\u00e9s au cours de cette l\u00e9gislature\u00a0\u00bb.<\/p>\n<p>\u00ab\u00a0C\u2019est sous la 13\u00e8me l\u00e9gislature qu\u2019il y a eu des projets de loi comme le vote \u00e9lectronique, la criminalisation du vol de b\u00e9tail, du viol et la protection des consommateurs\u00a0\u00bb, a-t-il d\u00e9taill\u00e9.<\/p>\n<p>Il a reconnait certes que \u00ab\u00a0des scandales\u00a0\u00bb \u00ab\u00a0ont \u00e9maill\u00e9 la 13\u00e8me l\u00e9gislature\u00a0\u00bb. Seulement, \u00ab\u00a0cela n\u2019engage en rien le pr\u00e9sident de la R\u00e9publique et la coalition BBY\u00a0\u00bb, ajoute-t-il.<\/p>\n<p>\u00ab\u00a0On ne peut pas reprocher \u00e0 la coalition BBY les \u00e9lucubrations de ses d\u00e9put\u00e9s\u00a0\u00bb, dit le coordonnateur de la coalition Domu Rewmi.<\/p>\n<p>Au cours de son face-\u00e0-face avec les journalistes, M. Ndao est revenu tr\u00e8s largement sur le r\u00f4le du d\u00e9put\u00e9, \u00e0 savoir \u00ab\u00a0voter les lois, contr\u00f4ler l\u2019action gouvernementale et l\u2019\u00e9valuation des politiques publiques\u00a0\u00bb.<\/p>\n<p>Il a \u00e9galement mis l\u2019accent sur \u00ab\u00a0les efforts consentis\u00a0\u00bb par le pr\u00e9sident de la R\u00e9publique depuis qu\u2019il est aux affaires en 2012, rappelant par exemple que \u2019\u2019264 milliards ont \u00e9t\u00e9 affect\u00e9s au S\u00e9n\u00e9gal par la Banque mondiale pour faire face au coronavirus\u00a0\u00bb.<\/p>\n<p>S\u2019y ajoutent \u00ab\u00a0la suspension du service de la dette, la subvention du riz et de l\u2019huile, la subvention \u00e0 hauteur de 300 milliards de l\u2019\u00e9nergie, la suppression des taxes sur les denr\u00e9es de premi\u00e8re n\u00e9cessit\u00e9, la revalorisation des salaires des fonctionnaires\u00a0\u00bb.<\/p>\n<p>S\u2019agissant des perspectives, il a \u00e9voqu\u00e9 les ressources qui seront inject\u00e9es dans l\u2019\u00e9conomie s\u00e9n\u00e9galaise avec l\u2019exploitation p\u00e9trogazi\u00e8re, et \u00ab\u00a0avec la budg\u00e9tisation int\u00e9grale\u00a0\u00bb, \u00ab\u00a0c\u2019est le peuple par le biais de ses repr\u00e9sentants qui vont d\u00e9cider de la r\u00e9partition\u00a0\u00bb.<\/p>\n<p>En d\u00e9finitive, le leader de la coalition Domi Rewmi invite \u00ab\u00a0\u00e0 voter BBY pour poursuivre cette tendance\u00a0\u00bb.<\/p>\n<p><strong>Pour plus d&rsquo;informations et d&rsquo;analyses sur la <a href=\"https:\/\/www.africa-press.net\/senegal\">Senegal<\/a>, suivez <a href=\"https:\/\/www.africa-press.net\/\">Africa-Press<\/a><\/strong><\/p>\n","protected":false},"excerpt":{"rendered":"<p>Africa-Press &#8211; Senegal. La coalition \u00ab\u00a0Domou Rewmi\u00a0\u00bb juge qu\u2019une cohabitation avec l\u2019opposition \u00e0 l\u2019issue des \u00e9lections l\u00e9gislatives du 31 juillet n\u2019est pas envisageable. \u00ab\u00a0C\u2019est une utopie de croire \u00e0 une cohabitation avec l\u2019opposition \u00e0 l\u2019Assembl\u00e9e nationale\u00a0\u00bb, a d\u00e9clar\u00e9 son coordonnateur, Habib Ndao, samedi au cours d\u2019une rencontre avec la presse \u00e0 Kaolack (centre). \u00ab\u00a0Nous sommes [&hellip;]<\/p>\n","protected":false},"author":82,"featured_media":30134,"comment_status":"open","ping_status":"closed","sticky":false,"template":"","format":"standard","meta":{"footnotes":""},"categories":[11,4,2,10],"tags":[43,47,44],"class_list":["post-30135","post","type-post","status-publish","format-standard","has-post-thumbnail","hentry","category-homepage-french","category-parties","category-politique","category-toutes-les-actualites","tag-africa-press-2","tag-africa-press-senegal","tag-senegal-2"],"yoast_head":"<!-- This site is optimized with the Yoast SEO Premium plugin v26.1 (Yoast SEO v27.0) - https:\/\/yoast.com\/product\/yoast-seo-premium-wordpress\/ -->\n<title>&quot;C\u2019est une utopie de croire \u00e0 une cohabitation&quot;, selon la coalition &quot;Domou Rewmi&quot; - Senegal<\/title>\n<meta name=\"description\" content=\"La coalition &quot;Domou Rewmi&quot; juge qu\u2019une cohabitation avec l\u2019opposition \u00e0 l\u2019issue des \u00e9lections l\u00e9gislatives du 31 juillet ...\" \/>\n<meta name=\"robots\" content=\"index, follow, max-snippet:-1, max-image-preview:large, max-video-preview:-1\" \/>\n<link rel=\"canonical\" href=\"https:\/\/www.africa-press.net\/senegal\/politique\/cest-une-utopie-de-croire-a-une-cohabitation-selon-la-coalition-domou-rewmi\" \/>\n<meta property=\"og:locale\" content=\"fr_FR\" \/>\n<meta property=\"og:type\" content=\"article\" \/>\n<meta property=\"og:title\" content=\"&quot;C\u2019est une utopie de croire \u00e0 une cohabitation&quot;, selon la coalition &quot;Domou Rewmi&quot;\" \/>\n<meta property=\"og:description\" content=\"La coalition &quot;Domou Rewmi&quot; juge qu\u2019une cohabitation avec l\u2019opposition \u00e0 l\u2019issue des \u00e9lections l\u00e9gislatives du 31 juillet ...\" \/>\n<meta property=\"og:url\" content=\"https:\/\/www.africa-press.net\/senegal\/politique\/cest-une-utopie-de-croire-a-une-cohabitation-selon-la-coalition-domou-rewmi\" \/>\n<meta property=\"og:site_name\" content=\"Senegal\" \/>\n<meta property=\"article:published_time\" content=\"2022-07-23T20:44:54+00:00\" \/>\n<meta property=\"article:modified_time\" content=\"2022-07-23T20:58:17+00:00\" \/>\n<meta property=\"og:image\" content=\"https:\/\/static.africa-press.net\/senegal\/sites\/13\/2022\/07\/postQueueImg_15.jpg\" \/>\n\t<meta property=\"og:image:width\" content=\"540\" \/>\n\t<meta property=\"og:image:height\" content=\"305\" \/>\n\t<meta property=\"og:image:type\" content=\"image\/jpeg\" \/>\n<meta name=\"author\" content=\"cfeditorfr\" \/>\n<meta name=\"twitter:card\" content=\"summary_large_image\" \/>\n<meta name=\"twitter:label1\" content=\"\u00c9crit par\" \/>\n\t<meta name=\"twitter:data1\" content=\"cfeditorfr\" \/>\n\t<meta name=\"twitter:label2\" content=\"Dur\u00e9e de lecture estim\u00e9e\" \/>\n\t<meta name=\"twitter:data2\" content=\"3 minutes\" \/>\n<script type=\"application\/ld+json\" class=\"yoast-schema-graph\">{\"@context\":\"https:\/\/schema.org\",\"@graph\":[{\"@type\":\"Article\",\"@id\":\"https:\/\/www.africa-press.net\/senegal\/politique\/cest-une-utopie-de-croire-a-une-cohabitation-selon-la-coalition-domou-rewmi#article\",\"isPartOf\":{\"@id\":\"https:\/\/www.africa-press.net\/senegal\/politique\/cest-une-utopie-de-croire-a-une-cohabitation-selon-la-coalition-domou-rewmi\"},\"author\":{\"name\":\"cfeditorfr\",\"@id\":\"https:\/\/www.africa-press.net\/senegal\/#\/schema\/person\/2b1cf3cd81a31e3cd26889ca66d677f1\"},\"headline\":\"\u00ab\u00a0C\u2019est une utopie de croire \u00e0 une cohabitation\u00a0\u00bb, selon la coalition \u00ab\u00a0Domou Rewmi\u00a0\u00bb\",\"datePublished\":\"2022-07-23T20:44:54+00:00\",\"dateModified\":\"2022-07-23T20:58:17+00:00\",\"mainEntityOfPage\":{\"@id\":\"https:\/\/www.africa-press.net\/senegal\/politique\/cest-une-utopie-de-croire-a-une-cohabitation-selon-la-coalition-domou-rewmi\"},\"wordCount\":470,\"commentCount\":0,\"image\":{\"@id\":\"https:\/\/www.africa-press.net\/senegal\/politique\/cest-une-utopie-de-croire-a-une-cohabitation-selon-la-coalition-domou-rewmi#primaryimage\"},\"thumbnailUrl\":\"https:\/\/static.africa-press.net\/senegal\/sites\/13\/2022\/07\/postQueueImg_15.jpg\",\"keywords\":[\"Africa Press\",\"Africa Press-Senegal\",\"Senegal\"],\"articleSection\":[\"homepage-french\",\"Parties\",\"Politique\",\"Toutes les actualit\u00e9s\"],\"inLanguage\":\"fr-FR\",\"potentialAction\":[{\"@type\":\"CommentAction\",\"name\":\"Comment\",\"target\":[\"https:\/\/www.africa-press.net\/senegal\/politique\/cest-une-utopie-de-croire-a-une-cohabitation-selon-la-coalition-domou-rewmi#respond\"]}]},{\"@type\":\"WebPage\",\"@id\":\"https:\/\/www.africa-press.net\/senegal\/politique\/cest-une-utopie-de-croire-a-une-cohabitation-selon-la-coalition-domou-rewmi\",\"url\":\"https:\/\/www.africa-press.net\/senegal\/politique\/cest-une-utopie-de-croire-a-une-cohabitation-selon-la-coalition-domou-rewmi\",\"name\":\"\\\"C\u2019est une utopie de croire \u00e0 une cohabitation\\\", selon la coalition \\\"Domou Rewmi\\\" - Senegal\",\"isPartOf\":{\"@id\":\"https:\/\/www.africa-press.net\/senegal\/#website\"},\"primaryImageOfPage\":{\"@id\":\"https:\/\/www.africa-press.net\/senegal\/politique\/cest-une-utopie-de-croire-a-une-cohabitation-selon-la-coalition-domou-rewmi#primaryimage\"},\"image\":{\"@id\":\"https:\/\/www.africa-press.net\/senegal\/politique\/cest-une-utopie-de-croire-a-une-cohabitation-selon-la-coalition-domou-rewmi#primaryimage\"},\"thumbnailUrl\":\"https:\/\/static.africa-press.net\/senegal\/sites\/13\/2022\/07\/postQueueImg_15.jpg\",\"datePublished\":\"2022-07-23T20:44:54+00:00\",\"dateModified\":\"2022-07-23T20:58:17+00:00\",\"author\":{\"@id\":\"https:\/\/www.africa-press.net\/senegal\/#\/schema\/person\/2b1cf3cd81a31e3cd26889ca66d677f1\"},\"description\":\"La coalition \\\"Domou Rewmi\\\" juge qu\u2019une cohabitation avec l\u2019opposition \u00e0 l\u2019issue des \u00e9lections l\u00e9gislatives du 31 juillet ...\",\"breadcrumb\":{\"@id\":\"https:\/\/www.africa-press.net\/senegal\/politique\/cest-une-utopie-de-croire-a-une-cohabitation-selon-la-coalition-domou-rewmi#breadcrumb\"},\"inLanguage\":\"fr-FR\",\"potentialAction\":[{\"@type\":\"ReadAction\",\"target\":[\"https:\/\/www.africa-press.net\/senegal\/politique\/cest-une-utopie-de-croire-a-une-cohabitation-selon-la-coalition-domou-rewmi\"]}]},{\"@type\":\"ImageObject\",\"inLanguage\":\"fr-FR\",\"@id\":\"https:\/\/www.africa-press.net\/senegal\/politique\/cest-une-utopie-de-croire-a-une-cohabitation-selon-la-coalition-domou-rewmi#primaryimage\",\"url\":\"https:\/\/static.africa-press.net\/senegal\/sites\/13\/2022\/07\/postQueueImg_15.jpg\",\"contentUrl\":\"https:\/\/static.africa-press.net\/senegal\/sites\/13\/2022\/07\/postQueueImg_15.jpg\",\"width\":540,\"height\":305,\"caption\":\"\\\"C\u2019est une utopie de croire \u00e0 une cohabitation\\\", selon la coalition \\\"Domou Rewmi\\\"\"},{\"@type\":\"BreadcrumbList\",\"@id\":\"https:\/\/www.africa-press.net\/senegal\/politique\/cest-une-utopie-de-croire-a-une-cohabitation-selon-la-coalition-domou-rewmi#breadcrumb\",\"itemListElement\":[{\"@type\":\"ListItem\",\"position\":1,\"name\":\"Accueil\",\"item\":\"https:\/\/www.africa-press.net\/senegal\/\"},{\"@type\":\"ListItem\",\"position\":2,\"name\":\"&#8220;C\u2019est une utopie de croire \u00e0 une cohabitation&#8221;, selon la coalition &#8220;Domou Rewmi&#8221;\"}]},{\"@type\":\"WebSite\",\"@id\":\"https:\/\/www.africa-press.net\/senegal\/#website\",\"url\":\"https:\/\/www.africa-press.net\/senegal\/\",\"name\":\"Africa Press | Senegal | Homepage\",\"description\":\"Just another Africa News Agency Sites site\",\"potentialAction\":[{\"@type\":\"SearchAction\",\"target\":{\"@type\":\"EntryPoint\",\"urlTemplate\":\"https:\/\/www.africa-press.net\/senegal\/?s={search_term_string}\"},\"query-input\":{\"@type\":\"PropertyValueSpecification\",\"valueRequired\":true,\"valueName\":\"search_term_string\"}}],\"inLanguage\":\"fr-FR\"},{\"@type\":\"Person\",\"@id\":\"https:\/\/www.africa-press.net\/senegal\/#\/schema\/person\/2b1cf3cd81a31e3cd26889ca66d677f1\",\"name\":\"cfeditorfr\",\"url\":\"https:\/\/www.africa-press.net\/senegal\/author\/cfeditorfr\"}]}<\/script>\n<!-- \/ Yoast SEO Premium plugin. -->","yoast_head_json":{"title":"\"C\u2019est une utopie de croire \u00e0 une cohabitation\", selon la coalition \"Domou Rewmi\" - Senegal","description":"La coalition \"Domou Rewmi\" juge qu\u2019une cohabitation avec l\u2019opposition \u00e0 l\u2019issue des \u00e9lections l\u00e9gislatives du 31 juillet ...","robots":{"index":"index","follow":"follow","max-snippet":"max-snippet:-1","max-image-preview":"max-image-preview:large","max-video-preview":"max-video-preview:-1"},"canonical":"https:\/\/www.africa-press.net\/senegal\/politique\/cest-une-utopie-de-croire-a-une-cohabitation-selon-la-coalition-domou-rewmi","og_locale":"fr_FR","og_type":"article","og_title":"\"C\u2019est une utopie de croire \u00e0 une cohabitation\", selon la coalition \"Domou Rewmi\"","og_description":"La coalition \"Domou Rewmi\" juge qu\u2019une cohabitation avec l\u2019opposition \u00e0 l\u2019issue des \u00e9lections l\u00e9gislatives du 31 juillet ...","og_url":"https:\/\/www.africa-press.net\/senegal\/politique\/cest-une-utopie-de-croire-a-une-cohabitation-selon-la-coalition-domou-rewmi","og_site_name":"Senegal","article_published_time":"2022-07-23T20:44:54+00:00","article_modified_time":"2022-07-23T20:58:17+00:00","og_image":[{"width":540,"height":305,"url":"https:\/\/static.africa-press.net\/senegal\/sites\/13\/2022\/07\/postQueueImg_15.jpg","type":"image\/jpeg"}],"author":"cfeditorfr","twitter_card":"summary_large_image","twitter_misc":{"\u00c9crit par":"cfeditorfr","Dur\u00e9e de lecture estim\u00e9e":"3 minutes"},"schema":{"@context":"https:\/\/schema.org","@graph":[{"@type":"Article","@id":"https:\/\/www.africa-press.net\/senegal\/politique\/cest-une-utopie-de-croire-a-une-cohabitation-selon-la-coalition-domou-rewmi#article","isPartOf":{"@id":"https:\/\/www.africa-press.net\/senegal\/politique\/cest-une-utopie-de-croire-a-une-cohabitation-selon-la-coalition-domou-rewmi"},"author":{"name":"cfeditorfr","@id":"https:\/\/www.africa-press.net\/senegal\/#\/schema\/person\/2b1cf3cd81a31e3cd26889ca66d677f1"},"headline":"\u00ab\u00a0C\u2019est une utopie de croire \u00e0 une cohabitation\u00a0\u00bb, selon la coalition \u00ab\u00a0Domou Rewmi\u00a0\u00bb","datePublished":"2022-07-23T20:44:54+00:00","dateModified":"2022-07-23T20:58:17+00:00","mainEntityOfPage":{"@id":"https:\/\/www.africa-press.net\/senegal\/politique\/cest-une-utopie-de-croire-a-une-cohabitation-selon-la-coalition-domou-rewmi"},"wordCount":470,"commentCount":0,"image":{"@id":"https:\/\/www.africa-press.net\/senegal\/politique\/cest-une-utopie-de-croire-a-une-cohabitation-selon-la-coalition-domou-rewmi#primaryimage"},"thumbnailUrl":"https:\/\/static.africa-press.net\/senegal\/sites\/13\/2022\/07\/postQueueImg_15.jpg","keywords":["Africa Press","Africa Press-Senegal","Senegal"],"articleSection":["homepage-french","Parties","Politique","Toutes les actualit\u00e9s"],"inLanguage":"fr-FR","potentialAction":[{"@type":"CommentAction","name":"Comment","target":["https:\/\/www.africa-press.net\/senegal\/politique\/cest-une-utopie-de-croire-a-une-cohabitation-selon-la-coalition-domou-rewmi#respond"]}]},{"@type":"WebPage","@id":"https:\/\/www.africa-press.net\/senegal\/politique\/cest-une-utopie-de-croire-a-une-cohabitation-selon-la-coalition-domou-rewmi","url":"https:\/\/www.africa-press.net\/senegal\/politique\/cest-une-utopie-de-croire-a-une-cohabitation-selon-la-coalition-domou-rewmi","name":"\"C\u2019est une utopie de croire \u00e0 une cohabitation\", selon la coalition \"Domou Rewmi\" - Senegal","isPartOf":{"@id":"https:\/\/www.africa-press.net\/senegal\/#website"},"primaryImageOfPage":{"@id":"https:\/\/www.africa-press.net\/senegal\/politique\/cest-une-utopie-de-croire-a-une-cohabitation-selon-la-coalition-domou-rewmi#primaryimage"},"image":{"@id":"https:\/\/www.africa-press.net\/senegal\/politique\/cest-une-utopie-de-croire-a-une-cohabitation-selon-la-coalition-domou-rewmi#primaryimage"},"thumbnailUrl":"https:\/\/static.africa-press.net\/senegal\/sites\/13\/2022\/07\/postQueueImg_15.jpg","datePublished":"2022-07-23T20:44:54+00:00","dateModified":"2022-07-23T20:58:17+00:00","author":{"@id":"https:\/\/www.africa-press.net\/senegal\/#\/schema\/person\/2b1cf3cd81a31e3cd26889ca66d677f1"},"description":"La coalition \"Domou Rewmi\" juge qu\u2019une cohabitation avec l\u2019opposition \u00e0 l\u2019issue des \u00e9lections l\u00e9gislatives du 31 juillet ...","breadcrumb":{"@id":"https:\/\/www.africa-press.net\/senegal\/politique\/cest-une-utopie-de-croire-a-une-cohabitation-selon-la-coalition-domou-rewmi#breadcrumb"},"inLanguage":"fr-FR","potentialAction":[{"@type":"ReadAction","target":["https:\/\/www.africa-press.net\/senegal\/politique\/cest-une-utopie-de-croire-a-une-cohabitation-selon-la-coalition-domou-rewmi"]}]},{"@type":"ImageObject","inLanguage":"fr-FR","@id":"https:\/\/www.africa-press.net\/senegal\/politique\/cest-une-utopie-de-croire-a-une-cohabitation-selon-la-coalition-domou-rewmi#primaryimage","url":"https:\/\/static.africa-press.net\/senegal\/sites\/13\/2022\/07\/postQueueImg_15.jpg","contentUrl":"https:\/\/static.africa-press.net\/senegal\/sites\/13\/2022\/07\/postQueueImg_15.jpg","width":540,"height":305,"caption":"\"C\u2019est une utopie de croire \u00e0 une cohabitation\", selon la coalition \"Domou Rewmi\""},{"@type":"BreadcrumbList","@id":"https:\/\/www.africa-press.net\/senegal\/politique\/cest-une-utopie-de-croire-a-une-cohabitation-selon-la-coalition-domou-rewmi#breadcrumb","itemListElement":[{"@type":"ListItem","position":1,"name":"Accueil","item":"https:\/\/www.africa-press.net\/senegal\/"},{"@type":"ListItem","position":2,"name":"&#8220;C\u2019est une utopie de croire \u00e0 une cohabitation&#8221;, selon la coalition &#8220;Domou Rewmi&#8221;"}]},{"@type":"WebSite","@id":"https:\/\/www.africa-press.net\/senegal\/#website","url":"https:\/\/www.africa-press.net\/senegal\/","name":"Africa Press | Senegal | Homepage","description":"Just another Africa News Agency Sites site","potentialAction":[{"@type":"SearchAction","target":{"@type":"EntryPoint","urlTemplate":"https:\/\/www.africa-press.net\/senegal\/?s={search_term_string}"},"query-input":{"@type":"PropertyValueSpecification","valueRequired":true,"valueName":"search_term_string"}}],"inLanguage":"fr-FR"},{"@type":"Person","@id":"https:\/\/www.africa-press.net\/senegal\/#\/schema\/person\/2b1cf3cd81a31e3cd26889ca66d677f1","name":"cfeditorfr","url":"https:\/\/www.africa-press.net\/senegal\/author\/cfeditorfr"}]}},"_links":{"self":[{"href":"https:\/\/www.africa-press.net\/senegal\/wp-json\/wp\/v2\/posts\/30135","targetHints":{"allow":["GET"]}}],"collection":[{"href":"https:\/\/www.africa-press.net\/senegal\/wp-json\/wp\/v2\/posts"}],"about":[{"href":"https:\/\/www.africa-press.net\/senegal\/wp-json\/wp\/v2\/types\/post"}],"author":[{"embeddable":true,"href":"https:\/\/www.africa-press.net\/senegal\/wp-json\/wp\/v2\/users\/82"}],"replies":[{"embeddable":true,"href":"https:\/\/www.africa-press.net\/senegal\/wp-json\/wp\/v2\/comments?post=30135"}],"version-history":[{"count":0,"href":"https:\/\/www.africa-press.net\/senegal\/wp-json\/wp\/v2\/posts\/30135\/revisions"}],"wp:featuredmedia":[{"embeddable":true,"href":"https:\/\/www.africa-press.net\/senegal\/wp-json\/wp\/v2\/media\/30134"}],"wp:attachment":[{"href":"https:\/\/www.africa-press.net\/senegal\/wp-json\/wp\/v2\/media?parent=30135"}],"wp:term":[{"taxonomy":"category","embeddable":true,"href":"https:\/\/www.africa-press.net\/senegal\/wp-json\/wp\/v2\/categories?post=30135"},{"taxonomy":"post_tag","embeddable":true,"href":"https:\/\/www.africa-press.net\/senegal\/wp-json\/wp\/v2\/tags?post=30135"}],"curies":[{"name":"wp","href":"https:\/\/api.w.org\/{rel}","templated":true}]}}