{"id":30138,"date":"2022-07-23T20:46:18","date_gmt":"2022-07-23T20:46:18","guid":{"rendered":"https:\/\/www.africa-press.net\/senegal\/politique\/serigne-modou-kara-invite-macky-sall-a-changer-la-constitution-pour-rester-a-la-tete-du-pays"},"modified":"2022-07-23T20:58:41","modified_gmt":"2022-07-23T20:58:41","slug":"serigne-modou-kara-invite-macky-sall-a-changer-la-constitution-pour-rester-a-la-tete-du-pays","status":"publish","type":"post","link":"https:\/\/www.africa-press.net\/senegal\/politique\/serigne-modou-kara-invite-macky-sall-a-changer-la-constitution-pour-rester-a-la-tete-du-pays","title":{"rendered":"Serigne Modou Kara invite Macky Sall \u00e0 changer la Constitution pour rester \u00e0 la t\u00eate du pays"},"content":{"rendered":"<p><span style=\"color: #ff6600\"><strong>Africa-Press &#8211; Senegal. <\/strong><\/span>La question de la troisi\u00e8me candidature de Macky Sall divise toujours les S\u00e9n\u00e9galais. Le pr\u00e9sident du Parti de la v\u00e9rit\u00e9 pour le d\u00e9veloppement (PVD), face \u00e0 la presse vendredi, invite le chef de l\u2019Etat \u00e0 changer la Constitution apr\u00e8s les \u00e9lections L\u00e9gislatives et \u00e0 faire un mandat illimit\u00e9. Serigne Modou Kara renouvelle sa confiance au chef de l\u2019Etat.<\/p>\n<p>Un soutien de taille<\/p>\n<p>\u00ab Pour ces \u00e9lections L\u00e9gislatives, ma famille, mes talib\u00e9s et moi, nous soutenons le pr\u00e9sident Macky Sall. Nous sommes pr\u00eats \u00e0 lui donner la majorit\u00e9 pour qu\u2019il puisse r\u00e9aliser ses r\u00eaves avec son \u00e9quipe et continuer son travail. Il faut souhaiter \u00e0 Macky Sall une bonne r\u00e9ussite. Cela nous aidera \u00e0 nous d\u00e9velopper\u00ab , a d\u00e9clar\u00e9 Serigne Modou Kara.<\/p>\n<p>Macky, reste le meilleur\u2026<\/p>\n<p>Le pr\u00e9sident du Parti de la v\u00e9rit\u00e9 pour le d\u00e9veloppement ajoute : \u00ab On doit r\u00e9viser la Constitution apr\u00e8s les \u00e9lections L\u00e9gislatives du 31 juillet 2022. Il faut permettre \u00e0 Macky Sall de rester encore \u00e0 la t\u00eate du pays. Macky Sall est le meilleur pr\u00e9sident pour le S\u00e9n\u00e9gal. Ce n\u2019est pas facile de g\u00e9rer un pays. Et, on ne g\u00e8re pas un pays dans le t\u00e2tonnement et la violence. \u00bb<\/p>\n<p><strong>Pour plus d&rsquo;informations et d&rsquo;analyses sur la <a href=\"https:\/\/www.africa-press.net\/senegal\">Senegal<\/a>, suivez <a href=\"https:\/\/www.africa-press.net\/\">Africa-Press<\/a><\/strong><\/p>\n","protected":false},"excerpt":{"rendered":"<p>Africa-Press &#8211; Senegal. La question de la troisi\u00e8me candidature de Macky Sall divise toujours les S\u00e9n\u00e9galais. Le pr\u00e9sident du Parti de la v\u00e9rit\u00e9 pour le d\u00e9veloppement (PVD), face \u00e0 la presse vendredi, invite le chef de l\u2019Etat \u00e0 changer la Constitution apr\u00e8s les \u00e9lections L\u00e9gislatives et \u00e0 faire un mandat illimit\u00e9. Serigne Modou Kara renouvelle [&hellip;]<\/p>\n","protected":false},"author":82,"featured_media":30137,"comment_status":"open","ping_status":"closed","sticky":false,"template":"","format":"standard","meta":{"footnotes":""},"categories":[11,2,10],"tags":[43,47,44],"class_list":["post-30138","post","type-post","status-publish","format-standard","has-post-thumbnail","hentry","category-homepage-french","category-politique","category-toutes-les-actualites","tag-africa-press-2","tag-africa-press-senegal","tag-senegal-2"],"yoast_head":"<!-- This site is optimized with the Yoast SEO Premium plugin v26.1 (Yoast SEO v27.0) - https:\/\/yoast.com\/product\/yoast-seo-premium-wordpress\/ -->\n<title>Serigne Modou Kara invite Macky Sall \u00e0 changer la Constitution pour rester \u00e0 la t\u00eate du pays - Senegal<\/title>\n<meta name=\"description\" content=\"La question de la troisi\u00e8me candidature de Macky Sall divise toujours les S\u00e9n\u00e9galais. Le pr\u00e9sident du Parti de la v\u00e9rit\u00e9 ...\" \/>\n<meta name=\"robots\" content=\"index, follow, max-snippet:-1, max-image-preview:large, max-video-preview:-1\" \/>\n<link rel=\"canonical\" href=\"https:\/\/www.africa-press.net\/senegal\/politique\/serigne-modou-kara-invite-macky-sall-a-changer-la-constitution-pour-rester-a-la-tete-du-pays\" \/>\n<meta property=\"og:locale\" content=\"fr_FR\" \/>\n<meta property=\"og:type\" content=\"article\" \/>\n<meta property=\"og:title\" content=\"Serigne Modou Kara invite Macky Sall \u00e0 changer la Constitution pour rester \u00e0 la t\u00eate du pays\" \/>\n<meta property=\"og:description\" content=\"La question de la troisi\u00e8me candidature de Macky Sall divise toujours les S\u00e9n\u00e9galais. Le pr\u00e9sident du Parti de la v\u00e9rit\u00e9 ...\" \/>\n<meta property=\"og:url\" content=\"https:\/\/www.africa-press.net\/senegal\/politique\/serigne-modou-kara-invite-macky-sall-a-changer-la-constitution-pour-rester-a-la-tete-du-pays\" \/>\n<meta property=\"og:site_name\" content=\"Senegal\" \/>\n<meta property=\"article:published_time\" content=\"2022-07-23T20:46:18+00:00\" \/>\n<meta property=\"article:modified_time\" content=\"2022-07-23T20:58:41+00:00\" \/>\n<meta property=\"og:image\" content=\"https:\/\/static.africa-press.net\/senegal\/sites\/13\/2022\/07\/postQueueImg_16.jpg\" \/>\n\t<meta property=\"og:image:width\" content=\"720\" \/>\n\t<meta property=\"og:image:height\" content=\"368\" \/>\n\t<meta property=\"og:image:type\" content=\"image\/jpeg\" \/>\n<meta name=\"author\" content=\"cfeditorfr\" \/>\n<meta name=\"twitter:card\" content=\"summary_large_image\" \/>\n<meta name=\"twitter:label1\" content=\"\u00c9crit par\" \/>\n\t<meta name=\"twitter:data1\" content=\"cfeditorfr\" \/>\n\t<meta name=\"twitter:label2\" content=\"Dur\u00e9e de lecture estim\u00e9e\" \/>\n\t<meta name=\"twitter:data2\" content=\"2 minutes\" \/>\n<script type=\"application\/ld+json\" class=\"yoast-schema-graph\">{\"@context\":\"https:\/\/schema.org\",\"@graph\":[{\"@type\":\"Article\",\"@id\":\"https:\/\/www.africa-press.net\/senegal\/politique\/serigne-modou-kara-invite-macky-sall-a-changer-la-constitution-pour-rester-a-la-tete-du-pays#article\",\"isPartOf\":{\"@id\":\"https:\/\/www.africa-press.net\/senegal\/politique\/serigne-modou-kara-invite-macky-sall-a-changer-la-constitution-pour-rester-a-la-tete-du-pays\"},\"author\":{\"name\":\"cfeditorfr\",\"@id\":\"https:\/\/www.africa-press.net\/senegal\/#\/schema\/person\/2b1cf3cd81a31e3cd26889ca66d677f1\"},\"headline\":\"Serigne Modou Kara invite Macky Sall \u00e0 changer la Constitution pour rester \u00e0 la t\u00eate du pays\",\"datePublished\":\"2022-07-23T20:46:18+00:00\",\"dateModified\":\"2022-07-23T20:58:41+00:00\",\"mainEntityOfPage\":{\"@id\":\"https:\/\/www.africa-press.net\/senegal\/politique\/serigne-modou-kara-invite-macky-sall-a-changer-la-constitution-pour-rester-a-la-tete-du-pays\"},\"wordCount\":246,\"commentCount\":0,\"image\":{\"@id\":\"https:\/\/www.africa-press.net\/senegal\/politique\/serigne-modou-kara-invite-macky-sall-a-changer-la-constitution-pour-rester-a-la-tete-du-pays#primaryimage\"},\"thumbnailUrl\":\"https:\/\/static.africa-press.net\/senegal\/sites\/13\/2022\/07\/postQueueImg_16.jpg\",\"keywords\":[\"Africa Press\",\"Africa Press-Senegal\",\"Senegal\"],\"articleSection\":[\"homepage-french\",\"Politique\",\"Toutes les actualit\u00e9s\"],\"inLanguage\":\"fr-FR\",\"potentialAction\":[{\"@type\":\"CommentAction\",\"name\":\"Comment\",\"target\":[\"https:\/\/www.africa-press.net\/senegal\/politique\/serigne-modou-kara-invite-macky-sall-a-changer-la-constitution-pour-rester-a-la-tete-du-pays#respond\"]}]},{\"@type\":\"WebPage\",\"@id\":\"https:\/\/www.africa-press.net\/senegal\/politique\/serigne-modou-kara-invite-macky-sall-a-changer-la-constitution-pour-rester-a-la-tete-du-pays\",\"url\":\"https:\/\/www.africa-press.net\/senegal\/politique\/serigne-modou-kara-invite-macky-sall-a-changer-la-constitution-pour-rester-a-la-tete-du-pays\",\"name\":\"Serigne Modou Kara invite Macky Sall \u00e0 changer la Constitution pour rester \u00e0 la t\u00eate du pays - Senegal\",\"isPartOf\":{\"@id\":\"https:\/\/www.africa-press.net\/senegal\/#website\"},\"primaryImageOfPage\":{\"@id\":\"https:\/\/www.africa-press.net\/senegal\/politique\/serigne-modou-kara-invite-macky-sall-a-changer-la-constitution-pour-rester-a-la-tete-du-pays#primaryimage\"},\"image\":{\"@id\":\"https:\/\/www.africa-press.net\/senegal\/politique\/serigne-modou-kara-invite-macky-sall-a-changer-la-constitution-pour-rester-a-la-tete-du-pays#primaryimage\"},\"thumbnailUrl\":\"https:\/\/static.africa-press.net\/senegal\/sites\/13\/2022\/07\/postQueueImg_16.jpg\",\"datePublished\":\"2022-07-23T20:46:18+00:00\",\"dateModified\":\"2022-07-23T20:58:41+00:00\",\"author\":{\"@id\":\"https:\/\/www.africa-press.net\/senegal\/#\/schema\/person\/2b1cf3cd81a31e3cd26889ca66d677f1\"},\"description\":\"La question de la troisi\u00e8me candidature de Macky Sall divise toujours les S\u00e9n\u00e9galais. Le pr\u00e9sident du Parti de la v\u00e9rit\u00e9 ...\",\"breadcrumb\":{\"@id\":\"https:\/\/www.africa-press.net\/senegal\/politique\/serigne-modou-kara-invite-macky-sall-a-changer-la-constitution-pour-rester-a-la-tete-du-pays#breadcrumb\"},\"inLanguage\":\"fr-FR\",\"potentialAction\":[{\"@type\":\"ReadAction\",\"target\":[\"https:\/\/www.africa-press.net\/senegal\/politique\/serigne-modou-kara-invite-macky-sall-a-changer-la-constitution-pour-rester-a-la-tete-du-pays\"]}]},{\"@type\":\"ImageObject\",\"inLanguage\":\"fr-FR\",\"@id\":\"https:\/\/www.africa-press.net\/senegal\/politique\/serigne-modou-kara-invite-macky-sall-a-changer-la-constitution-pour-rester-a-la-tete-du-pays#primaryimage\",\"url\":\"https:\/\/static.africa-press.net\/senegal\/sites\/13\/2022\/07\/postQueueImg_16.jpg\",\"contentUrl\":\"https:\/\/static.africa-press.net\/senegal\/sites\/13\/2022\/07\/postQueueImg_16.jpg\",\"width\":720,\"height\":368,\"caption\":\"Serigne Modou Kara invite Macky Sall \u00e0 changer la Constitution pour rester \u00e0 la t\u00eate du pays\"},{\"@type\":\"BreadcrumbList\",\"@id\":\"https:\/\/www.africa-press.net\/senegal\/politique\/serigne-modou-kara-invite-macky-sall-a-changer-la-constitution-pour-rester-a-la-tete-du-pays#breadcrumb\",\"itemListElement\":[{\"@type\":\"ListItem\",\"position\":1,\"name\":\"Accueil\",\"item\":\"https:\/\/www.africa-press.net\/senegal\/\"},{\"@type\":\"ListItem\",\"position\":2,\"name\":\"Serigne Modou Kara invite Macky Sall \u00e0 changer la Constitution pour rester \u00e0 la t\u00eate du pays\"}]},{\"@type\":\"WebSite\",\"@id\":\"https:\/\/www.africa-press.net\/senegal\/#website\",\"url\":\"https:\/\/www.africa-press.net\/senegal\/\",\"name\":\"Africa Press | Senegal | Homepage\",\"description\":\"Just another Africa News Agency Sites site\",\"potentialAction\":[{\"@type\":\"SearchAction\",\"target\":{\"@type\":\"EntryPoint\",\"urlTemplate\":\"https:\/\/www.africa-press.net\/senegal\/?s={search_term_string}\"},\"query-input\":{\"@type\":\"PropertyValueSpecification\",\"valueRequired\":true,\"valueName\":\"search_term_string\"}}],\"inLanguage\":\"fr-FR\"},{\"@type\":\"Person\",\"@id\":\"https:\/\/www.africa-press.net\/senegal\/#\/schema\/person\/2b1cf3cd81a31e3cd26889ca66d677f1\",\"name\":\"cfeditorfr\",\"url\":\"https:\/\/www.africa-press.net\/senegal\/author\/cfeditorfr\"}]}<\/script>\n<!-- \/ Yoast SEO Premium plugin. -->","yoast_head_json":{"title":"Serigne Modou Kara invite Macky Sall \u00e0 changer la Constitution pour rester \u00e0 la t\u00eate du pays - Senegal","description":"La question de la troisi\u00e8me candidature de Macky Sall divise toujours les S\u00e9n\u00e9galais. Le pr\u00e9sident du Parti de la v\u00e9rit\u00e9 ...","robots":{"index":"index","follow":"follow","max-snippet":"max-snippet:-1","max-image-preview":"max-image-preview:large","max-video-preview":"max-video-preview:-1"},"canonical":"https:\/\/www.africa-press.net\/senegal\/politique\/serigne-modou-kara-invite-macky-sall-a-changer-la-constitution-pour-rester-a-la-tete-du-pays","og_locale":"fr_FR","og_type":"article","og_title":"Serigne Modou Kara invite Macky Sall \u00e0 changer la Constitution pour rester \u00e0 la t\u00eate du pays","og_description":"La question de la troisi\u00e8me candidature de Macky Sall divise toujours les S\u00e9n\u00e9galais. Le pr\u00e9sident du Parti de la v\u00e9rit\u00e9 ...","og_url":"https:\/\/www.africa-press.net\/senegal\/politique\/serigne-modou-kara-invite-macky-sall-a-changer-la-constitution-pour-rester-a-la-tete-du-pays","og_site_name":"Senegal","article_published_time":"2022-07-23T20:46:18+00:00","article_modified_time":"2022-07-23T20:58:41+00:00","og_image":[{"width":720,"height":368,"url":"https:\/\/static.africa-press.net\/senegal\/sites\/13\/2022\/07\/postQueueImg_16.jpg","type":"image\/jpeg"}],"author":"cfeditorfr","twitter_card":"summary_large_image","twitter_misc":{"\u00c9crit par":"cfeditorfr","Dur\u00e9e de lecture estim\u00e9e":"2 minutes"},"schema":{"@context":"https:\/\/schema.org","@graph":[{"@type":"Article","@id":"https:\/\/www.africa-press.net\/senegal\/politique\/serigne-modou-kara-invite-macky-sall-a-changer-la-constitution-pour-rester-a-la-tete-du-pays#article","isPartOf":{"@id":"https:\/\/www.africa-press.net\/senegal\/politique\/serigne-modou-kara-invite-macky-sall-a-changer-la-constitution-pour-rester-a-la-tete-du-pays"},"author":{"name":"cfeditorfr","@id":"https:\/\/www.africa-press.net\/senegal\/#\/schema\/person\/2b1cf3cd81a31e3cd26889ca66d677f1"},"headline":"Serigne Modou Kara invite Macky Sall \u00e0 changer la Constitution pour rester \u00e0 la t\u00eate du pays","datePublished":"2022-07-23T20:46:18+00:00","dateModified":"2022-07-23T20:58:41+00:00","mainEntityOfPage":{"@id":"https:\/\/www.africa-press.net\/senegal\/politique\/serigne-modou-kara-invite-macky-sall-a-changer-la-constitution-pour-rester-a-la-tete-du-pays"},"wordCount":246,"commentCount":0,"image":{"@id":"https:\/\/www.africa-press.net\/senegal\/politique\/serigne-modou-kara-invite-macky-sall-a-changer-la-constitution-pour-rester-a-la-tete-du-pays#primaryimage"},"thumbnailUrl":"https:\/\/static.africa-press.net\/senegal\/sites\/13\/2022\/07\/postQueueImg_16.jpg","keywords":["Africa Press","Africa Press-Senegal","Senegal"],"articleSection":["homepage-french","Politique","Toutes les actualit\u00e9s"],"inLanguage":"fr-FR","potentialAction":[{"@type":"CommentAction","name":"Comment","target":["https:\/\/www.africa-press.net\/senegal\/politique\/serigne-modou-kara-invite-macky-sall-a-changer-la-constitution-pour-rester-a-la-tete-du-pays#respond"]}]},{"@type":"WebPage","@id":"https:\/\/www.africa-press.net\/senegal\/politique\/serigne-modou-kara-invite-macky-sall-a-changer-la-constitution-pour-rester-a-la-tete-du-pays","url":"https:\/\/www.africa-press.net\/senegal\/politique\/serigne-modou-kara-invite-macky-sall-a-changer-la-constitution-pour-rester-a-la-tete-du-pays","name":"Serigne Modou Kara invite Macky Sall \u00e0 changer la Constitution pour rester \u00e0 la t\u00eate du pays - Senegal","isPartOf":{"@id":"https:\/\/www.africa-press.net\/senegal\/#website"},"primaryImageOfPage":{"@id":"https:\/\/www.africa-press.net\/senegal\/politique\/serigne-modou-kara-invite-macky-sall-a-changer-la-constitution-pour-rester-a-la-tete-du-pays#primaryimage"},"image":{"@id":"https:\/\/www.africa-press.net\/senegal\/politique\/serigne-modou-kara-invite-macky-sall-a-changer-la-constitution-pour-rester-a-la-tete-du-pays#primaryimage"},"thumbnailUrl":"https:\/\/static.africa-press.net\/senegal\/sites\/13\/2022\/07\/postQueueImg_16.jpg","datePublished":"2022-07-23T20:46:18+00:00","dateModified":"2022-07-23T20:58:41+00:00","author":{"@id":"https:\/\/www.africa-press.net\/senegal\/#\/schema\/person\/2b1cf3cd81a31e3cd26889ca66d677f1"},"description":"La question de la troisi\u00e8me candidature de Macky Sall divise toujours les S\u00e9n\u00e9galais. Le pr\u00e9sident du Parti de la v\u00e9rit\u00e9 ...","breadcrumb":{"@id":"https:\/\/www.africa-press.net\/senegal\/politique\/serigne-modou-kara-invite-macky-sall-a-changer-la-constitution-pour-rester-a-la-tete-du-pays#breadcrumb"},"inLanguage":"fr-FR","potentialAction":[{"@type":"ReadAction","target":["https:\/\/www.africa-press.net\/senegal\/politique\/serigne-modou-kara-invite-macky-sall-a-changer-la-constitution-pour-rester-a-la-tete-du-pays"]}]},{"@type":"ImageObject","inLanguage":"fr-FR","@id":"https:\/\/www.africa-press.net\/senegal\/politique\/serigne-modou-kara-invite-macky-sall-a-changer-la-constitution-pour-rester-a-la-tete-du-pays#primaryimage","url":"https:\/\/static.africa-press.net\/senegal\/sites\/13\/2022\/07\/postQueueImg_16.jpg","contentUrl":"https:\/\/static.africa-press.net\/senegal\/sites\/13\/2022\/07\/postQueueImg_16.jpg","width":720,"height":368,"caption":"Serigne Modou Kara invite Macky Sall \u00e0 changer la Constitution pour rester \u00e0 la t\u00eate du pays"},{"@type":"BreadcrumbList","@id":"https:\/\/www.africa-press.net\/senegal\/politique\/serigne-modou-kara-invite-macky-sall-a-changer-la-constitution-pour-rester-a-la-tete-du-pays#breadcrumb","itemListElement":[{"@type":"ListItem","position":1,"name":"Accueil","item":"https:\/\/www.africa-press.net\/senegal\/"},{"@type":"ListItem","position":2,"name":"Serigne Modou Kara invite Macky Sall \u00e0 changer la Constitution pour rester \u00e0 la t\u00eate du pays"}]},{"@type":"WebSite","@id":"https:\/\/www.africa-press.net\/senegal\/#website","url":"https:\/\/www.africa-press.net\/senegal\/","name":"Africa Press | Senegal | Homepage","description":"Just another Africa News Agency Sites site","potentialAction":[{"@type":"SearchAction","target":{"@type":"EntryPoint","urlTemplate":"https:\/\/www.africa-press.net\/senegal\/?s={search_term_string}"},"query-input":{"@type":"PropertyValueSpecification","valueRequired":true,"valueName":"search_term_string"}}],"inLanguage":"fr-FR"},{"@type":"Person","@id":"https:\/\/www.africa-press.net\/senegal\/#\/schema\/person\/2b1cf3cd81a31e3cd26889ca66d677f1","name":"cfeditorfr","url":"https:\/\/www.africa-press.net\/senegal\/author\/cfeditorfr"}]}},"_links":{"self":[{"href":"https:\/\/www.africa-press.net\/senegal\/wp-json\/wp\/v2\/posts\/30138","targetHints":{"allow":["GET"]}}],"collection":[{"href":"https:\/\/www.africa-press.net\/senegal\/wp-json\/wp\/v2\/posts"}],"about":[{"href":"https:\/\/www.africa-press.net\/senegal\/wp-json\/wp\/v2\/types\/post"}],"author":[{"embeddable":true,"href":"https:\/\/www.africa-press.net\/senegal\/wp-json\/wp\/v2\/users\/82"}],"replies":[{"embeddable":true,"href":"https:\/\/www.africa-press.net\/senegal\/wp-json\/wp\/v2\/comments?post=30138"}],"version-history":[{"count":0,"href":"https:\/\/www.africa-press.net\/senegal\/wp-json\/wp\/v2\/posts\/30138\/revisions"}],"wp:featuredmedia":[{"embeddable":true,"href":"https:\/\/www.africa-press.net\/senegal\/wp-json\/wp\/v2\/media\/30137"}],"wp:attachment":[{"href":"https:\/\/www.africa-press.net\/senegal\/wp-json\/wp\/v2\/media?parent=30138"}],"wp:term":[{"taxonomy":"category","embeddable":true,"href":"https:\/\/www.africa-press.net\/senegal\/wp-json\/wp\/v2\/categories?post=30138"},{"taxonomy":"post_tag","embeddable":true,"href":"https:\/\/www.africa-press.net\/senegal\/wp-json\/wp\/v2\/tags?post=30138"}],"curies":[{"name":"wp","href":"https:\/\/api.w.org\/{rel}","templated":true}]}}