{"id":33469,"date":"2022-09-27T21:37:15","date_gmt":"2022-09-27T21:37:15","guid":{"rendered":"https:\/\/www.africa-press.net\/senegal\/politique\/senegal-arabie-saoudite-les-chambres-de-commerces-des-deux-etats-signent-des-accords-de-cooperation"},"modified":"2022-09-27T22:05:09","modified_gmt":"2022-09-27T22:05:09","slug":"senegal-arabie-saoudite-les-chambres-de-commerces-des-deux-etats-signent-des-accords-de-cooperation","status":"publish","type":"post","link":"https:\/\/www.africa-press.net\/senegal\/economie\/senegal-arabie-saoudite-les-chambres-de-commerces-des-deux-etats-signent-des-accords-de-cooperation","title":{"rendered":"S\u00e9n\u00e9gal-Arabie Saoudite : Les chambres de commerces des deux Etats signent des accords de coop\u00e9ration"},"content":{"rendered":"<p><span style=\"color: #ff6600\"><strong>Africa-Press &#8211; Senegal. <\/strong><\/span>Khalid Ben Abdulaziz Al-Falih, ministre de l\u2019investissement du Royaume d\u2019Arabie Saoudite, a boucl\u00e9 sa visite d\u2019Etat de jours au S\u00e9n\u00e9gal au minist\u00e8re des affaires \u00e9trang\u00e8res. Venu avec une forte d\u00e9l\u00e9gation compos\u00e9 d\u2019investisseurs priv\u00e9s saoudiens, avec en t\u00eate de liste le Pr\u00e9sident de la F\u00e9d\u00e9ration des Chambres de Commerce Saoudienne, Monsieur Ajilan bin Abdulaziz Al-Ajlan, Al-Falih a proc\u00e9d\u00e9, au c\u00f4t\u00e9 de Me Aissata Tall Sall, \u00e0 la signature d\u2019un accord sur la protection des investissements entre les deux Etats. Par la suite, les deux chambres de commerce des deux pays ont, elles aussi, paraph\u00e9 un accord de coop\u00e9ration. L\u2019institution s\u00e9n\u00e9galaise repr\u00e9sent\u00e9e par son pr\u00e9sident, Serigne Mboup revient sur le bien fond\u00e9 de cet acte : \u00ab Cet accord de partenariat entre dans le cadre de la promotion du commerce, de l\u2019investissement et de la coop\u00e9ration \u00e9conomique de nos deux \u00c9tats respectifs, dont l\u2019objectif principal est de contribuer au renforcement du r\u00f4le et des missions de notre secteur priv\u00e9 au d\u00e9veloppement de notre \u00e9conomie nationale \u00bb.<\/p>\n<p>Dans son allocution, le pr\u00e9sident de l\u2019Union Nationale des Chambres de commerce, d\u2019Industrie et d\u2019Agriculture du S\u00e9n\u00e9gal (UNCCIAS) a soulign\u00e9 la pr\u00e9sence accrue des chambres de commerce dans les r\u00e9gions du pays, ce dans un souci de proximit\u00e9 au profit du secteur priv\u00e9.<\/p>\n<p>Rappelant l\u2019appartenance du S\u00e9n\u00e9gal \u00e0 l\u2019organisation de la Coop\u00e9ration Islamique (OCI), Serigne Mboup estime que ce partenariat permettra d&rsquo;accro\u00eetre les \u00e9changes entre les deux pays et \u00ab d\u2019\u00e9largir la coop\u00e9ration \u00e9conomique et industrielle entre les entreprises et les organisations saoudiennes et s\u00e9n\u00e9galaises \u00bb.<\/p>\n<p>Pour que ce partenariat porte ses fruits, l&rsquo;UNCCIAS a propos\u00e9 \u00e0 Me Aissata Tall Sall la mise en place d\u2019un comit\u00e9 de suivi pilot\u00e9 par son minist\u00e8re qui travaille en symbiose avec le p\u00f4le projet et partenariat de la chambre de commerce du S\u00e9n\u00e9gal.<\/p>\n<p><strong>Pour plus d&rsquo;informations et d&rsquo;analyses sur la <a href=\"https:\/\/www.africa-press.net\/senegal\">Senegal<\/a>, suivez <a href=\"https:\/\/www.africa-press.net\/\">Africa-Press<\/a><\/strong><\/p>\n","protected":false},"excerpt":{"rendered":"<p>Africa-Press &#8211; Senegal. Khalid Ben Abdulaziz Al-Falih, ministre de l\u2019investissement du Royaume d\u2019Arabie Saoudite, a boucl\u00e9 sa visite d\u2019Etat de jours au S\u00e9n\u00e9gal au minist\u00e8re des affaires \u00e9trang\u00e8res. Venu avec une forte d\u00e9l\u00e9gation compos\u00e9 d\u2019investisseurs priv\u00e9s saoudiens, avec en t\u00eate de liste le Pr\u00e9sident de la F\u00e9d\u00e9ration des Chambres de Commerce Saoudienne, Monsieur Ajilan bin [&hellip;]<\/p>\n","protected":false},"author":82,"featured_media":33468,"comment_status":"open","ping_status":"closed","sticky":false,"template":"","format":"standard","meta":{"footnotes":""},"categories":[3,11,20,10],"tags":[1766,43,47,3550,44,3549,508],"class_list":["post-33469","post","type-post","status-publish","format-standard","has-post-thumbnail","hentry","category-economie","category-homepage-french","category-top-nouvelles","category-toutes-les-actualites","tag-accords","tag-africa-press-2","tag-africa-press-senegal","tag-chambres-de-commerces","tag-senegal-2","tag-senegal-arabie-saoudite","tag-signature"],"yoast_head":"<!-- This site is optimized with the Yoast SEO Premium plugin v26.1 (Yoast SEO v27.0) - https:\/\/yoast.com\/product\/yoast-seo-premium-wordpress\/ -->\n<title>S\u00e9n\u00e9gal-Arabie Saoudite : Les chambres de commerces des deux Etats signent des accords de coop\u00e9ration - Senegal<\/title>\n<meta name=\"description\" content=\"Khalid Ben Abdulaziz Al-Falih, ministre de l\u2019investissement du Royaume d\u2019Arabie Saoudite, a boucl\u00e9 sa visite d\u2019Etat de j ...\" \/>\n<meta name=\"robots\" content=\"index, follow, max-snippet:-1, max-image-preview:large, max-video-preview:-1\" \/>\n<link rel=\"canonical\" href=\"https:\/\/www.africa-press.net\/senegal\/economie\/senegal-arabie-saoudite-les-chambres-de-commerces-des-deux-etats-signent-des-accords-de-cooperation\" \/>\n<meta property=\"og:locale\" content=\"fr_FR\" \/>\n<meta property=\"og:type\" content=\"article\" \/>\n<meta property=\"og:title\" content=\"S\u00e9n\u00e9gal-Arabie Saoudite : Les chambres de commerces des deux Etats signent des accords de coop\u00e9ration\" \/>\n<meta property=\"og:description\" content=\"Khalid Ben Abdulaziz Al-Falih, ministre de l\u2019investissement du Royaume d\u2019Arabie Saoudite, a boucl\u00e9 sa visite d\u2019Etat de j ...\" \/>\n<meta property=\"og:url\" content=\"https:\/\/www.africa-press.net\/senegal\/economie\/senegal-arabie-saoudite-les-chambres-de-commerces-des-deux-etats-signent-des-accords-de-cooperation\" \/>\n<meta property=\"og:site_name\" content=\"Senegal\" \/>\n<meta property=\"article:published_time\" content=\"2022-09-27T21:37:15+00:00\" \/>\n<meta property=\"article:modified_time\" content=\"2022-09-27T22:05:09+00:00\" \/>\n<meta property=\"og:image\" content=\"https:\/\/static.africa-press.net\/senegal\/sites\/13\/2022\/09\/postQueueImg_1-6333732735a20.jpg\" \/>\n\t<meta property=\"og:image:width\" content=\"720\" \/>\n\t<meta property=\"og:image:height\" content=\"350\" \/>\n\t<meta property=\"og:image:type\" content=\"image\/jpeg\" \/>\n<meta name=\"author\" content=\"cfeditorfr\" \/>\n<meta name=\"twitter:card\" content=\"summary_large_image\" \/>\n<meta name=\"twitter:label1\" content=\"\u00c9crit par\" \/>\n\t<meta name=\"twitter:data1\" content=\"cfeditorfr\" \/>\n\t<meta name=\"twitter:label2\" content=\"Dur\u00e9e de lecture estim\u00e9e\" \/>\n\t<meta name=\"twitter:data2\" content=\"2 minutes\" \/>\n<script type=\"application\/ld+json\" class=\"yoast-schema-graph\">{\"@context\":\"https:\/\/schema.org\",\"@graph\":[{\"@type\":\"Article\",\"@id\":\"https:\/\/www.africa-press.net\/senegal\/economie\/senegal-arabie-saoudite-les-chambres-de-commerces-des-deux-etats-signent-des-accords-de-cooperation#article\",\"isPartOf\":{\"@id\":\"https:\/\/www.africa-press.net\/senegal\/economie\/senegal-arabie-saoudite-les-chambres-de-commerces-des-deux-etats-signent-des-accords-de-cooperation\"},\"author\":{\"name\":\"cfeditorfr\",\"@id\":\"https:\/\/www.africa-press.net\/senegal\/#\/schema\/person\/2b1cf3cd81a31e3cd26889ca66d677f1\"},\"headline\":\"S\u00e9n\u00e9gal-Arabie Saoudite : Les chambres de commerces des deux Etats signent des accords de coop\u00e9ration\",\"datePublished\":\"2022-09-27T21:37:15+00:00\",\"dateModified\":\"2022-09-27T22:05:09+00:00\",\"mainEntityOfPage\":{\"@id\":\"https:\/\/www.africa-press.net\/senegal\/economie\/senegal-arabie-saoudite-les-chambres-de-commerces-des-deux-etats-signent-des-accords-de-cooperation\"},\"wordCount\":373,\"commentCount\":0,\"image\":{\"@id\":\"https:\/\/www.africa-press.net\/senegal\/economie\/senegal-arabie-saoudite-les-chambres-de-commerces-des-deux-etats-signent-des-accords-de-cooperation#primaryimage\"},\"thumbnailUrl\":\"https:\/\/static.africa-press.net\/senegal\/sites\/13\/2022\/09\/postQueueImg_1-6333732735a20.jpg\",\"keywords\":[\"Accords\",\"Africa Press\",\"Africa Press-Senegal\",\"Chambres de commerces\",\"Senegal\",\"Senegal-Arabie Saoudite\",\"Signature\"],\"articleSection\":[\"\u00c9conomie\",\"homepage-french\",\"Top Nouvelles\",\"Toutes les actualit\u00e9s\"],\"inLanguage\":\"fr-FR\",\"potentialAction\":[{\"@type\":\"CommentAction\",\"name\":\"Comment\",\"target\":[\"https:\/\/www.africa-press.net\/senegal\/economie\/senegal-arabie-saoudite-les-chambres-de-commerces-des-deux-etats-signent-des-accords-de-cooperation#respond\"]}]},{\"@type\":\"WebPage\",\"@id\":\"https:\/\/www.africa-press.net\/senegal\/economie\/senegal-arabie-saoudite-les-chambres-de-commerces-des-deux-etats-signent-des-accords-de-cooperation\",\"url\":\"https:\/\/www.africa-press.net\/senegal\/economie\/senegal-arabie-saoudite-les-chambres-de-commerces-des-deux-etats-signent-des-accords-de-cooperation\",\"name\":\"S\u00e9n\u00e9gal-Arabie Saoudite : Les chambres de commerces des deux Etats signent des accords de coop\u00e9ration - Senegal\",\"isPartOf\":{\"@id\":\"https:\/\/www.africa-press.net\/senegal\/#website\"},\"primaryImageOfPage\":{\"@id\":\"https:\/\/www.africa-press.net\/senegal\/economie\/senegal-arabie-saoudite-les-chambres-de-commerces-des-deux-etats-signent-des-accords-de-cooperation#primaryimage\"},\"image\":{\"@id\":\"https:\/\/www.africa-press.net\/senegal\/economie\/senegal-arabie-saoudite-les-chambres-de-commerces-des-deux-etats-signent-des-accords-de-cooperation#primaryimage\"},\"thumbnailUrl\":\"https:\/\/static.africa-press.net\/senegal\/sites\/13\/2022\/09\/postQueueImg_1-6333732735a20.jpg\",\"datePublished\":\"2022-09-27T21:37:15+00:00\",\"dateModified\":\"2022-09-27T22:05:09+00:00\",\"author\":{\"@id\":\"https:\/\/www.africa-press.net\/senegal\/#\/schema\/person\/2b1cf3cd81a31e3cd26889ca66d677f1\"},\"description\":\"Khalid Ben Abdulaziz Al-Falih, ministre de l\u2019investissement du Royaume d\u2019Arabie Saoudite, a boucl\u00e9 sa visite d\u2019Etat de j ...\",\"breadcrumb\":{\"@id\":\"https:\/\/www.africa-press.net\/senegal\/economie\/senegal-arabie-saoudite-les-chambres-de-commerces-des-deux-etats-signent-des-accords-de-cooperation#breadcrumb\"},\"inLanguage\":\"fr-FR\",\"potentialAction\":[{\"@type\":\"ReadAction\",\"target\":[\"https:\/\/www.africa-press.net\/senegal\/economie\/senegal-arabie-saoudite-les-chambres-de-commerces-des-deux-etats-signent-des-accords-de-cooperation\"]}]},{\"@type\":\"ImageObject\",\"inLanguage\":\"fr-FR\",\"@id\":\"https:\/\/www.africa-press.net\/senegal\/economie\/senegal-arabie-saoudite-les-chambres-de-commerces-des-deux-etats-signent-des-accords-de-cooperation#primaryimage\",\"url\":\"https:\/\/static.africa-press.net\/senegal\/sites\/13\/2022\/09\/postQueueImg_1-6333732735a20.jpg\",\"contentUrl\":\"https:\/\/static.africa-press.net\/senegal\/sites\/13\/2022\/09\/postQueueImg_1-6333732735a20.jpg\",\"width\":720,\"height\":350,\"caption\":\"S\u00e9n\u00e9gal-Arabie Saoudite : Les chambres de commerces des deux Etats signent des accords de coop\u00e9ration\"},{\"@type\":\"BreadcrumbList\",\"@id\":\"https:\/\/www.africa-press.net\/senegal\/economie\/senegal-arabie-saoudite-les-chambres-de-commerces-des-deux-etats-signent-des-accords-de-cooperation#breadcrumb\",\"itemListElement\":[{\"@type\":\"ListItem\",\"position\":1,\"name\":\"Accueil\",\"item\":\"https:\/\/www.africa-press.net\/senegal\/\"},{\"@type\":\"ListItem\",\"position\":2,\"name\":\"S\u00e9n\u00e9gal-Arabie Saoudite : Les chambres de commerces des deux Etats signent des accords de coop\u00e9ration\"}]},{\"@type\":\"WebSite\",\"@id\":\"https:\/\/www.africa-press.net\/senegal\/#website\",\"url\":\"https:\/\/www.africa-press.net\/senegal\/\",\"name\":\"Africa Press | Senegal | Homepage\",\"description\":\"Just another Africa News Agency Sites site\",\"potentialAction\":[{\"@type\":\"SearchAction\",\"target\":{\"@type\":\"EntryPoint\",\"urlTemplate\":\"https:\/\/www.africa-press.net\/senegal\/?s={search_term_string}\"},\"query-input\":{\"@type\":\"PropertyValueSpecification\",\"valueRequired\":true,\"valueName\":\"search_term_string\"}}],\"inLanguage\":\"fr-FR\"},{\"@type\":\"Person\",\"@id\":\"https:\/\/www.africa-press.net\/senegal\/#\/schema\/person\/2b1cf3cd81a31e3cd26889ca66d677f1\",\"name\":\"cfeditorfr\",\"url\":\"https:\/\/www.africa-press.net\/senegal\/author\/cfeditorfr\"}]}<\/script>\n<!-- \/ Yoast SEO Premium plugin. -->","yoast_head_json":{"title":"S\u00e9n\u00e9gal-Arabie Saoudite : Les chambres de commerces des deux Etats signent des accords de coop\u00e9ration - Senegal","description":"Khalid Ben Abdulaziz Al-Falih, ministre de l\u2019investissement du Royaume d\u2019Arabie Saoudite, a boucl\u00e9 sa visite d\u2019Etat de j ...","robots":{"index":"index","follow":"follow","max-snippet":"max-snippet:-1","max-image-preview":"max-image-preview:large","max-video-preview":"max-video-preview:-1"},"canonical":"https:\/\/www.africa-press.net\/senegal\/economie\/senegal-arabie-saoudite-les-chambres-de-commerces-des-deux-etats-signent-des-accords-de-cooperation","og_locale":"fr_FR","og_type":"article","og_title":"S\u00e9n\u00e9gal-Arabie Saoudite : Les chambres de commerces des deux Etats signent des accords de coop\u00e9ration","og_description":"Khalid Ben Abdulaziz Al-Falih, ministre de l\u2019investissement du Royaume d\u2019Arabie Saoudite, a boucl\u00e9 sa visite d\u2019Etat de j ...","og_url":"https:\/\/www.africa-press.net\/senegal\/economie\/senegal-arabie-saoudite-les-chambres-de-commerces-des-deux-etats-signent-des-accords-de-cooperation","og_site_name":"Senegal","article_published_time":"2022-09-27T21:37:15+00:00","article_modified_time":"2022-09-27T22:05:09+00:00","og_image":[{"width":720,"height":350,"url":"https:\/\/static.africa-press.net\/senegal\/sites\/13\/2022\/09\/postQueueImg_1-6333732735a20.jpg","type":"image\/jpeg"}],"author":"cfeditorfr","twitter_card":"summary_large_image","twitter_misc":{"\u00c9crit par":"cfeditorfr","Dur\u00e9e de lecture estim\u00e9e":"2 minutes"},"schema":{"@context":"https:\/\/schema.org","@graph":[{"@type":"Article","@id":"https:\/\/www.africa-press.net\/senegal\/economie\/senegal-arabie-saoudite-les-chambres-de-commerces-des-deux-etats-signent-des-accords-de-cooperation#article","isPartOf":{"@id":"https:\/\/www.africa-press.net\/senegal\/economie\/senegal-arabie-saoudite-les-chambres-de-commerces-des-deux-etats-signent-des-accords-de-cooperation"},"author":{"name":"cfeditorfr","@id":"https:\/\/www.africa-press.net\/senegal\/#\/schema\/person\/2b1cf3cd81a31e3cd26889ca66d677f1"},"headline":"S\u00e9n\u00e9gal-Arabie Saoudite : Les chambres de commerces des deux Etats signent des accords de coop\u00e9ration","datePublished":"2022-09-27T21:37:15+00:00","dateModified":"2022-09-27T22:05:09+00:00","mainEntityOfPage":{"@id":"https:\/\/www.africa-press.net\/senegal\/economie\/senegal-arabie-saoudite-les-chambres-de-commerces-des-deux-etats-signent-des-accords-de-cooperation"},"wordCount":373,"commentCount":0,"image":{"@id":"https:\/\/www.africa-press.net\/senegal\/economie\/senegal-arabie-saoudite-les-chambres-de-commerces-des-deux-etats-signent-des-accords-de-cooperation#primaryimage"},"thumbnailUrl":"https:\/\/static.africa-press.net\/senegal\/sites\/13\/2022\/09\/postQueueImg_1-6333732735a20.jpg","keywords":["Accords","Africa Press","Africa Press-Senegal","Chambres de commerces","Senegal","Senegal-Arabie Saoudite","Signature"],"articleSection":["\u00c9conomie","homepage-french","Top Nouvelles","Toutes les actualit\u00e9s"],"inLanguage":"fr-FR","potentialAction":[{"@type":"CommentAction","name":"Comment","target":["https:\/\/www.africa-press.net\/senegal\/economie\/senegal-arabie-saoudite-les-chambres-de-commerces-des-deux-etats-signent-des-accords-de-cooperation#respond"]}]},{"@type":"WebPage","@id":"https:\/\/www.africa-press.net\/senegal\/economie\/senegal-arabie-saoudite-les-chambres-de-commerces-des-deux-etats-signent-des-accords-de-cooperation","url":"https:\/\/www.africa-press.net\/senegal\/economie\/senegal-arabie-saoudite-les-chambres-de-commerces-des-deux-etats-signent-des-accords-de-cooperation","name":"S\u00e9n\u00e9gal-Arabie Saoudite : Les chambres de commerces des deux Etats signent des accords de coop\u00e9ration - Senegal","isPartOf":{"@id":"https:\/\/www.africa-press.net\/senegal\/#website"},"primaryImageOfPage":{"@id":"https:\/\/www.africa-press.net\/senegal\/economie\/senegal-arabie-saoudite-les-chambres-de-commerces-des-deux-etats-signent-des-accords-de-cooperation#primaryimage"},"image":{"@id":"https:\/\/www.africa-press.net\/senegal\/economie\/senegal-arabie-saoudite-les-chambres-de-commerces-des-deux-etats-signent-des-accords-de-cooperation#primaryimage"},"thumbnailUrl":"https:\/\/static.africa-press.net\/senegal\/sites\/13\/2022\/09\/postQueueImg_1-6333732735a20.jpg","datePublished":"2022-09-27T21:37:15+00:00","dateModified":"2022-09-27T22:05:09+00:00","author":{"@id":"https:\/\/www.africa-press.net\/senegal\/#\/schema\/person\/2b1cf3cd81a31e3cd26889ca66d677f1"},"description":"Khalid Ben Abdulaziz Al-Falih, ministre de l\u2019investissement du Royaume d\u2019Arabie Saoudite, a boucl\u00e9 sa visite d\u2019Etat de j ...","breadcrumb":{"@id":"https:\/\/www.africa-press.net\/senegal\/economie\/senegal-arabie-saoudite-les-chambres-de-commerces-des-deux-etats-signent-des-accords-de-cooperation#breadcrumb"},"inLanguage":"fr-FR","potentialAction":[{"@type":"ReadAction","target":["https:\/\/www.africa-press.net\/senegal\/economie\/senegal-arabie-saoudite-les-chambres-de-commerces-des-deux-etats-signent-des-accords-de-cooperation"]}]},{"@type":"ImageObject","inLanguage":"fr-FR","@id":"https:\/\/www.africa-press.net\/senegal\/economie\/senegal-arabie-saoudite-les-chambres-de-commerces-des-deux-etats-signent-des-accords-de-cooperation#primaryimage","url":"https:\/\/static.africa-press.net\/senegal\/sites\/13\/2022\/09\/postQueueImg_1-6333732735a20.jpg","contentUrl":"https:\/\/static.africa-press.net\/senegal\/sites\/13\/2022\/09\/postQueueImg_1-6333732735a20.jpg","width":720,"height":350,"caption":"S\u00e9n\u00e9gal-Arabie Saoudite : Les chambres de commerces des deux Etats signent des accords de coop\u00e9ration"},{"@type":"BreadcrumbList","@id":"https:\/\/www.africa-press.net\/senegal\/economie\/senegal-arabie-saoudite-les-chambres-de-commerces-des-deux-etats-signent-des-accords-de-cooperation#breadcrumb","itemListElement":[{"@type":"ListItem","position":1,"name":"Accueil","item":"https:\/\/www.africa-press.net\/senegal\/"},{"@type":"ListItem","position":2,"name":"S\u00e9n\u00e9gal-Arabie Saoudite : Les chambres de commerces des deux Etats signent des accords de coop\u00e9ration"}]},{"@type":"WebSite","@id":"https:\/\/www.africa-press.net\/senegal\/#website","url":"https:\/\/www.africa-press.net\/senegal\/","name":"Africa Press | Senegal | Homepage","description":"Just another Africa News Agency Sites site","potentialAction":[{"@type":"SearchAction","target":{"@type":"EntryPoint","urlTemplate":"https:\/\/www.africa-press.net\/senegal\/?s={search_term_string}"},"query-input":{"@type":"PropertyValueSpecification","valueRequired":true,"valueName":"search_term_string"}}],"inLanguage":"fr-FR"},{"@type":"Person","@id":"https:\/\/www.africa-press.net\/senegal\/#\/schema\/person\/2b1cf3cd81a31e3cd26889ca66d677f1","name":"cfeditorfr","url":"https:\/\/www.africa-press.net\/senegal\/author\/cfeditorfr"}]}},"_links":{"self":[{"href":"https:\/\/www.africa-press.net\/senegal\/wp-json\/wp\/v2\/posts\/33469","targetHints":{"allow":["GET"]}}],"collection":[{"href":"https:\/\/www.africa-press.net\/senegal\/wp-json\/wp\/v2\/posts"}],"about":[{"href":"https:\/\/www.africa-press.net\/senegal\/wp-json\/wp\/v2\/types\/post"}],"author":[{"embeddable":true,"href":"https:\/\/www.africa-press.net\/senegal\/wp-json\/wp\/v2\/users\/82"}],"replies":[{"embeddable":true,"href":"https:\/\/www.africa-press.net\/senegal\/wp-json\/wp\/v2\/comments?post=33469"}],"version-history":[{"count":0,"href":"https:\/\/www.africa-press.net\/senegal\/wp-json\/wp\/v2\/posts\/33469\/revisions"}],"wp:featuredmedia":[{"embeddable":true,"href":"https:\/\/www.africa-press.net\/senegal\/wp-json\/wp\/v2\/media\/33468"}],"wp:attachment":[{"href":"https:\/\/www.africa-press.net\/senegal\/wp-json\/wp\/v2\/media?parent=33469"}],"wp:term":[{"taxonomy":"category","embeddable":true,"href":"https:\/\/www.africa-press.net\/senegal\/wp-json\/wp\/v2\/categories?post=33469"},{"taxonomy":"post_tag","embeddable":true,"href":"https:\/\/www.africa-press.net\/senegal\/wp-json\/wp\/v2\/tags?post=33469"}],"curies":[{"name":"wp","href":"https:\/\/api.w.org\/{rel}","templated":true}]}}