{"id":33873,"date":"2022-10-07T15:51:49","date_gmt":"2022-10-07T15:51:49","guid":{"rendered":"https:\/\/www.africa-press.net\/senegal\/politique\/classement-mensuel-de-la-fifa-le-senegal-toujours-haut-perche-en-afrique"},"modified":"2022-10-07T16:09:55","modified_gmt":"2022-10-07T16:09:55","slug":"classement-mensuel-de-la-fifa-le-senegal-toujours-haut-perche-en-afrique","status":"publish","type":"post","link":"https:\/\/www.africa-press.net\/senegal\/sports\/classement-mensuel-de-la-fifa-le-senegal-toujours-haut-perche-en-afrique","title":{"rendered":"Classement mensuel de la FIFA : le S\u00e9n\u00e9gal toujours haut perch\u00e9 en Afrique"},"content":{"rendered":"<p><span style=\"color: #ff6600\"><strong>Africa-Press &#8211; Senegal. <\/strong><\/span>Premi\u00e8re nation africaine depuis novembre 2018, le S\u00e9n\u00e9gal a prolong\u00e9 hier, jeudi 6 octobre sa long\u00e9vit\u00e9 \u00e0 la t\u00eate du classement FIFA du mois d\u2019octobre. Un record africain pour l\u2019\u00e9quipe championne d\u2019Afrique et Mondialiste. M\u00eame s\u2019il a perdu 0,21 point par rapport \u00e0 la pr\u00e9c\u00e9dente \u00e9valuation, les Lions se maintiennent \u00e0 la 18e place de ce classement mondial domin\u00e9 par le Br\u00e9sil. Un classement qui tient compte des 172 rencontres internationales jou\u00e9es durant la derni\u00e8re la derni\u00e8re fen\u00eatre avant le Mondial 2022.<\/p>\n<p>Il n\u2019y a pas eu de changement au nouveau classement FIFA des nations qui a \u00e9t\u00e9 publi\u00e9 hier, jeudi 6 octobre. Le S\u00e9n\u00e9gal reste toujours haut perch\u00e9 dans le rang des \u00e9quipes nationales africaines pour le mois d\u2019octobre.<\/p>\n<p>Ce classement tient compte des derniers matchs, jou\u00e9s en septembre, lors de la derni\u00e8re fen\u00eatre internationale, qui pr\u00e9c\u00e8de le Mondial 2022. Le S\u00e9n\u00e9gal a jou\u00e9 les 24 et 27 septembre des rencontres amicales internationales de pr\u00e9paration \u00e0 la Coupe du monde au Qatar. Des matchs sold\u00e9s par une victoire face \u00e0 la Bolivie (2-0) et un match nul devant l\u2019Iran (1-1). Le S\u00e9n\u00e9gal qui a perd 0.21 points par rapport \u00e0 la pr\u00e9c\u00e9dente \u00e9valuation mais maintient sa 18\u00e8me place au classement mondial.<\/p>\n<p>Au niveau africain de ce classement FIFA, le S\u00e9n\u00e9gal est toujours talonn\u00e9 par le Maroc (22\u00e8me). Les Lions de l\u2019Atlas restent invaincus lors de leurs deux matchs amicaux. Le podium africain et compl\u00e9ter par la Tunisie qui sort d\u2019une victoire contre les Comores et d\u2019une lourde d\u00e9faite face au Br\u00e9sil. Le Nig\u00e9ria pointe \u00e0 la 4\u00e8me place africaine. Suite \u00e0 ses deux victoires devant la Guin\u00e9e (1-0) et les Super Eagles (2-1), l\u2019Alg\u00e9rie s\u2019empare de la 5\u00e8me place du continent. Les Alg\u00e9riens et l\u2019Egypte ont ainsi doubl\u00e9 le Cameroun rel\u00e9gu\u00e9 \u00e0 la 7\u00e8me place continentale, apr\u00e8s ses deux d\u00e9faites essuy\u00e9es contre l\u2019Ouzb\u00e9kistan (2-0) et la Cor\u00e9e du Sud (1-0).<\/p>\n<p>Dans cette \u00e9valuation mensuelle, qui a tenu compte des 172 rencontres internationales jou\u00e9es durant la derni\u00e8re fen\u00eatre Fifa avant le Mondial 2022, c\u2019est le Br\u00e9sil qui consolide sa place de leader mondial. Avec 1841 points, la Selecao creuse l\u2019\u00e9cart apr\u00e8s ses larges victoires contre le Ghana (3-0) et la Tunisie (5-1). Elle devance la Belgique et l\u2019Argentine. La France est toujours au pied du podium.<\/p>\n<p><strong>Pour plus d&rsquo;informations et d&rsquo;analyses sur la <a href=\"https:\/\/www.africa-press.net\/senegal\">Senegal<\/a>, suivez <a href=\"https:\/\/www.africa-press.net\/\">Africa-Press<\/a><\/strong><\/p>\n","protected":false},"excerpt":{"rendered":"<p>Africa-Press &#8211; Senegal. Premi\u00e8re nation africaine depuis novembre 2018, le S\u00e9n\u00e9gal a prolong\u00e9 hier, jeudi 6 octobre sa long\u00e9vit\u00e9 \u00e0 la t\u00eate du classement FIFA du mois d\u2019octobre. Un record africain pour l\u2019\u00e9quipe championne d\u2019Afrique et Mondialiste. M\u00eame s\u2019il a perdu 0,21 point par rapport \u00e0 la pr\u00e9c\u00e9dente \u00e9valuation, les Lions se maintiennent \u00e0 la [&hellip;]<\/p>\n","protected":false},"author":82,"featured_media":33872,"comment_status":"open","ping_status":"closed","sticky":false,"template":"","format":"standard","meta":{"footnotes":""},"categories":[11,6,10],"tags":[43,47,44],"class_list":["post-33873","post","type-post","status-publish","format-standard","has-post-thumbnail","hentry","category-homepage-french","category-sports","category-toutes-les-actualites","tag-africa-press-2","tag-africa-press-senegal","tag-senegal-2"],"yoast_head":"<!-- This site is optimized with the Yoast SEO Premium plugin v26.1 (Yoast SEO v27.0) - https:\/\/yoast.com\/product\/yoast-seo-premium-wordpress\/ -->\n<title>Classement mensuel de la FIFA : le S\u00e9n\u00e9gal toujours haut perch\u00e9 en Afrique - Senegal<\/title>\n<meta name=\"description\" content=\"Premi\u00e8re nation africaine depuis novembre 2018, le S\u00e9n\u00e9gal a prolong\u00e9 hier, jeudi 6 octobre sa long\u00e9vit\u00e9 \u00e0 la t\u00eate du cl ...\" \/>\n<meta name=\"robots\" content=\"index, follow, max-snippet:-1, max-image-preview:large, max-video-preview:-1\" \/>\n<link rel=\"canonical\" href=\"https:\/\/www.africa-press.net\/senegal\/sports\/classement-mensuel-de-la-fifa-le-senegal-toujours-haut-perche-en-afrique\" \/>\n<meta property=\"og:locale\" content=\"fr_FR\" \/>\n<meta property=\"og:type\" content=\"article\" \/>\n<meta property=\"og:title\" content=\"Classement mensuel de la FIFA : le S\u00e9n\u00e9gal toujours haut perch\u00e9 en Afrique\" \/>\n<meta property=\"og:description\" content=\"Premi\u00e8re nation africaine depuis novembre 2018, le S\u00e9n\u00e9gal a prolong\u00e9 hier, jeudi 6 octobre sa long\u00e9vit\u00e9 \u00e0 la t\u00eate du cl ...\" \/>\n<meta property=\"og:url\" content=\"https:\/\/www.africa-press.net\/senegal\/sports\/classement-mensuel-de-la-fifa-le-senegal-toujours-haut-perche-en-afrique\" \/>\n<meta property=\"og:site_name\" content=\"Senegal\" \/>\n<meta property=\"article:published_time\" content=\"2022-10-07T15:51:49+00:00\" \/>\n<meta property=\"article:modified_time\" content=\"2022-10-07T16:09:55+00:00\" \/>\n<meta property=\"og:image\" content=\"https:\/\/static.africa-press.net\/senegal\/sites\/13\/2022\/10\/postQueueImg_1-63404f125720d.jpg\" \/>\n\t<meta property=\"og:image:width\" content=\"719\" \/>\n\t<meta property=\"og:image:height\" content=\"445\" \/>\n\t<meta property=\"og:image:type\" content=\"image\/jpeg\" \/>\n<meta name=\"author\" content=\"cfeditorfr\" \/>\n<meta name=\"twitter:card\" content=\"summary_large_image\" \/>\n<meta name=\"twitter:label1\" content=\"\u00c9crit par\" \/>\n\t<meta name=\"twitter:data1\" content=\"cfeditorfr\" \/>\n\t<meta name=\"twitter:label2\" content=\"Dur\u00e9e de lecture estim\u00e9e\" \/>\n\t<meta name=\"twitter:data2\" content=\"2 minutes\" \/>\n<script type=\"application\/ld+json\" class=\"yoast-schema-graph\">{\"@context\":\"https:\/\/schema.org\",\"@graph\":[{\"@type\":\"Article\",\"@id\":\"https:\/\/www.africa-press.net\/senegal\/sports\/classement-mensuel-de-la-fifa-le-senegal-toujours-haut-perche-en-afrique#article\",\"isPartOf\":{\"@id\":\"https:\/\/www.africa-press.net\/senegal\/sports\/classement-mensuel-de-la-fifa-le-senegal-toujours-haut-perche-en-afrique\"},\"author\":{\"name\":\"cfeditorfr\",\"@id\":\"https:\/\/www.africa-press.net\/senegal\/#\/schema\/person\/2b1cf3cd81a31e3cd26889ca66d677f1\"},\"headline\":\"Classement mensuel de la FIFA : le S\u00e9n\u00e9gal toujours haut perch\u00e9 en Afrique\",\"datePublished\":\"2022-10-07T15:51:49+00:00\",\"dateModified\":\"2022-10-07T16:09:55+00:00\",\"mainEntityOfPage\":{\"@id\":\"https:\/\/www.africa-press.net\/senegal\/sports\/classement-mensuel-de-la-fifa-le-senegal-toujours-haut-perche-en-afrique\"},\"wordCount\":448,\"commentCount\":0,\"image\":{\"@id\":\"https:\/\/www.africa-press.net\/senegal\/sports\/classement-mensuel-de-la-fifa-le-senegal-toujours-haut-perche-en-afrique#primaryimage\"},\"thumbnailUrl\":\"https:\/\/static.africa-press.net\/senegal\/sites\/13\/2022\/10\/postQueueImg_1-63404f125720d.jpg\",\"keywords\":[\"Africa Press\",\"Africa Press-Senegal\",\"Senegal\"],\"articleSection\":[\"homepage-french\",\"Sports\",\"Toutes les actualit\u00e9s\"],\"inLanguage\":\"fr-FR\",\"potentialAction\":[{\"@type\":\"CommentAction\",\"name\":\"Comment\",\"target\":[\"https:\/\/www.africa-press.net\/senegal\/sports\/classement-mensuel-de-la-fifa-le-senegal-toujours-haut-perche-en-afrique#respond\"]}]},{\"@type\":\"WebPage\",\"@id\":\"https:\/\/www.africa-press.net\/senegal\/sports\/classement-mensuel-de-la-fifa-le-senegal-toujours-haut-perche-en-afrique\",\"url\":\"https:\/\/www.africa-press.net\/senegal\/sports\/classement-mensuel-de-la-fifa-le-senegal-toujours-haut-perche-en-afrique\",\"name\":\"Classement mensuel de la FIFA : le S\u00e9n\u00e9gal toujours haut perch\u00e9 en Afrique - Senegal\",\"isPartOf\":{\"@id\":\"https:\/\/www.africa-press.net\/senegal\/#website\"},\"primaryImageOfPage\":{\"@id\":\"https:\/\/www.africa-press.net\/senegal\/sports\/classement-mensuel-de-la-fifa-le-senegal-toujours-haut-perche-en-afrique#primaryimage\"},\"image\":{\"@id\":\"https:\/\/www.africa-press.net\/senegal\/sports\/classement-mensuel-de-la-fifa-le-senegal-toujours-haut-perche-en-afrique#primaryimage\"},\"thumbnailUrl\":\"https:\/\/static.africa-press.net\/senegal\/sites\/13\/2022\/10\/postQueueImg_1-63404f125720d.jpg\",\"datePublished\":\"2022-10-07T15:51:49+00:00\",\"dateModified\":\"2022-10-07T16:09:55+00:00\",\"author\":{\"@id\":\"https:\/\/www.africa-press.net\/senegal\/#\/schema\/person\/2b1cf3cd81a31e3cd26889ca66d677f1\"},\"description\":\"Premi\u00e8re nation africaine depuis novembre 2018, le S\u00e9n\u00e9gal a prolong\u00e9 hier, jeudi 6 octobre sa long\u00e9vit\u00e9 \u00e0 la t\u00eate du cl ...\",\"breadcrumb\":{\"@id\":\"https:\/\/www.africa-press.net\/senegal\/sports\/classement-mensuel-de-la-fifa-le-senegal-toujours-haut-perche-en-afrique#breadcrumb\"},\"inLanguage\":\"fr-FR\",\"potentialAction\":[{\"@type\":\"ReadAction\",\"target\":[\"https:\/\/www.africa-press.net\/senegal\/sports\/classement-mensuel-de-la-fifa-le-senegal-toujours-haut-perche-en-afrique\"]}]},{\"@type\":\"ImageObject\",\"inLanguage\":\"fr-FR\",\"@id\":\"https:\/\/www.africa-press.net\/senegal\/sports\/classement-mensuel-de-la-fifa-le-senegal-toujours-haut-perche-en-afrique#primaryimage\",\"url\":\"https:\/\/static.africa-press.net\/senegal\/sites\/13\/2022\/10\/postQueueImg_1-63404f125720d.jpg\",\"contentUrl\":\"https:\/\/static.africa-press.net\/senegal\/sites\/13\/2022\/10\/postQueueImg_1-63404f125720d.jpg\",\"width\":719,\"height\":445,\"caption\":\"Classement mensuel de la FIFA : le S\u00e9n\u00e9gal toujours haut perch\u00e9 en Afrique\"},{\"@type\":\"BreadcrumbList\",\"@id\":\"https:\/\/www.africa-press.net\/senegal\/sports\/classement-mensuel-de-la-fifa-le-senegal-toujours-haut-perche-en-afrique#breadcrumb\",\"itemListElement\":[{\"@type\":\"ListItem\",\"position\":1,\"name\":\"Accueil\",\"item\":\"https:\/\/www.africa-press.net\/senegal\/\"},{\"@type\":\"ListItem\",\"position\":2,\"name\":\"Classement mensuel de la FIFA : le S\u00e9n\u00e9gal toujours haut perch\u00e9 en Afrique\"}]},{\"@type\":\"WebSite\",\"@id\":\"https:\/\/www.africa-press.net\/senegal\/#website\",\"url\":\"https:\/\/www.africa-press.net\/senegal\/\",\"name\":\"Africa Press | Senegal | Homepage\",\"description\":\"Just another Africa News Agency Sites site\",\"potentialAction\":[{\"@type\":\"SearchAction\",\"target\":{\"@type\":\"EntryPoint\",\"urlTemplate\":\"https:\/\/www.africa-press.net\/senegal\/?s={search_term_string}\"},\"query-input\":{\"@type\":\"PropertyValueSpecification\",\"valueRequired\":true,\"valueName\":\"search_term_string\"}}],\"inLanguage\":\"fr-FR\"},{\"@type\":\"Person\",\"@id\":\"https:\/\/www.africa-press.net\/senegal\/#\/schema\/person\/2b1cf3cd81a31e3cd26889ca66d677f1\",\"name\":\"cfeditorfr\",\"url\":\"https:\/\/www.africa-press.net\/senegal\/author\/cfeditorfr\"}]}<\/script>\n<!-- \/ Yoast SEO Premium plugin. -->","yoast_head_json":{"title":"Classement mensuel de la FIFA : le S\u00e9n\u00e9gal toujours haut perch\u00e9 en Afrique - Senegal","description":"Premi\u00e8re nation africaine depuis novembre 2018, le S\u00e9n\u00e9gal a prolong\u00e9 hier, jeudi 6 octobre sa long\u00e9vit\u00e9 \u00e0 la t\u00eate du cl ...","robots":{"index":"index","follow":"follow","max-snippet":"max-snippet:-1","max-image-preview":"max-image-preview:large","max-video-preview":"max-video-preview:-1"},"canonical":"https:\/\/www.africa-press.net\/senegal\/sports\/classement-mensuel-de-la-fifa-le-senegal-toujours-haut-perche-en-afrique","og_locale":"fr_FR","og_type":"article","og_title":"Classement mensuel de la FIFA : le S\u00e9n\u00e9gal toujours haut perch\u00e9 en Afrique","og_description":"Premi\u00e8re nation africaine depuis novembre 2018, le S\u00e9n\u00e9gal a prolong\u00e9 hier, jeudi 6 octobre sa long\u00e9vit\u00e9 \u00e0 la t\u00eate du cl ...","og_url":"https:\/\/www.africa-press.net\/senegal\/sports\/classement-mensuel-de-la-fifa-le-senegal-toujours-haut-perche-en-afrique","og_site_name":"Senegal","article_published_time":"2022-10-07T15:51:49+00:00","article_modified_time":"2022-10-07T16:09:55+00:00","og_image":[{"width":719,"height":445,"url":"https:\/\/static.africa-press.net\/senegal\/sites\/13\/2022\/10\/postQueueImg_1-63404f125720d.jpg","type":"image\/jpeg"}],"author":"cfeditorfr","twitter_card":"summary_large_image","twitter_misc":{"\u00c9crit par":"cfeditorfr","Dur\u00e9e de lecture estim\u00e9e":"2 minutes"},"schema":{"@context":"https:\/\/schema.org","@graph":[{"@type":"Article","@id":"https:\/\/www.africa-press.net\/senegal\/sports\/classement-mensuel-de-la-fifa-le-senegal-toujours-haut-perche-en-afrique#article","isPartOf":{"@id":"https:\/\/www.africa-press.net\/senegal\/sports\/classement-mensuel-de-la-fifa-le-senegal-toujours-haut-perche-en-afrique"},"author":{"name":"cfeditorfr","@id":"https:\/\/www.africa-press.net\/senegal\/#\/schema\/person\/2b1cf3cd81a31e3cd26889ca66d677f1"},"headline":"Classement mensuel de la FIFA : le S\u00e9n\u00e9gal toujours haut perch\u00e9 en Afrique","datePublished":"2022-10-07T15:51:49+00:00","dateModified":"2022-10-07T16:09:55+00:00","mainEntityOfPage":{"@id":"https:\/\/www.africa-press.net\/senegal\/sports\/classement-mensuel-de-la-fifa-le-senegal-toujours-haut-perche-en-afrique"},"wordCount":448,"commentCount":0,"image":{"@id":"https:\/\/www.africa-press.net\/senegal\/sports\/classement-mensuel-de-la-fifa-le-senegal-toujours-haut-perche-en-afrique#primaryimage"},"thumbnailUrl":"https:\/\/static.africa-press.net\/senegal\/sites\/13\/2022\/10\/postQueueImg_1-63404f125720d.jpg","keywords":["Africa Press","Africa Press-Senegal","Senegal"],"articleSection":["homepage-french","Sports","Toutes les actualit\u00e9s"],"inLanguage":"fr-FR","potentialAction":[{"@type":"CommentAction","name":"Comment","target":["https:\/\/www.africa-press.net\/senegal\/sports\/classement-mensuel-de-la-fifa-le-senegal-toujours-haut-perche-en-afrique#respond"]}]},{"@type":"WebPage","@id":"https:\/\/www.africa-press.net\/senegal\/sports\/classement-mensuel-de-la-fifa-le-senegal-toujours-haut-perche-en-afrique","url":"https:\/\/www.africa-press.net\/senegal\/sports\/classement-mensuel-de-la-fifa-le-senegal-toujours-haut-perche-en-afrique","name":"Classement mensuel de la FIFA : le S\u00e9n\u00e9gal toujours haut perch\u00e9 en Afrique - Senegal","isPartOf":{"@id":"https:\/\/www.africa-press.net\/senegal\/#website"},"primaryImageOfPage":{"@id":"https:\/\/www.africa-press.net\/senegal\/sports\/classement-mensuel-de-la-fifa-le-senegal-toujours-haut-perche-en-afrique#primaryimage"},"image":{"@id":"https:\/\/www.africa-press.net\/senegal\/sports\/classement-mensuel-de-la-fifa-le-senegal-toujours-haut-perche-en-afrique#primaryimage"},"thumbnailUrl":"https:\/\/static.africa-press.net\/senegal\/sites\/13\/2022\/10\/postQueueImg_1-63404f125720d.jpg","datePublished":"2022-10-07T15:51:49+00:00","dateModified":"2022-10-07T16:09:55+00:00","author":{"@id":"https:\/\/www.africa-press.net\/senegal\/#\/schema\/person\/2b1cf3cd81a31e3cd26889ca66d677f1"},"description":"Premi\u00e8re nation africaine depuis novembre 2018, le S\u00e9n\u00e9gal a prolong\u00e9 hier, jeudi 6 octobre sa long\u00e9vit\u00e9 \u00e0 la t\u00eate du cl ...","breadcrumb":{"@id":"https:\/\/www.africa-press.net\/senegal\/sports\/classement-mensuel-de-la-fifa-le-senegal-toujours-haut-perche-en-afrique#breadcrumb"},"inLanguage":"fr-FR","potentialAction":[{"@type":"ReadAction","target":["https:\/\/www.africa-press.net\/senegal\/sports\/classement-mensuel-de-la-fifa-le-senegal-toujours-haut-perche-en-afrique"]}]},{"@type":"ImageObject","inLanguage":"fr-FR","@id":"https:\/\/www.africa-press.net\/senegal\/sports\/classement-mensuel-de-la-fifa-le-senegal-toujours-haut-perche-en-afrique#primaryimage","url":"https:\/\/static.africa-press.net\/senegal\/sites\/13\/2022\/10\/postQueueImg_1-63404f125720d.jpg","contentUrl":"https:\/\/static.africa-press.net\/senegal\/sites\/13\/2022\/10\/postQueueImg_1-63404f125720d.jpg","width":719,"height":445,"caption":"Classement mensuel de la FIFA : le S\u00e9n\u00e9gal toujours haut perch\u00e9 en Afrique"},{"@type":"BreadcrumbList","@id":"https:\/\/www.africa-press.net\/senegal\/sports\/classement-mensuel-de-la-fifa-le-senegal-toujours-haut-perche-en-afrique#breadcrumb","itemListElement":[{"@type":"ListItem","position":1,"name":"Accueil","item":"https:\/\/www.africa-press.net\/senegal\/"},{"@type":"ListItem","position":2,"name":"Classement mensuel de la FIFA : le S\u00e9n\u00e9gal toujours haut perch\u00e9 en Afrique"}]},{"@type":"WebSite","@id":"https:\/\/www.africa-press.net\/senegal\/#website","url":"https:\/\/www.africa-press.net\/senegal\/","name":"Africa Press | Senegal | Homepage","description":"Just another Africa News Agency Sites site","potentialAction":[{"@type":"SearchAction","target":{"@type":"EntryPoint","urlTemplate":"https:\/\/www.africa-press.net\/senegal\/?s={search_term_string}"},"query-input":{"@type":"PropertyValueSpecification","valueRequired":true,"valueName":"search_term_string"}}],"inLanguage":"fr-FR"},{"@type":"Person","@id":"https:\/\/www.africa-press.net\/senegal\/#\/schema\/person\/2b1cf3cd81a31e3cd26889ca66d677f1","name":"cfeditorfr","url":"https:\/\/www.africa-press.net\/senegal\/author\/cfeditorfr"}]}},"_links":{"self":[{"href":"https:\/\/www.africa-press.net\/senegal\/wp-json\/wp\/v2\/posts\/33873","targetHints":{"allow":["GET"]}}],"collection":[{"href":"https:\/\/www.africa-press.net\/senegal\/wp-json\/wp\/v2\/posts"}],"about":[{"href":"https:\/\/www.africa-press.net\/senegal\/wp-json\/wp\/v2\/types\/post"}],"author":[{"embeddable":true,"href":"https:\/\/www.africa-press.net\/senegal\/wp-json\/wp\/v2\/users\/82"}],"replies":[{"embeddable":true,"href":"https:\/\/www.africa-press.net\/senegal\/wp-json\/wp\/v2\/comments?post=33873"}],"version-history":[{"count":0,"href":"https:\/\/www.africa-press.net\/senegal\/wp-json\/wp\/v2\/posts\/33873\/revisions"}],"wp:featuredmedia":[{"embeddable":true,"href":"https:\/\/www.africa-press.net\/senegal\/wp-json\/wp\/v2\/media\/33872"}],"wp:attachment":[{"href":"https:\/\/www.africa-press.net\/senegal\/wp-json\/wp\/v2\/media?parent=33873"}],"wp:term":[{"taxonomy":"category","embeddable":true,"href":"https:\/\/www.africa-press.net\/senegal\/wp-json\/wp\/v2\/categories?post=33873"},{"taxonomy":"post_tag","embeddable":true,"href":"https:\/\/www.africa-press.net\/senegal\/wp-json\/wp\/v2\/tags?post=33873"}],"curies":[{"name":"wp","href":"https:\/\/api.w.org\/{rel}","templated":true}]}}