{"id":35648,"date":"2022-11-22T18:00:56","date_gmt":"2022-11-22T18:00:56","guid":{"rendered":"https:\/\/www.africa-press.net\/senegal\/politique\/affaire-prodac-3e-mandat-lopposition-charrie-mame-mbaye-niang"},"modified":"2022-11-22T18:44:05","modified_gmt":"2022-11-22T18:44:05","slug":"affaire-prodac-3e-mandat-lopposition-charrie-mame-mbaye-niang","status":"publish","type":"post","link":"https:\/\/www.africa-press.net\/senegal\/politique\/affaire-prodac-3e-mandat-lopposition-charrie-mame-mbaye-niang","title":{"rendered":"Affaire Prodac, 3e mandat : L\u2019opposition charrie Mame Mbaye Niang"},"content":{"rendered":"<p><span style=\"color: #ff6600\"><strong>Africa-Press &#8211; Senegal. <\/strong><\/span>L\u2019affaire des 29 milliards F Cfa du Prodac et la question du troisie\u0300me mandat du pre\u0301sident Macky Sall se sont invite\u0301es, hier, a\u0300 l\u2019Assemble\u0301e nationale, lors du vote du budget du ministe\u0300re du Tourisme et des Loisirs.<\/p>\n<p>Les de\u0301pute\u0301s de l\u2019opposition n\u2019ont pas manque\u0301 de jeter des pierres a\u0300 Mame Mbaye Niang. Selon eux, l\u2019ancien ministre de la Jeunesse, de l\u2019Emploi et de la Construction n\u2019est pas digne de confiance.<\/p>\n<p>\u00abOn ne peut pas comprendre qu\u2019un ministre du Tourisme, qui doit faire la promotion du tourisme, soit a\u0300 l\u2019origine de ce qui peut apporter dans ce pays de l\u2019instabilite\u0301, parce qu\u2019il passe tout son temps a\u0300 parler de troisie\u0300me mandat. Le respect de la parole donne\u0301e est tre\u0300s important dans notre socie\u0301te\u0301\u00bb, a lance\u0301 Abass Sall.<\/p>\n<p>Mame Mbaye Niang n\u2019a pas tarde\u0301 a\u0300 apporter la re\u0301plique a\u0300 ses de\u0301tracteurs. Le ministre qui avait sous sa tutelle le Programme des domaines agricoles communautaires (Prodac), rappelle qu&rsquo;il n\u2019a jamais e\u0301te\u0301 e\u0301pingle\u0301 par un quelconque rapport concernant le Prodac.<\/p>\n<p>\u00abCeux qui ont re\u0301pandu ces calomnies n\u2019ont qu\u2019a\u0300 apporter des preuves. Je n\u2019ai jamais dit aussi que Macky Sall va faire un troisie\u0300me mandat\u00bb, a-t-il martele\u0301.<\/p>\n<p><strong>Pour plus d&rsquo;informations et d&rsquo;analyses sur la <a href=\"https:\/\/www.africa-press.net\/senegal\">Senegal<\/a>, suivez <a href=\"https:\/\/www.africa-press.net\/\">Africa-Press<\/a><\/strong><\/p>\n","protected":false},"excerpt":{"rendered":"<p>Africa-Press &#8211; Senegal. L\u2019affaire des 29 milliards F Cfa du Prodac et la question du troisie\u0300me mandat du pre\u0301sident Macky Sall se sont invite\u0301es, hier, a\u0300 l\u2019Assemble\u0301e nationale, lors du vote du budget du ministe\u0300re du Tourisme et des Loisirs. Les de\u0301pute\u0301s de l\u2019opposition n\u2019ont pas manque\u0301 de jeter des pierres a\u0300 Mame Mbaye Niang. [&hellip;]<\/p>\n","protected":false},"author":82,"featured_media":35646,"comment_status":"open","ping_status":"closed","sticky":false,"template":"","format":"standard","meta":{"footnotes":""},"categories":[2,20,10],"tags":[43,47,44],"class_list":["post-35648","post","type-post","status-publish","format-standard","has-post-thumbnail","hentry","category-politique","category-top-nouvelles","category-toutes-les-actualites","tag-africa-press-2","tag-africa-press-senegal","tag-senegal-2"],"yoast_head":"<!-- This site is optimized with the Yoast SEO Premium plugin v26.1 (Yoast SEO v27.0) - https:\/\/yoast.com\/product\/yoast-seo-premium-wordpress\/ -->\n<title>Affaire Prodac, 3e mandat : L\u2019opposition charrie Mame Mbaye Niang - Senegal<\/title>\n<meta name=\"description\" content=\"L\u2019affaire des 29 milliards F Cfa du Prodac et la question du troisie\u0300me mandat du pre\u0301sident Macky Sall se sont invite\u0301e ...\" \/>\n<meta name=\"robots\" content=\"index, follow, max-snippet:-1, max-image-preview:large, max-video-preview:-1\" \/>\n<link rel=\"canonical\" href=\"https:\/\/www.africa-press.net\/senegal\/politique\/affaire-prodac-3e-mandat-lopposition-charrie-mame-mbaye-niang\" \/>\n<meta property=\"og:locale\" content=\"fr_FR\" \/>\n<meta property=\"og:type\" content=\"article\" \/>\n<meta property=\"og:title\" content=\"Affaire Prodac, 3e mandat : L\u2019opposition charrie Mame Mbaye Niang\" \/>\n<meta property=\"og:description\" content=\"L\u2019affaire des 29 milliards F Cfa du Prodac et la question du troisie\u0300me mandat du pre\u0301sident Macky Sall se sont invite\u0301e ...\" \/>\n<meta property=\"og:url\" content=\"https:\/\/www.africa-press.net\/senegal\/politique\/affaire-prodac-3e-mandat-lopposition-charrie-mame-mbaye-niang\" \/>\n<meta property=\"og:site_name\" content=\"Senegal\" \/>\n<meta property=\"article:published_time\" content=\"2022-11-22T18:00:56+00:00\" \/>\n<meta property=\"article:modified_time\" content=\"2022-11-22T18:44:05+00:00\" \/>\n<meta property=\"og:image\" content=\"https:\/\/static.africa-press.net\/senegal\/sites\/13\/2022\/11\/postQueueImg_1669127484.68.jpg\" \/>\n\t<meta property=\"og:image:width\" content=\"720\" \/>\n\t<meta property=\"og:image:height\" content=\"350\" \/>\n\t<meta property=\"og:image:type\" content=\"image\/jpeg\" \/>\n<meta name=\"author\" content=\"cfeditorfr\" \/>\n<meta name=\"twitter:card\" content=\"summary_large_image\" \/>\n<meta name=\"twitter:label1\" content=\"\u00c9crit par\" \/>\n\t<meta name=\"twitter:data1\" content=\"cfeditorfr\" \/>\n\t<meta name=\"twitter:label2\" content=\"Dur\u00e9e de lecture estim\u00e9e\" \/>\n\t<meta name=\"twitter:data2\" content=\"2 minutes\" \/>\n<script type=\"application\/ld+json\" class=\"yoast-schema-graph\">{\"@context\":\"https:\/\/schema.org\",\"@graph\":[{\"@type\":\"Article\",\"@id\":\"https:\/\/www.africa-press.net\/senegal\/politique\/affaire-prodac-3e-mandat-lopposition-charrie-mame-mbaye-niang#article\",\"isPartOf\":{\"@id\":\"https:\/\/www.africa-press.net\/senegal\/politique\/affaire-prodac-3e-mandat-lopposition-charrie-mame-mbaye-niang\"},\"author\":{\"name\":\"cfeditorfr\",\"@id\":\"https:\/\/www.africa-press.net\/senegal\/#\/schema\/person\/2b1cf3cd81a31e3cd26889ca66d677f1\"},\"headline\":\"Affaire Prodac, 3e mandat : L\u2019opposition charrie Mame Mbaye Niang\",\"datePublished\":\"2022-11-22T18:00:56+00:00\",\"dateModified\":\"2022-11-22T18:44:05+00:00\",\"mainEntityOfPage\":{\"@id\":\"https:\/\/www.africa-press.net\/senegal\/politique\/affaire-prodac-3e-mandat-lopposition-charrie-mame-mbaye-niang\"},\"wordCount\":250,\"commentCount\":0,\"image\":{\"@id\":\"https:\/\/www.africa-press.net\/senegal\/politique\/affaire-prodac-3e-mandat-lopposition-charrie-mame-mbaye-niang#primaryimage\"},\"thumbnailUrl\":\"https:\/\/static.africa-press.net\/senegal\/sites\/13\/2022\/11\/postQueueImg_1669127484.68.jpg\",\"keywords\":[\"Africa Press\",\"Africa Press-Senegal\",\"Senegal\"],\"articleSection\":[\"Politique\",\"Top Nouvelles\",\"Toutes les actualit\u00e9s\"],\"inLanguage\":\"fr-FR\",\"potentialAction\":[{\"@type\":\"CommentAction\",\"name\":\"Comment\",\"target\":[\"https:\/\/www.africa-press.net\/senegal\/politique\/affaire-prodac-3e-mandat-lopposition-charrie-mame-mbaye-niang#respond\"]}]},{\"@type\":\"WebPage\",\"@id\":\"https:\/\/www.africa-press.net\/senegal\/politique\/affaire-prodac-3e-mandat-lopposition-charrie-mame-mbaye-niang\",\"url\":\"https:\/\/www.africa-press.net\/senegal\/politique\/affaire-prodac-3e-mandat-lopposition-charrie-mame-mbaye-niang\",\"name\":\"Affaire Prodac, 3e mandat : L\u2019opposition charrie Mame Mbaye Niang - Senegal\",\"isPartOf\":{\"@id\":\"https:\/\/www.africa-press.net\/senegal\/#website\"},\"primaryImageOfPage\":{\"@id\":\"https:\/\/www.africa-press.net\/senegal\/politique\/affaire-prodac-3e-mandat-lopposition-charrie-mame-mbaye-niang#primaryimage\"},\"image\":{\"@id\":\"https:\/\/www.africa-press.net\/senegal\/politique\/affaire-prodac-3e-mandat-lopposition-charrie-mame-mbaye-niang#primaryimage\"},\"thumbnailUrl\":\"https:\/\/static.africa-press.net\/senegal\/sites\/13\/2022\/11\/postQueueImg_1669127484.68.jpg\",\"datePublished\":\"2022-11-22T18:00:56+00:00\",\"dateModified\":\"2022-11-22T18:44:05+00:00\",\"author\":{\"@id\":\"https:\/\/www.africa-press.net\/senegal\/#\/schema\/person\/2b1cf3cd81a31e3cd26889ca66d677f1\"},\"description\":\"L\u2019affaire des 29 milliards F Cfa du Prodac et la question du troisie\u0300me mandat du pre\u0301sident Macky Sall se sont invite\u0301e ...\",\"breadcrumb\":{\"@id\":\"https:\/\/www.africa-press.net\/senegal\/politique\/affaire-prodac-3e-mandat-lopposition-charrie-mame-mbaye-niang#breadcrumb\"},\"inLanguage\":\"fr-FR\",\"potentialAction\":[{\"@type\":\"ReadAction\",\"target\":[\"https:\/\/www.africa-press.net\/senegal\/politique\/affaire-prodac-3e-mandat-lopposition-charrie-mame-mbaye-niang\"]}]},{\"@type\":\"ImageObject\",\"inLanguage\":\"fr-FR\",\"@id\":\"https:\/\/www.africa-press.net\/senegal\/politique\/affaire-prodac-3e-mandat-lopposition-charrie-mame-mbaye-niang#primaryimage\",\"url\":\"https:\/\/static.africa-press.net\/senegal\/sites\/13\/2022\/11\/postQueueImg_1669127484.68.jpg\",\"contentUrl\":\"https:\/\/static.africa-press.net\/senegal\/sites\/13\/2022\/11\/postQueueImg_1669127484.68.jpg\",\"width\":720,\"height\":350,\"caption\":\"Affaire Prodac, 3e mandat : L\u2019opposition charrie Mame Mbaye Niang\"},{\"@type\":\"BreadcrumbList\",\"@id\":\"https:\/\/www.africa-press.net\/senegal\/politique\/affaire-prodac-3e-mandat-lopposition-charrie-mame-mbaye-niang#breadcrumb\",\"itemListElement\":[{\"@type\":\"ListItem\",\"position\":1,\"name\":\"Accueil\",\"item\":\"https:\/\/www.africa-press.net\/senegal\/\"},{\"@type\":\"ListItem\",\"position\":2,\"name\":\"Affaire Prodac, 3e mandat : L\u2019opposition charrie Mame Mbaye Niang\"}]},{\"@type\":\"WebSite\",\"@id\":\"https:\/\/www.africa-press.net\/senegal\/#website\",\"url\":\"https:\/\/www.africa-press.net\/senegal\/\",\"name\":\"Africa Press | Senegal | Homepage\",\"description\":\"Just another Africa News Agency Sites site\",\"potentialAction\":[{\"@type\":\"SearchAction\",\"target\":{\"@type\":\"EntryPoint\",\"urlTemplate\":\"https:\/\/www.africa-press.net\/senegal\/?s={search_term_string}\"},\"query-input\":{\"@type\":\"PropertyValueSpecification\",\"valueRequired\":true,\"valueName\":\"search_term_string\"}}],\"inLanguage\":\"fr-FR\"},{\"@type\":\"Person\",\"@id\":\"https:\/\/www.africa-press.net\/senegal\/#\/schema\/person\/2b1cf3cd81a31e3cd26889ca66d677f1\",\"name\":\"cfeditorfr\",\"url\":\"https:\/\/www.africa-press.net\/senegal\/author\/cfeditorfr\"}]}<\/script>\n<!-- \/ Yoast SEO Premium plugin. -->","yoast_head_json":{"title":"Affaire Prodac, 3e mandat : L\u2019opposition charrie Mame Mbaye Niang - Senegal","description":"L\u2019affaire des 29 milliards F Cfa du Prodac et la question du troisie\u0300me mandat du pre\u0301sident Macky Sall se sont invite\u0301e ...","robots":{"index":"index","follow":"follow","max-snippet":"max-snippet:-1","max-image-preview":"max-image-preview:large","max-video-preview":"max-video-preview:-1"},"canonical":"https:\/\/www.africa-press.net\/senegal\/politique\/affaire-prodac-3e-mandat-lopposition-charrie-mame-mbaye-niang","og_locale":"fr_FR","og_type":"article","og_title":"Affaire Prodac, 3e mandat : L\u2019opposition charrie Mame Mbaye Niang","og_description":"L\u2019affaire des 29 milliards F Cfa du Prodac et la question du troisie\u0300me mandat du pre\u0301sident Macky Sall se sont invite\u0301e ...","og_url":"https:\/\/www.africa-press.net\/senegal\/politique\/affaire-prodac-3e-mandat-lopposition-charrie-mame-mbaye-niang","og_site_name":"Senegal","article_published_time":"2022-11-22T18:00:56+00:00","article_modified_time":"2022-11-22T18:44:05+00:00","og_image":[{"width":720,"height":350,"url":"https:\/\/static.africa-press.net\/senegal\/sites\/13\/2022\/11\/postQueueImg_1669127484.68.jpg","type":"image\/jpeg"}],"author":"cfeditorfr","twitter_card":"summary_large_image","twitter_misc":{"\u00c9crit par":"cfeditorfr","Dur\u00e9e de lecture estim\u00e9e":"2 minutes"},"schema":{"@context":"https:\/\/schema.org","@graph":[{"@type":"Article","@id":"https:\/\/www.africa-press.net\/senegal\/politique\/affaire-prodac-3e-mandat-lopposition-charrie-mame-mbaye-niang#article","isPartOf":{"@id":"https:\/\/www.africa-press.net\/senegal\/politique\/affaire-prodac-3e-mandat-lopposition-charrie-mame-mbaye-niang"},"author":{"name":"cfeditorfr","@id":"https:\/\/www.africa-press.net\/senegal\/#\/schema\/person\/2b1cf3cd81a31e3cd26889ca66d677f1"},"headline":"Affaire Prodac, 3e mandat : L\u2019opposition charrie Mame Mbaye Niang","datePublished":"2022-11-22T18:00:56+00:00","dateModified":"2022-11-22T18:44:05+00:00","mainEntityOfPage":{"@id":"https:\/\/www.africa-press.net\/senegal\/politique\/affaire-prodac-3e-mandat-lopposition-charrie-mame-mbaye-niang"},"wordCount":250,"commentCount":0,"image":{"@id":"https:\/\/www.africa-press.net\/senegal\/politique\/affaire-prodac-3e-mandat-lopposition-charrie-mame-mbaye-niang#primaryimage"},"thumbnailUrl":"https:\/\/static.africa-press.net\/senegal\/sites\/13\/2022\/11\/postQueueImg_1669127484.68.jpg","keywords":["Africa Press","Africa Press-Senegal","Senegal"],"articleSection":["Politique","Top Nouvelles","Toutes les actualit\u00e9s"],"inLanguage":"fr-FR","potentialAction":[{"@type":"CommentAction","name":"Comment","target":["https:\/\/www.africa-press.net\/senegal\/politique\/affaire-prodac-3e-mandat-lopposition-charrie-mame-mbaye-niang#respond"]}]},{"@type":"WebPage","@id":"https:\/\/www.africa-press.net\/senegal\/politique\/affaire-prodac-3e-mandat-lopposition-charrie-mame-mbaye-niang","url":"https:\/\/www.africa-press.net\/senegal\/politique\/affaire-prodac-3e-mandat-lopposition-charrie-mame-mbaye-niang","name":"Affaire Prodac, 3e mandat : L\u2019opposition charrie Mame Mbaye Niang - Senegal","isPartOf":{"@id":"https:\/\/www.africa-press.net\/senegal\/#website"},"primaryImageOfPage":{"@id":"https:\/\/www.africa-press.net\/senegal\/politique\/affaire-prodac-3e-mandat-lopposition-charrie-mame-mbaye-niang#primaryimage"},"image":{"@id":"https:\/\/www.africa-press.net\/senegal\/politique\/affaire-prodac-3e-mandat-lopposition-charrie-mame-mbaye-niang#primaryimage"},"thumbnailUrl":"https:\/\/static.africa-press.net\/senegal\/sites\/13\/2022\/11\/postQueueImg_1669127484.68.jpg","datePublished":"2022-11-22T18:00:56+00:00","dateModified":"2022-11-22T18:44:05+00:00","author":{"@id":"https:\/\/www.africa-press.net\/senegal\/#\/schema\/person\/2b1cf3cd81a31e3cd26889ca66d677f1"},"description":"L\u2019affaire des 29 milliards F Cfa du Prodac et la question du troisie\u0300me mandat du pre\u0301sident Macky Sall se sont invite\u0301e ...","breadcrumb":{"@id":"https:\/\/www.africa-press.net\/senegal\/politique\/affaire-prodac-3e-mandat-lopposition-charrie-mame-mbaye-niang#breadcrumb"},"inLanguage":"fr-FR","potentialAction":[{"@type":"ReadAction","target":["https:\/\/www.africa-press.net\/senegal\/politique\/affaire-prodac-3e-mandat-lopposition-charrie-mame-mbaye-niang"]}]},{"@type":"ImageObject","inLanguage":"fr-FR","@id":"https:\/\/www.africa-press.net\/senegal\/politique\/affaire-prodac-3e-mandat-lopposition-charrie-mame-mbaye-niang#primaryimage","url":"https:\/\/static.africa-press.net\/senegal\/sites\/13\/2022\/11\/postQueueImg_1669127484.68.jpg","contentUrl":"https:\/\/static.africa-press.net\/senegal\/sites\/13\/2022\/11\/postQueueImg_1669127484.68.jpg","width":720,"height":350,"caption":"Affaire Prodac, 3e mandat : L\u2019opposition charrie Mame Mbaye Niang"},{"@type":"BreadcrumbList","@id":"https:\/\/www.africa-press.net\/senegal\/politique\/affaire-prodac-3e-mandat-lopposition-charrie-mame-mbaye-niang#breadcrumb","itemListElement":[{"@type":"ListItem","position":1,"name":"Accueil","item":"https:\/\/www.africa-press.net\/senegal\/"},{"@type":"ListItem","position":2,"name":"Affaire Prodac, 3e mandat : L\u2019opposition charrie Mame Mbaye Niang"}]},{"@type":"WebSite","@id":"https:\/\/www.africa-press.net\/senegal\/#website","url":"https:\/\/www.africa-press.net\/senegal\/","name":"Africa Press | Senegal | Homepage","description":"Just another Africa News Agency Sites site","potentialAction":[{"@type":"SearchAction","target":{"@type":"EntryPoint","urlTemplate":"https:\/\/www.africa-press.net\/senegal\/?s={search_term_string}"},"query-input":{"@type":"PropertyValueSpecification","valueRequired":true,"valueName":"search_term_string"}}],"inLanguage":"fr-FR"},{"@type":"Person","@id":"https:\/\/www.africa-press.net\/senegal\/#\/schema\/person\/2b1cf3cd81a31e3cd26889ca66d677f1","name":"cfeditorfr","url":"https:\/\/www.africa-press.net\/senegal\/author\/cfeditorfr"}]}},"_links":{"self":[{"href":"https:\/\/www.africa-press.net\/senegal\/wp-json\/wp\/v2\/posts\/35648","targetHints":{"allow":["GET"]}}],"collection":[{"href":"https:\/\/www.africa-press.net\/senegal\/wp-json\/wp\/v2\/posts"}],"about":[{"href":"https:\/\/www.africa-press.net\/senegal\/wp-json\/wp\/v2\/types\/post"}],"author":[{"embeddable":true,"href":"https:\/\/www.africa-press.net\/senegal\/wp-json\/wp\/v2\/users\/82"}],"replies":[{"embeddable":true,"href":"https:\/\/www.africa-press.net\/senegal\/wp-json\/wp\/v2\/comments?post=35648"}],"version-history":[{"count":0,"href":"https:\/\/www.africa-press.net\/senegal\/wp-json\/wp\/v2\/posts\/35648\/revisions"}],"wp:featuredmedia":[{"embeddable":true,"href":"https:\/\/www.africa-press.net\/senegal\/wp-json\/wp\/v2\/media\/35646"}],"wp:attachment":[{"href":"https:\/\/www.africa-press.net\/senegal\/wp-json\/wp\/v2\/media?parent=35648"}],"wp:term":[{"taxonomy":"category","embeddable":true,"href":"https:\/\/www.africa-press.net\/senegal\/wp-json\/wp\/v2\/categories?post=35648"},{"taxonomy":"post_tag","embeddable":true,"href":"https:\/\/www.africa-press.net\/senegal\/wp-json\/wp\/v2\/tags?post=35648"}],"curies":[{"name":"wp","href":"https:\/\/api.w.org\/{rel}","templated":true}]}}