{"id":36414,"date":"2022-12-10T20:54:25","date_gmt":"2022-12-10T20:54:25","guid":{"rendered":"https:\/\/www.africa-press.net\/senegal\/politique\/planification-de-la-politique-culturelle-de-la-commune-plus-de-30-associations-se-reunissent-a-dalifort"},"modified":"2022-12-10T21:41:27","modified_gmt":"2022-12-10T21:41:27","slug":"planification-de-la-politique-culturelle-de-la-commune-plus-de-30-associations-se-reunissent-a-dalifort","status":"publish","type":"post","link":"https:\/\/www.africa-press.net\/senegal\/culture-et-art\/planification-de-la-politique-culturelle-de-la-commune-plus-de-30-associations-se-reunissent-a-dalifort","title":{"rendered":"Planification de la politique culturelle de la Commune : Plus de 30 associations se r\u00e9unissent \u00e0 Dalifort"},"content":{"rendered":"<p><span style=\"color: #ff6600\"><strong>Africa-Press &#8211; Senegal. <\/strong><\/span><b>Les deux jours des travaux de l\u2019atelier de re\u0301flexion et de planification de la politique culturelle de la Commune de Dalifort-Foirail a e\u0301te\u0301 clo\u0302ture\u0301 ce samedi a\u0300 la commune de Dalifort.<\/b><\/p>\n<p>L\u2019objet de cette rencontre de haut niveau e\u0301tait de faire la cartographie culturelle de la commune, mais surtout permettre a\u0300 la municipalite\u0301 de trouver des e\u0301le\u0301ments de re\u0301ponse par rapport aux attentes des acteurs culturel de la Commune.<\/p>\n<p>Cet atelier a\u0300 re\u0301unir plus de 30 Associations culturels qui ont discute\u0301 des difficulte\u0301s des acteurs culturels de la commune.<\/p>\n<p>\u00ab C\u2019est pour nous un grand honneur de convier l\u2019ensemble des acteurs culturels de commune de Dalifort pour planifier avec eux la cartographie et l\u2019agenda culturel afin d\u2019anticiper sur les activite\u0301s au sortir de cette rencontre qui va nous permettre d\u2019avoir une politique culturel sur les 5 anne\u0301es a\u0300 venir \u00bb, a renseigne\u0301 Monsieur Ibrahima, Conseil technique du Maire de Dalifort.<\/p>\n<p>Il fait savoir, a\u0300 cet effet, qu\u2019a\u0300 l\u2019issu de cet atelier, \u00ab quelques activite\u0301s phares ont e\u0301te\u0301 retenues avec les acteurs comme le festival culturel de danses de Dalifort, la fe\u0302te de la musique, Dalifort Hip Hop entre, autres \u00bb.<\/p>\n<p><strong>Pour plus d&rsquo;informations et d&rsquo;analyses sur la <a href=\"https:\/\/www.africa-press.net\/senegal\">Senegal<\/a>, suivez <a href=\"https:\/\/www.africa-press.net\/\">Africa-Press<\/a><\/strong><\/p>\n","protected":false},"excerpt":{"rendered":"<p>Africa-Press &#8211; Senegal. Les deux jours des travaux de l\u2019atelier de re\u0301flexion et de planification de la politique culturelle de la Commune de Dalifort-Foirail a e\u0301te\u0301 clo\u0302ture\u0301 ce samedi a\u0300 la commune de Dalifort. L\u2019objet de cette rencontre de haut niveau e\u0301tait de faire la cartographie culturelle de la commune, mais surtout permettre a\u0300 la [&hellip;]<\/p>\n","protected":false},"author":82,"featured_media":36413,"comment_status":"open","ping_status":"closed","sticky":false,"template":"","format":"standard","meta":{"footnotes":""},"categories":[5,10],"tags":[43,47,44],"class_list":["post-36414","post","type-post","status-publish","format-standard","has-post-thumbnail","hentry","category-culture-et-art","category-toutes-les-actualites","tag-africa-press-2","tag-africa-press-senegal","tag-senegal-2"],"yoast_head":"<!-- This site is optimized with the Yoast SEO Premium plugin v26.1 (Yoast SEO v27.0) - https:\/\/yoast.com\/product\/yoast-seo-premium-wordpress\/ -->\n<title>Planification de la politique culturelle de la Commune : Plus de 30 associations se r\u00e9unissent \u00e0 Dalifort - Senegal<\/title>\n<meta name=\"description\" content=\"Les deux jours des travaux de l\u2019atelier de re\u0301flexion et de planification de la politique culturelle de la Commune de ...\" \/>\n<meta name=\"robots\" content=\"index, follow, max-snippet:-1, max-image-preview:large, max-video-preview:-1\" \/>\n<link rel=\"canonical\" href=\"https:\/\/www.africa-press.net\/senegal\/culture-et-art\/planification-de-la-politique-culturelle-de-la-commune-plus-de-30-associations-se-reunissent-a-dalifort\" \/>\n<meta property=\"og:locale\" content=\"fr_FR\" \/>\n<meta property=\"og:type\" content=\"article\" \/>\n<meta property=\"og:title\" content=\"Planification de la politique culturelle de la Commune : Plus de 30 associations se r\u00e9unissent \u00e0 Dalifort\" \/>\n<meta property=\"og:description\" content=\"Les deux jours des travaux de l\u2019atelier de re\u0301flexion et de planification de la politique culturelle de la Commune de ...\" \/>\n<meta property=\"og:url\" content=\"https:\/\/www.africa-press.net\/senegal\/culture-et-art\/planification-de-la-politique-culturelle-de-la-commune-plus-de-30-associations-se-reunissent-a-dalifort\" \/>\n<meta property=\"og:site_name\" content=\"Senegal\" \/>\n<meta property=\"article:published_time\" content=\"2022-12-10T20:54:25+00:00\" \/>\n<meta property=\"article:modified_time\" content=\"2022-12-10T21:41:27+00:00\" \/>\n<meta property=\"og:image\" content=\"https:\/\/static.africa-press.net\/senegal\/sites\/13\/2022\/12\/postQueueImg_1670693253.80.jpg\" \/>\n\t<meta property=\"og:image:width\" content=\"1024\" \/>\n\t<meta property=\"og:image:height\" content=\"768\" \/>\n\t<meta property=\"og:image:type\" content=\"image\/jpeg\" \/>\n<meta name=\"author\" content=\"cfeditorfr\" \/>\n<meta name=\"twitter:card\" content=\"summary_large_image\" \/>\n<meta name=\"twitter:label1\" content=\"\u00c9crit par\" \/>\n\t<meta name=\"twitter:data1\" content=\"cfeditorfr\" \/>\n\t<meta name=\"twitter:label2\" content=\"Dur\u00e9e de lecture estim\u00e9e\" \/>\n\t<meta name=\"twitter:data2\" content=\"2 minutes\" \/>\n<script type=\"application\/ld+json\" class=\"yoast-schema-graph\">{\"@context\":\"https:\/\/schema.org\",\"@graph\":[{\"@type\":\"Article\",\"@id\":\"https:\/\/www.africa-press.net\/senegal\/culture-et-art\/planification-de-la-politique-culturelle-de-la-commune-plus-de-30-associations-se-reunissent-a-dalifort#article\",\"isPartOf\":{\"@id\":\"https:\/\/www.africa-press.net\/senegal\/culture-et-art\/planification-de-la-politique-culturelle-de-la-commune-plus-de-30-associations-se-reunissent-a-dalifort\"},\"author\":{\"name\":\"cfeditorfr\",\"@id\":\"https:\/\/www.africa-press.net\/senegal\/#\/schema\/person\/2b1cf3cd81a31e3cd26889ca66d677f1\"},\"headline\":\"Planification de la politique culturelle de la Commune : Plus de 30 associations se r\u00e9unissent \u00e0 Dalifort\",\"datePublished\":\"2022-12-10T20:54:25+00:00\",\"dateModified\":\"2022-12-10T21:41:27+00:00\",\"mainEntityOfPage\":{\"@id\":\"https:\/\/www.africa-press.net\/senegal\/culture-et-art\/planification-de-la-politique-culturelle-de-la-commune-plus-de-30-associations-se-reunissent-a-dalifort\"},\"wordCount\":237,\"commentCount\":0,\"image\":{\"@id\":\"https:\/\/www.africa-press.net\/senegal\/culture-et-art\/planification-de-la-politique-culturelle-de-la-commune-plus-de-30-associations-se-reunissent-a-dalifort#primaryimage\"},\"thumbnailUrl\":\"https:\/\/static.africa-press.net\/senegal\/sites\/13\/2022\/12\/postQueueImg_1670693253.80.jpg\",\"keywords\":[\"Africa Press\",\"Africa Press-Senegal\",\"Senegal\"],\"articleSection\":[\"Culture et Art\",\"Toutes les actualit\u00e9s\"],\"inLanguage\":\"fr-FR\",\"potentialAction\":[{\"@type\":\"CommentAction\",\"name\":\"Comment\",\"target\":[\"https:\/\/www.africa-press.net\/senegal\/culture-et-art\/planification-de-la-politique-culturelle-de-la-commune-plus-de-30-associations-se-reunissent-a-dalifort#respond\"]}]},{\"@type\":\"WebPage\",\"@id\":\"https:\/\/www.africa-press.net\/senegal\/culture-et-art\/planification-de-la-politique-culturelle-de-la-commune-plus-de-30-associations-se-reunissent-a-dalifort\",\"url\":\"https:\/\/www.africa-press.net\/senegal\/culture-et-art\/planification-de-la-politique-culturelle-de-la-commune-plus-de-30-associations-se-reunissent-a-dalifort\",\"name\":\"Planification de la politique culturelle de la Commune : Plus de 30 associations se r\u00e9unissent \u00e0 Dalifort - Senegal\",\"isPartOf\":{\"@id\":\"https:\/\/www.africa-press.net\/senegal\/#website\"},\"primaryImageOfPage\":{\"@id\":\"https:\/\/www.africa-press.net\/senegal\/culture-et-art\/planification-de-la-politique-culturelle-de-la-commune-plus-de-30-associations-se-reunissent-a-dalifort#primaryimage\"},\"image\":{\"@id\":\"https:\/\/www.africa-press.net\/senegal\/culture-et-art\/planification-de-la-politique-culturelle-de-la-commune-plus-de-30-associations-se-reunissent-a-dalifort#primaryimage\"},\"thumbnailUrl\":\"https:\/\/static.africa-press.net\/senegal\/sites\/13\/2022\/12\/postQueueImg_1670693253.80.jpg\",\"datePublished\":\"2022-12-10T20:54:25+00:00\",\"dateModified\":\"2022-12-10T21:41:27+00:00\",\"author\":{\"@id\":\"https:\/\/www.africa-press.net\/senegal\/#\/schema\/person\/2b1cf3cd81a31e3cd26889ca66d677f1\"},\"description\":\"Les deux jours des travaux de l\u2019atelier de re\u0301flexion et de planification de la politique culturelle de la Commune de ...\",\"breadcrumb\":{\"@id\":\"https:\/\/www.africa-press.net\/senegal\/culture-et-art\/planification-de-la-politique-culturelle-de-la-commune-plus-de-30-associations-se-reunissent-a-dalifort#breadcrumb\"},\"inLanguage\":\"fr-FR\",\"potentialAction\":[{\"@type\":\"ReadAction\",\"target\":[\"https:\/\/www.africa-press.net\/senegal\/culture-et-art\/planification-de-la-politique-culturelle-de-la-commune-plus-de-30-associations-se-reunissent-a-dalifort\"]}]},{\"@type\":\"ImageObject\",\"inLanguage\":\"fr-FR\",\"@id\":\"https:\/\/www.africa-press.net\/senegal\/culture-et-art\/planification-de-la-politique-culturelle-de-la-commune-plus-de-30-associations-se-reunissent-a-dalifort#primaryimage\",\"url\":\"https:\/\/static.africa-press.net\/senegal\/sites\/13\/2022\/12\/postQueueImg_1670693253.80.jpg\",\"contentUrl\":\"https:\/\/static.africa-press.net\/senegal\/sites\/13\/2022\/12\/postQueueImg_1670693253.80.jpg\",\"width\":1024,\"height\":768,\"caption\":\"Planification de la politique culturelle de la Commune : Plus de 30 associations se r\u00e9unissent \u00e0 Dalifort\"},{\"@type\":\"BreadcrumbList\",\"@id\":\"https:\/\/www.africa-press.net\/senegal\/culture-et-art\/planification-de-la-politique-culturelle-de-la-commune-plus-de-30-associations-se-reunissent-a-dalifort#breadcrumb\",\"itemListElement\":[{\"@type\":\"ListItem\",\"position\":1,\"name\":\"Accueil\",\"item\":\"https:\/\/www.africa-press.net\/senegal\/\"},{\"@type\":\"ListItem\",\"position\":2,\"name\":\"Planification de la politique culturelle de la Commune : Plus de 30 associations se r\u00e9unissent \u00e0 Dalifort\"}]},{\"@type\":\"WebSite\",\"@id\":\"https:\/\/www.africa-press.net\/senegal\/#website\",\"url\":\"https:\/\/www.africa-press.net\/senegal\/\",\"name\":\"Africa Press | Senegal | Homepage\",\"description\":\"Just another Africa News Agency Sites site\",\"potentialAction\":[{\"@type\":\"SearchAction\",\"target\":{\"@type\":\"EntryPoint\",\"urlTemplate\":\"https:\/\/www.africa-press.net\/senegal\/?s={search_term_string}\"},\"query-input\":{\"@type\":\"PropertyValueSpecification\",\"valueRequired\":true,\"valueName\":\"search_term_string\"}}],\"inLanguage\":\"fr-FR\"},{\"@type\":\"Person\",\"@id\":\"https:\/\/www.africa-press.net\/senegal\/#\/schema\/person\/2b1cf3cd81a31e3cd26889ca66d677f1\",\"name\":\"cfeditorfr\",\"url\":\"https:\/\/www.africa-press.net\/senegal\/author\/cfeditorfr\"}]}<\/script>\n<!-- \/ Yoast SEO Premium plugin. -->","yoast_head_json":{"title":"Planification de la politique culturelle de la Commune : Plus de 30 associations se r\u00e9unissent \u00e0 Dalifort - Senegal","description":"Les deux jours des travaux de l\u2019atelier de re\u0301flexion et de planification de la politique culturelle de la Commune de ...","robots":{"index":"index","follow":"follow","max-snippet":"max-snippet:-1","max-image-preview":"max-image-preview:large","max-video-preview":"max-video-preview:-1"},"canonical":"https:\/\/www.africa-press.net\/senegal\/culture-et-art\/planification-de-la-politique-culturelle-de-la-commune-plus-de-30-associations-se-reunissent-a-dalifort","og_locale":"fr_FR","og_type":"article","og_title":"Planification de la politique culturelle de la Commune : Plus de 30 associations se r\u00e9unissent \u00e0 Dalifort","og_description":"Les deux jours des travaux de l\u2019atelier de re\u0301flexion et de planification de la politique culturelle de la Commune de ...","og_url":"https:\/\/www.africa-press.net\/senegal\/culture-et-art\/planification-de-la-politique-culturelle-de-la-commune-plus-de-30-associations-se-reunissent-a-dalifort","og_site_name":"Senegal","article_published_time":"2022-12-10T20:54:25+00:00","article_modified_time":"2022-12-10T21:41:27+00:00","og_image":[{"width":1024,"height":768,"url":"https:\/\/static.africa-press.net\/senegal\/sites\/13\/2022\/12\/postQueueImg_1670693253.80.jpg","type":"image\/jpeg"}],"author":"cfeditorfr","twitter_card":"summary_large_image","twitter_misc":{"\u00c9crit par":"cfeditorfr","Dur\u00e9e de lecture estim\u00e9e":"2 minutes"},"schema":{"@context":"https:\/\/schema.org","@graph":[{"@type":"Article","@id":"https:\/\/www.africa-press.net\/senegal\/culture-et-art\/planification-de-la-politique-culturelle-de-la-commune-plus-de-30-associations-se-reunissent-a-dalifort#article","isPartOf":{"@id":"https:\/\/www.africa-press.net\/senegal\/culture-et-art\/planification-de-la-politique-culturelle-de-la-commune-plus-de-30-associations-se-reunissent-a-dalifort"},"author":{"name":"cfeditorfr","@id":"https:\/\/www.africa-press.net\/senegal\/#\/schema\/person\/2b1cf3cd81a31e3cd26889ca66d677f1"},"headline":"Planification de la politique culturelle de la Commune : Plus de 30 associations se r\u00e9unissent \u00e0 Dalifort","datePublished":"2022-12-10T20:54:25+00:00","dateModified":"2022-12-10T21:41:27+00:00","mainEntityOfPage":{"@id":"https:\/\/www.africa-press.net\/senegal\/culture-et-art\/planification-de-la-politique-culturelle-de-la-commune-plus-de-30-associations-se-reunissent-a-dalifort"},"wordCount":237,"commentCount":0,"image":{"@id":"https:\/\/www.africa-press.net\/senegal\/culture-et-art\/planification-de-la-politique-culturelle-de-la-commune-plus-de-30-associations-se-reunissent-a-dalifort#primaryimage"},"thumbnailUrl":"https:\/\/static.africa-press.net\/senegal\/sites\/13\/2022\/12\/postQueueImg_1670693253.80.jpg","keywords":["Africa Press","Africa Press-Senegal","Senegal"],"articleSection":["Culture et Art","Toutes les actualit\u00e9s"],"inLanguage":"fr-FR","potentialAction":[{"@type":"CommentAction","name":"Comment","target":["https:\/\/www.africa-press.net\/senegal\/culture-et-art\/planification-de-la-politique-culturelle-de-la-commune-plus-de-30-associations-se-reunissent-a-dalifort#respond"]}]},{"@type":"WebPage","@id":"https:\/\/www.africa-press.net\/senegal\/culture-et-art\/planification-de-la-politique-culturelle-de-la-commune-plus-de-30-associations-se-reunissent-a-dalifort","url":"https:\/\/www.africa-press.net\/senegal\/culture-et-art\/planification-de-la-politique-culturelle-de-la-commune-plus-de-30-associations-se-reunissent-a-dalifort","name":"Planification de la politique culturelle de la Commune : Plus de 30 associations se r\u00e9unissent \u00e0 Dalifort - Senegal","isPartOf":{"@id":"https:\/\/www.africa-press.net\/senegal\/#website"},"primaryImageOfPage":{"@id":"https:\/\/www.africa-press.net\/senegal\/culture-et-art\/planification-de-la-politique-culturelle-de-la-commune-plus-de-30-associations-se-reunissent-a-dalifort#primaryimage"},"image":{"@id":"https:\/\/www.africa-press.net\/senegal\/culture-et-art\/planification-de-la-politique-culturelle-de-la-commune-plus-de-30-associations-se-reunissent-a-dalifort#primaryimage"},"thumbnailUrl":"https:\/\/static.africa-press.net\/senegal\/sites\/13\/2022\/12\/postQueueImg_1670693253.80.jpg","datePublished":"2022-12-10T20:54:25+00:00","dateModified":"2022-12-10T21:41:27+00:00","author":{"@id":"https:\/\/www.africa-press.net\/senegal\/#\/schema\/person\/2b1cf3cd81a31e3cd26889ca66d677f1"},"description":"Les deux jours des travaux de l\u2019atelier de re\u0301flexion et de planification de la politique culturelle de la Commune de ...","breadcrumb":{"@id":"https:\/\/www.africa-press.net\/senegal\/culture-et-art\/planification-de-la-politique-culturelle-de-la-commune-plus-de-30-associations-se-reunissent-a-dalifort#breadcrumb"},"inLanguage":"fr-FR","potentialAction":[{"@type":"ReadAction","target":["https:\/\/www.africa-press.net\/senegal\/culture-et-art\/planification-de-la-politique-culturelle-de-la-commune-plus-de-30-associations-se-reunissent-a-dalifort"]}]},{"@type":"ImageObject","inLanguage":"fr-FR","@id":"https:\/\/www.africa-press.net\/senegal\/culture-et-art\/planification-de-la-politique-culturelle-de-la-commune-plus-de-30-associations-se-reunissent-a-dalifort#primaryimage","url":"https:\/\/static.africa-press.net\/senegal\/sites\/13\/2022\/12\/postQueueImg_1670693253.80.jpg","contentUrl":"https:\/\/static.africa-press.net\/senegal\/sites\/13\/2022\/12\/postQueueImg_1670693253.80.jpg","width":1024,"height":768,"caption":"Planification de la politique culturelle de la Commune : Plus de 30 associations se r\u00e9unissent \u00e0 Dalifort"},{"@type":"BreadcrumbList","@id":"https:\/\/www.africa-press.net\/senegal\/culture-et-art\/planification-de-la-politique-culturelle-de-la-commune-plus-de-30-associations-se-reunissent-a-dalifort#breadcrumb","itemListElement":[{"@type":"ListItem","position":1,"name":"Accueil","item":"https:\/\/www.africa-press.net\/senegal\/"},{"@type":"ListItem","position":2,"name":"Planification de la politique culturelle de la Commune : Plus de 30 associations se r\u00e9unissent \u00e0 Dalifort"}]},{"@type":"WebSite","@id":"https:\/\/www.africa-press.net\/senegal\/#website","url":"https:\/\/www.africa-press.net\/senegal\/","name":"Africa Press | Senegal | Homepage","description":"Just another Africa News Agency Sites site","potentialAction":[{"@type":"SearchAction","target":{"@type":"EntryPoint","urlTemplate":"https:\/\/www.africa-press.net\/senegal\/?s={search_term_string}"},"query-input":{"@type":"PropertyValueSpecification","valueRequired":true,"valueName":"search_term_string"}}],"inLanguage":"fr-FR"},{"@type":"Person","@id":"https:\/\/www.africa-press.net\/senegal\/#\/schema\/person\/2b1cf3cd81a31e3cd26889ca66d677f1","name":"cfeditorfr","url":"https:\/\/www.africa-press.net\/senegal\/author\/cfeditorfr"}]}},"_links":{"self":[{"href":"https:\/\/www.africa-press.net\/senegal\/wp-json\/wp\/v2\/posts\/36414","targetHints":{"allow":["GET"]}}],"collection":[{"href":"https:\/\/www.africa-press.net\/senegal\/wp-json\/wp\/v2\/posts"}],"about":[{"href":"https:\/\/www.africa-press.net\/senegal\/wp-json\/wp\/v2\/types\/post"}],"author":[{"embeddable":true,"href":"https:\/\/www.africa-press.net\/senegal\/wp-json\/wp\/v2\/users\/82"}],"replies":[{"embeddable":true,"href":"https:\/\/www.africa-press.net\/senegal\/wp-json\/wp\/v2\/comments?post=36414"}],"version-history":[{"count":0,"href":"https:\/\/www.africa-press.net\/senegal\/wp-json\/wp\/v2\/posts\/36414\/revisions"}],"wp:featuredmedia":[{"embeddable":true,"href":"https:\/\/www.africa-press.net\/senegal\/wp-json\/wp\/v2\/media\/36413"}],"wp:attachment":[{"href":"https:\/\/www.africa-press.net\/senegal\/wp-json\/wp\/v2\/media?parent=36414"}],"wp:term":[{"taxonomy":"category","embeddable":true,"href":"https:\/\/www.africa-press.net\/senegal\/wp-json\/wp\/v2\/categories?post=36414"},{"taxonomy":"post_tag","embeddable":true,"href":"https:\/\/www.africa-press.net\/senegal\/wp-json\/wp\/v2\/tags?post=36414"}],"curies":[{"name":"wp","href":"https:\/\/api.w.org\/{rel}","templated":true}]}}