{"id":36423,"date":"2022-12-10T21:07:43","date_gmt":"2022-12-10T21:07:43","guid":{"rendered":"https:\/\/www.africa-press.net\/senegal\/politique\/5eme-sig-amadou-ba-et-elisabeth-borne-les-axes-dune-cooperation-entre-la-france-et-le-senegal"},"modified":"2022-12-10T21:43:18","modified_gmt":"2022-12-10T21:43:18","slug":"5eme-sig-amadou-ba-et-elisabeth-borne-les-axes-dune-cooperation-entre-la-france-et-le-senegal","status":"publish","type":"post","link":"https:\/\/www.africa-press.net\/senegal\/politique\/5eme-sig-amadou-ba-et-elisabeth-borne-les-axes-dune-cooperation-entre-la-france-et-le-senegal","title":{"rendered":"5\u00e8me SIG : Amadou Ba et Elisabeth Borne, les axes d\u2019une coop\u00e9ration entre la France et le S\u00e9n\u00e9gal\u2026"},"content":{"rendered":"<p><span style=\"color: #ff6600\"><strong>Africa-Press &#8211; Senegal. <\/strong><\/span><b>Amadou Ba e\u0301tait en visite en France ou\u0300 il a co-pre\u0301side\u0301 le jeudi 8 de\u0301cembre, avec son homologue franc\u0327aise, le cinquie\u0300me Se\u0301minaire intergouvernemental franco-se\u0301ne\u0301galais (SIG). Le Premier ministre du Se\u0301ne\u0301gal a de\u0301cline\u0301, avec Elisabeth Borne les axes d\u2019une coope\u0301ration.<\/b><br \/>\n<b>Enjeux de de\u0301veloppement&#8230;<\/b><\/p>\n<p>En effet, d\u2019apre\u0300s un communique\u0301 rendu public a\u0300 l\u2019issue de la rencontre, \u00ab cette pre\u0301sente e\u0301dition a e\u0301te\u0301 place\u0301e sous le sceau du dynamisme et de la densite\u0301 des relations entre la France et le Se\u0301ne\u0301gal, fonde\u0301es sur l\u2019amitie\u0301, la confiance et une ambition commune pour le partenariat Europe \u2013 Afrique&#8230; De la prise en charge des questions de Jeunesse, en passant par les de\u0301fis se\u0301curitaires, les enjeux de de\u0301veloppement, de sante\u0301, agriculture, ou encore de mobilite\u0301 et de migrations, diffe\u0301rentes feuilles de route de la coope\u0301ration entre les deux parties ont e\u0301te\u0301 aborde\u0301es\u00ab .<\/p>\n<p>A cet effet, 1,5 milliard d\u2019euros d\u2019aide publique au de\u0301veloppement (pe\u0301riode 2019-2023) de la France sera positionne\u0301e pour le Se\u0301ne\u0301gal faisant de la partie franc\u0327aise le premier bailleur bilate\u0301ral du Se\u0301ne\u0301gal.<\/p>\n<p><b>Conditions de la re\u0301silience e\u0301conomique&#8230;<\/b><\/p>\n<p>\u00ab Dans un contexte de ralentissement e\u0301conomique engendre\u0301 par la pande\u0301mie de Covid-19 et aggrave\u0301 par les conse\u0301quences de la guerre mene\u0301e par la Russie en Ukraine sur le plan e\u0301nerge\u0301tique et de la se\u0301curite\u0301 alimentaire, la France et le Se\u0301ne\u0301gal poursuivront leur coope\u0301ration pour le soutien des conditions de la re\u0301silience e\u0301conomique et du rebond de sa croissance\u00ab , pre\u0301cise le communique\u0301.<\/p>\n<p><b>Une enveloppe de 100 M\u20ac&#8230;<\/b><\/p>\n<p>Qui poursuit : \u00ab Les financements de la partie franc\u0327aise contribuent a\u0300 mettre en \u0153uvre les projets du Plan Se\u0301ne\u0301gal E\u0301mergent (PSE), et des priorite\u0301s du gouvernement se\u0301ne\u0301galais, dont la deuxie\u0300me (2e\u0300me) Phase du Train Express Re\u0301gional (TER)&#8230; Sont e\u0301galement concerne\u0301s la souverainete\u0301 pharmaceutique en soutenant la production locale de vaccins, notamment ARNm et contre la fie\u0300vre jaune&#8230; Pour le renforcement de la se\u0301curite\u0301 et de la souverainete\u0301 alimentaires par le biais de projets de formation professionnelle agricole un soutien de 100 M\u20ac au secteur agricole dans le cadre de l\u2019initiative FARM est e\u0301galement pre\u0301vu\u00ab .<\/p>\n<p><b>Renforcer leur appui aux filie\u0300res cre\u0301atrices d\u2019emplois&#8230;<\/b><\/p>\n<p>En ce qui concerne la feuille de route e\u0301ducation, \u00ab la France et le Se\u0301ne\u0301gal ont ainsi signe\u0301 deux accords intergouvernementaux relatifs a\u0300 la mise en place de classes pre\u0301paratoires aux grandes e\u0301coles ainsi qu\u2019a\u0300 la cre\u0301ation et l\u2019organisation de la future e\u0301cole franco-se\u0301ne\u0301galaise, et signe\u0301 une lettre d\u2019entente visant a\u0300 renforcer leur appui aux filie\u0300res cre\u0301atrices d\u2019emplois, en particulier dans les secteurs de l\u2019innovation et de la recherche, du nume\u0301rique, de la culture ou encore de l\u2019agriculture\u00ab .<\/p>\n<p><b>Les effets du changement climatique&#8230;<\/b><\/p>\n<p>E dans le soucis de la continuite\u0301 de la COP27 de Charm-el-Cheick, la France, \u00ab en tant que co-chef de file avec l\u2019Allemagne pour le G7\u00ab , et le Se\u0301ne\u0301gal poursuivront leurs discussions pour \u00ab aboutir a\u0300 la conclusion d\u2019un accord partenariat pour la transition e\u0301nerge\u0301tique juste (Just Energy Transition Partnership) en 2023\u00ab .<\/p>\n<p><b>Mobilite\u0301 le\u0301gale&#8230;<\/b><\/p>\n<p>\u00ab En ce qui concerne les mobilite\u0301s entre les deux pays, la France et le Se\u0301ne\u0301gal ont re\u0301affirme\u0301 leur souhait de favoriser la mobilite\u0301 le\u0301gale, dans le respect de leur souverainete\u0301, et de coope\u0301rer avec de\u0301termination pour combattre les migrations irre\u0301gulie\u0300res\u00ab , conclut le communique\u0301.<\/p>\n<p><strong>Pour plus d&rsquo;informations et d&rsquo;analyses sur la <a href=\"https:\/\/www.africa-press.net\/senegal\">Senegal<\/a>, suivez <a href=\"https:\/\/www.africa-press.net\/\">Africa-Press<\/a><\/strong><\/p>\n","protected":false},"excerpt":{"rendered":"<p>Africa-Press &#8211; Senegal. Amadou Ba e\u0301tait en visite en France ou\u0300 il a co-pre\u0301side\u0301 le jeudi 8 de\u0301cembre, avec son homologue franc\u0327aise, le cinquie\u0300me Se\u0301minaire intergouvernemental franco-se\u0301ne\u0301galais (SIG). Le Premier ministre du Se\u0301ne\u0301gal a de\u0301cline\u0301, avec Elisabeth Borne les axes d\u2019une coope\u0301ration. Enjeux de de\u0301veloppement&#8230; En effet, d\u2019apre\u0300s un communique\u0301 rendu public a\u0300 l\u2019issue de [&hellip;]<\/p>\n","protected":false},"author":82,"featured_media":36422,"comment_status":"open","ping_status":"closed","sticky":false,"template":"","format":"standard","meta":{"footnotes":""},"categories":[2,20,10],"tags":[43,47,44],"class_list":["post-36423","post","type-post","status-publish","format-standard","has-post-thumbnail","hentry","category-politique","category-top-nouvelles","category-toutes-les-actualites","tag-africa-press-2","tag-africa-press-senegal","tag-senegal-2"],"yoast_head":"<!-- This site is optimized with the Yoast SEO Premium plugin v26.1 (Yoast SEO v27.0) - https:\/\/yoast.com\/product\/yoast-seo-premium-wordpress\/ -->\n<title>5\u00e8me SIG : Amadou Ba et Elisabeth Borne, les axes d\u2019une coop\u00e9ration entre la France et le S\u00e9n\u00e9gal\u2026 - Senegal<\/title>\n<meta name=\"description\" content=\"Amadou Ba e\u0301tait en visite en France ou\u0300 il a co-pre\u0301side\u0301 le jeudi 8 de\u0301cembre, avec son homologue franc\u0327aise, le ci ...\" \/>\n<meta name=\"robots\" content=\"index, follow, max-snippet:-1, max-image-preview:large, max-video-preview:-1\" \/>\n<link rel=\"canonical\" href=\"https:\/\/www.africa-press.net\/senegal\/politique\/5eme-sig-amadou-ba-et-elisabeth-borne-les-axes-dune-cooperation-entre-la-france-et-le-senegal\" \/>\n<meta property=\"og:locale\" content=\"fr_FR\" \/>\n<meta property=\"og:type\" content=\"article\" \/>\n<meta property=\"og:title\" content=\"5\u00e8me SIG : Amadou Ba et Elisabeth Borne, les axes d\u2019une coop\u00e9ration entre la France et le S\u00e9n\u00e9gal\u2026\" \/>\n<meta property=\"og:description\" content=\"Amadou Ba e\u0301tait en visite en France ou\u0300 il a co-pre\u0301side\u0301 le jeudi 8 de\u0301cembre, avec son homologue franc\u0327aise, le ci ...\" \/>\n<meta property=\"og:url\" content=\"https:\/\/www.africa-press.net\/senegal\/politique\/5eme-sig-amadou-ba-et-elisabeth-borne-les-axes-dune-cooperation-entre-la-france-et-le-senegal\" \/>\n<meta property=\"og:site_name\" content=\"Senegal\" \/>\n<meta property=\"article:published_time\" content=\"2022-12-10T21:07:43+00:00\" \/>\n<meta property=\"article:modified_time\" content=\"2022-12-10T21:43:18+00:00\" \/>\n<meta property=\"og:image\" content=\"https:\/\/static.africa-press.net\/senegal\/sites\/13\/2022\/12\/postQueueImg_1670693988.54.jpg\" \/>\n\t<meta property=\"og:image:width\" content=\"900\" \/>\n\t<meta property=\"og:image:height\" content=\"485\" \/>\n\t<meta property=\"og:image:type\" content=\"image\/jpeg\" \/>\n<meta name=\"author\" content=\"cfeditorfr\" \/>\n<meta name=\"twitter:card\" content=\"summary_large_image\" \/>\n<meta name=\"twitter:label1\" content=\"\u00c9crit par\" \/>\n\t<meta name=\"twitter:data1\" content=\"cfeditorfr\" \/>\n\t<meta name=\"twitter:label2\" content=\"Dur\u00e9e de lecture estim\u00e9e\" \/>\n\t<meta name=\"twitter:data2\" content=\"3 minutes\" \/>\n<script type=\"application\/ld+json\" class=\"yoast-schema-graph\">{\"@context\":\"https:\/\/schema.org\",\"@graph\":[{\"@type\":\"Article\",\"@id\":\"https:\/\/www.africa-press.net\/senegal\/politique\/5eme-sig-amadou-ba-et-elisabeth-borne-les-axes-dune-cooperation-entre-la-france-et-le-senegal#article\",\"isPartOf\":{\"@id\":\"https:\/\/www.africa-press.net\/senegal\/politique\/5eme-sig-amadou-ba-et-elisabeth-borne-les-axes-dune-cooperation-entre-la-france-et-le-senegal\"},\"author\":{\"name\":\"cfeditorfr\",\"@id\":\"https:\/\/www.africa-press.net\/senegal\/#\/schema\/person\/2b1cf3cd81a31e3cd26889ca66d677f1\"},\"headline\":\"5\u00e8me SIG : Amadou Ba et Elisabeth Borne, les axes d\u2019une coop\u00e9ration entre la France et le S\u00e9n\u00e9gal\u2026\",\"datePublished\":\"2022-12-10T21:07:43+00:00\",\"dateModified\":\"2022-12-10T21:43:18+00:00\",\"mainEntityOfPage\":{\"@id\":\"https:\/\/www.africa-press.net\/senegal\/politique\/5eme-sig-amadou-ba-et-elisabeth-borne-les-axes-dune-cooperation-entre-la-france-et-le-senegal\"},\"wordCount\":656,\"commentCount\":0,\"image\":{\"@id\":\"https:\/\/www.africa-press.net\/senegal\/politique\/5eme-sig-amadou-ba-et-elisabeth-borne-les-axes-dune-cooperation-entre-la-france-et-le-senegal#primaryimage\"},\"thumbnailUrl\":\"https:\/\/static.africa-press.net\/senegal\/sites\/13\/2022\/12\/postQueueImg_1670693988.54.jpg\",\"keywords\":[\"Africa Press\",\"Africa Press-Senegal\",\"Senegal\"],\"articleSection\":[\"Politique\",\"Top Nouvelles\",\"Toutes les actualit\u00e9s\"],\"inLanguage\":\"fr-FR\",\"potentialAction\":[{\"@type\":\"CommentAction\",\"name\":\"Comment\",\"target\":[\"https:\/\/www.africa-press.net\/senegal\/politique\/5eme-sig-amadou-ba-et-elisabeth-borne-les-axes-dune-cooperation-entre-la-france-et-le-senegal#respond\"]}]},{\"@type\":\"WebPage\",\"@id\":\"https:\/\/www.africa-press.net\/senegal\/politique\/5eme-sig-amadou-ba-et-elisabeth-borne-les-axes-dune-cooperation-entre-la-france-et-le-senegal\",\"url\":\"https:\/\/www.africa-press.net\/senegal\/politique\/5eme-sig-amadou-ba-et-elisabeth-borne-les-axes-dune-cooperation-entre-la-france-et-le-senegal\",\"name\":\"5\u00e8me SIG : Amadou Ba et Elisabeth Borne, les axes d\u2019une coop\u00e9ration entre la France et le S\u00e9n\u00e9gal\u2026 - Senegal\",\"isPartOf\":{\"@id\":\"https:\/\/www.africa-press.net\/senegal\/#website\"},\"primaryImageOfPage\":{\"@id\":\"https:\/\/www.africa-press.net\/senegal\/politique\/5eme-sig-amadou-ba-et-elisabeth-borne-les-axes-dune-cooperation-entre-la-france-et-le-senegal#primaryimage\"},\"image\":{\"@id\":\"https:\/\/www.africa-press.net\/senegal\/politique\/5eme-sig-amadou-ba-et-elisabeth-borne-les-axes-dune-cooperation-entre-la-france-et-le-senegal#primaryimage\"},\"thumbnailUrl\":\"https:\/\/static.africa-press.net\/senegal\/sites\/13\/2022\/12\/postQueueImg_1670693988.54.jpg\",\"datePublished\":\"2022-12-10T21:07:43+00:00\",\"dateModified\":\"2022-12-10T21:43:18+00:00\",\"author\":{\"@id\":\"https:\/\/www.africa-press.net\/senegal\/#\/schema\/person\/2b1cf3cd81a31e3cd26889ca66d677f1\"},\"description\":\"Amadou Ba e\u0301tait en visite en France ou\u0300 il a co-pre\u0301side\u0301 le jeudi 8 de\u0301cembre, avec son homologue franc\u0327aise, le ci ...\",\"breadcrumb\":{\"@id\":\"https:\/\/www.africa-press.net\/senegal\/politique\/5eme-sig-amadou-ba-et-elisabeth-borne-les-axes-dune-cooperation-entre-la-france-et-le-senegal#breadcrumb\"},\"inLanguage\":\"fr-FR\",\"potentialAction\":[{\"@type\":\"ReadAction\",\"target\":[\"https:\/\/www.africa-press.net\/senegal\/politique\/5eme-sig-amadou-ba-et-elisabeth-borne-les-axes-dune-cooperation-entre-la-france-et-le-senegal\"]}]},{\"@type\":\"ImageObject\",\"inLanguage\":\"fr-FR\",\"@id\":\"https:\/\/www.africa-press.net\/senegal\/politique\/5eme-sig-amadou-ba-et-elisabeth-borne-les-axes-dune-cooperation-entre-la-france-et-le-senegal#primaryimage\",\"url\":\"https:\/\/static.africa-press.net\/senegal\/sites\/13\/2022\/12\/postQueueImg_1670693988.54.jpg\",\"contentUrl\":\"https:\/\/static.africa-press.net\/senegal\/sites\/13\/2022\/12\/postQueueImg_1670693988.54.jpg\",\"width\":900,\"height\":485,\"caption\":\"5\u00e8me SIG : Amadou Ba et Elisabeth Borne, les axes d\u2019une coop\u00e9ration entre la France et le S\u00e9n\u00e9gal\u2026\"},{\"@type\":\"BreadcrumbList\",\"@id\":\"https:\/\/www.africa-press.net\/senegal\/politique\/5eme-sig-amadou-ba-et-elisabeth-borne-les-axes-dune-cooperation-entre-la-france-et-le-senegal#breadcrumb\",\"itemListElement\":[{\"@type\":\"ListItem\",\"position\":1,\"name\":\"Accueil\",\"item\":\"https:\/\/www.africa-press.net\/senegal\/\"},{\"@type\":\"ListItem\",\"position\":2,\"name\":\"5\u00e8me SIG : Amadou Ba et Elisabeth Borne, les axes d\u2019une coop\u00e9ration entre la France et le S\u00e9n\u00e9gal\u2026\"}]},{\"@type\":\"WebSite\",\"@id\":\"https:\/\/www.africa-press.net\/senegal\/#website\",\"url\":\"https:\/\/www.africa-press.net\/senegal\/\",\"name\":\"Africa Press | Senegal | Homepage\",\"description\":\"Just another Africa News Agency Sites site\",\"potentialAction\":[{\"@type\":\"SearchAction\",\"target\":{\"@type\":\"EntryPoint\",\"urlTemplate\":\"https:\/\/www.africa-press.net\/senegal\/?s={search_term_string}\"},\"query-input\":{\"@type\":\"PropertyValueSpecification\",\"valueRequired\":true,\"valueName\":\"search_term_string\"}}],\"inLanguage\":\"fr-FR\"},{\"@type\":\"Person\",\"@id\":\"https:\/\/www.africa-press.net\/senegal\/#\/schema\/person\/2b1cf3cd81a31e3cd26889ca66d677f1\",\"name\":\"cfeditorfr\",\"url\":\"https:\/\/www.africa-press.net\/senegal\/author\/cfeditorfr\"}]}<\/script>\n<!-- \/ Yoast SEO Premium plugin. -->","yoast_head_json":{"title":"5\u00e8me SIG : Amadou Ba et Elisabeth Borne, les axes d\u2019une coop\u00e9ration entre la France et le S\u00e9n\u00e9gal\u2026 - Senegal","description":"Amadou Ba e\u0301tait en visite en France ou\u0300 il a co-pre\u0301side\u0301 le jeudi 8 de\u0301cembre, avec son homologue franc\u0327aise, le ci ...","robots":{"index":"index","follow":"follow","max-snippet":"max-snippet:-1","max-image-preview":"max-image-preview:large","max-video-preview":"max-video-preview:-1"},"canonical":"https:\/\/www.africa-press.net\/senegal\/politique\/5eme-sig-amadou-ba-et-elisabeth-borne-les-axes-dune-cooperation-entre-la-france-et-le-senegal","og_locale":"fr_FR","og_type":"article","og_title":"5\u00e8me SIG : Amadou Ba et Elisabeth Borne, les axes d\u2019une coop\u00e9ration entre la France et le S\u00e9n\u00e9gal\u2026","og_description":"Amadou Ba e\u0301tait en visite en France ou\u0300 il a co-pre\u0301side\u0301 le jeudi 8 de\u0301cembre, avec son homologue franc\u0327aise, le ci ...","og_url":"https:\/\/www.africa-press.net\/senegal\/politique\/5eme-sig-amadou-ba-et-elisabeth-borne-les-axes-dune-cooperation-entre-la-france-et-le-senegal","og_site_name":"Senegal","article_published_time":"2022-12-10T21:07:43+00:00","article_modified_time":"2022-12-10T21:43:18+00:00","og_image":[{"width":900,"height":485,"url":"https:\/\/static.africa-press.net\/senegal\/sites\/13\/2022\/12\/postQueueImg_1670693988.54.jpg","type":"image\/jpeg"}],"author":"cfeditorfr","twitter_card":"summary_large_image","twitter_misc":{"\u00c9crit par":"cfeditorfr","Dur\u00e9e de lecture estim\u00e9e":"3 minutes"},"schema":{"@context":"https:\/\/schema.org","@graph":[{"@type":"Article","@id":"https:\/\/www.africa-press.net\/senegal\/politique\/5eme-sig-amadou-ba-et-elisabeth-borne-les-axes-dune-cooperation-entre-la-france-et-le-senegal#article","isPartOf":{"@id":"https:\/\/www.africa-press.net\/senegal\/politique\/5eme-sig-amadou-ba-et-elisabeth-borne-les-axes-dune-cooperation-entre-la-france-et-le-senegal"},"author":{"name":"cfeditorfr","@id":"https:\/\/www.africa-press.net\/senegal\/#\/schema\/person\/2b1cf3cd81a31e3cd26889ca66d677f1"},"headline":"5\u00e8me SIG : Amadou Ba et Elisabeth Borne, les axes d\u2019une coop\u00e9ration entre la France et le S\u00e9n\u00e9gal\u2026","datePublished":"2022-12-10T21:07:43+00:00","dateModified":"2022-12-10T21:43:18+00:00","mainEntityOfPage":{"@id":"https:\/\/www.africa-press.net\/senegal\/politique\/5eme-sig-amadou-ba-et-elisabeth-borne-les-axes-dune-cooperation-entre-la-france-et-le-senegal"},"wordCount":656,"commentCount":0,"image":{"@id":"https:\/\/www.africa-press.net\/senegal\/politique\/5eme-sig-amadou-ba-et-elisabeth-borne-les-axes-dune-cooperation-entre-la-france-et-le-senegal#primaryimage"},"thumbnailUrl":"https:\/\/static.africa-press.net\/senegal\/sites\/13\/2022\/12\/postQueueImg_1670693988.54.jpg","keywords":["Africa Press","Africa Press-Senegal","Senegal"],"articleSection":["Politique","Top Nouvelles","Toutes les actualit\u00e9s"],"inLanguage":"fr-FR","potentialAction":[{"@type":"CommentAction","name":"Comment","target":["https:\/\/www.africa-press.net\/senegal\/politique\/5eme-sig-amadou-ba-et-elisabeth-borne-les-axes-dune-cooperation-entre-la-france-et-le-senegal#respond"]}]},{"@type":"WebPage","@id":"https:\/\/www.africa-press.net\/senegal\/politique\/5eme-sig-amadou-ba-et-elisabeth-borne-les-axes-dune-cooperation-entre-la-france-et-le-senegal","url":"https:\/\/www.africa-press.net\/senegal\/politique\/5eme-sig-amadou-ba-et-elisabeth-borne-les-axes-dune-cooperation-entre-la-france-et-le-senegal","name":"5\u00e8me SIG : Amadou Ba et Elisabeth Borne, les axes d\u2019une coop\u00e9ration entre la France et le S\u00e9n\u00e9gal\u2026 - Senegal","isPartOf":{"@id":"https:\/\/www.africa-press.net\/senegal\/#website"},"primaryImageOfPage":{"@id":"https:\/\/www.africa-press.net\/senegal\/politique\/5eme-sig-amadou-ba-et-elisabeth-borne-les-axes-dune-cooperation-entre-la-france-et-le-senegal#primaryimage"},"image":{"@id":"https:\/\/www.africa-press.net\/senegal\/politique\/5eme-sig-amadou-ba-et-elisabeth-borne-les-axes-dune-cooperation-entre-la-france-et-le-senegal#primaryimage"},"thumbnailUrl":"https:\/\/static.africa-press.net\/senegal\/sites\/13\/2022\/12\/postQueueImg_1670693988.54.jpg","datePublished":"2022-12-10T21:07:43+00:00","dateModified":"2022-12-10T21:43:18+00:00","author":{"@id":"https:\/\/www.africa-press.net\/senegal\/#\/schema\/person\/2b1cf3cd81a31e3cd26889ca66d677f1"},"description":"Amadou Ba e\u0301tait en visite en France ou\u0300 il a co-pre\u0301side\u0301 le jeudi 8 de\u0301cembre, avec son homologue franc\u0327aise, le ci ...","breadcrumb":{"@id":"https:\/\/www.africa-press.net\/senegal\/politique\/5eme-sig-amadou-ba-et-elisabeth-borne-les-axes-dune-cooperation-entre-la-france-et-le-senegal#breadcrumb"},"inLanguage":"fr-FR","potentialAction":[{"@type":"ReadAction","target":["https:\/\/www.africa-press.net\/senegal\/politique\/5eme-sig-amadou-ba-et-elisabeth-borne-les-axes-dune-cooperation-entre-la-france-et-le-senegal"]}]},{"@type":"ImageObject","inLanguage":"fr-FR","@id":"https:\/\/www.africa-press.net\/senegal\/politique\/5eme-sig-amadou-ba-et-elisabeth-borne-les-axes-dune-cooperation-entre-la-france-et-le-senegal#primaryimage","url":"https:\/\/static.africa-press.net\/senegal\/sites\/13\/2022\/12\/postQueueImg_1670693988.54.jpg","contentUrl":"https:\/\/static.africa-press.net\/senegal\/sites\/13\/2022\/12\/postQueueImg_1670693988.54.jpg","width":900,"height":485,"caption":"5\u00e8me SIG : Amadou Ba et Elisabeth Borne, les axes d\u2019une coop\u00e9ration entre la France et le S\u00e9n\u00e9gal\u2026"},{"@type":"BreadcrumbList","@id":"https:\/\/www.africa-press.net\/senegal\/politique\/5eme-sig-amadou-ba-et-elisabeth-borne-les-axes-dune-cooperation-entre-la-france-et-le-senegal#breadcrumb","itemListElement":[{"@type":"ListItem","position":1,"name":"Accueil","item":"https:\/\/www.africa-press.net\/senegal\/"},{"@type":"ListItem","position":2,"name":"5\u00e8me SIG : Amadou Ba et Elisabeth Borne, les axes d\u2019une coop\u00e9ration entre la France et le S\u00e9n\u00e9gal\u2026"}]},{"@type":"WebSite","@id":"https:\/\/www.africa-press.net\/senegal\/#website","url":"https:\/\/www.africa-press.net\/senegal\/","name":"Africa Press | Senegal | Homepage","description":"Just another Africa News Agency Sites site","potentialAction":[{"@type":"SearchAction","target":{"@type":"EntryPoint","urlTemplate":"https:\/\/www.africa-press.net\/senegal\/?s={search_term_string}"},"query-input":{"@type":"PropertyValueSpecification","valueRequired":true,"valueName":"search_term_string"}}],"inLanguage":"fr-FR"},{"@type":"Person","@id":"https:\/\/www.africa-press.net\/senegal\/#\/schema\/person\/2b1cf3cd81a31e3cd26889ca66d677f1","name":"cfeditorfr","url":"https:\/\/www.africa-press.net\/senegal\/author\/cfeditorfr"}]}},"_links":{"self":[{"href":"https:\/\/www.africa-press.net\/senegal\/wp-json\/wp\/v2\/posts\/36423","targetHints":{"allow":["GET"]}}],"collection":[{"href":"https:\/\/www.africa-press.net\/senegal\/wp-json\/wp\/v2\/posts"}],"about":[{"href":"https:\/\/www.africa-press.net\/senegal\/wp-json\/wp\/v2\/types\/post"}],"author":[{"embeddable":true,"href":"https:\/\/www.africa-press.net\/senegal\/wp-json\/wp\/v2\/users\/82"}],"replies":[{"embeddable":true,"href":"https:\/\/www.africa-press.net\/senegal\/wp-json\/wp\/v2\/comments?post=36423"}],"version-history":[{"count":0,"href":"https:\/\/www.africa-press.net\/senegal\/wp-json\/wp\/v2\/posts\/36423\/revisions"}],"wp:featuredmedia":[{"embeddable":true,"href":"https:\/\/www.africa-press.net\/senegal\/wp-json\/wp\/v2\/media\/36422"}],"wp:attachment":[{"href":"https:\/\/www.africa-press.net\/senegal\/wp-json\/wp\/v2\/media?parent=36423"}],"wp:term":[{"taxonomy":"category","embeddable":true,"href":"https:\/\/www.africa-press.net\/senegal\/wp-json\/wp\/v2\/categories?post=36423"},{"taxonomy":"post_tag","embeddable":true,"href":"https:\/\/www.africa-press.net\/senegal\/wp-json\/wp\/v2\/tags?post=36423"}],"curies":[{"name":"wp","href":"https:\/\/api.w.org\/{rel}","templated":true}]}}