{"id":36426,"date":"2022-12-10T21:10:23","date_gmt":"2022-12-10T21:10:23","guid":{"rendered":"https:\/\/www.africa-press.net\/senegal\/politique\/lettre-ouverte-a-son-excellence-mr-macky-sall-president-de-la-republique-du-senegal"},"modified":"2022-12-10T21:43:55","modified_gmt":"2022-12-10T21:43:55","slug":"lettre-ouverte-a-son-excellence-mr-macky-sall-president-de-la-republique-du-senegal","status":"publish","type":"post","link":"https:\/\/www.africa-press.net\/senegal\/politique\/lettre-ouverte-a-son-excellence-mr-macky-sall-president-de-la-republique-du-senegal","title":{"rendered":"Lettre ouverte \u00e0 son excellence Mr Macky Sall, Pr\u00e9sident de la R\u00e9publique du S\u00e9n\u00e9gal\u00a0\u00bb"},"content":{"rendered":"<p><span style=\"color: #ff6600\"><strong>Africa-Press &#8211; Senegal. <\/strong><\/span><b>Objet : nouvelles orientations organisationnelles et e\u0301conomiques du handling et de Air Se\u0301ne\u0301gal SA<\/b><\/p>\n<p>Avec votre aspiration a\u0300 faire du transport ae\u0301rien un des moteurs de la croissance e\u0301conomique du pays, nous avons tous accompagne\u0301 d\u2019une fac\u0327on ou d\u2019une autre le projet phare du Plan Se\u0301ne\u0301gal E\u0301mergent , re\u0301fe\u0301rentiel des politiques publiques de l\u2019Etat du Se\u0301ne\u0301gal, nous voulons nommer Air Se\u0301ne\u0301gal SA. Nous sommes personnel de la seule socie\u0301te\u0301 d\u2019assistance au sol AIBD Assistance Service , en abre\u0301ge\u0301 2AS , ne\u0301e de la fusion des deux socie\u0301te\u0301s de handling AHS ( Aviation Handling Service ) et SHS ( Se\u0301ne\u0301gal Handling Service ) ope\u0301rants a\u0300 l\u2019ae\u0301roport L.S. Senghor a\u0300 Yoff. La gestion confie\u0301e aux partenaires turcs ne sera certainement pas enseigne\u0301e dans les e\u0301coles de management. Depuis cinq ans, derrie\u0300re des avions qui arrivent et qui repartent, se cachent le non-respect de certaines proce\u0301dures ope\u0301rationnelles et le danger permanent cause\u0301 par l\u2019absence d\u2019e\u0301quipements en quantite\u0301 et en qualite\u0301.<\/p>\n<p>En outre, la chai\u0302ne de responsabilite\u0301s qui entoure notre activite\u0301 est de plus en plus confie\u0301e a\u0300 des inte\u0301rimaires et des stagiaires en violation flagrante des dispositions re\u0301glementaires. Nous avons tous admis y compris les autorite\u0301s, la limite de ce management bon marche\u0301, qui n\u2019investit pas et ne recrute pas non plus. Cinq ans ne leur auraient manifestement pas suffit a\u0300 comprendre qu\u2019un bon projet doit comporter un bon volet social afin de s\u2019assurer de l\u2019adhe\u0301sion de tous, car la performance e\u0301conomique de l\u2019entreprise de\u0301pend e\u0301galement de la performance sociale de ses travailleurs.<\/p>\n<p>Au terme de ces anne\u0301es , les sce\u0301narii les plus invraisemblables ont vu le jour. Notre ministre de tutelle, celui des transports ae\u0301riens est venu y apporter de la clarte\u0301. Le 05 De\u0301cembre dernier, durant le vote de son budget ,Monsieur Le Ministre de\u0301clare a\u0300 la tribune de l\u2019Assemble\u0301e Nationale la volonte\u0301 des autorite\u0301s de donner a\u0300 Air Se\u0301ne\u0301gal, l\u2019exclusivite\u0301 de l\u2019assistance au sol. Notre socie\u0301te\u0301 2AS compte pre\u0300s de 800 agents. Elle n\u2019est pas au point. Le paradoxe, c\u2019est que Air Se\u0301ne\u0301gal qui s\u2019e\u0301rige en futur patron doit a\u0300 l\u2019entreprise 3,5 milliards. La compagnie est en situation de redressement e\u0301conomique, avec du personnel en trop, une vision en moins A notre sens ce projet est moribond.<\/p>\n<p>En de\u0301tenant 49% de 2AS, une dette de 3,5 milliards, un sureffectif conse\u0301quent , une strate\u0301gie commerciale a\u0300 l agonie, il est possible pour Air Se\u0301ne\u0301gal de se re\u0301ve\u0301ler mais sans nous rendre inexistant, encore moins nous mettre en danger. Air Se\u0301ne\u0301gal doit pouvoir survivre avec des ide\u0301es novatrices en lien avec une strate\u0301gie bien de\u0301finie et des hypothe\u0300ses chiffre\u0301es .Pour ceci ,le recours a une expertise exigeante est apparue indispensable.2AS qui a du mal a\u0300 sortir la te\u0302te de l\u2019eau ,ne saurait e\u0302tre la\u0300 bouffe\u0301e d\u2019oxyge\u0300ne pour Air Se\u0301ne\u0301gal.<\/p>\n<p>Monsieur Le Pre\u0301sident, la pre\u0301sente adresse est une volonte\u0301 modeste de notre part d\u2019attirer votre attention sur les menaces qui pe\u0300sent sur l\u2019avenir imme\u0301diat de notre activite\u0301 , et par ricochet celui d\u2019Air Se\u0301ne\u0301gal. La gestion de l\u2019exception fait que l\u2019on doit comprendre ce qui se passe ici et ailleurs. En somme valoriser et prioriser chaque secteur d\u2019activite\u0301 dans le ro\u0302le et les attributs qui sont les siens. Il reste inde\u0301niable que les employe\u0301s doivent e\u0302tre conside\u0301re\u0301s comme des participants de l\u2019entreprise au me\u0302me titre que les actionnaires et les associe\u0301s en ce sens que nous partageons tous les risques qui de\u0301coulent de certains choix.<\/p>\n<p>Monsieur le Pre\u0301sident, compte tenu de ce qui pre\u0301ce\u0300de , nous demandons humblement et simplement que cette mesure soit reconside\u0301re\u0301e dans de meilleures proportions. Nous comptons a\u0300 nouveau sur votre sens e\u0301leve\u0301 de la responsabilite\u0301 pour donner de la visibilite\u0301 et de l\u2019espoir a\u0300 l\u2019activite\u0301 de chacun.<\/p>\n<p>En vous re\u0301ite\u0301rant notre engagement a\u0300 vouloir \u0153uvrer pour la re\u0301ussite d\u2019une politique oriente\u0301e vers la satisfaction de tous vos compatriotes nous vous prions, Excellence ,Monsieur Le Pre\u0301sident de la Re\u0301publique ,d\u2019agre\u0301er, l\u2019expression de notre tre\u0300s haute conside\u0301ration et de notre profond respect.<\/p>\n<p><strong>Pour plus d&rsquo;informations et d&rsquo;analyses sur la <a href=\"https:\/\/www.africa-press.net\/senegal\">Senegal<\/a>, suivez <a href=\"https:\/\/www.africa-press.net\/\">Africa-Press<\/a><\/strong><\/p>\n","protected":false},"excerpt":{"rendered":"<p>Africa-Press &#8211; Senegal. Objet : nouvelles orientations organisationnelles et e\u0301conomiques du handling et de Air Se\u0301ne\u0301gal SA Avec votre aspiration a\u0300 faire du transport ae\u0301rien un des moteurs de la croissance e\u0301conomique du pays, nous avons tous accompagne\u0301 d\u2019une fac\u0327on ou d\u2019une autre le projet phare du Plan Se\u0301ne\u0301gal E\u0301mergent , re\u0301fe\u0301rentiel des politiques publiques [&hellip;]<\/p>\n","protected":false},"author":82,"featured_media":36425,"comment_status":"open","ping_status":"closed","sticky":false,"template":"","format":"standard","meta":{"footnotes":""},"categories":[2,20,10],"tags":[43,47,44],"class_list":["post-36426","post","type-post","status-publish","format-standard","has-post-thumbnail","hentry","category-politique","category-top-nouvelles","category-toutes-les-actualites","tag-africa-press-2","tag-africa-press-senegal","tag-senegal-2"],"yoast_head":"<!-- This site is optimized with the Yoast SEO Premium plugin v26.1 (Yoast SEO v27.0) - https:\/\/yoast.com\/product\/yoast-seo-premium-wordpress\/ -->\n<title>Lettre ouverte \u00e0 son excellence Mr Macky Sall, Pr\u00e9sident de la R\u00e9publique du S\u00e9n\u00e9gal\u00a0\u00bb - Senegal<\/title>\n<meta name=\"description\" content=\"Objet : nouvelles orientations organisationnelles et e\u0301conomiques du handling et de Air Se\u0301ne\u0301gal SA Avec votre ...\" \/>\n<meta name=\"robots\" content=\"index, follow, max-snippet:-1, max-image-preview:large, max-video-preview:-1\" \/>\n<link rel=\"canonical\" href=\"https:\/\/www.africa-press.net\/senegal\/politique\/lettre-ouverte-a-son-excellence-mr-macky-sall-president-de-la-republique-du-senegal\" \/>\n<meta property=\"og:locale\" content=\"fr_FR\" \/>\n<meta property=\"og:type\" content=\"article\" \/>\n<meta property=\"og:title\" content=\"Lettre ouverte \u00e0 son excellence Mr Macky Sall, Pr\u00e9sident de la R\u00e9publique du S\u00e9n\u00e9gal\u00a0\u00bb\" \/>\n<meta property=\"og:description\" content=\"Objet : nouvelles orientations organisationnelles et e\u0301conomiques du handling et de Air Se\u0301ne\u0301gal SA Avec votre ...\" \/>\n<meta property=\"og:url\" content=\"https:\/\/www.africa-press.net\/senegal\/politique\/lettre-ouverte-a-son-excellence-mr-macky-sall-president-de-la-republique-du-senegal\" \/>\n<meta property=\"og:site_name\" content=\"Senegal\" \/>\n<meta property=\"article:published_time\" content=\"2022-12-10T21:10:23+00:00\" \/>\n<meta property=\"article:modified_time\" content=\"2022-12-10T21:43:55+00:00\" \/>\n<meta property=\"og:image\" content=\"https:\/\/static.africa-press.net\/senegal\/sites\/13\/2022\/12\/postQueueImg_1670694377.47.jpg\" \/>\n\t<meta property=\"og:image:width\" content=\"1021\" \/>\n\t<meta property=\"og:image:height\" content=\"540\" \/>\n\t<meta property=\"og:image:type\" content=\"image\/jpeg\" \/>\n<meta name=\"author\" content=\"cfeditorfr\" \/>\n<meta name=\"twitter:card\" content=\"summary_large_image\" \/>\n<meta name=\"twitter:label1\" content=\"\u00c9crit par\" \/>\n\t<meta name=\"twitter:data1\" content=\"cfeditorfr\" \/>\n\t<meta name=\"twitter:label2\" content=\"Dur\u00e9e de lecture estim\u00e9e\" \/>\n\t<meta name=\"twitter:data2\" content=\"4 minutes\" \/>\n<script type=\"application\/ld+json\" class=\"yoast-schema-graph\">{\"@context\":\"https:\/\/schema.org\",\"@graph\":[{\"@type\":\"Article\",\"@id\":\"https:\/\/www.africa-press.net\/senegal\/politique\/lettre-ouverte-a-son-excellence-mr-macky-sall-president-de-la-republique-du-senegal#article\",\"isPartOf\":{\"@id\":\"https:\/\/www.africa-press.net\/senegal\/politique\/lettre-ouverte-a-son-excellence-mr-macky-sall-president-de-la-republique-du-senegal\"},\"author\":{\"name\":\"cfeditorfr\",\"@id\":\"https:\/\/www.africa-press.net\/senegal\/#\/schema\/person\/2b1cf3cd81a31e3cd26889ca66d677f1\"},\"headline\":\"Lettre ouverte \u00e0 son excellence Mr Macky Sall, Pr\u00e9sident de la R\u00e9publique du S\u00e9n\u00e9gal\u00a0\u00bb\",\"datePublished\":\"2022-12-10T21:10:23+00:00\",\"dateModified\":\"2022-12-10T21:43:55+00:00\",\"mainEntityOfPage\":{\"@id\":\"https:\/\/www.africa-press.net\/senegal\/politique\/lettre-ouverte-a-son-excellence-mr-macky-sall-president-de-la-republique-du-senegal\"},\"wordCount\":808,\"commentCount\":0,\"image\":{\"@id\":\"https:\/\/www.africa-press.net\/senegal\/politique\/lettre-ouverte-a-son-excellence-mr-macky-sall-president-de-la-republique-du-senegal#primaryimage\"},\"thumbnailUrl\":\"https:\/\/static.africa-press.net\/senegal\/sites\/13\/2022\/12\/postQueueImg_1670694377.47.jpg\",\"keywords\":[\"Africa Press\",\"Africa Press-Senegal\",\"Senegal\"],\"articleSection\":[\"Politique\",\"Top Nouvelles\",\"Toutes les actualit\u00e9s\"],\"inLanguage\":\"fr-FR\",\"potentialAction\":[{\"@type\":\"CommentAction\",\"name\":\"Comment\",\"target\":[\"https:\/\/www.africa-press.net\/senegal\/politique\/lettre-ouverte-a-son-excellence-mr-macky-sall-president-de-la-republique-du-senegal#respond\"]}]},{\"@type\":\"WebPage\",\"@id\":\"https:\/\/www.africa-press.net\/senegal\/politique\/lettre-ouverte-a-son-excellence-mr-macky-sall-president-de-la-republique-du-senegal\",\"url\":\"https:\/\/www.africa-press.net\/senegal\/politique\/lettre-ouverte-a-son-excellence-mr-macky-sall-president-de-la-republique-du-senegal\",\"name\":\"Lettre ouverte \u00e0 son excellence Mr Macky Sall, Pr\u00e9sident de la R\u00e9publique du S\u00e9n\u00e9gal\u00a0\u00bb - Senegal\",\"isPartOf\":{\"@id\":\"https:\/\/www.africa-press.net\/senegal\/#website\"},\"primaryImageOfPage\":{\"@id\":\"https:\/\/www.africa-press.net\/senegal\/politique\/lettre-ouverte-a-son-excellence-mr-macky-sall-president-de-la-republique-du-senegal#primaryimage\"},\"image\":{\"@id\":\"https:\/\/www.africa-press.net\/senegal\/politique\/lettre-ouverte-a-son-excellence-mr-macky-sall-president-de-la-republique-du-senegal#primaryimage\"},\"thumbnailUrl\":\"https:\/\/static.africa-press.net\/senegal\/sites\/13\/2022\/12\/postQueueImg_1670694377.47.jpg\",\"datePublished\":\"2022-12-10T21:10:23+00:00\",\"dateModified\":\"2022-12-10T21:43:55+00:00\",\"author\":{\"@id\":\"https:\/\/www.africa-press.net\/senegal\/#\/schema\/person\/2b1cf3cd81a31e3cd26889ca66d677f1\"},\"description\":\"Objet : nouvelles orientations organisationnelles et e\u0301conomiques du handling et de Air Se\u0301ne\u0301gal SA Avec votre ...\",\"breadcrumb\":{\"@id\":\"https:\/\/www.africa-press.net\/senegal\/politique\/lettre-ouverte-a-son-excellence-mr-macky-sall-president-de-la-republique-du-senegal#breadcrumb\"},\"inLanguage\":\"fr-FR\",\"potentialAction\":[{\"@type\":\"ReadAction\",\"target\":[\"https:\/\/www.africa-press.net\/senegal\/politique\/lettre-ouverte-a-son-excellence-mr-macky-sall-president-de-la-republique-du-senegal\"]}]},{\"@type\":\"ImageObject\",\"inLanguage\":\"fr-FR\",\"@id\":\"https:\/\/www.africa-press.net\/senegal\/politique\/lettre-ouverte-a-son-excellence-mr-macky-sall-president-de-la-republique-du-senegal#primaryimage\",\"url\":\"https:\/\/static.africa-press.net\/senegal\/sites\/13\/2022\/12\/postQueueImg_1670694377.47.jpg\",\"contentUrl\":\"https:\/\/static.africa-press.net\/senegal\/sites\/13\/2022\/12\/postQueueImg_1670694377.47.jpg\",\"width\":1021,\"height\":540,\"caption\":\"Lettre ouverte \u00e0 son excellence Mr Macky Sall, Pr\u00e9sident de la R\u00e9publique du S\u00e9n\u00e9gal\u00a0\u00bb\"},{\"@type\":\"BreadcrumbList\",\"@id\":\"https:\/\/www.africa-press.net\/senegal\/politique\/lettre-ouverte-a-son-excellence-mr-macky-sall-president-de-la-republique-du-senegal#breadcrumb\",\"itemListElement\":[{\"@type\":\"ListItem\",\"position\":1,\"name\":\"Accueil\",\"item\":\"https:\/\/www.africa-press.net\/senegal\/\"},{\"@type\":\"ListItem\",\"position\":2,\"name\":\"Lettre ouverte \u00e0 son excellence Mr Macky Sall, Pr\u00e9sident de la R\u00e9publique du S\u00e9n\u00e9gal\u00a0\u00bb\"}]},{\"@type\":\"WebSite\",\"@id\":\"https:\/\/www.africa-press.net\/senegal\/#website\",\"url\":\"https:\/\/www.africa-press.net\/senegal\/\",\"name\":\"Africa Press | Senegal | Homepage\",\"description\":\"Just another Africa News Agency Sites site\",\"potentialAction\":[{\"@type\":\"SearchAction\",\"target\":{\"@type\":\"EntryPoint\",\"urlTemplate\":\"https:\/\/www.africa-press.net\/senegal\/?s={search_term_string}\"},\"query-input\":{\"@type\":\"PropertyValueSpecification\",\"valueRequired\":true,\"valueName\":\"search_term_string\"}}],\"inLanguage\":\"fr-FR\"},{\"@type\":\"Person\",\"@id\":\"https:\/\/www.africa-press.net\/senegal\/#\/schema\/person\/2b1cf3cd81a31e3cd26889ca66d677f1\",\"name\":\"cfeditorfr\",\"url\":\"https:\/\/www.africa-press.net\/senegal\/author\/cfeditorfr\"}]}<\/script>\n<!-- \/ Yoast SEO Premium plugin. -->","yoast_head_json":{"title":"Lettre ouverte \u00e0 son excellence Mr Macky Sall, Pr\u00e9sident de la R\u00e9publique du S\u00e9n\u00e9gal\u00a0\u00bb - Senegal","description":"Objet : nouvelles orientations organisationnelles et e\u0301conomiques du handling et de Air Se\u0301ne\u0301gal SA Avec votre ...","robots":{"index":"index","follow":"follow","max-snippet":"max-snippet:-1","max-image-preview":"max-image-preview:large","max-video-preview":"max-video-preview:-1"},"canonical":"https:\/\/www.africa-press.net\/senegal\/politique\/lettre-ouverte-a-son-excellence-mr-macky-sall-president-de-la-republique-du-senegal","og_locale":"fr_FR","og_type":"article","og_title":"Lettre ouverte \u00e0 son excellence Mr Macky Sall, Pr\u00e9sident de la R\u00e9publique du S\u00e9n\u00e9gal\u00a0\u00bb","og_description":"Objet : nouvelles orientations organisationnelles et e\u0301conomiques du handling et de Air Se\u0301ne\u0301gal SA Avec votre ...","og_url":"https:\/\/www.africa-press.net\/senegal\/politique\/lettre-ouverte-a-son-excellence-mr-macky-sall-president-de-la-republique-du-senegal","og_site_name":"Senegal","article_published_time":"2022-12-10T21:10:23+00:00","article_modified_time":"2022-12-10T21:43:55+00:00","og_image":[{"width":1021,"height":540,"url":"https:\/\/static.africa-press.net\/senegal\/sites\/13\/2022\/12\/postQueueImg_1670694377.47.jpg","type":"image\/jpeg"}],"author":"cfeditorfr","twitter_card":"summary_large_image","twitter_misc":{"\u00c9crit par":"cfeditorfr","Dur\u00e9e de lecture estim\u00e9e":"4 minutes"},"schema":{"@context":"https:\/\/schema.org","@graph":[{"@type":"Article","@id":"https:\/\/www.africa-press.net\/senegal\/politique\/lettre-ouverte-a-son-excellence-mr-macky-sall-president-de-la-republique-du-senegal#article","isPartOf":{"@id":"https:\/\/www.africa-press.net\/senegal\/politique\/lettre-ouverte-a-son-excellence-mr-macky-sall-president-de-la-republique-du-senegal"},"author":{"name":"cfeditorfr","@id":"https:\/\/www.africa-press.net\/senegal\/#\/schema\/person\/2b1cf3cd81a31e3cd26889ca66d677f1"},"headline":"Lettre ouverte \u00e0 son excellence Mr Macky Sall, Pr\u00e9sident de la R\u00e9publique du S\u00e9n\u00e9gal\u00a0\u00bb","datePublished":"2022-12-10T21:10:23+00:00","dateModified":"2022-12-10T21:43:55+00:00","mainEntityOfPage":{"@id":"https:\/\/www.africa-press.net\/senegal\/politique\/lettre-ouverte-a-son-excellence-mr-macky-sall-president-de-la-republique-du-senegal"},"wordCount":808,"commentCount":0,"image":{"@id":"https:\/\/www.africa-press.net\/senegal\/politique\/lettre-ouverte-a-son-excellence-mr-macky-sall-president-de-la-republique-du-senegal#primaryimage"},"thumbnailUrl":"https:\/\/static.africa-press.net\/senegal\/sites\/13\/2022\/12\/postQueueImg_1670694377.47.jpg","keywords":["Africa Press","Africa Press-Senegal","Senegal"],"articleSection":["Politique","Top Nouvelles","Toutes les actualit\u00e9s"],"inLanguage":"fr-FR","potentialAction":[{"@type":"CommentAction","name":"Comment","target":["https:\/\/www.africa-press.net\/senegal\/politique\/lettre-ouverte-a-son-excellence-mr-macky-sall-president-de-la-republique-du-senegal#respond"]}]},{"@type":"WebPage","@id":"https:\/\/www.africa-press.net\/senegal\/politique\/lettre-ouverte-a-son-excellence-mr-macky-sall-president-de-la-republique-du-senegal","url":"https:\/\/www.africa-press.net\/senegal\/politique\/lettre-ouverte-a-son-excellence-mr-macky-sall-president-de-la-republique-du-senegal","name":"Lettre ouverte \u00e0 son excellence Mr Macky Sall, Pr\u00e9sident de la R\u00e9publique du S\u00e9n\u00e9gal\u00a0\u00bb - Senegal","isPartOf":{"@id":"https:\/\/www.africa-press.net\/senegal\/#website"},"primaryImageOfPage":{"@id":"https:\/\/www.africa-press.net\/senegal\/politique\/lettre-ouverte-a-son-excellence-mr-macky-sall-president-de-la-republique-du-senegal#primaryimage"},"image":{"@id":"https:\/\/www.africa-press.net\/senegal\/politique\/lettre-ouverte-a-son-excellence-mr-macky-sall-president-de-la-republique-du-senegal#primaryimage"},"thumbnailUrl":"https:\/\/static.africa-press.net\/senegal\/sites\/13\/2022\/12\/postQueueImg_1670694377.47.jpg","datePublished":"2022-12-10T21:10:23+00:00","dateModified":"2022-12-10T21:43:55+00:00","author":{"@id":"https:\/\/www.africa-press.net\/senegal\/#\/schema\/person\/2b1cf3cd81a31e3cd26889ca66d677f1"},"description":"Objet : nouvelles orientations organisationnelles et e\u0301conomiques du handling et de Air Se\u0301ne\u0301gal SA Avec votre ...","breadcrumb":{"@id":"https:\/\/www.africa-press.net\/senegal\/politique\/lettre-ouverte-a-son-excellence-mr-macky-sall-president-de-la-republique-du-senegal#breadcrumb"},"inLanguage":"fr-FR","potentialAction":[{"@type":"ReadAction","target":["https:\/\/www.africa-press.net\/senegal\/politique\/lettre-ouverte-a-son-excellence-mr-macky-sall-president-de-la-republique-du-senegal"]}]},{"@type":"ImageObject","inLanguage":"fr-FR","@id":"https:\/\/www.africa-press.net\/senegal\/politique\/lettre-ouverte-a-son-excellence-mr-macky-sall-president-de-la-republique-du-senegal#primaryimage","url":"https:\/\/static.africa-press.net\/senegal\/sites\/13\/2022\/12\/postQueueImg_1670694377.47.jpg","contentUrl":"https:\/\/static.africa-press.net\/senegal\/sites\/13\/2022\/12\/postQueueImg_1670694377.47.jpg","width":1021,"height":540,"caption":"Lettre ouverte \u00e0 son excellence Mr Macky Sall, Pr\u00e9sident de la R\u00e9publique du S\u00e9n\u00e9gal\u00a0\u00bb"},{"@type":"BreadcrumbList","@id":"https:\/\/www.africa-press.net\/senegal\/politique\/lettre-ouverte-a-son-excellence-mr-macky-sall-president-de-la-republique-du-senegal#breadcrumb","itemListElement":[{"@type":"ListItem","position":1,"name":"Accueil","item":"https:\/\/www.africa-press.net\/senegal\/"},{"@type":"ListItem","position":2,"name":"Lettre ouverte \u00e0 son excellence Mr Macky Sall, Pr\u00e9sident de la R\u00e9publique du S\u00e9n\u00e9gal\u00a0\u00bb"}]},{"@type":"WebSite","@id":"https:\/\/www.africa-press.net\/senegal\/#website","url":"https:\/\/www.africa-press.net\/senegal\/","name":"Africa Press | Senegal | Homepage","description":"Just another Africa News Agency Sites site","potentialAction":[{"@type":"SearchAction","target":{"@type":"EntryPoint","urlTemplate":"https:\/\/www.africa-press.net\/senegal\/?s={search_term_string}"},"query-input":{"@type":"PropertyValueSpecification","valueRequired":true,"valueName":"search_term_string"}}],"inLanguage":"fr-FR"},{"@type":"Person","@id":"https:\/\/www.africa-press.net\/senegal\/#\/schema\/person\/2b1cf3cd81a31e3cd26889ca66d677f1","name":"cfeditorfr","url":"https:\/\/www.africa-press.net\/senegal\/author\/cfeditorfr"}]}},"_links":{"self":[{"href":"https:\/\/www.africa-press.net\/senegal\/wp-json\/wp\/v2\/posts\/36426","targetHints":{"allow":["GET"]}}],"collection":[{"href":"https:\/\/www.africa-press.net\/senegal\/wp-json\/wp\/v2\/posts"}],"about":[{"href":"https:\/\/www.africa-press.net\/senegal\/wp-json\/wp\/v2\/types\/post"}],"author":[{"embeddable":true,"href":"https:\/\/www.africa-press.net\/senegal\/wp-json\/wp\/v2\/users\/82"}],"replies":[{"embeddable":true,"href":"https:\/\/www.africa-press.net\/senegal\/wp-json\/wp\/v2\/comments?post=36426"}],"version-history":[{"count":0,"href":"https:\/\/www.africa-press.net\/senegal\/wp-json\/wp\/v2\/posts\/36426\/revisions"}],"wp:featuredmedia":[{"embeddable":true,"href":"https:\/\/www.africa-press.net\/senegal\/wp-json\/wp\/v2\/media\/36425"}],"wp:attachment":[{"href":"https:\/\/www.africa-press.net\/senegal\/wp-json\/wp\/v2\/media?parent=36426"}],"wp:term":[{"taxonomy":"category","embeddable":true,"href":"https:\/\/www.africa-press.net\/senegal\/wp-json\/wp\/v2\/categories?post=36426"},{"taxonomy":"post_tag","embeddable":true,"href":"https:\/\/www.africa-press.net\/senegal\/wp-json\/wp\/v2\/tags?post=36426"}],"curies":[{"name":"wp","href":"https:\/\/api.w.org\/{rel}","templated":true}]}}