{"id":36429,"date":"2022-12-10T22:05:59","date_gmt":"2022-12-10T22:05:59","guid":{"rendered":"https:\/\/www.africa-press.net\/senegal\/politique\/transparence-et-redevabilite-dans-le-secteur-extractif-le-forum-civil-entre-en-action"},"modified":"2022-12-10T22:05:59","modified_gmt":"2022-12-10T22:05:59","slug":"transparence-et-redevabilite-dans-le-secteur-extractif-le-forum-civil-entre-en-action","status":"publish","type":"post","link":"https:\/\/www.africa-press.net\/senegal\/toutes-les-actualites\/transparence-et-redevabilite-dans-le-secteur-extractif-le-forum-civil-entre-en-action","title":{"rendered":"Transparence et redevabilit\u00e9 dans le secteur extractif : Le Forum Civil entre en action\u2026"},"content":{"rendered":"<p><span style=\"color: #ff6600\"><strong>Africa-Press &#8211; Senegal. <\/strong><\/span><b>Le Forum Civil, en consortium avec NRGI et l\u2019ONG 3D, a de\u0301marre\u0301 ce 10 de\u0301cembre 2022, des activite\u0301s de renforcement de capacite\u0301s et de redevabilite\u0301 au profit des Organisations de la Socie\u0301te\u0301 Civile, des Femmes, des Me\u0301dias, des agents e\u0301conomiques ope\u0301rant dans le secteur extractif et des Etudiants sur les the\u0301matiques relatives aux contrats pe\u0301tro-gaziers et miniers, au contenu local dans le secteur extractif, a\u0300 la responsabilite\u0301 socie\u0301tale d\u2019entreprise, aux modalite\u0301s de suivi des plans de gestion environnementale et sociale ainsi qu\u2019aux fonds et autres revenus pre\u0301vus en matie\u0300re d\u2019hydrocarbure et de mine.<\/b><\/p>\n<p>Ce, dans le cadre de la mise en \u0153uvre du Projet pour la Transparence et la Redevabilite\u0301 dans le Secteur Extractif au Se\u0301ne\u0301gal (TRACES), finance\u0301 par l\u2019USAID.<\/p>\n<p>En plus des activite\u0301s pre\u0301cite\u0301es, note Seneweb, le Forum Civil mettra en place des me\u0301canismes citoyens inclusifs permettant de garantir le dialogue entre les communaute\u0301s dans le but de de\u0301fendre leurs inte\u0301re\u0302ts dans le secteur extractif.<\/p>\n<p>Il s\u2019agit des Observatoires Territoriaux du Secteur Extractif (OTSE). L\u2019Observatoire Territorial du Secteur Extractif (OTSE) selon toujours la me\u0302me source, est compose\u0301 de citoyens engage\u0301s (femmes, hommes, personnes vivant avec un handicap etc.<\/p>\n<p>) dans le suivi du secteur extractif au niveau territorial dans le but de de\u0301fendre les inte\u0301re\u0302ts des communaute\u0301s (populations et collectivite\u0301s territoriales).<\/p>\n<p>L\u2019OTSE, renche\u0301rissent nos confre\u0300res, a entre autres missions de faciliter le dialogue entre les entreprises et les communaute\u0301s, de recueillir des donne\u0301es sur l\u2019exploitation minie\u0300re ou pe\u0301tro-gazie\u0300re, de faire le plaidoyer pour le respect des obligations contractuelles et le\u0301gales des entreprises, de veiller au respect des droits humains dans les zones d\u2019exploitation minie\u0300re et pe\u0301tro-gazie\u0300re, de faire la promotion du contenu local au profit des entreprises et des populations, surtout pour les jeunes etc.<\/p>\n<p>Et pour une meilleure prise en compte des besoins des populations subissant les externalite\u0301s ne\u0301gatives de l\u2019exploitation minie\u0300re, des foras populaires seront organise\u0301s au niveau territorial pour discuter de l\u2019effectivite\u0301 de l\u2019exe\u0301cution des engagements socio-e\u0301conomiques des entreprises dans le cadre de leur responsabilite\u0301 socie\u0301tale d\u2019entreprise (RSE).<\/p>\n<p>Ces foras vont principalement impliquer les femmes vivant dans les zones d\u2019exploitation minie\u0300re. Pour animer ces fora, le Forum Civil mettra en contribution ses plateformes de\u0301nomme\u0301es : \u00ab Femmes des Collectivite\u0301s Minie\u0300res \u00bb (FCM).<\/p>\n<p>Ces plateformes, installe\u0301es pour le moment a\u0300 Saraya, Ke\u0301dougou, Bakel, Thie\u0300s, Ngoundiane, Mboro, Darou Khoudoss et Tai\u0308ba Ndiaye, sont compose\u0301es uniquement de femmes et de jeunes filles. Ces activite\u0301s seront, principalement, mises en \u0153uvre dans les zones d\u2019exploitation minie\u0300re ou pe\u0301tro-gazie\u0300re.<\/p>\n<p><strong>Pour plus d&rsquo;informations et d&rsquo;analyses sur la <a href=\"https:\/\/www.africa-press.net\/senegal\">Senegal<\/a>, suivez <a href=\"https:\/\/www.africa-press.net\/\">Africa-Press<\/a><\/strong><\/p>\n","protected":false},"excerpt":{"rendered":"<p>Africa-Press &#8211; Senegal. Le Forum Civil, en consortium avec NRGI et l\u2019ONG 3D, a de\u0301marre\u0301 ce 10 de\u0301cembre 2022, des activite\u0301s de renforcement de capacite\u0301s et de redevabilite\u0301 au profit des Organisations de la Socie\u0301te\u0301 Civile, des Femmes, des Me\u0301dias, des agents e\u0301conomiques ope\u0301rant dans le secteur extractif et des Etudiants sur les the\u0301matiques relatives [&hellip;]<\/p>\n","protected":false},"author":82,"featured_media":36428,"comment_status":"open","ping_status":"closed","sticky":false,"template":"","format":"standard","meta":{"footnotes":""},"categories":[21,10],"tags":[43,47,44],"class_list":["post-36429","post","type-post","status-publish","format-standard","has-post-thumbnail","hentry","category-communaute","category-toutes-les-actualites","tag-africa-press-2","tag-africa-press-senegal","tag-senegal-2"],"yoast_head":"<!-- This site is optimized with the Yoast SEO Premium plugin v26.1 (Yoast SEO v27.0) - https:\/\/yoast.com\/product\/yoast-seo-premium-wordpress\/ -->\n<title>Transparence et redevabilit\u00e9 dans le secteur extractif : Le Forum Civil entre en action\u2026 - Senegal<\/title>\n<meta name=\"robots\" content=\"index, follow, max-snippet:-1, max-image-preview:large, max-video-preview:-1\" \/>\n<link rel=\"canonical\" href=\"https:\/\/www.africa-press.net\/senegal\/politique\/transparence-et-redevabilite-dans-le-secteur-extractif-le-forum-civil-entre-en-action\" \/>\n<meta property=\"og:locale\" content=\"fr_FR\" \/>\n<meta property=\"og:type\" content=\"article\" \/>\n<meta property=\"og:title\" content=\"Transparence et redevabilit\u00e9 dans le secteur extractif : Le Forum Civil entre en action\u2026\" \/>\n<meta property=\"og:description\" content=\"Africa-Press &#8211; Senegal. Le Forum Civil, en consortium avec NRGI et l\u2019ONG 3D, a de\u0301marre\u0301 ce 10 de\u0301cembre 2022, des activite\u0301s de renforcement de capacite\u0301s et de redevabilite\u0301 au profit des Organisations de la Socie\u0301te\u0301 Civile, des Femmes, des Me\u0301dias, des agents e\u0301conomiques ope\u0301rant dans le secteur extractif et des Etudiants sur les the\u0301matiques relatives [&hellip;]\" \/>\n<meta property=\"og:url\" content=\"https:\/\/www.africa-press.net\/senegal\/politique\/transparence-et-redevabilite-dans-le-secteur-extractif-le-forum-civil-entre-en-action\" \/>\n<meta property=\"og:site_name\" content=\"Senegal\" \/>\n<meta property=\"article:published_time\" content=\"2022-12-10T22:05:59+00:00\" \/>\n<meta name=\"author\" content=\"cfeditorfr\" \/>\n<meta name=\"twitter:card\" content=\"summary_large_image\" \/>\n<meta name=\"twitter:label1\" content=\"\u00c9crit par\" \/>\n\t<meta name=\"twitter:data1\" content=\"cfeditorfr\" \/>\n\t<meta name=\"twitter:label2\" content=\"Dur\u00e9e de lecture estim\u00e9e\" \/>\n\t<meta name=\"twitter:data2\" content=\"2 minutes\" \/>\n<script type=\"application\/ld+json\" class=\"yoast-schema-graph\">{\"@context\":\"https:\/\/schema.org\",\"@graph\":[{\"@type\":\"Article\",\"@id\":\"https:\/\/www.africa-press.net\/senegal\/politique\/transparence-et-redevabilite-dans-le-secteur-extractif-le-forum-civil-entre-en-action#article\",\"isPartOf\":{\"@id\":\"https:\/\/www.africa-press.net\/senegal\/politique\/transparence-et-redevabilite-dans-le-secteur-extractif-le-forum-civil-entre-en-action\"},\"author\":{\"name\":\"cfeditorfr\",\"@id\":\"https:\/\/www.africa-press.net\/senegal\/#\/schema\/person\/2b1cf3cd81a31e3cd26889ca66d677f1\"},\"headline\":\"Transparence et redevabilit\u00e9 dans le secteur extractif : Le Forum Civil entre en action\u2026\",\"datePublished\":\"2022-12-10T22:05:59+00:00\",\"mainEntityOfPage\":{\"@id\":\"https:\/\/www.africa-press.net\/senegal\/politique\/transparence-et-redevabilite-dans-le-secteur-extractif-le-forum-civil-entre-en-action\"},\"wordCount\":508,\"commentCount\":0,\"image\":{\"@id\":\"https:\/\/www.africa-press.net\/senegal\/politique\/transparence-et-redevabilite-dans-le-secteur-extractif-le-forum-civil-entre-en-action#primaryimage\"},\"thumbnailUrl\":\"https:\/\/static.africa-press.net\/senegal\/sites\/13\/2022\/12\/postQueueImg_1670697431.88.jpg\",\"keywords\":[\"Africa Press\",\"Africa Press-Senegal\",\"Senegal\"],\"articleSection\":[\"Communaut\u00e9\",\"Toutes les actualit\u00e9s\"],\"inLanguage\":\"fr-FR\",\"potentialAction\":[{\"@type\":\"CommentAction\",\"name\":\"Comment\",\"target\":[\"https:\/\/www.africa-press.net\/senegal\/politique\/transparence-et-redevabilite-dans-le-secteur-extractif-le-forum-civil-entre-en-action#respond\"]}]},{\"@type\":\"WebPage\",\"@id\":\"https:\/\/www.africa-press.net\/senegal\/politique\/transparence-et-redevabilite-dans-le-secteur-extractif-le-forum-civil-entre-en-action\",\"url\":\"https:\/\/www.africa-press.net\/senegal\/politique\/transparence-et-redevabilite-dans-le-secteur-extractif-le-forum-civil-entre-en-action\",\"name\":\"Transparence et redevabilit\u00e9 dans le secteur extractif : Le Forum Civil entre en action\u2026 - Senegal\",\"isPartOf\":{\"@id\":\"https:\/\/www.africa-press.net\/senegal\/#website\"},\"primaryImageOfPage\":{\"@id\":\"https:\/\/www.africa-press.net\/senegal\/politique\/transparence-et-redevabilite-dans-le-secteur-extractif-le-forum-civil-entre-en-action#primaryimage\"},\"image\":{\"@id\":\"https:\/\/www.africa-press.net\/senegal\/politique\/transparence-et-redevabilite-dans-le-secteur-extractif-le-forum-civil-entre-en-action#primaryimage\"},\"thumbnailUrl\":\"https:\/\/static.africa-press.net\/senegal\/sites\/13\/2022\/12\/postQueueImg_1670697431.88.jpg\",\"datePublished\":\"2022-12-10T22:05:59+00:00\",\"author\":{\"@id\":\"https:\/\/www.africa-press.net\/senegal\/#\/schema\/person\/2b1cf3cd81a31e3cd26889ca66d677f1\"},\"breadcrumb\":{\"@id\":\"https:\/\/www.africa-press.net\/senegal\/politique\/transparence-et-redevabilite-dans-le-secteur-extractif-le-forum-civil-entre-en-action#breadcrumb\"},\"inLanguage\":\"fr-FR\",\"potentialAction\":[{\"@type\":\"ReadAction\",\"target\":[\"https:\/\/www.africa-press.net\/senegal\/politique\/transparence-et-redevabilite-dans-le-secteur-extractif-le-forum-civil-entre-en-action\"]}]},{\"@type\":\"ImageObject\",\"inLanguage\":\"fr-FR\",\"@id\":\"https:\/\/www.africa-press.net\/senegal\/politique\/transparence-et-redevabilite-dans-le-secteur-extractif-le-forum-civil-entre-en-action#primaryimage\",\"url\":\"https:\/\/static.africa-press.net\/senegal\/sites\/13\/2022\/12\/postQueueImg_1670697431.88.jpg\",\"contentUrl\":\"https:\/\/static.africa-press.net\/senegal\/sites\/13\/2022\/12\/postQueueImg_1670697431.88.jpg\",\"width\":700,\"height\":485,\"caption\":\"Transparence et redevabilit\u00e9 dans le secteur extractif : Le Forum Civil entre en action\u2026\"},{\"@type\":\"BreadcrumbList\",\"@id\":\"https:\/\/www.africa-press.net\/senegal\/politique\/transparence-et-redevabilite-dans-le-secteur-extractif-le-forum-civil-entre-en-action#breadcrumb\",\"itemListElement\":[{\"@type\":\"ListItem\",\"position\":1,\"name\":\"Accueil\",\"item\":\"https:\/\/www.africa-press.net\/senegal\/\"},{\"@type\":\"ListItem\",\"position\":2,\"name\":\"Transparence et redevabilit\u00e9 dans le secteur extractif : Le Forum Civil entre en action\u2026\"}]},{\"@type\":\"WebSite\",\"@id\":\"https:\/\/www.africa-press.net\/senegal\/#website\",\"url\":\"https:\/\/www.africa-press.net\/senegal\/\",\"name\":\"Africa Press | Senegal | Homepage\",\"description\":\"Just another Africa News Agency Sites site\",\"potentialAction\":[{\"@type\":\"SearchAction\",\"target\":{\"@type\":\"EntryPoint\",\"urlTemplate\":\"https:\/\/www.africa-press.net\/senegal\/?s={search_term_string}\"},\"query-input\":{\"@type\":\"PropertyValueSpecification\",\"valueRequired\":true,\"valueName\":\"search_term_string\"}}],\"inLanguage\":\"fr-FR\"},{\"@type\":\"Person\",\"@id\":\"https:\/\/www.africa-press.net\/senegal\/#\/schema\/person\/2b1cf3cd81a31e3cd26889ca66d677f1\",\"name\":\"cfeditorfr\",\"url\":\"https:\/\/www.africa-press.net\/senegal\/author\/cfeditorfr\"}]}<\/script>\n<!-- \/ Yoast SEO Premium plugin. -->","yoast_head_json":{"title":"Transparence et redevabilit\u00e9 dans le secteur extractif : Le Forum Civil entre en action\u2026 - Senegal","robots":{"index":"index","follow":"follow","max-snippet":"max-snippet:-1","max-image-preview":"max-image-preview:large","max-video-preview":"max-video-preview:-1"},"canonical":"https:\/\/www.africa-press.net\/senegal\/politique\/transparence-et-redevabilite-dans-le-secteur-extractif-le-forum-civil-entre-en-action","og_locale":"fr_FR","og_type":"article","og_title":"Transparence et redevabilit\u00e9 dans le secteur extractif : Le Forum Civil entre en action\u2026","og_description":"Africa-Press &#8211; Senegal. Le Forum Civil, en consortium avec NRGI et l\u2019ONG 3D, a de\u0301marre\u0301 ce 10 de\u0301cembre 2022, des activite\u0301s de renforcement de capacite\u0301s et de redevabilite\u0301 au profit des Organisations de la Socie\u0301te\u0301 Civile, des Femmes, des Me\u0301dias, des agents e\u0301conomiques ope\u0301rant dans le secteur extractif et des Etudiants sur les the\u0301matiques relatives [&hellip;]","og_url":"https:\/\/www.africa-press.net\/senegal\/politique\/transparence-et-redevabilite-dans-le-secteur-extractif-le-forum-civil-entre-en-action","og_site_name":"Senegal","article_published_time":"2022-12-10T22:05:59+00:00","author":"cfeditorfr","twitter_card":"summary_large_image","twitter_misc":{"\u00c9crit par":"cfeditorfr","Dur\u00e9e de lecture estim\u00e9e":"2 minutes"},"schema":{"@context":"https:\/\/schema.org","@graph":[{"@type":"Article","@id":"https:\/\/www.africa-press.net\/senegal\/politique\/transparence-et-redevabilite-dans-le-secteur-extractif-le-forum-civil-entre-en-action#article","isPartOf":{"@id":"https:\/\/www.africa-press.net\/senegal\/politique\/transparence-et-redevabilite-dans-le-secteur-extractif-le-forum-civil-entre-en-action"},"author":{"name":"cfeditorfr","@id":"https:\/\/www.africa-press.net\/senegal\/#\/schema\/person\/2b1cf3cd81a31e3cd26889ca66d677f1"},"headline":"Transparence et redevabilit\u00e9 dans le secteur extractif : Le Forum Civil entre en action\u2026","datePublished":"2022-12-10T22:05:59+00:00","mainEntityOfPage":{"@id":"https:\/\/www.africa-press.net\/senegal\/politique\/transparence-et-redevabilite-dans-le-secteur-extractif-le-forum-civil-entre-en-action"},"wordCount":508,"commentCount":0,"image":{"@id":"https:\/\/www.africa-press.net\/senegal\/politique\/transparence-et-redevabilite-dans-le-secteur-extractif-le-forum-civil-entre-en-action#primaryimage"},"thumbnailUrl":"https:\/\/static.africa-press.net\/senegal\/sites\/13\/2022\/12\/postQueueImg_1670697431.88.jpg","keywords":["Africa Press","Africa Press-Senegal","Senegal"],"articleSection":["Communaut\u00e9","Toutes les actualit\u00e9s"],"inLanguage":"fr-FR","potentialAction":[{"@type":"CommentAction","name":"Comment","target":["https:\/\/www.africa-press.net\/senegal\/politique\/transparence-et-redevabilite-dans-le-secteur-extractif-le-forum-civil-entre-en-action#respond"]}]},{"@type":"WebPage","@id":"https:\/\/www.africa-press.net\/senegal\/politique\/transparence-et-redevabilite-dans-le-secteur-extractif-le-forum-civil-entre-en-action","url":"https:\/\/www.africa-press.net\/senegal\/politique\/transparence-et-redevabilite-dans-le-secteur-extractif-le-forum-civil-entre-en-action","name":"Transparence et redevabilit\u00e9 dans le secteur extractif : Le Forum Civil entre en action\u2026 - Senegal","isPartOf":{"@id":"https:\/\/www.africa-press.net\/senegal\/#website"},"primaryImageOfPage":{"@id":"https:\/\/www.africa-press.net\/senegal\/politique\/transparence-et-redevabilite-dans-le-secteur-extractif-le-forum-civil-entre-en-action#primaryimage"},"image":{"@id":"https:\/\/www.africa-press.net\/senegal\/politique\/transparence-et-redevabilite-dans-le-secteur-extractif-le-forum-civil-entre-en-action#primaryimage"},"thumbnailUrl":"https:\/\/static.africa-press.net\/senegal\/sites\/13\/2022\/12\/postQueueImg_1670697431.88.jpg","datePublished":"2022-12-10T22:05:59+00:00","author":{"@id":"https:\/\/www.africa-press.net\/senegal\/#\/schema\/person\/2b1cf3cd81a31e3cd26889ca66d677f1"},"breadcrumb":{"@id":"https:\/\/www.africa-press.net\/senegal\/politique\/transparence-et-redevabilite-dans-le-secteur-extractif-le-forum-civil-entre-en-action#breadcrumb"},"inLanguage":"fr-FR","potentialAction":[{"@type":"ReadAction","target":["https:\/\/www.africa-press.net\/senegal\/politique\/transparence-et-redevabilite-dans-le-secteur-extractif-le-forum-civil-entre-en-action"]}]},{"@type":"ImageObject","inLanguage":"fr-FR","@id":"https:\/\/www.africa-press.net\/senegal\/politique\/transparence-et-redevabilite-dans-le-secteur-extractif-le-forum-civil-entre-en-action#primaryimage","url":"https:\/\/static.africa-press.net\/senegal\/sites\/13\/2022\/12\/postQueueImg_1670697431.88.jpg","contentUrl":"https:\/\/static.africa-press.net\/senegal\/sites\/13\/2022\/12\/postQueueImg_1670697431.88.jpg","width":700,"height":485,"caption":"Transparence et redevabilit\u00e9 dans le secteur extractif : Le Forum Civil entre en action\u2026"},{"@type":"BreadcrumbList","@id":"https:\/\/www.africa-press.net\/senegal\/politique\/transparence-et-redevabilite-dans-le-secteur-extractif-le-forum-civil-entre-en-action#breadcrumb","itemListElement":[{"@type":"ListItem","position":1,"name":"Accueil","item":"https:\/\/www.africa-press.net\/senegal\/"},{"@type":"ListItem","position":2,"name":"Transparence et redevabilit\u00e9 dans le secteur extractif : Le Forum Civil entre en action\u2026"}]},{"@type":"WebSite","@id":"https:\/\/www.africa-press.net\/senegal\/#website","url":"https:\/\/www.africa-press.net\/senegal\/","name":"Africa Press | Senegal | Homepage","description":"Just another Africa News Agency Sites site","potentialAction":[{"@type":"SearchAction","target":{"@type":"EntryPoint","urlTemplate":"https:\/\/www.africa-press.net\/senegal\/?s={search_term_string}"},"query-input":{"@type":"PropertyValueSpecification","valueRequired":true,"valueName":"search_term_string"}}],"inLanguage":"fr-FR"},{"@type":"Person","@id":"https:\/\/www.africa-press.net\/senegal\/#\/schema\/person\/2b1cf3cd81a31e3cd26889ca66d677f1","name":"cfeditorfr","url":"https:\/\/www.africa-press.net\/senegal\/author\/cfeditorfr"}]}},"_links":{"self":[{"href":"https:\/\/www.africa-press.net\/senegal\/wp-json\/wp\/v2\/posts\/36429","targetHints":{"allow":["GET"]}}],"collection":[{"href":"https:\/\/www.africa-press.net\/senegal\/wp-json\/wp\/v2\/posts"}],"about":[{"href":"https:\/\/www.africa-press.net\/senegal\/wp-json\/wp\/v2\/types\/post"}],"author":[{"embeddable":true,"href":"https:\/\/www.africa-press.net\/senegal\/wp-json\/wp\/v2\/users\/82"}],"replies":[{"embeddable":true,"href":"https:\/\/www.africa-press.net\/senegal\/wp-json\/wp\/v2\/comments?post=36429"}],"version-history":[{"count":0,"href":"https:\/\/www.africa-press.net\/senegal\/wp-json\/wp\/v2\/posts\/36429\/revisions"}],"wp:featuredmedia":[{"embeddable":true,"href":"https:\/\/www.africa-press.net\/senegal\/wp-json\/wp\/v2\/media\/36428"}],"wp:attachment":[{"href":"https:\/\/www.africa-press.net\/senegal\/wp-json\/wp\/v2\/media?parent=36429"}],"wp:term":[{"taxonomy":"category","embeddable":true,"href":"https:\/\/www.africa-press.net\/senegal\/wp-json\/wp\/v2\/categories?post=36429"},{"taxonomy":"post_tag","embeddable":true,"href":"https:\/\/www.africa-press.net\/senegal\/wp-json\/wp\/v2\/tags?post=36429"}],"curies":[{"name":"wp","href":"https:\/\/api.w.org\/{rel}","templated":true}]}}