{"id":36826,"date":"2022-12-19T12:52:40","date_gmt":"2022-12-19T12:52:40","guid":{"rendered":"https:\/\/www.africa-press.net\/senegal\/politique\/les-deputes-massata-samb-et-mamadou-niang-juges-ce-lundi"},"modified":"2022-12-19T13:22:06","modified_gmt":"2022-12-19T13:22:06","slug":"les-deputes-massata-samb-et-mamadou-niang-juges-ce-lundi","status":"publish","type":"post","link":"https:\/\/www.africa-press.net\/senegal\/politique\/les-deputes-massata-samb-et-mamadou-niang-juges-ce-lundi","title":{"rendered":"Les d\u00e9put\u00e9s Massata Samb et Mamadou Niang jug\u00e9s ce lundi"},"content":{"rendered":"<p><span style=\"color: #ff6600\"><strong>Africa-Press &#8211; Senegal. <\/strong><\/span>Les deux de\u0301pute\u0301s du Parti de l\u2019unite\u0301 et du rassemblement (PUR), Massata Samb et Mamadou Niang, auteurs pre\u0301sume\u0301s d\u2019actes de violence contre leur colle\u0300gue Amy Gniby Ndiaye (BBY, pouvoir), seront juge\u0301s, ce lundi, par le tribunal des flagrants de\u0301lits de Dakar.<\/p>\n<p>Les de\u0301pute\u0301s membres de la coalition Yewwi Askan Wi (opposition), ont e\u0301te\u0301 place\u0301s en garde a\u0300 vue, mardi, apre\u0300s leur audition par la Division des investigations criminelles (DIC).<\/p>\n<p>Ils e\u0301taient entendus sur ordre du procureur de la Re\u0301publique.<\/p>\n<p>Lors d\u2019une se\u0301ance parlementaire houleuse, dans le cadre de la session budge\u0301taire, Amy Gniby Ndiaye, a rec\u0327u une gifle de Massata Samb et un coup de pied de Mamadou Niang apre\u0300s qu\u2019elle a tenu des propos a\u0300 l&rsquo;encontre de leur guide religieux.<\/p>\n<p>La de\u0301pute\u0301e de Benno Bokk Yaakaar (BBY) a du\u0302 e\u0302tre hospitalise\u0301e apre\u0300s un malaise.<\/p>\n<p>Massata Samb et Mamadou Niang sont membres du Parti de l&rsquo;unite\u0301 et du rassemblement (PUR), membre de la coalition Yewwi askan wi.<\/p>\n<p><strong>Pour plus d&rsquo;informations et d&rsquo;analyses sur la <a href=\"https:\/\/www.africa-press.net\/senegal\">Senegal<\/a>, suivez <a href=\"https:\/\/www.africa-press.net\/\">Africa-Press<\/a><\/strong><\/p>\n","protected":false},"excerpt":{"rendered":"<p>Africa-Press &#8211; Senegal. Les deux de\u0301pute\u0301s du Parti de l\u2019unite\u0301 et du rassemblement (PUR), Massata Samb et Mamadou Niang, auteurs pre\u0301sume\u0301s d\u2019actes de violence contre leur colle\u0300gue Amy Gniby Ndiaye (BBY, pouvoir), seront juge\u0301s, ce lundi, par le tribunal des flagrants de\u0301lits de Dakar. Les de\u0301pute\u0301s membres de la coalition Yewwi Askan Wi (opposition), ont [&hellip;]<\/p>\n","protected":false},"author":82,"featured_media":36831,"comment_status":"open","ping_status":"closed","sticky":false,"template":"","format":"standard","meta":{"footnotes":""},"categories":[2,20,10],"tags":[43,47,44],"class_list":["post-36826","post","type-post","status-publish","format-standard","has-post-thumbnail","hentry","category-politique","category-top-nouvelles","category-toutes-les-actualites","tag-africa-press-2","tag-africa-press-senegal","tag-senegal-2"],"yoast_head":"<!-- This site is optimized with the Yoast SEO Premium plugin v26.1 (Yoast SEO v27.0) - https:\/\/yoast.com\/product\/yoast-seo-premium-wordpress\/ -->\n<title>Les d\u00e9put\u00e9s Massata Samb et Mamadou Niang jug\u00e9s ce lundi - Senegal<\/title>\n<meta name=\"description\" content=\"Les deux de\u0301pute\u0301s du Parti de l\u2019unite\u0301 et du rassemblement (PUR), Massata Samb et Mamadou Niang, auteurs pre\u0301sume\u0301s d\u2019a ...\" \/>\n<meta name=\"robots\" content=\"index, follow, max-snippet:-1, max-image-preview:large, max-video-preview:-1\" \/>\n<link rel=\"canonical\" href=\"https:\/\/www.africa-press.net\/senegal\/politique\/les-deputes-massata-samb-et-mamadou-niang-juges-ce-lundi\" \/>\n<meta property=\"og:locale\" content=\"fr_FR\" \/>\n<meta property=\"og:type\" content=\"article\" \/>\n<meta property=\"og:title\" content=\"Les d\u00e9put\u00e9s Massata Samb et Mamadou Niang jug\u00e9s ce lundi\" \/>\n<meta property=\"og:description\" content=\"Les deux de\u0301pute\u0301s du Parti de l\u2019unite\u0301 et du rassemblement (PUR), Massata Samb et Mamadou Niang, auteurs pre\u0301sume\u0301s d\u2019a ...\" \/>\n<meta property=\"og:url\" content=\"https:\/\/www.africa-press.net\/senegal\/politique\/les-deputes-massata-samb-et-mamadou-niang-juges-ce-lundi\" \/>\n<meta property=\"og:site_name\" content=\"Senegal\" \/>\n<meta property=\"article:published_time\" content=\"2022-12-19T12:52:40+00:00\" \/>\n<meta property=\"article:modified_time\" content=\"2022-12-19T13:22:06+00:00\" \/>\n<meta property=\"og:image\" content=\"https:\/\/static.africa-press.net\/senegal\/sites\/13\/2022\/12\/img.jpg\" \/>\n\t<meta property=\"og:image:width\" content=\"1280\" \/>\n\t<meta property=\"og:image:height\" content=\"720\" \/>\n\t<meta property=\"og:image:type\" content=\"image\/jpeg\" \/>\n<meta name=\"author\" content=\"cfeditorfr\" \/>\n<meta name=\"twitter:card\" content=\"summary_large_image\" \/>\n<meta name=\"twitter:label1\" content=\"\u00c9crit par\" \/>\n\t<meta name=\"twitter:data1\" content=\"cfeditorfr\" \/>\n\t<meta name=\"twitter:label2\" content=\"Dur\u00e9e de lecture estim\u00e9e\" \/>\n\t<meta name=\"twitter:data2\" content=\"1 minute\" \/>\n<script type=\"application\/ld+json\" class=\"yoast-schema-graph\">{\"@context\":\"https:\/\/schema.org\",\"@graph\":[{\"@type\":\"Article\",\"@id\":\"https:\/\/www.africa-press.net\/senegal\/politique\/les-deputes-massata-samb-et-mamadou-niang-juges-ce-lundi#article\",\"isPartOf\":{\"@id\":\"https:\/\/www.africa-press.net\/senegal\/politique\/les-deputes-massata-samb-et-mamadou-niang-juges-ce-lundi\"},\"author\":{\"name\":\"cfeditorfr\",\"@id\":\"https:\/\/www.africa-press.net\/senegal\/#\/schema\/person\/2b1cf3cd81a31e3cd26889ca66d677f1\"},\"headline\":\"Les d\u00e9put\u00e9s Massata Samb et Mamadou Niang jug\u00e9s ce lundi\",\"datePublished\":\"2022-12-19T12:52:40+00:00\",\"dateModified\":\"2022-12-19T13:22:06+00:00\",\"mainEntityOfPage\":{\"@id\":\"https:\/\/www.africa-press.net\/senegal\/politique\/les-deputes-massata-samb-et-mamadou-niang-juges-ce-lundi\"},\"wordCount\":214,\"commentCount\":0,\"image\":{\"@id\":\"https:\/\/www.africa-press.net\/senegal\/politique\/les-deputes-massata-samb-et-mamadou-niang-juges-ce-lundi#primaryimage\"},\"thumbnailUrl\":\"https:\/\/static.africa-press.net\/senegal\/sites\/13\/2022\/12\/img-63a065764da7a.jpg\",\"keywords\":[\"Africa Press\",\"Africa Press-Senegal\",\"Senegal\"],\"articleSection\":[\"Politique\",\"Top Nouvelles\",\"Toutes les actualit\u00e9s\"],\"inLanguage\":\"fr-FR\",\"potentialAction\":[{\"@type\":\"CommentAction\",\"name\":\"Comment\",\"target\":[\"https:\/\/www.africa-press.net\/senegal\/politique\/les-deputes-massata-samb-et-mamadou-niang-juges-ce-lundi#respond\"]}]},{\"@type\":\"WebPage\",\"@id\":\"https:\/\/www.africa-press.net\/senegal\/politique\/les-deputes-massata-samb-et-mamadou-niang-juges-ce-lundi\",\"url\":\"https:\/\/www.africa-press.net\/senegal\/politique\/les-deputes-massata-samb-et-mamadou-niang-juges-ce-lundi\",\"name\":\"Les d\u00e9put\u00e9s Massata Samb et Mamadou Niang jug\u00e9s ce lundi - Senegal\",\"isPartOf\":{\"@id\":\"https:\/\/www.africa-press.net\/senegal\/#website\"},\"primaryImageOfPage\":{\"@id\":\"https:\/\/www.africa-press.net\/senegal\/politique\/les-deputes-massata-samb-et-mamadou-niang-juges-ce-lundi#primaryimage\"},\"image\":{\"@id\":\"https:\/\/www.africa-press.net\/senegal\/politique\/les-deputes-massata-samb-et-mamadou-niang-juges-ce-lundi#primaryimage\"},\"thumbnailUrl\":\"https:\/\/static.africa-press.net\/senegal\/sites\/13\/2022\/12\/img-63a065764da7a.jpg\",\"datePublished\":\"2022-12-19T12:52:40+00:00\",\"dateModified\":\"2022-12-19T13:22:06+00:00\",\"author\":{\"@id\":\"https:\/\/www.africa-press.net\/senegal\/#\/schema\/person\/2b1cf3cd81a31e3cd26889ca66d677f1\"},\"description\":\"Les deux de\u0301pute\u0301s du Parti de l\u2019unite\u0301 et du rassemblement (PUR), Massata Samb et Mamadou Niang, auteurs pre\u0301sume\u0301s d\u2019a ...\",\"breadcrumb\":{\"@id\":\"https:\/\/www.africa-press.net\/senegal\/politique\/les-deputes-massata-samb-et-mamadou-niang-juges-ce-lundi#breadcrumb\"},\"inLanguage\":\"fr-FR\",\"potentialAction\":[{\"@type\":\"ReadAction\",\"target\":[\"https:\/\/www.africa-press.net\/senegal\/politique\/les-deputes-massata-samb-et-mamadou-niang-juges-ce-lundi\"]}]},{\"@type\":\"ImageObject\",\"inLanguage\":\"fr-FR\",\"@id\":\"https:\/\/www.africa-press.net\/senegal\/politique\/les-deputes-massata-samb-et-mamadou-niang-juges-ce-lundi#primaryimage\",\"url\":\"https:\/\/static.africa-press.net\/senegal\/sites\/13\/2022\/12\/img-63a065764da7a.jpg\",\"contentUrl\":\"https:\/\/static.africa-press.net\/senegal\/sites\/13\/2022\/12\/img-63a065764da7a.jpg\",\"width\":1280,\"height\":720},{\"@type\":\"BreadcrumbList\",\"@id\":\"https:\/\/www.africa-press.net\/senegal\/politique\/les-deputes-massata-samb-et-mamadou-niang-juges-ce-lundi#breadcrumb\",\"itemListElement\":[{\"@type\":\"ListItem\",\"position\":1,\"name\":\"Accueil\",\"item\":\"https:\/\/www.africa-press.net\/senegal\/\"},{\"@type\":\"ListItem\",\"position\":2,\"name\":\"Les d\u00e9put\u00e9s Massata Samb et Mamadou Niang jug\u00e9s ce lundi\"}]},{\"@type\":\"WebSite\",\"@id\":\"https:\/\/www.africa-press.net\/senegal\/#website\",\"url\":\"https:\/\/www.africa-press.net\/senegal\/\",\"name\":\"Africa Press | Senegal | Homepage\",\"description\":\"Just another Africa News Agency Sites site\",\"potentialAction\":[{\"@type\":\"SearchAction\",\"target\":{\"@type\":\"EntryPoint\",\"urlTemplate\":\"https:\/\/www.africa-press.net\/senegal\/?s={search_term_string}\"},\"query-input\":{\"@type\":\"PropertyValueSpecification\",\"valueRequired\":true,\"valueName\":\"search_term_string\"}}],\"inLanguage\":\"fr-FR\"},{\"@type\":\"Person\",\"@id\":\"https:\/\/www.africa-press.net\/senegal\/#\/schema\/person\/2b1cf3cd81a31e3cd26889ca66d677f1\",\"name\":\"cfeditorfr\",\"url\":\"https:\/\/www.africa-press.net\/senegal\/author\/cfeditorfr\"}]}<\/script>\n<!-- \/ Yoast SEO Premium plugin. -->","yoast_head_json":{"title":"Les d\u00e9put\u00e9s Massata Samb et Mamadou Niang jug\u00e9s ce lundi - Senegal","description":"Les deux de\u0301pute\u0301s du Parti de l\u2019unite\u0301 et du rassemblement (PUR), Massata Samb et Mamadou Niang, auteurs pre\u0301sume\u0301s d\u2019a ...","robots":{"index":"index","follow":"follow","max-snippet":"max-snippet:-1","max-image-preview":"max-image-preview:large","max-video-preview":"max-video-preview:-1"},"canonical":"https:\/\/www.africa-press.net\/senegal\/politique\/les-deputes-massata-samb-et-mamadou-niang-juges-ce-lundi","og_locale":"fr_FR","og_type":"article","og_title":"Les d\u00e9put\u00e9s Massata Samb et Mamadou Niang jug\u00e9s ce lundi","og_description":"Les deux de\u0301pute\u0301s du Parti de l\u2019unite\u0301 et du rassemblement (PUR), Massata Samb et Mamadou Niang, auteurs pre\u0301sume\u0301s d\u2019a ...","og_url":"https:\/\/www.africa-press.net\/senegal\/politique\/les-deputes-massata-samb-et-mamadou-niang-juges-ce-lundi","og_site_name":"Senegal","article_published_time":"2022-12-19T12:52:40+00:00","article_modified_time":"2022-12-19T13:22:06+00:00","og_image":[{"width":1280,"height":720,"url":"https:\/\/static.africa-press.net\/senegal\/sites\/13\/2022\/12\/img.jpg","type":"image\/jpeg"}],"author":"cfeditorfr","twitter_card":"summary_large_image","twitter_misc":{"\u00c9crit par":"cfeditorfr","Dur\u00e9e de lecture estim\u00e9e":"1 minute"},"schema":{"@context":"https:\/\/schema.org","@graph":[{"@type":"Article","@id":"https:\/\/www.africa-press.net\/senegal\/politique\/les-deputes-massata-samb-et-mamadou-niang-juges-ce-lundi#article","isPartOf":{"@id":"https:\/\/www.africa-press.net\/senegal\/politique\/les-deputes-massata-samb-et-mamadou-niang-juges-ce-lundi"},"author":{"name":"cfeditorfr","@id":"https:\/\/www.africa-press.net\/senegal\/#\/schema\/person\/2b1cf3cd81a31e3cd26889ca66d677f1"},"headline":"Les d\u00e9put\u00e9s Massata Samb et Mamadou Niang jug\u00e9s ce lundi","datePublished":"2022-12-19T12:52:40+00:00","dateModified":"2022-12-19T13:22:06+00:00","mainEntityOfPage":{"@id":"https:\/\/www.africa-press.net\/senegal\/politique\/les-deputes-massata-samb-et-mamadou-niang-juges-ce-lundi"},"wordCount":214,"commentCount":0,"image":{"@id":"https:\/\/www.africa-press.net\/senegal\/politique\/les-deputes-massata-samb-et-mamadou-niang-juges-ce-lundi#primaryimage"},"thumbnailUrl":"https:\/\/static.africa-press.net\/senegal\/sites\/13\/2022\/12\/img-63a065764da7a.jpg","keywords":["Africa Press","Africa Press-Senegal","Senegal"],"articleSection":["Politique","Top Nouvelles","Toutes les actualit\u00e9s"],"inLanguage":"fr-FR","potentialAction":[{"@type":"CommentAction","name":"Comment","target":["https:\/\/www.africa-press.net\/senegal\/politique\/les-deputes-massata-samb-et-mamadou-niang-juges-ce-lundi#respond"]}]},{"@type":"WebPage","@id":"https:\/\/www.africa-press.net\/senegal\/politique\/les-deputes-massata-samb-et-mamadou-niang-juges-ce-lundi","url":"https:\/\/www.africa-press.net\/senegal\/politique\/les-deputes-massata-samb-et-mamadou-niang-juges-ce-lundi","name":"Les d\u00e9put\u00e9s Massata Samb et Mamadou Niang jug\u00e9s ce lundi - Senegal","isPartOf":{"@id":"https:\/\/www.africa-press.net\/senegal\/#website"},"primaryImageOfPage":{"@id":"https:\/\/www.africa-press.net\/senegal\/politique\/les-deputes-massata-samb-et-mamadou-niang-juges-ce-lundi#primaryimage"},"image":{"@id":"https:\/\/www.africa-press.net\/senegal\/politique\/les-deputes-massata-samb-et-mamadou-niang-juges-ce-lundi#primaryimage"},"thumbnailUrl":"https:\/\/static.africa-press.net\/senegal\/sites\/13\/2022\/12\/img-63a065764da7a.jpg","datePublished":"2022-12-19T12:52:40+00:00","dateModified":"2022-12-19T13:22:06+00:00","author":{"@id":"https:\/\/www.africa-press.net\/senegal\/#\/schema\/person\/2b1cf3cd81a31e3cd26889ca66d677f1"},"description":"Les deux de\u0301pute\u0301s du Parti de l\u2019unite\u0301 et du rassemblement (PUR), Massata Samb et Mamadou Niang, auteurs pre\u0301sume\u0301s d\u2019a ...","breadcrumb":{"@id":"https:\/\/www.africa-press.net\/senegal\/politique\/les-deputes-massata-samb-et-mamadou-niang-juges-ce-lundi#breadcrumb"},"inLanguage":"fr-FR","potentialAction":[{"@type":"ReadAction","target":["https:\/\/www.africa-press.net\/senegal\/politique\/les-deputes-massata-samb-et-mamadou-niang-juges-ce-lundi"]}]},{"@type":"ImageObject","inLanguage":"fr-FR","@id":"https:\/\/www.africa-press.net\/senegal\/politique\/les-deputes-massata-samb-et-mamadou-niang-juges-ce-lundi#primaryimage","url":"https:\/\/static.africa-press.net\/senegal\/sites\/13\/2022\/12\/img-63a065764da7a.jpg","contentUrl":"https:\/\/static.africa-press.net\/senegal\/sites\/13\/2022\/12\/img-63a065764da7a.jpg","width":1280,"height":720},{"@type":"BreadcrumbList","@id":"https:\/\/www.africa-press.net\/senegal\/politique\/les-deputes-massata-samb-et-mamadou-niang-juges-ce-lundi#breadcrumb","itemListElement":[{"@type":"ListItem","position":1,"name":"Accueil","item":"https:\/\/www.africa-press.net\/senegal\/"},{"@type":"ListItem","position":2,"name":"Les d\u00e9put\u00e9s Massata Samb et Mamadou Niang jug\u00e9s ce lundi"}]},{"@type":"WebSite","@id":"https:\/\/www.africa-press.net\/senegal\/#website","url":"https:\/\/www.africa-press.net\/senegal\/","name":"Africa Press | Senegal | Homepage","description":"Just another Africa News Agency Sites site","potentialAction":[{"@type":"SearchAction","target":{"@type":"EntryPoint","urlTemplate":"https:\/\/www.africa-press.net\/senegal\/?s={search_term_string}"},"query-input":{"@type":"PropertyValueSpecification","valueRequired":true,"valueName":"search_term_string"}}],"inLanguage":"fr-FR"},{"@type":"Person","@id":"https:\/\/www.africa-press.net\/senegal\/#\/schema\/person\/2b1cf3cd81a31e3cd26889ca66d677f1","name":"cfeditorfr","url":"https:\/\/www.africa-press.net\/senegal\/author\/cfeditorfr"}]}},"_links":{"self":[{"href":"https:\/\/www.africa-press.net\/senegal\/wp-json\/wp\/v2\/posts\/36826","targetHints":{"allow":["GET"]}}],"collection":[{"href":"https:\/\/www.africa-press.net\/senegal\/wp-json\/wp\/v2\/posts"}],"about":[{"href":"https:\/\/www.africa-press.net\/senegal\/wp-json\/wp\/v2\/types\/post"}],"author":[{"embeddable":true,"href":"https:\/\/www.africa-press.net\/senegal\/wp-json\/wp\/v2\/users\/82"}],"replies":[{"embeddable":true,"href":"https:\/\/www.africa-press.net\/senegal\/wp-json\/wp\/v2\/comments?post=36826"}],"version-history":[{"count":0,"href":"https:\/\/www.africa-press.net\/senegal\/wp-json\/wp\/v2\/posts\/36826\/revisions"}],"wp:featuredmedia":[{"embeddable":true,"href":"https:\/\/www.africa-press.net\/senegal\/wp-json\/wp\/v2\/media\/36831"}],"wp:attachment":[{"href":"https:\/\/www.africa-press.net\/senegal\/wp-json\/wp\/v2\/media?parent=36826"}],"wp:term":[{"taxonomy":"category","embeddable":true,"href":"https:\/\/www.africa-press.net\/senegal\/wp-json\/wp\/v2\/categories?post=36826"},{"taxonomy":"post_tag","embeddable":true,"href":"https:\/\/www.africa-press.net\/senegal\/wp-json\/wp\/v2\/tags?post=36826"}],"curies":[{"name":"wp","href":"https:\/\/api.w.org\/{rel}","templated":true}]}}