{"id":36861,"date":"2022-12-20T16:19:37","date_gmt":"2022-12-20T16:19:37","guid":{"rendered":"https:\/\/www.africa-press.net\/senegal\/politique\/le-president-de-la-caf-en-conference-de-presse-mercredi"},"modified":"2022-12-20T16:19:37","modified_gmt":"2022-12-20T16:19:37","slug":"le-president-de-la-caf-en-conference-de-presse-mercredi","status":"publish","type":"post","link":"https:\/\/www.africa-press.net\/senegal\/sports\/le-president-de-la-caf-en-conference-de-presse-mercredi","title":{"rendered":"Le pr\u00e9sident de la CAF en conf\u00e9rence de presse, mercredi"},"content":{"rendered":"<p><span style=\"color: #ff6600\"><strong>Africa-Press &#8211; Senegal. <\/strong><\/span>Le pre\u0301sident de la Confe\u0301de\u0301ration africaine de football (CAF), Patrice Motsepe, va animer une confe\u0301rence de presse, mercredi, a\u0300 Johannesburg, en Afrique du Sud, appris l&rsquo;APS.<\/p>\n<p>Il va aborder \u2018\u2019la performance des e\u0301quipes africaines a\u0300 la Coupe du monde de la FIFA, Qatar 2022 et des questions lie\u0301es a\u0300 la CAF\u2019\u2019, indique, dans un communique\u0301, l&rsquo;instance fai\u0302tie\u0300re du football africain.<\/p>\n<p>La 22e e\u0301dition de la Coupe du monde qui a pris fin, dimanche, avec le sacre de l&rsquo;Argentine, a vu pour la premie\u0300re fois, une e\u0301quipe africaine, le Maroc, atteindre les demi-finales, avant de terminer au pied du podium.<\/p>\n<p>Champion d\u2019Afrique en titre, le Se\u0301ne\u0301gal a e\u0301te\u0301 e\u0301limine\u0301 par l&rsquo;Angleterre en huitie\u0300mes de finale.<\/p>\n<p>La Tunisie, le Ghana et le Cameroun ont e\u0301te\u0301 e\u0301limine\u0301s de\u0300s les phases de groupes.<\/p>\n<p>L\u2019homme d\u2019affaires Sud-africain, Patrice Motsepe, a e\u0301te\u0301 e\u0301lu pre\u0301sident de la CAF le 12 mars 2021.<\/p>\n<p><strong>Pour plus d&rsquo;informations et d&rsquo;analyses sur la <a href=\"https:\/\/www.africa-press.net\/senegal\">Senegal<\/a>, suivez <a href=\"https:\/\/www.africa-press.net\/\">Africa-Press<\/a><\/strong><\/p>\n","protected":false},"excerpt":{"rendered":"<p>Africa-Press &#8211; Senegal. Le pre\u0301sident de la Confe\u0301de\u0301ration africaine de football (CAF), Patrice Motsepe, va animer une confe\u0301rence de presse, mercredi, a\u0300 Johannesburg, en Afrique du Sud, appris l&rsquo;APS. Il va aborder \u2018\u2019la performance des e\u0301quipes africaines a\u0300 la Coupe du monde de la FIFA, Qatar 2022 et des questions lie\u0301es a\u0300 la CAF\u2019\u2019, indique, [&hellip;]<\/p>\n","protected":false},"author":82,"featured_media":36860,"comment_status":"open","ping_status":"closed","sticky":false,"template":"","format":"standard","meta":{"footnotes":""},"categories":[6,10],"tags":[43,47,44],"class_list":["post-36861","post","type-post","status-publish","format-standard","has-post-thumbnail","hentry","category-sports","category-toutes-les-actualites","tag-africa-press-2","tag-africa-press-senegal","tag-senegal-2"],"yoast_head":"<!-- This site is optimized with the Yoast SEO Premium plugin v26.1 (Yoast SEO v27.0) - https:\/\/yoast.com\/product\/yoast-seo-premium-wordpress\/ -->\n<title>Le pr\u00e9sident de la CAF en conf\u00e9rence de presse, mercredi - Senegal<\/title>\n<meta name=\"robots\" content=\"index, follow, max-snippet:-1, max-image-preview:large, max-video-preview:-1\" \/>\n<link rel=\"canonical\" href=\"https:\/\/www.africa-press.net\/senegal\/politique\/le-president-de-la-caf-en-conference-de-presse-mercredi\" \/>\n<meta property=\"og:locale\" content=\"fr_FR\" \/>\n<meta property=\"og:type\" content=\"article\" \/>\n<meta property=\"og:title\" content=\"Le pr\u00e9sident de la CAF en conf\u00e9rence de presse, mercredi\" \/>\n<meta property=\"og:description\" content=\"Africa-Press &#8211; Senegal. Le pre\u0301sident de la Confe\u0301de\u0301ration africaine de football (CAF), Patrice Motsepe, va animer une confe\u0301rence de presse, mercredi, a\u0300 Johannesburg, en Afrique du Sud, appris l&rsquo;APS. Il va aborder \u2018\u2019la performance des e\u0301quipes africaines a\u0300 la Coupe du monde de la FIFA, Qatar 2022 et des questions lie\u0301es a\u0300 la CAF\u2019\u2019, indique, [&hellip;]\" \/>\n<meta property=\"og:url\" content=\"https:\/\/www.africa-press.net\/senegal\/politique\/le-president-de-la-caf-en-conference-de-presse-mercredi\" \/>\n<meta property=\"og:site_name\" content=\"Senegal\" \/>\n<meta property=\"article:published_time\" content=\"2022-12-20T16:19:37+00:00\" \/>\n<meta name=\"author\" content=\"cfeditorfr\" \/>\n<meta name=\"twitter:card\" content=\"summary_large_image\" \/>\n<meta name=\"twitter:label1\" content=\"\u00c9crit par\" \/>\n\t<meta name=\"twitter:data1\" content=\"cfeditorfr\" \/>\n\t<meta name=\"twitter:label2\" content=\"Dur\u00e9e de lecture estim\u00e9e\" \/>\n\t<meta name=\"twitter:data2\" content=\"1 minute\" \/>\n<script type=\"application\/ld+json\" class=\"yoast-schema-graph\">{\"@context\":\"https:\/\/schema.org\",\"@graph\":[{\"@type\":\"Article\",\"@id\":\"https:\/\/www.africa-press.net\/senegal\/politique\/le-president-de-la-caf-en-conference-de-presse-mercredi#article\",\"isPartOf\":{\"@id\":\"https:\/\/www.africa-press.net\/senegal\/politique\/le-president-de-la-caf-en-conference-de-presse-mercredi\"},\"author\":{\"name\":\"cfeditorfr\",\"@id\":\"https:\/\/www.africa-press.net\/senegal\/#\/schema\/person\/2b1cf3cd81a31e3cd26889ca66d677f1\"},\"headline\":\"Le pr\u00e9sident de la CAF en conf\u00e9rence de presse, mercredi\",\"datePublished\":\"2022-12-20T16:19:37+00:00\",\"mainEntityOfPage\":{\"@id\":\"https:\/\/www.africa-press.net\/senegal\/politique\/le-president-de-la-caf-en-conference-de-presse-mercredi\"},\"wordCount\":199,\"commentCount\":0,\"image\":{\"@id\":\"https:\/\/www.africa-press.net\/senegal\/politique\/le-president-de-la-caf-en-conference-de-presse-mercredi#primaryimage\"},\"thumbnailUrl\":\"https:\/\/static.africa-press.net\/senegal\/sites\/13\/2022\/12\/postQueueImg_1671540723.89.jpg\",\"keywords\":[\"Africa Press\",\"Africa Press-Senegal\",\"Senegal\"],\"articleSection\":[\"Sports\",\"Toutes les actualit\u00e9s\"],\"inLanguage\":\"fr-FR\",\"potentialAction\":[{\"@type\":\"CommentAction\",\"name\":\"Comment\",\"target\":[\"https:\/\/www.africa-press.net\/senegal\/politique\/le-president-de-la-caf-en-conference-de-presse-mercredi#respond\"]}]},{\"@type\":\"WebPage\",\"@id\":\"https:\/\/www.africa-press.net\/senegal\/politique\/le-president-de-la-caf-en-conference-de-presse-mercredi\",\"url\":\"https:\/\/www.africa-press.net\/senegal\/politique\/le-president-de-la-caf-en-conference-de-presse-mercredi\",\"name\":\"Le pr\u00e9sident de la CAF en conf\u00e9rence de presse, mercredi - Senegal\",\"isPartOf\":{\"@id\":\"https:\/\/www.africa-press.net\/senegal\/#website\"},\"primaryImageOfPage\":{\"@id\":\"https:\/\/www.africa-press.net\/senegal\/politique\/le-president-de-la-caf-en-conference-de-presse-mercredi#primaryimage\"},\"image\":{\"@id\":\"https:\/\/www.africa-press.net\/senegal\/politique\/le-president-de-la-caf-en-conference-de-presse-mercredi#primaryimage\"},\"thumbnailUrl\":\"https:\/\/static.africa-press.net\/senegal\/sites\/13\/2022\/12\/postQueueImg_1671540723.89.jpg\",\"datePublished\":\"2022-12-20T16:19:37+00:00\",\"author\":{\"@id\":\"https:\/\/www.africa-press.net\/senegal\/#\/schema\/person\/2b1cf3cd81a31e3cd26889ca66d677f1\"},\"breadcrumb\":{\"@id\":\"https:\/\/www.africa-press.net\/senegal\/politique\/le-president-de-la-caf-en-conference-de-presse-mercredi#breadcrumb\"},\"inLanguage\":\"fr-FR\",\"potentialAction\":[{\"@type\":\"ReadAction\",\"target\":[\"https:\/\/www.africa-press.net\/senegal\/politique\/le-president-de-la-caf-en-conference-de-presse-mercredi\"]}]},{\"@type\":\"ImageObject\",\"inLanguage\":\"fr-FR\",\"@id\":\"https:\/\/www.africa-press.net\/senegal\/politique\/le-president-de-la-caf-en-conference-de-presse-mercredi#primaryimage\",\"url\":\"https:\/\/static.africa-press.net\/senegal\/sites\/13\/2022\/12\/postQueueImg_1671540723.89.jpg\",\"contentUrl\":\"https:\/\/static.africa-press.net\/senegal\/sites\/13\/2022\/12\/postQueueImg_1671540723.89.jpg\",\"width\":1280,\"height\":720,\"caption\":\"Le pr\u00e9sident de la CAF en conf\u00e9rence de presse, mercredi\"},{\"@type\":\"BreadcrumbList\",\"@id\":\"https:\/\/www.africa-press.net\/senegal\/politique\/le-president-de-la-caf-en-conference-de-presse-mercredi#breadcrumb\",\"itemListElement\":[{\"@type\":\"ListItem\",\"position\":1,\"name\":\"Accueil\",\"item\":\"https:\/\/www.africa-press.net\/senegal\/\"},{\"@type\":\"ListItem\",\"position\":2,\"name\":\"Le pr\u00e9sident de la CAF en conf\u00e9rence de presse, mercredi\"}]},{\"@type\":\"WebSite\",\"@id\":\"https:\/\/www.africa-press.net\/senegal\/#website\",\"url\":\"https:\/\/www.africa-press.net\/senegal\/\",\"name\":\"Africa Press | Senegal | Homepage\",\"description\":\"Just another Africa News Agency Sites site\",\"potentialAction\":[{\"@type\":\"SearchAction\",\"target\":{\"@type\":\"EntryPoint\",\"urlTemplate\":\"https:\/\/www.africa-press.net\/senegal\/?s={search_term_string}\"},\"query-input\":{\"@type\":\"PropertyValueSpecification\",\"valueRequired\":true,\"valueName\":\"search_term_string\"}}],\"inLanguage\":\"fr-FR\"},{\"@type\":\"Person\",\"@id\":\"https:\/\/www.africa-press.net\/senegal\/#\/schema\/person\/2b1cf3cd81a31e3cd26889ca66d677f1\",\"name\":\"cfeditorfr\",\"url\":\"https:\/\/www.africa-press.net\/senegal\/author\/cfeditorfr\"}]}<\/script>\n<!-- \/ Yoast SEO Premium plugin. -->","yoast_head_json":{"title":"Le pr\u00e9sident de la CAF en conf\u00e9rence de presse, mercredi - Senegal","robots":{"index":"index","follow":"follow","max-snippet":"max-snippet:-1","max-image-preview":"max-image-preview:large","max-video-preview":"max-video-preview:-1"},"canonical":"https:\/\/www.africa-press.net\/senegal\/politique\/le-president-de-la-caf-en-conference-de-presse-mercredi","og_locale":"fr_FR","og_type":"article","og_title":"Le pr\u00e9sident de la CAF en conf\u00e9rence de presse, mercredi","og_description":"Africa-Press &#8211; Senegal. Le pre\u0301sident de la Confe\u0301de\u0301ration africaine de football (CAF), Patrice Motsepe, va animer une confe\u0301rence de presse, mercredi, a\u0300 Johannesburg, en Afrique du Sud, appris l&rsquo;APS. Il va aborder \u2018\u2019la performance des e\u0301quipes africaines a\u0300 la Coupe du monde de la FIFA, Qatar 2022 et des questions lie\u0301es a\u0300 la CAF\u2019\u2019, indique, [&hellip;]","og_url":"https:\/\/www.africa-press.net\/senegal\/politique\/le-president-de-la-caf-en-conference-de-presse-mercredi","og_site_name":"Senegal","article_published_time":"2022-12-20T16:19:37+00:00","author":"cfeditorfr","twitter_card":"summary_large_image","twitter_misc":{"\u00c9crit par":"cfeditorfr","Dur\u00e9e de lecture estim\u00e9e":"1 minute"},"schema":{"@context":"https:\/\/schema.org","@graph":[{"@type":"Article","@id":"https:\/\/www.africa-press.net\/senegal\/politique\/le-president-de-la-caf-en-conference-de-presse-mercredi#article","isPartOf":{"@id":"https:\/\/www.africa-press.net\/senegal\/politique\/le-president-de-la-caf-en-conference-de-presse-mercredi"},"author":{"name":"cfeditorfr","@id":"https:\/\/www.africa-press.net\/senegal\/#\/schema\/person\/2b1cf3cd81a31e3cd26889ca66d677f1"},"headline":"Le pr\u00e9sident de la CAF en conf\u00e9rence de presse, mercredi","datePublished":"2022-12-20T16:19:37+00:00","mainEntityOfPage":{"@id":"https:\/\/www.africa-press.net\/senegal\/politique\/le-president-de-la-caf-en-conference-de-presse-mercredi"},"wordCount":199,"commentCount":0,"image":{"@id":"https:\/\/www.africa-press.net\/senegal\/politique\/le-president-de-la-caf-en-conference-de-presse-mercredi#primaryimage"},"thumbnailUrl":"https:\/\/static.africa-press.net\/senegal\/sites\/13\/2022\/12\/postQueueImg_1671540723.89.jpg","keywords":["Africa Press","Africa Press-Senegal","Senegal"],"articleSection":["Sports","Toutes les actualit\u00e9s"],"inLanguage":"fr-FR","potentialAction":[{"@type":"CommentAction","name":"Comment","target":["https:\/\/www.africa-press.net\/senegal\/politique\/le-president-de-la-caf-en-conference-de-presse-mercredi#respond"]}]},{"@type":"WebPage","@id":"https:\/\/www.africa-press.net\/senegal\/politique\/le-president-de-la-caf-en-conference-de-presse-mercredi","url":"https:\/\/www.africa-press.net\/senegal\/politique\/le-president-de-la-caf-en-conference-de-presse-mercredi","name":"Le pr\u00e9sident de la CAF en conf\u00e9rence de presse, mercredi - Senegal","isPartOf":{"@id":"https:\/\/www.africa-press.net\/senegal\/#website"},"primaryImageOfPage":{"@id":"https:\/\/www.africa-press.net\/senegal\/politique\/le-president-de-la-caf-en-conference-de-presse-mercredi#primaryimage"},"image":{"@id":"https:\/\/www.africa-press.net\/senegal\/politique\/le-president-de-la-caf-en-conference-de-presse-mercredi#primaryimage"},"thumbnailUrl":"https:\/\/static.africa-press.net\/senegal\/sites\/13\/2022\/12\/postQueueImg_1671540723.89.jpg","datePublished":"2022-12-20T16:19:37+00:00","author":{"@id":"https:\/\/www.africa-press.net\/senegal\/#\/schema\/person\/2b1cf3cd81a31e3cd26889ca66d677f1"},"breadcrumb":{"@id":"https:\/\/www.africa-press.net\/senegal\/politique\/le-president-de-la-caf-en-conference-de-presse-mercredi#breadcrumb"},"inLanguage":"fr-FR","potentialAction":[{"@type":"ReadAction","target":["https:\/\/www.africa-press.net\/senegal\/politique\/le-president-de-la-caf-en-conference-de-presse-mercredi"]}]},{"@type":"ImageObject","inLanguage":"fr-FR","@id":"https:\/\/www.africa-press.net\/senegal\/politique\/le-president-de-la-caf-en-conference-de-presse-mercredi#primaryimage","url":"https:\/\/static.africa-press.net\/senegal\/sites\/13\/2022\/12\/postQueueImg_1671540723.89.jpg","contentUrl":"https:\/\/static.africa-press.net\/senegal\/sites\/13\/2022\/12\/postQueueImg_1671540723.89.jpg","width":1280,"height":720,"caption":"Le pr\u00e9sident de la CAF en conf\u00e9rence de presse, mercredi"},{"@type":"BreadcrumbList","@id":"https:\/\/www.africa-press.net\/senegal\/politique\/le-president-de-la-caf-en-conference-de-presse-mercredi#breadcrumb","itemListElement":[{"@type":"ListItem","position":1,"name":"Accueil","item":"https:\/\/www.africa-press.net\/senegal\/"},{"@type":"ListItem","position":2,"name":"Le pr\u00e9sident de la CAF en conf\u00e9rence de presse, mercredi"}]},{"@type":"WebSite","@id":"https:\/\/www.africa-press.net\/senegal\/#website","url":"https:\/\/www.africa-press.net\/senegal\/","name":"Africa Press | Senegal | Homepage","description":"Just another Africa News Agency Sites site","potentialAction":[{"@type":"SearchAction","target":{"@type":"EntryPoint","urlTemplate":"https:\/\/www.africa-press.net\/senegal\/?s={search_term_string}"},"query-input":{"@type":"PropertyValueSpecification","valueRequired":true,"valueName":"search_term_string"}}],"inLanguage":"fr-FR"},{"@type":"Person","@id":"https:\/\/www.africa-press.net\/senegal\/#\/schema\/person\/2b1cf3cd81a31e3cd26889ca66d677f1","name":"cfeditorfr","url":"https:\/\/www.africa-press.net\/senegal\/author\/cfeditorfr"}]}},"_links":{"self":[{"href":"https:\/\/www.africa-press.net\/senegal\/wp-json\/wp\/v2\/posts\/36861","targetHints":{"allow":["GET"]}}],"collection":[{"href":"https:\/\/www.africa-press.net\/senegal\/wp-json\/wp\/v2\/posts"}],"about":[{"href":"https:\/\/www.africa-press.net\/senegal\/wp-json\/wp\/v2\/types\/post"}],"author":[{"embeddable":true,"href":"https:\/\/www.africa-press.net\/senegal\/wp-json\/wp\/v2\/users\/82"}],"replies":[{"embeddable":true,"href":"https:\/\/www.africa-press.net\/senegal\/wp-json\/wp\/v2\/comments?post=36861"}],"version-history":[{"count":0,"href":"https:\/\/www.africa-press.net\/senegal\/wp-json\/wp\/v2\/posts\/36861\/revisions"}],"wp:featuredmedia":[{"embeddable":true,"href":"https:\/\/www.africa-press.net\/senegal\/wp-json\/wp\/v2\/media\/36860"}],"wp:attachment":[{"href":"https:\/\/www.africa-press.net\/senegal\/wp-json\/wp\/v2\/media?parent=36861"}],"wp:term":[{"taxonomy":"category","embeddable":true,"href":"https:\/\/www.africa-press.net\/senegal\/wp-json\/wp\/v2\/categories?post=36861"},{"taxonomy":"post_tag","embeddable":true,"href":"https:\/\/www.africa-press.net\/senegal\/wp-json\/wp\/v2\/tags?post=36861"}],"curies":[{"name":"wp","href":"https:\/\/api.w.org\/{rel}","templated":true}]}}