{"id":36995,"date":"2022-12-22T18:22:42","date_gmt":"2022-12-22T18:22:42","guid":{"rendered":"https:\/\/www.africa-press.net\/senegal\/politique\/surfacturation-sur-le-riz-macky-sall-interpelle-mansour-faye"},"modified":"2022-12-22T18:22:42","modified_gmt":"2022-12-22T18:22:42","slug":"surfacturation-sur-le-riz-macky-sall-interpelle-mansour-faye","status":"publish","type":"post","link":"https:\/\/www.africa-press.net\/senegal\/politique\/surfacturation-sur-le-riz-macky-sall-interpelle-mansour-faye","title":{"rendered":"Surfacturation sur le riz\u00a0: Macky Sall interpelle Mansour Faye"},"content":{"rendered":"<p><span style=\"color: #ff6600\"><strong>Africa-Press &#8211; Senegal. <\/strong><\/span>Le rapport de la Cour des comptes sur la gestion des fonds de\u0301die\u0301s a\u0300 la riposte aux effets ne\u0301fastes de la Covid-19 sur le pouvoir d\u2019achat des me\u0301nages, a e\u0301pingle\u0301 le ministe\u0300re du De\u0301veloppement communautaire, de l\u2019E\u0301quite\u0301 sociale et territoriale. Les auditeurs pointent une surfacturation sur le riz pour un montant de 2,5 milliards de francs CFA. Dans leurs conclusions, ils ont invite\u0301 le ministe\u0300re de la Justice a\u0300 ouvrir une information judiciaire contre le Directeur de l\u2019administration ge\u0301ne\u0301rale et de l\u2019e\u0301quipement (DAGE) dudit de\u0301partement, Aliou Sow, de\u0301signe\u0301 comme le coupable.<\/p>\n<p>Dans une interview parue ce jeudi dans L\u2019Observateur, Mansour Faye re\u0301fute ces accusations. Il e\u0301tait a\u0300 la te\u0302te du ministe\u0300re incrimine\u0301 a\u0300 l\u2019e\u0301poque des faits. Il estime que les ve\u0301rificateurs de la Cour des comptes se sont trompe\u0301s de base de calcul du prix de la tonne de riz. Il de\u0301fend que ces derniers ont conside\u0301re\u0301 les prix fixe\u0301s par l\u2019arre\u0302te\u0301 y relatif datant de 2013 et non ceux du marche\u0301 durant la pe\u0301riode en question. Lesquels ont e\u0301te\u0301 soumis par le ministe\u0300re du Commerce a\u0300 la demande de ses services.<\/p>\n<p>Lorsque la presse a relaye\u0301 le rapport de la Cour des comptes, le Pre\u0301sident Macky Sall a interpelle\u0301 Mansour Faye sur les accusations de surfacturation. \u00abJe lui ai donne\u0301 tous les e\u0301le\u0301ments de re\u0301ponse, confie celui qui dirige actuellement le ministe\u0300re des Infrastructures, des Transports terrestres et du De\u0301senclavement. Je n\u2019ai pas encore de retour, mais personne ne peut ne peut ne pas e\u0302tre convaincu par ces e\u0301le\u0301ments d\u2019information dont nous disposons.\u00bb<\/p>\n<p>Mansour Faye ajoute : \u00abOn travaille, demain il y aura la reddition des comptes. C\u2019est normal. Quand on nous confie des missions, qu\u2019on puisse les accomplir en toute transparence et en toute honne\u0302tete\u0301.\u00bb<\/p>\n<p><strong>Pour plus d&rsquo;informations et d&rsquo;analyses sur la <a href=\"https:\/\/www.africa-press.net\/senegal\">Senegal<\/a>, suivez <a href=\"https:\/\/www.africa-press.net\/\">Africa-Press<\/a><\/strong><\/p>\n","protected":false},"excerpt":{"rendered":"<p>Africa-Press &#8211; Senegal. Le rapport de la Cour des comptes sur la gestion des fonds de\u0301die\u0301s a\u0300 la riposte aux effets ne\u0301fastes de la Covid-19 sur le pouvoir d\u2019achat des me\u0301nages, a e\u0301pingle\u0301 le ministe\u0300re du De\u0301veloppement communautaire, de l\u2019E\u0301quite\u0301 sociale et territoriale. Les auditeurs pointent une surfacturation sur le riz pour un montant de [&hellip;]<\/p>\n","protected":false},"author":82,"featured_media":36994,"comment_status":"open","ping_status":"closed","sticky":false,"template":"","format":"standard","meta":{"footnotes":""},"categories":[2,49,20,10],"tags":[43,47,44],"class_list":["post-36995","post","type-post","status-publish","format-standard","has-post-thumbnail","hentry","category-politique","category-to-homepage","category-top-nouvelles","category-toutes-les-actualites","tag-africa-press-2","tag-africa-press-senegal","tag-senegal-2"],"yoast_head":"<!-- This site is optimized with the Yoast SEO Premium plugin v26.1 (Yoast SEO v27.0) - https:\/\/yoast.com\/product\/yoast-seo-premium-wordpress\/ -->\n<title>Surfacturation sur le riz\u00a0: Macky Sall interpelle Mansour Faye - Senegal<\/title>\n<meta name=\"robots\" content=\"index, follow, max-snippet:-1, max-image-preview:large, max-video-preview:-1\" \/>\n<link rel=\"canonical\" href=\"https:\/\/www.africa-press.net\/senegal\/politique\/surfacturation-sur-le-riz-macky-sall-interpelle-mansour-faye\" \/>\n<meta property=\"og:locale\" content=\"fr_FR\" \/>\n<meta property=\"og:type\" content=\"article\" \/>\n<meta property=\"og:title\" content=\"Surfacturation sur le riz\u00a0: Macky Sall interpelle Mansour Faye\" \/>\n<meta property=\"og:description\" content=\"Africa-Press &#8211; Senegal. Le rapport de la Cour des comptes sur la gestion des fonds de\u0301die\u0301s a\u0300 la riposte aux effets ne\u0301fastes de la Covid-19 sur le pouvoir d\u2019achat des me\u0301nages, a e\u0301pingle\u0301 le ministe\u0300re du De\u0301veloppement communautaire, de l\u2019E\u0301quite\u0301 sociale et territoriale. Les auditeurs pointent une surfacturation sur le riz pour un montant de [&hellip;]\" \/>\n<meta property=\"og:url\" content=\"https:\/\/www.africa-press.net\/senegal\/politique\/surfacturation-sur-le-riz-macky-sall-interpelle-mansour-faye\" \/>\n<meta property=\"og:site_name\" content=\"Senegal\" \/>\n<meta property=\"article:published_time\" content=\"2022-12-22T18:22:42+00:00\" \/>\n<meta name=\"author\" content=\"cfeditorfr\" \/>\n<meta name=\"twitter:card\" content=\"summary_large_image\" \/>\n<meta name=\"twitter:label1\" content=\"\u00c9crit par\" \/>\n\t<meta name=\"twitter:data1\" content=\"cfeditorfr\" \/>\n\t<meta name=\"twitter:label2\" content=\"Dur\u00e9e de lecture estim\u00e9e\" \/>\n\t<meta name=\"twitter:data2\" content=\"2 minutes\" \/>\n<script type=\"application\/ld+json\" class=\"yoast-schema-graph\">{\"@context\":\"https:\/\/schema.org\",\"@graph\":[{\"@type\":\"Article\",\"@id\":\"https:\/\/www.africa-press.net\/senegal\/politique\/surfacturation-sur-le-riz-macky-sall-interpelle-mansour-faye#article\",\"isPartOf\":{\"@id\":\"https:\/\/www.africa-press.net\/senegal\/politique\/surfacturation-sur-le-riz-macky-sall-interpelle-mansour-faye\"},\"author\":{\"name\":\"cfeditorfr\",\"@id\":\"https:\/\/www.africa-press.net\/senegal\/#\/schema\/person\/2b1cf3cd81a31e3cd26889ca66d677f1\"},\"headline\":\"Surfacturation sur le riz\u00a0: Macky Sall interpelle Mansour Faye\",\"datePublished\":\"2022-12-22T18:22:42+00:00\",\"mainEntityOfPage\":{\"@id\":\"https:\/\/www.africa-press.net\/senegal\/politique\/surfacturation-sur-le-riz-macky-sall-interpelle-mansour-faye\"},\"wordCount\":357,\"commentCount\":0,\"image\":{\"@id\":\"https:\/\/www.africa-press.net\/senegal\/politique\/surfacturation-sur-le-riz-macky-sall-interpelle-mansour-faye#primaryimage\"},\"thumbnailUrl\":\"https:\/\/static.africa-press.net\/senegal\/sites\/13\/2022\/12\/postQueueImg_1671720804.78.jpg\",\"keywords\":[\"Africa Press\",\"Africa Press-Senegal\",\"Senegal\"],\"articleSection\":[\"Politique\",\"to-homepage\",\"Top Nouvelles\",\"Toutes les actualit\u00e9s\"],\"inLanguage\":\"fr-FR\",\"potentialAction\":[{\"@type\":\"CommentAction\",\"name\":\"Comment\",\"target\":[\"https:\/\/www.africa-press.net\/senegal\/politique\/surfacturation-sur-le-riz-macky-sall-interpelle-mansour-faye#respond\"]}]},{\"@type\":\"WebPage\",\"@id\":\"https:\/\/www.africa-press.net\/senegal\/politique\/surfacturation-sur-le-riz-macky-sall-interpelle-mansour-faye\",\"url\":\"https:\/\/www.africa-press.net\/senegal\/politique\/surfacturation-sur-le-riz-macky-sall-interpelle-mansour-faye\",\"name\":\"Surfacturation sur le riz\u00a0: Macky Sall interpelle Mansour Faye - Senegal\",\"isPartOf\":{\"@id\":\"https:\/\/www.africa-press.net\/senegal\/#website\"},\"primaryImageOfPage\":{\"@id\":\"https:\/\/www.africa-press.net\/senegal\/politique\/surfacturation-sur-le-riz-macky-sall-interpelle-mansour-faye#primaryimage\"},\"image\":{\"@id\":\"https:\/\/www.africa-press.net\/senegal\/politique\/surfacturation-sur-le-riz-macky-sall-interpelle-mansour-faye#primaryimage\"},\"thumbnailUrl\":\"https:\/\/static.africa-press.net\/senegal\/sites\/13\/2022\/12\/postQueueImg_1671720804.78.jpg\",\"datePublished\":\"2022-12-22T18:22:42+00:00\",\"author\":{\"@id\":\"https:\/\/www.africa-press.net\/senegal\/#\/schema\/person\/2b1cf3cd81a31e3cd26889ca66d677f1\"},\"breadcrumb\":{\"@id\":\"https:\/\/www.africa-press.net\/senegal\/politique\/surfacturation-sur-le-riz-macky-sall-interpelle-mansour-faye#breadcrumb\"},\"inLanguage\":\"fr-FR\",\"potentialAction\":[{\"@type\":\"ReadAction\",\"target\":[\"https:\/\/www.africa-press.net\/senegal\/politique\/surfacturation-sur-le-riz-macky-sall-interpelle-mansour-faye\"]}]},{\"@type\":\"ImageObject\",\"inLanguage\":\"fr-FR\",\"@id\":\"https:\/\/www.africa-press.net\/senegal\/politique\/surfacturation-sur-le-riz-macky-sall-interpelle-mansour-faye#primaryimage\",\"url\":\"https:\/\/static.africa-press.net\/senegal\/sites\/13\/2022\/12\/postQueueImg_1671720804.78.jpg\",\"contentUrl\":\"https:\/\/static.africa-press.net\/senegal\/sites\/13\/2022\/12\/postQueueImg_1671720804.78.jpg\",\"width\":720,\"height\":350,\"caption\":\"Surfacturation sur le riz\u00a0: Macky Sall interpelle Mansour Faye\"},{\"@type\":\"BreadcrumbList\",\"@id\":\"https:\/\/www.africa-press.net\/senegal\/politique\/surfacturation-sur-le-riz-macky-sall-interpelle-mansour-faye#breadcrumb\",\"itemListElement\":[{\"@type\":\"ListItem\",\"position\":1,\"name\":\"Accueil\",\"item\":\"https:\/\/www.africa-press.net\/senegal\/\"},{\"@type\":\"ListItem\",\"position\":2,\"name\":\"Surfacturation sur le riz\u00a0: Macky Sall interpelle Mansour Faye\"}]},{\"@type\":\"WebSite\",\"@id\":\"https:\/\/www.africa-press.net\/senegal\/#website\",\"url\":\"https:\/\/www.africa-press.net\/senegal\/\",\"name\":\"Africa Press | Senegal | Homepage\",\"description\":\"Just another Africa News Agency Sites site\",\"potentialAction\":[{\"@type\":\"SearchAction\",\"target\":{\"@type\":\"EntryPoint\",\"urlTemplate\":\"https:\/\/www.africa-press.net\/senegal\/?s={search_term_string}\"},\"query-input\":{\"@type\":\"PropertyValueSpecification\",\"valueRequired\":true,\"valueName\":\"search_term_string\"}}],\"inLanguage\":\"fr-FR\"},{\"@type\":\"Person\",\"@id\":\"https:\/\/www.africa-press.net\/senegal\/#\/schema\/person\/2b1cf3cd81a31e3cd26889ca66d677f1\",\"name\":\"cfeditorfr\",\"url\":\"https:\/\/www.africa-press.net\/senegal\/author\/cfeditorfr\"}]}<\/script>\n<!-- \/ Yoast SEO Premium plugin. -->","yoast_head_json":{"title":"Surfacturation sur le riz\u00a0: Macky Sall interpelle Mansour Faye - Senegal","robots":{"index":"index","follow":"follow","max-snippet":"max-snippet:-1","max-image-preview":"max-image-preview:large","max-video-preview":"max-video-preview:-1"},"canonical":"https:\/\/www.africa-press.net\/senegal\/politique\/surfacturation-sur-le-riz-macky-sall-interpelle-mansour-faye","og_locale":"fr_FR","og_type":"article","og_title":"Surfacturation sur le riz\u00a0: Macky Sall interpelle Mansour Faye","og_description":"Africa-Press &#8211; Senegal. Le rapport de la Cour des comptes sur la gestion des fonds de\u0301die\u0301s a\u0300 la riposte aux effets ne\u0301fastes de la Covid-19 sur le pouvoir d\u2019achat des me\u0301nages, a e\u0301pingle\u0301 le ministe\u0300re du De\u0301veloppement communautaire, de l\u2019E\u0301quite\u0301 sociale et territoriale. Les auditeurs pointent une surfacturation sur le riz pour un montant de [&hellip;]","og_url":"https:\/\/www.africa-press.net\/senegal\/politique\/surfacturation-sur-le-riz-macky-sall-interpelle-mansour-faye","og_site_name":"Senegal","article_published_time":"2022-12-22T18:22:42+00:00","author":"cfeditorfr","twitter_card":"summary_large_image","twitter_misc":{"\u00c9crit par":"cfeditorfr","Dur\u00e9e de lecture estim\u00e9e":"2 minutes"},"schema":{"@context":"https:\/\/schema.org","@graph":[{"@type":"Article","@id":"https:\/\/www.africa-press.net\/senegal\/politique\/surfacturation-sur-le-riz-macky-sall-interpelle-mansour-faye#article","isPartOf":{"@id":"https:\/\/www.africa-press.net\/senegal\/politique\/surfacturation-sur-le-riz-macky-sall-interpelle-mansour-faye"},"author":{"name":"cfeditorfr","@id":"https:\/\/www.africa-press.net\/senegal\/#\/schema\/person\/2b1cf3cd81a31e3cd26889ca66d677f1"},"headline":"Surfacturation sur le riz\u00a0: Macky Sall interpelle Mansour Faye","datePublished":"2022-12-22T18:22:42+00:00","mainEntityOfPage":{"@id":"https:\/\/www.africa-press.net\/senegal\/politique\/surfacturation-sur-le-riz-macky-sall-interpelle-mansour-faye"},"wordCount":357,"commentCount":0,"image":{"@id":"https:\/\/www.africa-press.net\/senegal\/politique\/surfacturation-sur-le-riz-macky-sall-interpelle-mansour-faye#primaryimage"},"thumbnailUrl":"https:\/\/static.africa-press.net\/senegal\/sites\/13\/2022\/12\/postQueueImg_1671720804.78.jpg","keywords":["Africa Press","Africa Press-Senegal","Senegal"],"articleSection":["Politique","to-homepage","Top Nouvelles","Toutes les actualit\u00e9s"],"inLanguage":"fr-FR","potentialAction":[{"@type":"CommentAction","name":"Comment","target":["https:\/\/www.africa-press.net\/senegal\/politique\/surfacturation-sur-le-riz-macky-sall-interpelle-mansour-faye#respond"]}]},{"@type":"WebPage","@id":"https:\/\/www.africa-press.net\/senegal\/politique\/surfacturation-sur-le-riz-macky-sall-interpelle-mansour-faye","url":"https:\/\/www.africa-press.net\/senegal\/politique\/surfacturation-sur-le-riz-macky-sall-interpelle-mansour-faye","name":"Surfacturation sur le riz\u00a0: Macky Sall interpelle Mansour Faye - Senegal","isPartOf":{"@id":"https:\/\/www.africa-press.net\/senegal\/#website"},"primaryImageOfPage":{"@id":"https:\/\/www.africa-press.net\/senegal\/politique\/surfacturation-sur-le-riz-macky-sall-interpelle-mansour-faye#primaryimage"},"image":{"@id":"https:\/\/www.africa-press.net\/senegal\/politique\/surfacturation-sur-le-riz-macky-sall-interpelle-mansour-faye#primaryimage"},"thumbnailUrl":"https:\/\/static.africa-press.net\/senegal\/sites\/13\/2022\/12\/postQueueImg_1671720804.78.jpg","datePublished":"2022-12-22T18:22:42+00:00","author":{"@id":"https:\/\/www.africa-press.net\/senegal\/#\/schema\/person\/2b1cf3cd81a31e3cd26889ca66d677f1"},"breadcrumb":{"@id":"https:\/\/www.africa-press.net\/senegal\/politique\/surfacturation-sur-le-riz-macky-sall-interpelle-mansour-faye#breadcrumb"},"inLanguage":"fr-FR","potentialAction":[{"@type":"ReadAction","target":["https:\/\/www.africa-press.net\/senegal\/politique\/surfacturation-sur-le-riz-macky-sall-interpelle-mansour-faye"]}]},{"@type":"ImageObject","inLanguage":"fr-FR","@id":"https:\/\/www.africa-press.net\/senegal\/politique\/surfacturation-sur-le-riz-macky-sall-interpelle-mansour-faye#primaryimage","url":"https:\/\/static.africa-press.net\/senegal\/sites\/13\/2022\/12\/postQueueImg_1671720804.78.jpg","contentUrl":"https:\/\/static.africa-press.net\/senegal\/sites\/13\/2022\/12\/postQueueImg_1671720804.78.jpg","width":720,"height":350,"caption":"Surfacturation sur le riz\u00a0: Macky Sall interpelle Mansour Faye"},{"@type":"BreadcrumbList","@id":"https:\/\/www.africa-press.net\/senegal\/politique\/surfacturation-sur-le-riz-macky-sall-interpelle-mansour-faye#breadcrumb","itemListElement":[{"@type":"ListItem","position":1,"name":"Accueil","item":"https:\/\/www.africa-press.net\/senegal\/"},{"@type":"ListItem","position":2,"name":"Surfacturation sur le riz\u00a0: Macky Sall interpelle Mansour Faye"}]},{"@type":"WebSite","@id":"https:\/\/www.africa-press.net\/senegal\/#website","url":"https:\/\/www.africa-press.net\/senegal\/","name":"Africa Press | Senegal | Homepage","description":"Just another Africa News Agency Sites site","potentialAction":[{"@type":"SearchAction","target":{"@type":"EntryPoint","urlTemplate":"https:\/\/www.africa-press.net\/senegal\/?s={search_term_string}"},"query-input":{"@type":"PropertyValueSpecification","valueRequired":true,"valueName":"search_term_string"}}],"inLanguage":"fr-FR"},{"@type":"Person","@id":"https:\/\/www.africa-press.net\/senegal\/#\/schema\/person\/2b1cf3cd81a31e3cd26889ca66d677f1","name":"cfeditorfr","url":"https:\/\/www.africa-press.net\/senegal\/author\/cfeditorfr"}]}},"_links":{"self":[{"href":"https:\/\/www.africa-press.net\/senegal\/wp-json\/wp\/v2\/posts\/36995","targetHints":{"allow":["GET"]}}],"collection":[{"href":"https:\/\/www.africa-press.net\/senegal\/wp-json\/wp\/v2\/posts"}],"about":[{"href":"https:\/\/www.africa-press.net\/senegal\/wp-json\/wp\/v2\/types\/post"}],"author":[{"embeddable":true,"href":"https:\/\/www.africa-press.net\/senegal\/wp-json\/wp\/v2\/users\/82"}],"replies":[{"embeddable":true,"href":"https:\/\/www.africa-press.net\/senegal\/wp-json\/wp\/v2\/comments?post=36995"}],"version-history":[{"count":0,"href":"https:\/\/www.africa-press.net\/senegal\/wp-json\/wp\/v2\/posts\/36995\/revisions"}],"wp:featuredmedia":[{"embeddable":true,"href":"https:\/\/www.africa-press.net\/senegal\/wp-json\/wp\/v2\/media\/36994"}],"wp:attachment":[{"href":"https:\/\/www.africa-press.net\/senegal\/wp-json\/wp\/v2\/media?parent=36995"}],"wp:term":[{"taxonomy":"category","embeddable":true,"href":"https:\/\/www.africa-press.net\/senegal\/wp-json\/wp\/v2\/categories?post=36995"},{"taxonomy":"post_tag","embeddable":true,"href":"https:\/\/www.africa-press.net\/senegal\/wp-json\/wp\/v2\/tags?post=36995"}],"curies":[{"name":"wp","href":"https:\/\/api.w.org\/{rel}","templated":true}]}}