{"id":37139,"date":"2022-12-25T18:36:21","date_gmt":"2022-12-25T18:36:21","guid":{"rendered":"https:\/\/www.africa-press.net\/senegal\/politique\/rapport-de-la-cour-des-comptes-me-aissata-tall-sall-en-mission-deminage-aupres-des-diplomates-et-partenaires"},"modified":"2022-12-25T20:12:15","modified_gmt":"2022-12-25T20:12:15","slug":"rapport-de-la-cour-des-comptes-me-aissata-tall-sall-en-mission-deminage-aupres-des-diplomates-et-partenaires","status":"publish","type":"post","link":"https:\/\/www.africa-press.net\/senegal\/politique\/rapport-de-la-cour-des-comptes-me-aissata-tall-sall-en-mission-deminage-aupres-des-diplomates-et-partenaires","title":{"rendered":"Rapport de la Cour des Comptes : Me Aissata Tall Sall en mission d\u00e9minage aupr\u00e8s des diplomates et partenaires"},"content":{"rendered":"<p><span style=\"color: #ff6600\"><strong>Africa-Press &#8211; Senegal. <\/strong><\/span>Le rapport de la Cour des comptes sur la gestion des Fonds de la Force Covid continue de faire couler beaucoup d\u2019encre. Apre\u0300s les e\u0301le\u0301ments de re\u0301ponse fournis par le gouvernement lors d\u2019une rencontre pre\u0301side\u0301e par le ministre des Finances, Mamadou Moustapha Ba, ce vendredi.<\/p>\n<p>La Ministre des Affaires Etrange\u0300res, Me Aissata Tall Sall a la lourde ta\u0302che d\u2019aller s\u2019expliquer aupre\u0300s des partenaires, des diplomates accre\u0301dite\u0301s a\u0300 Dakar, afin de les convaincre de la \u00ab transparence \u00bb du gouvernement.<\/p>\n<p>Invite\u0301e de l\u2019e\u0301mission Grand Jury de ce dimanche 25 de\u0301cembre, sur la Rfm, Me Aissata Tall Sall renseigne : \u00ab Je peux vous dire qu\u2019ils ne sont pas fa\u0302che\u0301s, en tout cas, pour ceux que j\u2019ai de\u0301ja\u0300 vus. Et je vais continuer a\u0300 voir les autres.<\/p>\n<p>Et hier encore, le pre\u0301sident de la Re\u0301publique me disait d&rsquo;arre\u0302ter un calendrier de rencontres avec l\u2019ensemble de nos partenaires, des diplomates des pays e\u0301trangers accre\u0301dite\u0301s a\u0300 Dakar et certainement d\u2019autres partenaires techniques pour leur expliquer ce qui se passe.<\/p>\n<p>Parce que comme je l\u2019ai dit, nous sommes dans un exercice de transparence, de redevabilite\u0301, parce que, c\u2019est cela qu\u2019a voulu le pre\u0301sident de la Re\u0301publique.<\/p>\n<p>Hier de\u0301ja\u0300, j\u2019e\u0301tais en de\u0301jeuner avec les diplomates de l\u2019Union europe\u0301enne, nous avons beaucoup parle\u0301 de ce rapport de la cour des Comptes. J\u2019ai donne\u0301 la position, la version et les e\u0301le\u0301ments que le gouvernement du Se\u0301ne\u0301gal met a\u0300 la disposition de ses partenaires.<\/p>\n<p>Je peux vous dire que non seulement, ils ont compris, mais ils ont accepte\u0301 \u00bb. La cheffe de la diplomatie se\u0301ne\u0301galaise compte poursuivre cet exercice pour laver a\u0300 grande eau le gouvernement du Se\u0301ne\u0301gal dans ce dossier tre\u0300s embarrassant.<\/p>\n<p><strong>Pour plus d&rsquo;informations et d&rsquo;analyses sur la <a href=\"https:\/\/www.africa-press.net\/senegal\">Senegal<\/a>, suivez <a href=\"https:\/\/www.africa-press.net\/\">Africa-Press<\/a><\/strong><\/p>\n","protected":false},"excerpt":{"rendered":"<p>Africa-Press &#8211; Senegal. Le rapport de la Cour des comptes sur la gestion des Fonds de la Force Covid continue de faire couler beaucoup d\u2019encre. Apre\u0300s les e\u0301le\u0301ments de re\u0301ponse fournis par le gouvernement lors d\u2019une rencontre pre\u0301side\u0301e par le ministre des Finances, Mamadou Moustapha Ba, ce vendredi. La Ministre des Affaires Etrange\u0300res, Me Aissata [&hellip;]<\/p>\n","protected":false},"author":82,"featured_media":37137,"comment_status":"open","ping_status":"closed","sticky":false,"template":"","format":"standard","meta":{"footnotes":""},"categories":[2,20,10],"tags":[43,47,44],"class_list":["post-37139","post","type-post","status-publish","format-standard","has-post-thumbnail","hentry","category-politique","category-top-nouvelles","category-toutes-les-actualites","tag-africa-press-2","tag-africa-press-senegal","tag-senegal-2"],"yoast_head":"<!-- This site is optimized with the Yoast SEO Premium plugin v26.1 (Yoast SEO v27.0) - https:\/\/yoast.com\/product\/yoast-seo-premium-wordpress\/ -->\n<title>Rapport de la Cour des Comptes : Me Aissata Tall Sall en mission d\u00e9minage aupr\u00e8s des diplomates et partenaires - Senegal<\/title>\n<meta name=\"description\" content=\"Le rapport de la Cour des comptes sur la gestion des Fonds de la Force Covid continue de faire couler beaucoup d\u2019encre. ...\" \/>\n<meta name=\"robots\" content=\"index, follow, max-snippet:-1, max-image-preview:large, max-video-preview:-1\" \/>\n<link rel=\"canonical\" href=\"https:\/\/www.africa-press.net\/senegal\/politique\/rapport-de-la-cour-des-comptes-me-aissata-tall-sall-en-mission-deminage-aupres-des-diplomates-et-partenaires\" \/>\n<meta property=\"og:locale\" content=\"fr_FR\" \/>\n<meta property=\"og:type\" content=\"article\" \/>\n<meta property=\"og:title\" content=\"Rapport de la Cour des Comptes : Me Aissata Tall Sall en mission d\u00e9minage aupr\u00e8s des diplomates et partenaires\" \/>\n<meta property=\"og:description\" content=\"Le rapport de la Cour des comptes sur la gestion des Fonds de la Force Covid continue de faire couler beaucoup d\u2019encre. ...\" \/>\n<meta property=\"og:url\" content=\"https:\/\/www.africa-press.net\/senegal\/politique\/rapport-de-la-cour-des-comptes-me-aissata-tall-sall-en-mission-deminage-aupres-des-diplomates-et-partenaires\" \/>\n<meta property=\"og:site_name\" content=\"Senegal\" \/>\n<meta property=\"article:published_time\" content=\"2022-12-25T18:36:21+00:00\" \/>\n<meta property=\"article:modified_time\" content=\"2022-12-25T20:12:15+00:00\" \/>\n<meta property=\"og:image\" content=\"https:\/\/static.africa-press.net\/senegal\/sites\/13\/2022\/12\/postQueueImg_1671980797.38.jpg\" \/>\n\t<meta property=\"og:image:width\" content=\"720\" \/>\n\t<meta property=\"og:image:height\" content=\"350\" \/>\n\t<meta property=\"og:image:type\" content=\"image\/jpeg\" \/>\n<meta name=\"author\" content=\"cfeditorfr\" \/>\n<meta name=\"twitter:card\" content=\"summary_large_image\" \/>\n<meta name=\"twitter:label1\" content=\"\u00c9crit par\" \/>\n\t<meta name=\"twitter:data1\" content=\"cfeditorfr\" \/>\n\t<meta name=\"twitter:label2\" content=\"Dur\u00e9e de lecture estim\u00e9e\" \/>\n\t<meta name=\"twitter:data2\" content=\"2 minutes\" \/>\n<script type=\"application\/ld+json\" class=\"yoast-schema-graph\">{\"@context\":\"https:\/\/schema.org\",\"@graph\":[{\"@type\":\"Article\",\"@id\":\"https:\/\/www.africa-press.net\/senegal\/politique\/rapport-de-la-cour-des-comptes-me-aissata-tall-sall-en-mission-deminage-aupres-des-diplomates-et-partenaires#article\",\"isPartOf\":{\"@id\":\"https:\/\/www.africa-press.net\/senegal\/politique\/rapport-de-la-cour-des-comptes-me-aissata-tall-sall-en-mission-deminage-aupres-des-diplomates-et-partenaires\"},\"author\":{\"name\":\"cfeditorfr\",\"@id\":\"https:\/\/www.africa-press.net\/senegal\/#\/schema\/person\/2b1cf3cd81a31e3cd26889ca66d677f1\"},\"headline\":\"Rapport de la Cour des Comptes : Me Aissata Tall Sall en mission d\u00e9minage aupr\u00e8s des diplomates et partenaires\",\"datePublished\":\"2022-12-25T18:36:21+00:00\",\"dateModified\":\"2022-12-25T20:12:15+00:00\",\"mainEntityOfPage\":{\"@id\":\"https:\/\/www.africa-press.net\/senegal\/politique\/rapport-de-la-cour-des-comptes-me-aissata-tall-sall-en-mission-deminage-aupres-des-diplomates-et-partenaires\"},\"wordCount\":357,\"commentCount\":0,\"image\":{\"@id\":\"https:\/\/www.africa-press.net\/senegal\/politique\/rapport-de-la-cour-des-comptes-me-aissata-tall-sall-en-mission-deminage-aupres-des-diplomates-et-partenaires#primaryimage\"},\"thumbnailUrl\":\"https:\/\/static.africa-press.net\/senegal\/sites\/13\/2022\/12\/postQueueImg_1671980797.38.jpg\",\"keywords\":[\"Africa Press\",\"Africa Press-Senegal\",\"Senegal\"],\"articleSection\":[\"Politique\",\"Top Nouvelles\",\"Toutes les actualit\u00e9s\"],\"inLanguage\":\"fr-FR\",\"potentialAction\":[{\"@type\":\"CommentAction\",\"name\":\"Comment\",\"target\":[\"https:\/\/www.africa-press.net\/senegal\/politique\/rapport-de-la-cour-des-comptes-me-aissata-tall-sall-en-mission-deminage-aupres-des-diplomates-et-partenaires#respond\"]}]},{\"@type\":\"WebPage\",\"@id\":\"https:\/\/www.africa-press.net\/senegal\/politique\/rapport-de-la-cour-des-comptes-me-aissata-tall-sall-en-mission-deminage-aupres-des-diplomates-et-partenaires\",\"url\":\"https:\/\/www.africa-press.net\/senegal\/politique\/rapport-de-la-cour-des-comptes-me-aissata-tall-sall-en-mission-deminage-aupres-des-diplomates-et-partenaires\",\"name\":\"Rapport de la Cour des Comptes : Me Aissata Tall Sall en mission d\u00e9minage aupr\u00e8s des diplomates et partenaires - Senegal\",\"isPartOf\":{\"@id\":\"https:\/\/www.africa-press.net\/senegal\/#website\"},\"primaryImageOfPage\":{\"@id\":\"https:\/\/www.africa-press.net\/senegal\/politique\/rapport-de-la-cour-des-comptes-me-aissata-tall-sall-en-mission-deminage-aupres-des-diplomates-et-partenaires#primaryimage\"},\"image\":{\"@id\":\"https:\/\/www.africa-press.net\/senegal\/politique\/rapport-de-la-cour-des-comptes-me-aissata-tall-sall-en-mission-deminage-aupres-des-diplomates-et-partenaires#primaryimage\"},\"thumbnailUrl\":\"https:\/\/static.africa-press.net\/senegal\/sites\/13\/2022\/12\/postQueueImg_1671980797.38.jpg\",\"datePublished\":\"2022-12-25T18:36:21+00:00\",\"dateModified\":\"2022-12-25T20:12:15+00:00\",\"author\":{\"@id\":\"https:\/\/www.africa-press.net\/senegal\/#\/schema\/person\/2b1cf3cd81a31e3cd26889ca66d677f1\"},\"description\":\"Le rapport de la Cour des comptes sur la gestion des Fonds de la Force Covid continue de faire couler beaucoup d\u2019encre. ...\",\"breadcrumb\":{\"@id\":\"https:\/\/www.africa-press.net\/senegal\/politique\/rapport-de-la-cour-des-comptes-me-aissata-tall-sall-en-mission-deminage-aupres-des-diplomates-et-partenaires#breadcrumb\"},\"inLanguage\":\"fr-FR\",\"potentialAction\":[{\"@type\":\"ReadAction\",\"target\":[\"https:\/\/www.africa-press.net\/senegal\/politique\/rapport-de-la-cour-des-comptes-me-aissata-tall-sall-en-mission-deminage-aupres-des-diplomates-et-partenaires\"]}]},{\"@type\":\"ImageObject\",\"inLanguage\":\"fr-FR\",\"@id\":\"https:\/\/www.africa-press.net\/senegal\/politique\/rapport-de-la-cour-des-comptes-me-aissata-tall-sall-en-mission-deminage-aupres-des-diplomates-et-partenaires#primaryimage\",\"url\":\"https:\/\/static.africa-press.net\/senegal\/sites\/13\/2022\/12\/postQueueImg_1671980797.38.jpg\",\"contentUrl\":\"https:\/\/static.africa-press.net\/senegal\/sites\/13\/2022\/12\/postQueueImg_1671980797.38.jpg\",\"width\":720,\"height\":350,\"caption\":\"Rapport de la Cour des Comptes : Me Aissata Tall Sall en mission d\u00e9minage aupr\u00e8s des diplomates et partenaires\"},{\"@type\":\"BreadcrumbList\",\"@id\":\"https:\/\/www.africa-press.net\/senegal\/politique\/rapport-de-la-cour-des-comptes-me-aissata-tall-sall-en-mission-deminage-aupres-des-diplomates-et-partenaires#breadcrumb\",\"itemListElement\":[{\"@type\":\"ListItem\",\"position\":1,\"name\":\"Accueil\",\"item\":\"https:\/\/www.africa-press.net\/senegal\/\"},{\"@type\":\"ListItem\",\"position\":2,\"name\":\"Rapport de la Cour des Comptes : Me Aissata Tall Sall en mission d\u00e9minage aupr\u00e8s des diplomates et partenaires\"}]},{\"@type\":\"WebSite\",\"@id\":\"https:\/\/www.africa-press.net\/senegal\/#website\",\"url\":\"https:\/\/www.africa-press.net\/senegal\/\",\"name\":\"Africa Press | Senegal | Homepage\",\"description\":\"Just another Africa News Agency Sites site\",\"potentialAction\":[{\"@type\":\"SearchAction\",\"target\":{\"@type\":\"EntryPoint\",\"urlTemplate\":\"https:\/\/www.africa-press.net\/senegal\/?s={search_term_string}\"},\"query-input\":{\"@type\":\"PropertyValueSpecification\",\"valueRequired\":true,\"valueName\":\"search_term_string\"}}],\"inLanguage\":\"fr-FR\"},{\"@type\":\"Person\",\"@id\":\"https:\/\/www.africa-press.net\/senegal\/#\/schema\/person\/2b1cf3cd81a31e3cd26889ca66d677f1\",\"name\":\"cfeditorfr\",\"url\":\"https:\/\/www.africa-press.net\/senegal\/author\/cfeditorfr\"}]}<\/script>\n<!-- \/ Yoast SEO Premium plugin. -->","yoast_head_json":{"title":"Rapport de la Cour des Comptes : Me Aissata Tall Sall en mission d\u00e9minage aupr\u00e8s des diplomates et partenaires - Senegal","description":"Le rapport de la Cour des comptes sur la gestion des Fonds de la Force Covid continue de faire couler beaucoup d\u2019encre. ...","robots":{"index":"index","follow":"follow","max-snippet":"max-snippet:-1","max-image-preview":"max-image-preview:large","max-video-preview":"max-video-preview:-1"},"canonical":"https:\/\/www.africa-press.net\/senegal\/politique\/rapport-de-la-cour-des-comptes-me-aissata-tall-sall-en-mission-deminage-aupres-des-diplomates-et-partenaires","og_locale":"fr_FR","og_type":"article","og_title":"Rapport de la Cour des Comptes : Me Aissata Tall Sall en mission d\u00e9minage aupr\u00e8s des diplomates et partenaires","og_description":"Le rapport de la Cour des comptes sur la gestion des Fonds de la Force Covid continue de faire couler beaucoup d\u2019encre. ...","og_url":"https:\/\/www.africa-press.net\/senegal\/politique\/rapport-de-la-cour-des-comptes-me-aissata-tall-sall-en-mission-deminage-aupres-des-diplomates-et-partenaires","og_site_name":"Senegal","article_published_time":"2022-12-25T18:36:21+00:00","article_modified_time":"2022-12-25T20:12:15+00:00","og_image":[{"width":720,"height":350,"url":"https:\/\/static.africa-press.net\/senegal\/sites\/13\/2022\/12\/postQueueImg_1671980797.38.jpg","type":"image\/jpeg"}],"author":"cfeditorfr","twitter_card":"summary_large_image","twitter_misc":{"\u00c9crit par":"cfeditorfr","Dur\u00e9e de lecture estim\u00e9e":"2 minutes"},"schema":{"@context":"https:\/\/schema.org","@graph":[{"@type":"Article","@id":"https:\/\/www.africa-press.net\/senegal\/politique\/rapport-de-la-cour-des-comptes-me-aissata-tall-sall-en-mission-deminage-aupres-des-diplomates-et-partenaires#article","isPartOf":{"@id":"https:\/\/www.africa-press.net\/senegal\/politique\/rapport-de-la-cour-des-comptes-me-aissata-tall-sall-en-mission-deminage-aupres-des-diplomates-et-partenaires"},"author":{"name":"cfeditorfr","@id":"https:\/\/www.africa-press.net\/senegal\/#\/schema\/person\/2b1cf3cd81a31e3cd26889ca66d677f1"},"headline":"Rapport de la Cour des Comptes : Me Aissata Tall Sall en mission d\u00e9minage aupr\u00e8s des diplomates et partenaires","datePublished":"2022-12-25T18:36:21+00:00","dateModified":"2022-12-25T20:12:15+00:00","mainEntityOfPage":{"@id":"https:\/\/www.africa-press.net\/senegal\/politique\/rapport-de-la-cour-des-comptes-me-aissata-tall-sall-en-mission-deminage-aupres-des-diplomates-et-partenaires"},"wordCount":357,"commentCount":0,"image":{"@id":"https:\/\/www.africa-press.net\/senegal\/politique\/rapport-de-la-cour-des-comptes-me-aissata-tall-sall-en-mission-deminage-aupres-des-diplomates-et-partenaires#primaryimage"},"thumbnailUrl":"https:\/\/static.africa-press.net\/senegal\/sites\/13\/2022\/12\/postQueueImg_1671980797.38.jpg","keywords":["Africa Press","Africa Press-Senegal","Senegal"],"articleSection":["Politique","Top Nouvelles","Toutes les actualit\u00e9s"],"inLanguage":"fr-FR","potentialAction":[{"@type":"CommentAction","name":"Comment","target":["https:\/\/www.africa-press.net\/senegal\/politique\/rapport-de-la-cour-des-comptes-me-aissata-tall-sall-en-mission-deminage-aupres-des-diplomates-et-partenaires#respond"]}]},{"@type":"WebPage","@id":"https:\/\/www.africa-press.net\/senegal\/politique\/rapport-de-la-cour-des-comptes-me-aissata-tall-sall-en-mission-deminage-aupres-des-diplomates-et-partenaires","url":"https:\/\/www.africa-press.net\/senegal\/politique\/rapport-de-la-cour-des-comptes-me-aissata-tall-sall-en-mission-deminage-aupres-des-diplomates-et-partenaires","name":"Rapport de la Cour des Comptes : Me Aissata Tall Sall en mission d\u00e9minage aupr\u00e8s des diplomates et partenaires - Senegal","isPartOf":{"@id":"https:\/\/www.africa-press.net\/senegal\/#website"},"primaryImageOfPage":{"@id":"https:\/\/www.africa-press.net\/senegal\/politique\/rapport-de-la-cour-des-comptes-me-aissata-tall-sall-en-mission-deminage-aupres-des-diplomates-et-partenaires#primaryimage"},"image":{"@id":"https:\/\/www.africa-press.net\/senegal\/politique\/rapport-de-la-cour-des-comptes-me-aissata-tall-sall-en-mission-deminage-aupres-des-diplomates-et-partenaires#primaryimage"},"thumbnailUrl":"https:\/\/static.africa-press.net\/senegal\/sites\/13\/2022\/12\/postQueueImg_1671980797.38.jpg","datePublished":"2022-12-25T18:36:21+00:00","dateModified":"2022-12-25T20:12:15+00:00","author":{"@id":"https:\/\/www.africa-press.net\/senegal\/#\/schema\/person\/2b1cf3cd81a31e3cd26889ca66d677f1"},"description":"Le rapport de la Cour des comptes sur la gestion des Fonds de la Force Covid continue de faire couler beaucoup d\u2019encre. ...","breadcrumb":{"@id":"https:\/\/www.africa-press.net\/senegal\/politique\/rapport-de-la-cour-des-comptes-me-aissata-tall-sall-en-mission-deminage-aupres-des-diplomates-et-partenaires#breadcrumb"},"inLanguage":"fr-FR","potentialAction":[{"@type":"ReadAction","target":["https:\/\/www.africa-press.net\/senegal\/politique\/rapport-de-la-cour-des-comptes-me-aissata-tall-sall-en-mission-deminage-aupres-des-diplomates-et-partenaires"]}]},{"@type":"ImageObject","inLanguage":"fr-FR","@id":"https:\/\/www.africa-press.net\/senegal\/politique\/rapport-de-la-cour-des-comptes-me-aissata-tall-sall-en-mission-deminage-aupres-des-diplomates-et-partenaires#primaryimage","url":"https:\/\/static.africa-press.net\/senegal\/sites\/13\/2022\/12\/postQueueImg_1671980797.38.jpg","contentUrl":"https:\/\/static.africa-press.net\/senegal\/sites\/13\/2022\/12\/postQueueImg_1671980797.38.jpg","width":720,"height":350,"caption":"Rapport de la Cour des Comptes : Me Aissata Tall Sall en mission d\u00e9minage aupr\u00e8s des diplomates et partenaires"},{"@type":"BreadcrumbList","@id":"https:\/\/www.africa-press.net\/senegal\/politique\/rapport-de-la-cour-des-comptes-me-aissata-tall-sall-en-mission-deminage-aupres-des-diplomates-et-partenaires#breadcrumb","itemListElement":[{"@type":"ListItem","position":1,"name":"Accueil","item":"https:\/\/www.africa-press.net\/senegal\/"},{"@type":"ListItem","position":2,"name":"Rapport de la Cour des Comptes : Me Aissata Tall Sall en mission d\u00e9minage aupr\u00e8s des diplomates et partenaires"}]},{"@type":"WebSite","@id":"https:\/\/www.africa-press.net\/senegal\/#website","url":"https:\/\/www.africa-press.net\/senegal\/","name":"Africa Press | Senegal | Homepage","description":"Just another Africa News Agency Sites site","potentialAction":[{"@type":"SearchAction","target":{"@type":"EntryPoint","urlTemplate":"https:\/\/www.africa-press.net\/senegal\/?s={search_term_string}"},"query-input":{"@type":"PropertyValueSpecification","valueRequired":true,"valueName":"search_term_string"}}],"inLanguage":"fr-FR"},{"@type":"Person","@id":"https:\/\/www.africa-press.net\/senegal\/#\/schema\/person\/2b1cf3cd81a31e3cd26889ca66d677f1","name":"cfeditorfr","url":"https:\/\/www.africa-press.net\/senegal\/author\/cfeditorfr"}]}},"_links":{"self":[{"href":"https:\/\/www.africa-press.net\/senegal\/wp-json\/wp\/v2\/posts\/37139","targetHints":{"allow":["GET"]}}],"collection":[{"href":"https:\/\/www.africa-press.net\/senegal\/wp-json\/wp\/v2\/posts"}],"about":[{"href":"https:\/\/www.africa-press.net\/senegal\/wp-json\/wp\/v2\/types\/post"}],"author":[{"embeddable":true,"href":"https:\/\/www.africa-press.net\/senegal\/wp-json\/wp\/v2\/users\/82"}],"replies":[{"embeddable":true,"href":"https:\/\/www.africa-press.net\/senegal\/wp-json\/wp\/v2\/comments?post=37139"}],"version-history":[{"count":0,"href":"https:\/\/www.africa-press.net\/senegal\/wp-json\/wp\/v2\/posts\/37139\/revisions"}],"wp:featuredmedia":[{"embeddable":true,"href":"https:\/\/www.africa-press.net\/senegal\/wp-json\/wp\/v2\/media\/37137"}],"wp:attachment":[{"href":"https:\/\/www.africa-press.net\/senegal\/wp-json\/wp\/v2\/media?parent=37139"}],"wp:term":[{"taxonomy":"category","embeddable":true,"href":"https:\/\/www.africa-press.net\/senegal\/wp-json\/wp\/v2\/categories?post=37139"},{"taxonomy":"post_tag","embeddable":true,"href":"https:\/\/www.africa-press.net\/senegal\/wp-json\/wp\/v2\/tags?post=37139"}],"curies":[{"name":"wp","href":"https:\/\/api.w.org\/{rel}","templated":true}]}}