{"id":37234,"date":"2022-12-27T18:26:14","date_gmt":"2022-12-27T18:26:14","guid":{"rendered":"https:\/\/www.africa-press.net\/senegal\/politique\/le-senegal-oriental-en-apotheose-avec-son-president"},"modified":"2022-12-27T19:26:45","modified_gmt":"2022-12-27T19:26:45","slug":"le-senegal-oriental-en-apotheose-avec-son-president","status":"publish","type":"post","link":"https:\/\/www.africa-press.net\/senegal\/politique\/le-senegal-oriental-en-apotheose-avec-son-president","title":{"rendered":"\u00ab\u00a0Le S\u00e9n\u00e9gal oriental en apoth\u00e9ose avec son Pr\u00e9sident !\u00a0\u00bb"},"content":{"rendered":"<p><span style=\"color: #ff6600\"><strong>Africa-Press &#8211; Senegal. <\/strong><\/span>La date du 26 de\u0301cembre 2022 sera marque\u0301e d\u2019une pierre blanche dans l\u2019histoire des citoyens de la re\u0301gion naturelle du Se\u0301ne\u0301gal oriental.<\/p>\n<p>En effet, les fils de ce terroir, a\u0300 l\u2019occasion de la visite de son Excellence Monsieur le Pre\u0301sident de la Re\u0301publique Macky SALL, venu pre\u0301sider le Conseil pre\u0301sidentiel du 27 de\u0301cembre, le Conseil des ministres du 28 de\u0301cembre 2022 et proce\u0301der a\u0300 une se\u0301rie d\u2019inaugurations au be\u0301ne\u0301fice des populations, ont re\u0301serve\u0301 un accueil exceptionnel a\u0300 leur serviteur, leur Pre\u0301sident de la Re\u0301publique.<\/p>\n<p><b>Quoi de plus normal ?<\/b><\/p>\n<p>Par cet acte symbolique, les populations ont voulu rendre un hommage me\u0301rite\u0301 au Pre\u0301sident Macky SALL pour les nombreuses re\u0301alisations faites dans le Se\u0301ne\u0301gal oriental depuis son accession a\u0300 la magistrature supre\u0302me.<\/p>\n<p>Ces re\u0301alisations dans tous les domaines ont e\u0301te\u0301 sous tendues par une vision mate\u0301rialise\u0301e par la territorialisation des politiques publiques que le Pre\u0301sident Macky SALL a impulse\u0301 a\u0300 travers plusieurs programmes axe\u0301s sur le de\u0301veloppement communautaire, l\u2019inclusion sociale et l\u2019e\u0301quite\u0301 territoriale. Parmi ces programmes de grandes envergures figurent le PUDC, le PUMA, PROMOVILLES, les Bourses de Se\u0301curite\u0301 Familiale ou encore la Couverture Maladie Universelle(CMU), qui sont les leviers d\u2019un nouveau paradigme de de\u0301veloppement a\u0300 forte orientation sociale. Cette dynamique d\u2019actions a\u0300 la base a permis juguler les ine\u0301galite\u0301s d\u2019acce\u0300s aux services sociaux de base.<\/p>\n<p><b>Ainsi, le Se\u0301ne\u0301gal oriental a\u0300 vu son visage comple\u0300tement change\u0301&#8230;<\/b><\/p>\n<p>Dans le volet de\u0301senclavement, il est pre\u0301vu l\u2019ame\u0301nagement de 1129 km de pistes, largement au-dessus de la cible initiale de 800 km, permettant ainsi de de\u0301senclaver plus de 1400 villages. Par ailleurs, le volet e\u0301lectrification, socioe\u0301conomiques de base (e\u0301ducation, sante\u0301 et hydraulique), la dotation de 93 ambulances, l\u2019e\u0301lectrification de 57 localite\u0301s, l\u2019ame\u0301nagement de 267 hectares de pe\u0301rime\u0300tres irrigue\u0301s, la dotation de 203 e\u0301quipements d\u2019alle\u0301gement des travaux des femmes, l\u2019appui a\u0300 l\u2019insertion de 704 jeunes et femmes ainsi que la construction et l\u2019e\u0301quipement de treize infrastructures de se\u0301curite\u0301 (police, gendarmerie, sapeurs-pompiers).<\/p>\n<p>Le PUMA qui a poursuivi, en 2022, ses actions, dans les axes et territoires frontaliers par la re\u0301alisation, entre autres, de 534 km de pistes, 78 infrastructures socioe\u0301conomique de base, l\u2019e\u0301lectrification de 80 localite\u0301s, l\u2019ame\u0301nagement de 200 ha de pe\u0301rime\u0300tres agricoles, 30 pe\u0301rime\u0300tres maraichers, et 10 infrastructures de se\u0301curite\u0301, sans compter la formation et l\u2019insertion de 535 jeunes et femmes. Il s\u2019y ajoute l\u2019accompagnement, au retour, de 500 me\u0301nages touche\u0301s par le conflit en Casamance.<\/p>\n<p>Dans le domaine de la protection sociale, le Programme national des Bourses de Se\u0301curite\u0301 familiale (PNBSF) et la Couverture Maladie universelle (CMU) sont le fer de lance de la politique d\u2019inclusion sociale.<\/p>\n<p>Le PNBSF, qui a de\u0301ja\u0300 be\u0301ne\u0301ficie\u0301 d\u2019un concours de l\u2019Etat a\u0300 hauteur de 165 milliards F.CFA depuis son lancement en 2013, a de\u0301passe\u0301, depuis 2019, sa cible de 300 000 me\u0301nages et affiche un taux de re\u0301alisation de 105,63% en 2020, avec 316 903 me\u0301nages be\u0301ne\u0301ficiaires d\u2019un cash transfert de 25 000 F.CFA par trimestre. En 2022, plus de 540 000 me\u0301nages ont rec\u0327u chacun de ma part de l\u2019e\u0301tat du Se\u0301ne\u0301gal un montant de 80 000 F CFA.<\/p>\n<p>Par ailleurs, le Registre national unique (RNU), outil de ciblage des me\u0301nages vulne\u0301rables, a vu sa base de donne\u0301es e\u0301voluer de 458 550 me\u0301nages en 2019 a\u0300 588 045 en 2020.<\/p>\n<p>La Couverture Maladie Universelle (CMU), qui vise au moins 75% de la population d\u2019ici a\u0300 2025, a un bilan tre\u0300s satisfaisant. En effet, au 31 de\u0301cembre 2020, le taux de couverture du risque maladie (tous re\u0301gimes confondus) se situait autour de 50% et est passe\u0301 a\u0300 53% en 2021, permettant ainsi, a\u0300 plus de 8 millions de personnes de be\u0301ne\u0301ficier d\u2019une couverture du risque maladie.<\/p>\n<p>Quoi de plus normal pour ces populations, disais-je, car comme le disent les wolofs \u00ab Ku def lu re\u0308y am lu re\u0308y \u00bb et ces re\u0301alisations ont fait qu\u2019elles se sentent plus se\u0301ne\u0301galaises que tout le monde et l\u2019occasion leur e\u0301tait offerte de remercier leur Pre\u0301sident qui a fait pour elles en 10 ans ce que tous les pre\u0301sidents re\u0301unis de Senghor a\u0300 Abdoulaye Wade en passant par Abdou Diouf n\u2019ont pu faire en 52 ans.<\/p>\n<p>A travers cette apothe\u0301ose, c\u2019est un message fort que les populations ont voulu lancer au Pre\u0301sident pour lui dire que la voie est de\u0301ja\u0300 balise\u0301e pour la pre\u0301sidentielle de 2024. Elles sont de\u0301ja\u0300 a\u0300 pied d\u2019\u0153uvre pour le re\u0301e\u0301lire de\u0300s le premier tour avec des scores jusque-la\u0300 jamais e\u0301gale\u0301s.<\/p>\n<p>En effet, il y a urgence a\u0300 maintenir le Pre\u0301sident Macky SALL a\u0300 la te\u0302te du Se\u0301ne\u0301gal pour qu\u2019il puisse parachever les nobles et ambitieux chantiers qu\u2019il a commence\u0301s a\u0300 mettre en \u0153uvre pour l\u2019e\u0301mergence du Se\u0301ne\u0301gal a\u0300 l\u2019horizon 2035.<\/p>\n<p>Aventuriers, ce\u0301dez le passage, la gestion des affaires de l\u2019e\u0301tat est trop se\u0301rieuse pour vous<\/p>\n<p><strong>Pour plus d&rsquo;informations et d&rsquo;analyses sur la <a href=\"https:\/\/www.africa-press.net\/senegal\">Senegal<\/a>, suivez <a href=\"https:\/\/www.africa-press.net\/\">Africa-Press<\/a><\/strong><\/p>\n","protected":false},"excerpt":{"rendered":"<p>Africa-Press &#8211; Senegal. La date du 26 de\u0301cembre 2022 sera marque\u0301e d\u2019une pierre blanche dans l\u2019histoire des citoyens de la re\u0301gion naturelle du Se\u0301ne\u0301gal oriental. En effet, les fils de ce terroir, a\u0300 l\u2019occasion de la visite de son Excellence Monsieur le Pre\u0301sident de la Re\u0301publique Macky SALL, venu pre\u0301sider le Conseil pre\u0301sidentiel du 27 [&hellip;]<\/p>\n","protected":false},"author":82,"featured_media":37233,"comment_status":"open","ping_status":"closed","sticky":false,"template":"","format":"standard","meta":{"footnotes":""},"categories":[2,10],"tags":[43,47,44],"class_list":["post-37234","post","type-post","status-publish","format-standard","has-post-thumbnail","hentry","category-politique","category-toutes-les-actualites","tag-africa-press-2","tag-africa-press-senegal","tag-senegal-2"],"yoast_head":"<!-- This site is optimized with the Yoast SEO Premium plugin v26.1 (Yoast SEO v27.0) - https:\/\/yoast.com\/product\/yoast-seo-premium-wordpress\/ -->\n<title>\u00ab\u00a0Le S\u00e9n\u00e9gal oriental en apoth\u00e9ose avec son Pr\u00e9sident !\u00a0\u00bb - Senegal<\/title>\n<meta name=\"description\" content=\"La date du 26 de\u0301cembre 2022 sera marque\u0301e d\u2019une pierre blanche dans l\u2019histoire des citoyens de la re\u0301gion naturelle du ...\" \/>\n<meta name=\"robots\" content=\"index, follow, max-snippet:-1, max-image-preview:large, max-video-preview:-1\" \/>\n<link rel=\"canonical\" href=\"https:\/\/www.africa-press.net\/senegal\/politique\/le-senegal-oriental-en-apotheose-avec-son-president\" \/>\n<meta property=\"og:locale\" content=\"fr_FR\" \/>\n<meta property=\"og:type\" content=\"article\" \/>\n<meta property=\"og:title\" content=\"\u00ab\u00a0Le S\u00e9n\u00e9gal oriental en apoth\u00e9ose avec son Pr\u00e9sident !\u00a0\u00bb\" \/>\n<meta property=\"og:description\" content=\"La date du 26 de\u0301cembre 2022 sera marque\u0301e d\u2019une pierre blanche dans l\u2019histoire des citoyens de la re\u0301gion naturelle du ...\" \/>\n<meta property=\"og:url\" content=\"https:\/\/www.africa-press.net\/senegal\/politique\/le-senegal-oriental-en-apotheose-avec-son-president\" \/>\n<meta property=\"og:site_name\" content=\"Senegal\" \/>\n<meta property=\"article:published_time\" content=\"2022-12-27T18:26:14+00:00\" \/>\n<meta property=\"article:modified_time\" content=\"2022-12-27T19:26:45+00:00\" \/>\n<meta property=\"og:image\" content=\"https:\/\/static.africa-press.net\/senegal\/sites\/13\/2022\/12\/postQueueImg_1672153087.28.jpg\" \/>\n\t<meta property=\"og:image:width\" content=\"960\" \/>\n\t<meta property=\"og:image:height\" content=\"672\" \/>\n\t<meta property=\"og:image:type\" content=\"image\/jpeg\" \/>\n<meta name=\"author\" content=\"cfeditorfr\" \/>\n<meta name=\"twitter:card\" content=\"summary_large_image\" \/>\n<meta name=\"twitter:label1\" content=\"\u00c9crit par\" \/>\n\t<meta name=\"twitter:data1\" content=\"cfeditorfr\" \/>\n\t<meta name=\"twitter:label2\" content=\"Dur\u00e9e de lecture estim\u00e9e\" \/>\n\t<meta name=\"twitter:data2\" content=\"4 minutes\" \/>\n<script type=\"application\/ld+json\" class=\"yoast-schema-graph\">{\"@context\":\"https:\/\/schema.org\",\"@graph\":[{\"@type\":\"Article\",\"@id\":\"https:\/\/www.africa-press.net\/senegal\/politique\/le-senegal-oriental-en-apotheose-avec-son-president#article\",\"isPartOf\":{\"@id\":\"https:\/\/www.africa-press.net\/senegal\/politique\/le-senegal-oriental-en-apotheose-avec-son-president\"},\"author\":{\"name\":\"cfeditorfr\",\"@id\":\"https:\/\/www.africa-press.net\/senegal\/#\/schema\/person\/2b1cf3cd81a31e3cd26889ca66d677f1\"},\"headline\":\"\u00ab\u00a0Le S\u00e9n\u00e9gal oriental en apoth\u00e9ose avec son Pr\u00e9sident !\u00a0\u00bb\",\"datePublished\":\"2022-12-27T18:26:14+00:00\",\"dateModified\":\"2022-12-27T19:26:45+00:00\",\"mainEntityOfPage\":{\"@id\":\"https:\/\/www.africa-press.net\/senegal\/politique\/le-senegal-oriental-en-apotheose-avec-son-president\"},\"wordCount\":911,\"commentCount\":0,\"image\":{\"@id\":\"https:\/\/www.africa-press.net\/senegal\/politique\/le-senegal-oriental-en-apotheose-avec-son-president#primaryimage\"},\"thumbnailUrl\":\"https:\/\/static.africa-press.net\/senegal\/sites\/13\/2022\/12\/postQueueImg_1672153087.28.jpg\",\"keywords\":[\"Africa Press\",\"Africa Press-Senegal\",\"Senegal\"],\"articleSection\":[\"Politique\",\"Toutes les actualit\u00e9s\"],\"inLanguage\":\"fr-FR\",\"potentialAction\":[{\"@type\":\"CommentAction\",\"name\":\"Comment\",\"target\":[\"https:\/\/www.africa-press.net\/senegal\/politique\/le-senegal-oriental-en-apotheose-avec-son-president#respond\"]}]},{\"@type\":\"WebPage\",\"@id\":\"https:\/\/www.africa-press.net\/senegal\/politique\/le-senegal-oriental-en-apotheose-avec-son-president\",\"url\":\"https:\/\/www.africa-press.net\/senegal\/politique\/le-senegal-oriental-en-apotheose-avec-son-president\",\"name\":\"\u00ab\u00a0Le S\u00e9n\u00e9gal oriental en apoth\u00e9ose avec son Pr\u00e9sident !\u00a0\u00bb - Senegal\",\"isPartOf\":{\"@id\":\"https:\/\/www.africa-press.net\/senegal\/#website\"},\"primaryImageOfPage\":{\"@id\":\"https:\/\/www.africa-press.net\/senegal\/politique\/le-senegal-oriental-en-apotheose-avec-son-president#primaryimage\"},\"image\":{\"@id\":\"https:\/\/www.africa-press.net\/senegal\/politique\/le-senegal-oriental-en-apotheose-avec-son-president#primaryimage\"},\"thumbnailUrl\":\"https:\/\/static.africa-press.net\/senegal\/sites\/13\/2022\/12\/postQueueImg_1672153087.28.jpg\",\"datePublished\":\"2022-12-27T18:26:14+00:00\",\"dateModified\":\"2022-12-27T19:26:45+00:00\",\"author\":{\"@id\":\"https:\/\/www.africa-press.net\/senegal\/#\/schema\/person\/2b1cf3cd81a31e3cd26889ca66d677f1\"},\"description\":\"La date du 26 de\u0301cembre 2022 sera marque\u0301e d\u2019une pierre blanche dans l\u2019histoire des citoyens de la re\u0301gion naturelle du ...\",\"breadcrumb\":{\"@id\":\"https:\/\/www.africa-press.net\/senegal\/politique\/le-senegal-oriental-en-apotheose-avec-son-president#breadcrumb\"},\"inLanguage\":\"fr-FR\",\"potentialAction\":[{\"@type\":\"ReadAction\",\"target\":[\"https:\/\/www.africa-press.net\/senegal\/politique\/le-senegal-oriental-en-apotheose-avec-son-president\"]}]},{\"@type\":\"ImageObject\",\"inLanguage\":\"fr-FR\",\"@id\":\"https:\/\/www.africa-press.net\/senegal\/politique\/le-senegal-oriental-en-apotheose-avec-son-president#primaryimage\",\"url\":\"https:\/\/static.africa-press.net\/senegal\/sites\/13\/2022\/12\/postQueueImg_1672153087.28.jpg\",\"contentUrl\":\"https:\/\/static.africa-press.net\/senegal\/sites\/13\/2022\/12\/postQueueImg_1672153087.28.jpg\",\"width\":960,\"height\":672,\"caption\":\"\u00ab\u00a0Le S\u00e9n\u00e9gal oriental en apoth\u00e9ose avec son Pr\u00e9sident !\u00a0\u00bb\"},{\"@type\":\"BreadcrumbList\",\"@id\":\"https:\/\/www.africa-press.net\/senegal\/politique\/le-senegal-oriental-en-apotheose-avec-son-president#breadcrumb\",\"itemListElement\":[{\"@type\":\"ListItem\",\"position\":1,\"name\":\"Accueil\",\"item\":\"https:\/\/www.africa-press.net\/senegal\/\"},{\"@type\":\"ListItem\",\"position\":2,\"name\":\"\u00ab\u00a0Le S\u00e9n\u00e9gal oriental en apoth\u00e9ose avec son Pr\u00e9sident !\u00a0\u00bb\"}]},{\"@type\":\"WebSite\",\"@id\":\"https:\/\/www.africa-press.net\/senegal\/#website\",\"url\":\"https:\/\/www.africa-press.net\/senegal\/\",\"name\":\"Africa Press | Senegal | Homepage\",\"description\":\"Just another Africa News Agency Sites site\",\"potentialAction\":[{\"@type\":\"SearchAction\",\"target\":{\"@type\":\"EntryPoint\",\"urlTemplate\":\"https:\/\/www.africa-press.net\/senegal\/?s={search_term_string}\"},\"query-input\":{\"@type\":\"PropertyValueSpecification\",\"valueRequired\":true,\"valueName\":\"search_term_string\"}}],\"inLanguage\":\"fr-FR\"},{\"@type\":\"Person\",\"@id\":\"https:\/\/www.africa-press.net\/senegal\/#\/schema\/person\/2b1cf3cd81a31e3cd26889ca66d677f1\",\"name\":\"cfeditorfr\",\"url\":\"https:\/\/www.africa-press.net\/senegal\/author\/cfeditorfr\"}]}<\/script>\n<!-- \/ Yoast SEO Premium plugin. -->","yoast_head_json":{"title":"\u00ab\u00a0Le S\u00e9n\u00e9gal oriental en apoth\u00e9ose avec son Pr\u00e9sident !\u00a0\u00bb - Senegal","description":"La date du 26 de\u0301cembre 2022 sera marque\u0301e d\u2019une pierre blanche dans l\u2019histoire des citoyens de la re\u0301gion naturelle du ...","robots":{"index":"index","follow":"follow","max-snippet":"max-snippet:-1","max-image-preview":"max-image-preview:large","max-video-preview":"max-video-preview:-1"},"canonical":"https:\/\/www.africa-press.net\/senegal\/politique\/le-senegal-oriental-en-apotheose-avec-son-president","og_locale":"fr_FR","og_type":"article","og_title":"\u00ab\u00a0Le S\u00e9n\u00e9gal oriental en apoth\u00e9ose avec son Pr\u00e9sident !\u00a0\u00bb","og_description":"La date du 26 de\u0301cembre 2022 sera marque\u0301e d\u2019une pierre blanche dans l\u2019histoire des citoyens de la re\u0301gion naturelle du ...","og_url":"https:\/\/www.africa-press.net\/senegal\/politique\/le-senegal-oriental-en-apotheose-avec-son-president","og_site_name":"Senegal","article_published_time":"2022-12-27T18:26:14+00:00","article_modified_time":"2022-12-27T19:26:45+00:00","og_image":[{"width":960,"height":672,"url":"https:\/\/static.africa-press.net\/senegal\/sites\/13\/2022\/12\/postQueueImg_1672153087.28.jpg","type":"image\/jpeg"}],"author":"cfeditorfr","twitter_card":"summary_large_image","twitter_misc":{"\u00c9crit par":"cfeditorfr","Dur\u00e9e de lecture estim\u00e9e":"4 minutes"},"schema":{"@context":"https:\/\/schema.org","@graph":[{"@type":"Article","@id":"https:\/\/www.africa-press.net\/senegal\/politique\/le-senegal-oriental-en-apotheose-avec-son-president#article","isPartOf":{"@id":"https:\/\/www.africa-press.net\/senegal\/politique\/le-senegal-oriental-en-apotheose-avec-son-president"},"author":{"name":"cfeditorfr","@id":"https:\/\/www.africa-press.net\/senegal\/#\/schema\/person\/2b1cf3cd81a31e3cd26889ca66d677f1"},"headline":"\u00ab\u00a0Le S\u00e9n\u00e9gal oriental en apoth\u00e9ose avec son Pr\u00e9sident !\u00a0\u00bb","datePublished":"2022-12-27T18:26:14+00:00","dateModified":"2022-12-27T19:26:45+00:00","mainEntityOfPage":{"@id":"https:\/\/www.africa-press.net\/senegal\/politique\/le-senegal-oriental-en-apotheose-avec-son-president"},"wordCount":911,"commentCount":0,"image":{"@id":"https:\/\/www.africa-press.net\/senegal\/politique\/le-senegal-oriental-en-apotheose-avec-son-president#primaryimage"},"thumbnailUrl":"https:\/\/static.africa-press.net\/senegal\/sites\/13\/2022\/12\/postQueueImg_1672153087.28.jpg","keywords":["Africa Press","Africa Press-Senegal","Senegal"],"articleSection":["Politique","Toutes les actualit\u00e9s"],"inLanguage":"fr-FR","potentialAction":[{"@type":"CommentAction","name":"Comment","target":["https:\/\/www.africa-press.net\/senegal\/politique\/le-senegal-oriental-en-apotheose-avec-son-president#respond"]}]},{"@type":"WebPage","@id":"https:\/\/www.africa-press.net\/senegal\/politique\/le-senegal-oriental-en-apotheose-avec-son-president","url":"https:\/\/www.africa-press.net\/senegal\/politique\/le-senegal-oriental-en-apotheose-avec-son-president","name":"\u00ab\u00a0Le S\u00e9n\u00e9gal oriental en apoth\u00e9ose avec son Pr\u00e9sident !\u00a0\u00bb - Senegal","isPartOf":{"@id":"https:\/\/www.africa-press.net\/senegal\/#website"},"primaryImageOfPage":{"@id":"https:\/\/www.africa-press.net\/senegal\/politique\/le-senegal-oriental-en-apotheose-avec-son-president#primaryimage"},"image":{"@id":"https:\/\/www.africa-press.net\/senegal\/politique\/le-senegal-oriental-en-apotheose-avec-son-president#primaryimage"},"thumbnailUrl":"https:\/\/static.africa-press.net\/senegal\/sites\/13\/2022\/12\/postQueueImg_1672153087.28.jpg","datePublished":"2022-12-27T18:26:14+00:00","dateModified":"2022-12-27T19:26:45+00:00","author":{"@id":"https:\/\/www.africa-press.net\/senegal\/#\/schema\/person\/2b1cf3cd81a31e3cd26889ca66d677f1"},"description":"La date du 26 de\u0301cembre 2022 sera marque\u0301e d\u2019une pierre blanche dans l\u2019histoire des citoyens de la re\u0301gion naturelle du ...","breadcrumb":{"@id":"https:\/\/www.africa-press.net\/senegal\/politique\/le-senegal-oriental-en-apotheose-avec-son-president#breadcrumb"},"inLanguage":"fr-FR","potentialAction":[{"@type":"ReadAction","target":["https:\/\/www.africa-press.net\/senegal\/politique\/le-senegal-oriental-en-apotheose-avec-son-president"]}]},{"@type":"ImageObject","inLanguage":"fr-FR","@id":"https:\/\/www.africa-press.net\/senegal\/politique\/le-senegal-oriental-en-apotheose-avec-son-president#primaryimage","url":"https:\/\/static.africa-press.net\/senegal\/sites\/13\/2022\/12\/postQueueImg_1672153087.28.jpg","contentUrl":"https:\/\/static.africa-press.net\/senegal\/sites\/13\/2022\/12\/postQueueImg_1672153087.28.jpg","width":960,"height":672,"caption":"\u00ab\u00a0Le S\u00e9n\u00e9gal oriental en apoth\u00e9ose avec son Pr\u00e9sident !\u00a0\u00bb"},{"@type":"BreadcrumbList","@id":"https:\/\/www.africa-press.net\/senegal\/politique\/le-senegal-oriental-en-apotheose-avec-son-president#breadcrumb","itemListElement":[{"@type":"ListItem","position":1,"name":"Accueil","item":"https:\/\/www.africa-press.net\/senegal\/"},{"@type":"ListItem","position":2,"name":"\u00ab\u00a0Le S\u00e9n\u00e9gal oriental en apoth\u00e9ose avec son Pr\u00e9sident !\u00a0\u00bb"}]},{"@type":"WebSite","@id":"https:\/\/www.africa-press.net\/senegal\/#website","url":"https:\/\/www.africa-press.net\/senegal\/","name":"Africa Press | Senegal | Homepage","description":"Just another Africa News Agency Sites site","potentialAction":[{"@type":"SearchAction","target":{"@type":"EntryPoint","urlTemplate":"https:\/\/www.africa-press.net\/senegal\/?s={search_term_string}"},"query-input":{"@type":"PropertyValueSpecification","valueRequired":true,"valueName":"search_term_string"}}],"inLanguage":"fr-FR"},{"@type":"Person","@id":"https:\/\/www.africa-press.net\/senegal\/#\/schema\/person\/2b1cf3cd81a31e3cd26889ca66d677f1","name":"cfeditorfr","url":"https:\/\/www.africa-press.net\/senegal\/author\/cfeditorfr"}]}},"_links":{"self":[{"href":"https:\/\/www.africa-press.net\/senegal\/wp-json\/wp\/v2\/posts\/37234","targetHints":{"allow":["GET"]}}],"collection":[{"href":"https:\/\/www.africa-press.net\/senegal\/wp-json\/wp\/v2\/posts"}],"about":[{"href":"https:\/\/www.africa-press.net\/senegal\/wp-json\/wp\/v2\/types\/post"}],"author":[{"embeddable":true,"href":"https:\/\/www.africa-press.net\/senegal\/wp-json\/wp\/v2\/users\/82"}],"replies":[{"embeddable":true,"href":"https:\/\/www.africa-press.net\/senegal\/wp-json\/wp\/v2\/comments?post=37234"}],"version-history":[{"count":0,"href":"https:\/\/www.africa-press.net\/senegal\/wp-json\/wp\/v2\/posts\/37234\/revisions"}],"wp:featuredmedia":[{"embeddable":true,"href":"https:\/\/www.africa-press.net\/senegal\/wp-json\/wp\/v2\/media\/37233"}],"wp:attachment":[{"href":"https:\/\/www.africa-press.net\/senegal\/wp-json\/wp\/v2\/media?parent=37234"}],"wp:term":[{"taxonomy":"category","embeddable":true,"href":"https:\/\/www.africa-press.net\/senegal\/wp-json\/wp\/v2\/categories?post=37234"},{"taxonomy":"post_tag","embeddable":true,"href":"https:\/\/www.africa-press.net\/senegal\/wp-json\/wp\/v2\/tags?post=37234"}],"curies":[{"name":"wp","href":"https:\/\/api.w.org\/{rel}","templated":true}]}}