{"id":37237,"date":"2022-12-27T18:28:09","date_gmt":"2022-12-27T18:28:09","guid":{"rendered":"https:\/\/www.africa-press.net\/senegal\/politique\/karim-gueye-je-nai-demande-aucune-liberte-provisoire-venant-des-rappeurs-qui-sont-alles-repondre-a-macky"},"modified":"2022-12-27T19:27:27","modified_gmt":"2022-12-27T19:27:27","slug":"karim-gueye-je-nai-demande-aucune-liberte-provisoire-venant-des-rappeurs-qui-sont-alles-repondre-a-macky","status":"publish","type":"post","link":"https:\/\/www.africa-press.net\/senegal\/politique\/karim-gueye-je-nai-demande-aucune-liberte-provisoire-venant-des-rappeurs-qui-sont-alles-repondre-a-macky","title":{"rendered":"Karim Gueye : \u00ab\u00a0Je n\u2019ai demand\u00e9 aucune libert\u00e9 provisoire venant des rappeurs qui sont all\u00e9s r\u00e9pondre \u00e0 Macky\u2026\u00a0\u00bb"},"content":{"rendered":"<p><span style=\"color: #ff6600\"><strong>Africa-Press &#8211; Senegal. <\/strong><\/span><b>Depuis la prison de Se\u0301bikotane, l\u2019activiste Abdou Karim Ge\u0300ye explique qu\u2019il n\u2019a demande\u0301 aucune liberte\u0301 provisoire venant des rappeurs qui sont alle\u0301s re\u0301pondre a\u0300 une invitation de Macky Sall au palais. A travers un message, il demande qu\u2019ils le dissocient comple\u0300tement de leurs prises d\u2019initiative.<\/b><\/p>\n<p>\u00ab Quand j\u2019e\u0301tais dans un e\u0301tat beaucoup plus critique, a\u0300 l\u2019ho\u0302pital, j\u2019ai refuse\u0301 les avances du pouvoir. Ce n\u2019est pas maintenant que je que\u0301manderai quoique ce soit \u00bb, a fait savoir l\u2019activiste.<\/p>\n<p>\u00ab Quant au juge Mamadou Seck (2e cabinet), il a une haine visce\u0301rale a\u0300 mon endroit. Il veut cou\u0302te que cou\u0302te me faire subir les plus grosses peines \u00bb, explique Abdou Karim Gue\u0300ye.<\/p>\n<p><strong>Pour plus d&rsquo;informations et d&rsquo;analyses sur la <a href=\"https:\/\/www.africa-press.net\/senegal\">Senegal<\/a>, suivez <a href=\"https:\/\/www.africa-press.net\/\">Africa-Press<\/a><\/strong><\/p>\n","protected":false},"excerpt":{"rendered":"<p>Africa-Press &#8211; Senegal. Depuis la prison de Se\u0301bikotane, l\u2019activiste Abdou Karim Ge\u0300ye explique qu\u2019il n\u2019a demande\u0301 aucune liberte\u0301 provisoire venant des rappeurs qui sont alle\u0301s re\u0301pondre a\u0300 une invitation de Macky Sall au palais. A travers un message, il demande qu\u2019ils le dissocient comple\u0300tement de leurs prises d\u2019initiative. \u00ab Quand j\u2019e\u0301tais dans un e\u0301tat beaucoup [&hellip;]<\/p>\n","protected":false},"author":82,"featured_media":37236,"comment_status":"open","ping_status":"closed","sticky":false,"template":"","format":"standard","meta":{"footnotes":""},"categories":[2,10],"tags":[43,47,44],"class_list":["post-37237","post","type-post","status-publish","format-standard","has-post-thumbnail","hentry","category-politique","category-toutes-les-actualites","tag-africa-press-2","tag-africa-press-senegal","tag-senegal-2"],"yoast_head":"<!-- This site is optimized with the Yoast SEO Premium plugin v26.1 (Yoast SEO v27.0) - https:\/\/yoast.com\/product\/yoast-seo-premium-wordpress\/ -->\n<title>Karim Gueye : \u00ab\u00a0Je n\u2019ai demand\u00e9 aucune libert\u00e9 provisoire venant des rappeurs qui sont all\u00e9s r\u00e9pondre \u00e0 Macky\u2026\u00a0\u00bb - Senegal<\/title>\n<meta name=\"description\" content=\"Depuis la prison de Se\u0301bikotane, l\u2019activiste Abdou Karim Ge\u0300ye explique qu\u2019il n\u2019a demande\u0301 aucune liberte\u0301 provisoire ...\" \/>\n<meta name=\"robots\" content=\"index, follow, max-snippet:-1, max-image-preview:large, max-video-preview:-1\" \/>\n<link rel=\"canonical\" href=\"https:\/\/www.africa-press.net\/senegal\/politique\/karim-gueye-je-nai-demande-aucune-liberte-provisoire-venant-des-rappeurs-qui-sont-alles-repondre-a-macky\" \/>\n<meta property=\"og:locale\" content=\"fr_FR\" \/>\n<meta property=\"og:type\" content=\"article\" \/>\n<meta property=\"og:title\" content=\"Karim Gueye : \u00ab\u00a0Je n\u2019ai demand\u00e9 aucune libert\u00e9 provisoire venant des rappeurs qui sont all\u00e9s r\u00e9pondre \u00e0 Macky\u2026\u00a0\u00bb\" \/>\n<meta property=\"og:description\" content=\"Depuis la prison de Se\u0301bikotane, l\u2019activiste Abdou Karim Ge\u0300ye explique qu\u2019il n\u2019a demande\u0301 aucune liberte\u0301 provisoire ...\" \/>\n<meta property=\"og:url\" content=\"https:\/\/www.africa-press.net\/senegal\/politique\/karim-gueye-je-nai-demande-aucune-liberte-provisoire-venant-des-rappeurs-qui-sont-alles-repondre-a-macky\" \/>\n<meta property=\"og:site_name\" content=\"Senegal\" \/>\n<meta property=\"article:published_time\" content=\"2022-12-27T18:28:09+00:00\" \/>\n<meta property=\"article:modified_time\" content=\"2022-12-27T19:27:27+00:00\" \/>\n<meta property=\"og:image\" content=\"https:\/\/static.africa-press.net\/senegal\/sites\/13\/2022\/12\/postQueueImg_1672153101.20.jpg\" \/>\n\t<meta property=\"og:image:width\" content=\"1728\" \/>\n\t<meta property=\"og:image:height\" content=\"1152\" \/>\n\t<meta property=\"og:image:type\" content=\"image\/jpeg\" \/>\n<meta name=\"author\" content=\"cfeditorfr\" \/>\n<meta name=\"twitter:card\" content=\"summary_large_image\" \/>\n<meta name=\"twitter:label1\" content=\"\u00c9crit par\" \/>\n\t<meta name=\"twitter:data1\" content=\"cfeditorfr\" \/>\n\t<meta name=\"twitter:label2\" content=\"Dur\u00e9e de lecture estim\u00e9e\" \/>\n\t<meta name=\"twitter:data2\" content=\"1 minute\" \/>\n<script type=\"application\/ld+json\" class=\"yoast-schema-graph\">{\"@context\":\"https:\/\/schema.org\",\"@graph\":[{\"@type\":\"Article\",\"@id\":\"https:\/\/www.africa-press.net\/senegal\/politique\/karim-gueye-je-nai-demande-aucune-liberte-provisoire-venant-des-rappeurs-qui-sont-alles-repondre-a-macky#article\",\"isPartOf\":{\"@id\":\"https:\/\/www.africa-press.net\/senegal\/politique\/karim-gueye-je-nai-demande-aucune-liberte-provisoire-venant-des-rappeurs-qui-sont-alles-repondre-a-macky\"},\"author\":{\"name\":\"cfeditorfr\",\"@id\":\"https:\/\/www.africa-press.net\/senegal\/#\/schema\/person\/2b1cf3cd81a31e3cd26889ca66d677f1\"},\"headline\":\"Karim Gueye : \u00ab\u00a0Je n\u2019ai demand\u00e9 aucune libert\u00e9 provisoire venant des rappeurs qui sont all\u00e9s r\u00e9pondre \u00e0 Macky\u2026\u00a0\u00bb\",\"datePublished\":\"2022-12-27T18:28:09+00:00\",\"dateModified\":\"2022-12-27T19:27:27+00:00\",\"mainEntityOfPage\":{\"@id\":\"https:\/\/www.africa-press.net\/senegal\/politique\/karim-gueye-je-nai-demande-aucune-liberte-provisoire-venant-des-rappeurs-qui-sont-alles-repondre-a-macky\"},\"wordCount\":163,\"commentCount\":0,\"image\":{\"@id\":\"https:\/\/www.africa-press.net\/senegal\/politique\/karim-gueye-je-nai-demande-aucune-liberte-provisoire-venant-des-rappeurs-qui-sont-alles-repondre-a-macky#primaryimage\"},\"thumbnailUrl\":\"https:\/\/static.africa-press.net\/senegal\/sites\/13\/2022\/12\/postQueueImg_1672153101.20.jpg\",\"keywords\":[\"Africa Press\",\"Africa Press-Senegal\",\"Senegal\"],\"articleSection\":[\"Politique\",\"Toutes les actualit\u00e9s\"],\"inLanguage\":\"fr-FR\",\"potentialAction\":[{\"@type\":\"CommentAction\",\"name\":\"Comment\",\"target\":[\"https:\/\/www.africa-press.net\/senegal\/politique\/karim-gueye-je-nai-demande-aucune-liberte-provisoire-venant-des-rappeurs-qui-sont-alles-repondre-a-macky#respond\"]}]},{\"@type\":\"WebPage\",\"@id\":\"https:\/\/www.africa-press.net\/senegal\/politique\/karim-gueye-je-nai-demande-aucune-liberte-provisoire-venant-des-rappeurs-qui-sont-alles-repondre-a-macky\",\"url\":\"https:\/\/www.africa-press.net\/senegal\/politique\/karim-gueye-je-nai-demande-aucune-liberte-provisoire-venant-des-rappeurs-qui-sont-alles-repondre-a-macky\",\"name\":\"Karim Gueye : \u00ab\u00a0Je n\u2019ai demand\u00e9 aucune libert\u00e9 provisoire venant des rappeurs qui sont all\u00e9s r\u00e9pondre \u00e0 Macky\u2026\u00a0\u00bb - Senegal\",\"isPartOf\":{\"@id\":\"https:\/\/www.africa-press.net\/senegal\/#website\"},\"primaryImageOfPage\":{\"@id\":\"https:\/\/www.africa-press.net\/senegal\/politique\/karim-gueye-je-nai-demande-aucune-liberte-provisoire-venant-des-rappeurs-qui-sont-alles-repondre-a-macky#primaryimage\"},\"image\":{\"@id\":\"https:\/\/www.africa-press.net\/senegal\/politique\/karim-gueye-je-nai-demande-aucune-liberte-provisoire-venant-des-rappeurs-qui-sont-alles-repondre-a-macky#primaryimage\"},\"thumbnailUrl\":\"https:\/\/static.africa-press.net\/senegal\/sites\/13\/2022\/12\/postQueueImg_1672153101.20.jpg\",\"datePublished\":\"2022-12-27T18:28:09+00:00\",\"dateModified\":\"2022-12-27T19:27:27+00:00\",\"author\":{\"@id\":\"https:\/\/www.africa-press.net\/senegal\/#\/schema\/person\/2b1cf3cd81a31e3cd26889ca66d677f1\"},\"description\":\"Depuis la prison de Se\u0301bikotane, l\u2019activiste Abdou Karim Ge\u0300ye explique qu\u2019il n\u2019a demande\u0301 aucune liberte\u0301 provisoire ...\",\"breadcrumb\":{\"@id\":\"https:\/\/www.africa-press.net\/senegal\/politique\/karim-gueye-je-nai-demande-aucune-liberte-provisoire-venant-des-rappeurs-qui-sont-alles-repondre-a-macky#breadcrumb\"},\"inLanguage\":\"fr-FR\",\"potentialAction\":[{\"@type\":\"ReadAction\",\"target\":[\"https:\/\/www.africa-press.net\/senegal\/politique\/karim-gueye-je-nai-demande-aucune-liberte-provisoire-venant-des-rappeurs-qui-sont-alles-repondre-a-macky\"]}]},{\"@type\":\"ImageObject\",\"inLanguage\":\"fr-FR\",\"@id\":\"https:\/\/www.africa-press.net\/senegal\/politique\/karim-gueye-je-nai-demande-aucune-liberte-provisoire-venant-des-rappeurs-qui-sont-alles-repondre-a-macky#primaryimage\",\"url\":\"https:\/\/static.africa-press.net\/senegal\/sites\/13\/2022\/12\/postQueueImg_1672153101.20.jpg\",\"contentUrl\":\"https:\/\/static.africa-press.net\/senegal\/sites\/13\/2022\/12\/postQueueImg_1672153101.20.jpg\",\"width\":1728,\"height\":1152,\"caption\":\"Karim Gueye : \u00ab\u00a0Je n\u2019ai demand\u00e9 aucune libert\u00e9 provisoire venant des rappeurs qui sont all\u00e9s r\u00e9pondre \u00e0 Macky\u2026\u00a0\u00bb\"},{\"@type\":\"BreadcrumbList\",\"@id\":\"https:\/\/www.africa-press.net\/senegal\/politique\/karim-gueye-je-nai-demande-aucune-liberte-provisoire-venant-des-rappeurs-qui-sont-alles-repondre-a-macky#breadcrumb\",\"itemListElement\":[{\"@type\":\"ListItem\",\"position\":1,\"name\":\"Accueil\",\"item\":\"https:\/\/www.africa-press.net\/senegal\/\"},{\"@type\":\"ListItem\",\"position\":2,\"name\":\"Karim Gueye : \u00ab\u00a0Je n\u2019ai demand\u00e9 aucune libert\u00e9 provisoire venant des rappeurs qui sont all\u00e9s r\u00e9pondre \u00e0 Macky\u2026\u00a0\u00bb\"}]},{\"@type\":\"WebSite\",\"@id\":\"https:\/\/www.africa-press.net\/senegal\/#website\",\"url\":\"https:\/\/www.africa-press.net\/senegal\/\",\"name\":\"Africa Press | Senegal | Homepage\",\"description\":\"Just another Africa News Agency Sites site\",\"potentialAction\":[{\"@type\":\"SearchAction\",\"target\":{\"@type\":\"EntryPoint\",\"urlTemplate\":\"https:\/\/www.africa-press.net\/senegal\/?s={search_term_string}\"},\"query-input\":{\"@type\":\"PropertyValueSpecification\",\"valueRequired\":true,\"valueName\":\"search_term_string\"}}],\"inLanguage\":\"fr-FR\"},{\"@type\":\"Person\",\"@id\":\"https:\/\/www.africa-press.net\/senegal\/#\/schema\/person\/2b1cf3cd81a31e3cd26889ca66d677f1\",\"name\":\"cfeditorfr\",\"url\":\"https:\/\/www.africa-press.net\/senegal\/author\/cfeditorfr\"}]}<\/script>\n<!-- \/ Yoast SEO Premium plugin. -->","yoast_head_json":{"title":"Karim Gueye : \u00ab\u00a0Je n\u2019ai demand\u00e9 aucune libert\u00e9 provisoire venant des rappeurs qui sont all\u00e9s r\u00e9pondre \u00e0 Macky\u2026\u00a0\u00bb - Senegal","description":"Depuis la prison de Se\u0301bikotane, l\u2019activiste Abdou Karim Ge\u0300ye explique qu\u2019il n\u2019a demande\u0301 aucune liberte\u0301 provisoire ...","robots":{"index":"index","follow":"follow","max-snippet":"max-snippet:-1","max-image-preview":"max-image-preview:large","max-video-preview":"max-video-preview:-1"},"canonical":"https:\/\/www.africa-press.net\/senegal\/politique\/karim-gueye-je-nai-demande-aucune-liberte-provisoire-venant-des-rappeurs-qui-sont-alles-repondre-a-macky","og_locale":"fr_FR","og_type":"article","og_title":"Karim Gueye : \u00ab\u00a0Je n\u2019ai demand\u00e9 aucune libert\u00e9 provisoire venant des rappeurs qui sont all\u00e9s r\u00e9pondre \u00e0 Macky\u2026\u00a0\u00bb","og_description":"Depuis la prison de Se\u0301bikotane, l\u2019activiste Abdou Karim Ge\u0300ye explique qu\u2019il n\u2019a demande\u0301 aucune liberte\u0301 provisoire ...","og_url":"https:\/\/www.africa-press.net\/senegal\/politique\/karim-gueye-je-nai-demande-aucune-liberte-provisoire-venant-des-rappeurs-qui-sont-alles-repondre-a-macky","og_site_name":"Senegal","article_published_time":"2022-12-27T18:28:09+00:00","article_modified_time":"2022-12-27T19:27:27+00:00","og_image":[{"width":1728,"height":1152,"url":"https:\/\/static.africa-press.net\/senegal\/sites\/13\/2022\/12\/postQueueImg_1672153101.20.jpg","type":"image\/jpeg"}],"author":"cfeditorfr","twitter_card":"summary_large_image","twitter_misc":{"\u00c9crit par":"cfeditorfr","Dur\u00e9e de lecture estim\u00e9e":"1 minute"},"schema":{"@context":"https:\/\/schema.org","@graph":[{"@type":"Article","@id":"https:\/\/www.africa-press.net\/senegal\/politique\/karim-gueye-je-nai-demande-aucune-liberte-provisoire-venant-des-rappeurs-qui-sont-alles-repondre-a-macky#article","isPartOf":{"@id":"https:\/\/www.africa-press.net\/senegal\/politique\/karim-gueye-je-nai-demande-aucune-liberte-provisoire-venant-des-rappeurs-qui-sont-alles-repondre-a-macky"},"author":{"name":"cfeditorfr","@id":"https:\/\/www.africa-press.net\/senegal\/#\/schema\/person\/2b1cf3cd81a31e3cd26889ca66d677f1"},"headline":"Karim Gueye : \u00ab\u00a0Je n\u2019ai demand\u00e9 aucune libert\u00e9 provisoire venant des rappeurs qui sont all\u00e9s r\u00e9pondre \u00e0 Macky\u2026\u00a0\u00bb","datePublished":"2022-12-27T18:28:09+00:00","dateModified":"2022-12-27T19:27:27+00:00","mainEntityOfPage":{"@id":"https:\/\/www.africa-press.net\/senegal\/politique\/karim-gueye-je-nai-demande-aucune-liberte-provisoire-venant-des-rappeurs-qui-sont-alles-repondre-a-macky"},"wordCount":163,"commentCount":0,"image":{"@id":"https:\/\/www.africa-press.net\/senegal\/politique\/karim-gueye-je-nai-demande-aucune-liberte-provisoire-venant-des-rappeurs-qui-sont-alles-repondre-a-macky#primaryimage"},"thumbnailUrl":"https:\/\/static.africa-press.net\/senegal\/sites\/13\/2022\/12\/postQueueImg_1672153101.20.jpg","keywords":["Africa Press","Africa Press-Senegal","Senegal"],"articleSection":["Politique","Toutes les actualit\u00e9s"],"inLanguage":"fr-FR","potentialAction":[{"@type":"CommentAction","name":"Comment","target":["https:\/\/www.africa-press.net\/senegal\/politique\/karim-gueye-je-nai-demande-aucune-liberte-provisoire-venant-des-rappeurs-qui-sont-alles-repondre-a-macky#respond"]}]},{"@type":"WebPage","@id":"https:\/\/www.africa-press.net\/senegal\/politique\/karim-gueye-je-nai-demande-aucune-liberte-provisoire-venant-des-rappeurs-qui-sont-alles-repondre-a-macky","url":"https:\/\/www.africa-press.net\/senegal\/politique\/karim-gueye-je-nai-demande-aucune-liberte-provisoire-venant-des-rappeurs-qui-sont-alles-repondre-a-macky","name":"Karim Gueye : \u00ab\u00a0Je n\u2019ai demand\u00e9 aucune libert\u00e9 provisoire venant des rappeurs qui sont all\u00e9s r\u00e9pondre \u00e0 Macky\u2026\u00a0\u00bb - Senegal","isPartOf":{"@id":"https:\/\/www.africa-press.net\/senegal\/#website"},"primaryImageOfPage":{"@id":"https:\/\/www.africa-press.net\/senegal\/politique\/karim-gueye-je-nai-demande-aucune-liberte-provisoire-venant-des-rappeurs-qui-sont-alles-repondre-a-macky#primaryimage"},"image":{"@id":"https:\/\/www.africa-press.net\/senegal\/politique\/karim-gueye-je-nai-demande-aucune-liberte-provisoire-venant-des-rappeurs-qui-sont-alles-repondre-a-macky#primaryimage"},"thumbnailUrl":"https:\/\/static.africa-press.net\/senegal\/sites\/13\/2022\/12\/postQueueImg_1672153101.20.jpg","datePublished":"2022-12-27T18:28:09+00:00","dateModified":"2022-12-27T19:27:27+00:00","author":{"@id":"https:\/\/www.africa-press.net\/senegal\/#\/schema\/person\/2b1cf3cd81a31e3cd26889ca66d677f1"},"description":"Depuis la prison de Se\u0301bikotane, l\u2019activiste Abdou Karim Ge\u0300ye explique qu\u2019il n\u2019a demande\u0301 aucune liberte\u0301 provisoire ...","breadcrumb":{"@id":"https:\/\/www.africa-press.net\/senegal\/politique\/karim-gueye-je-nai-demande-aucune-liberte-provisoire-venant-des-rappeurs-qui-sont-alles-repondre-a-macky#breadcrumb"},"inLanguage":"fr-FR","potentialAction":[{"@type":"ReadAction","target":["https:\/\/www.africa-press.net\/senegal\/politique\/karim-gueye-je-nai-demande-aucune-liberte-provisoire-venant-des-rappeurs-qui-sont-alles-repondre-a-macky"]}]},{"@type":"ImageObject","inLanguage":"fr-FR","@id":"https:\/\/www.africa-press.net\/senegal\/politique\/karim-gueye-je-nai-demande-aucune-liberte-provisoire-venant-des-rappeurs-qui-sont-alles-repondre-a-macky#primaryimage","url":"https:\/\/static.africa-press.net\/senegal\/sites\/13\/2022\/12\/postQueueImg_1672153101.20.jpg","contentUrl":"https:\/\/static.africa-press.net\/senegal\/sites\/13\/2022\/12\/postQueueImg_1672153101.20.jpg","width":1728,"height":1152,"caption":"Karim Gueye : \u00ab\u00a0Je n\u2019ai demand\u00e9 aucune libert\u00e9 provisoire venant des rappeurs qui sont all\u00e9s r\u00e9pondre \u00e0 Macky\u2026\u00a0\u00bb"},{"@type":"BreadcrumbList","@id":"https:\/\/www.africa-press.net\/senegal\/politique\/karim-gueye-je-nai-demande-aucune-liberte-provisoire-venant-des-rappeurs-qui-sont-alles-repondre-a-macky#breadcrumb","itemListElement":[{"@type":"ListItem","position":1,"name":"Accueil","item":"https:\/\/www.africa-press.net\/senegal\/"},{"@type":"ListItem","position":2,"name":"Karim Gueye : \u00ab\u00a0Je n\u2019ai demand\u00e9 aucune libert\u00e9 provisoire venant des rappeurs qui sont all\u00e9s r\u00e9pondre \u00e0 Macky\u2026\u00a0\u00bb"}]},{"@type":"WebSite","@id":"https:\/\/www.africa-press.net\/senegal\/#website","url":"https:\/\/www.africa-press.net\/senegal\/","name":"Africa Press | Senegal | Homepage","description":"Just another Africa News Agency Sites site","potentialAction":[{"@type":"SearchAction","target":{"@type":"EntryPoint","urlTemplate":"https:\/\/www.africa-press.net\/senegal\/?s={search_term_string}"},"query-input":{"@type":"PropertyValueSpecification","valueRequired":true,"valueName":"search_term_string"}}],"inLanguage":"fr-FR"},{"@type":"Person","@id":"https:\/\/www.africa-press.net\/senegal\/#\/schema\/person\/2b1cf3cd81a31e3cd26889ca66d677f1","name":"cfeditorfr","url":"https:\/\/www.africa-press.net\/senegal\/author\/cfeditorfr"}]}},"_links":{"self":[{"href":"https:\/\/www.africa-press.net\/senegal\/wp-json\/wp\/v2\/posts\/37237","targetHints":{"allow":["GET"]}}],"collection":[{"href":"https:\/\/www.africa-press.net\/senegal\/wp-json\/wp\/v2\/posts"}],"about":[{"href":"https:\/\/www.africa-press.net\/senegal\/wp-json\/wp\/v2\/types\/post"}],"author":[{"embeddable":true,"href":"https:\/\/www.africa-press.net\/senegal\/wp-json\/wp\/v2\/users\/82"}],"replies":[{"embeddable":true,"href":"https:\/\/www.africa-press.net\/senegal\/wp-json\/wp\/v2\/comments?post=37237"}],"version-history":[{"count":0,"href":"https:\/\/www.africa-press.net\/senegal\/wp-json\/wp\/v2\/posts\/37237\/revisions"}],"wp:featuredmedia":[{"embeddable":true,"href":"https:\/\/www.africa-press.net\/senegal\/wp-json\/wp\/v2\/media\/37236"}],"wp:attachment":[{"href":"https:\/\/www.africa-press.net\/senegal\/wp-json\/wp\/v2\/media?parent=37237"}],"wp:term":[{"taxonomy":"category","embeddable":true,"href":"https:\/\/www.africa-press.net\/senegal\/wp-json\/wp\/v2\/categories?post=37237"},{"taxonomy":"post_tag","embeddable":true,"href":"https:\/\/www.africa-press.net\/senegal\/wp-json\/wp\/v2\/tags?post=37237"}],"curies":[{"name":"wp","href":"https:\/\/api.w.org\/{rel}","templated":true}]}}