{"id":37246,"date":"2022-12-27T18:38:52","date_gmt":"2022-12-27T18:38:52","guid":{"rendered":"https:\/\/www.africa-press.net\/senegal\/politique\/fonds-covid-19-aminata-toure-et-guy-marius-sagna-rappellent-leur-saisine-a-amadou-ba"},"modified":"2022-12-27T19:29:13","modified_gmt":"2022-12-27T19:29:13","slug":"fonds-covid-19-aminata-toure-et-guy-marius-sagna-rappellent-leur-saisine-a-amadou-ba","status":"publish","type":"post","link":"https:\/\/www.africa-press.net\/senegal\/politique\/fonds-covid-19-aminata-toure-et-guy-marius-sagna-rappellent-leur-saisine-a-amadou-ba","title":{"rendered":"Fonds covid-19 : Aminata Tour\u00e9 et Guy Marius Sagna rappellent leur saisine \u00e0 Amadou Ba"},"content":{"rendered":"<p><span style=\"color: #ff6600\"><strong>Africa-Press &#8211; Senegal. <\/strong><\/span><b>Les parlementaires Aminata Toure\u0301 et Guy Marius Sagna ont conjointement adresse\u0301 une lettre ouverte au Premier ministre Amadou Ba. Celle-ci constitue un rappel a\u0300 une invitation a\u0300 l\u2019Assemble\u0301e nationale pour de\u0301battre du dernier rapport de la Cour des Comptes relatif a\u0300 la gestion des fonds destine\u0301s a\u0300 la lutte contre la Covid-19.<\/b><\/p>\n<p>\u00ab Monsieur le Premier ministre, conforme\u0301ment aux dispositions des articles 92 et 94 du Re\u0300glement inte\u0301rieur de l\u2019Assemble\u0301e nationale qui re\u0301gissent les questions d\u2019actualite\u0301 au gouvernement, nous avons demande\u0301, il y a de\u0301ja\u0300 une semaine, votre pre\u0301sence a\u0300 l\u2019Assemble\u0301e nationale pour discuter avec la repre\u0301sentation nationale du rapport de la Cour des Comptes relatif a\u0300 la gestion accablante des fonds Covid \u00bb, lit-on dans la lettre ouverte<\/p>\n<p>\u00ab N\u2019ayant obtenu aucune re\u0301action de votre part, nous vous interpelons par voie publique afin que vous vous conformiez aux dispositions de la loi \u00bb, poursuivent les parlementaires Aminata Toure\u0301 et Guy Marius Sagna.<\/p>\n<p><strong>Pour plus d&rsquo;informations et d&rsquo;analyses sur la <a href=\"https:\/\/www.africa-press.net\/senegal\">Senegal<\/a>, suivez <a href=\"https:\/\/www.africa-press.net\/\">Africa-Press<\/a><\/strong><\/p>\n","protected":false},"excerpt":{"rendered":"<p>Africa-Press &#8211; Senegal. Les parlementaires Aminata Toure\u0301 et Guy Marius Sagna ont conjointement adresse\u0301 une lettre ouverte au Premier ministre Amadou Ba. Celle-ci constitue un rappel a\u0300 une invitation a\u0300 l\u2019Assemble\u0301e nationale pour de\u0301battre du dernier rapport de la Cour des Comptes relatif a\u0300 la gestion des fonds destine\u0301s a\u0300 la lutte contre la Covid-19. [&hellip;]<\/p>\n","protected":false},"author":82,"featured_media":37245,"comment_status":"open","ping_status":"closed","sticky":false,"template":"","format":"standard","meta":{"footnotes":""},"categories":[2,10],"tags":[43,47,44],"class_list":["post-37246","post","type-post","status-publish","format-standard","has-post-thumbnail","hentry","category-politique","category-toutes-les-actualites","tag-africa-press-2","tag-africa-press-senegal","tag-senegal-2"],"yoast_head":"<!-- This site is optimized with the Yoast SEO Premium plugin v26.1 (Yoast SEO v27.0) - https:\/\/yoast.com\/product\/yoast-seo-premium-wordpress\/ -->\n<title>Fonds covid-19 : Aminata Tour\u00e9 et Guy Marius Sagna rappellent leur saisine \u00e0 Amadou Ba - Senegal<\/title>\n<meta name=\"description\" content=\"Les parlementaires Aminata Toure\u0301 et Guy Marius Sagna ont conjointement adresse\u0301 une lettre ouverte au Premier minist ...\" \/>\n<meta name=\"robots\" content=\"index, follow, max-snippet:-1, max-image-preview:large, max-video-preview:-1\" \/>\n<link rel=\"canonical\" href=\"https:\/\/www.africa-press.net\/senegal\/politique\/fonds-covid-19-aminata-toure-et-guy-marius-sagna-rappellent-leur-saisine-a-amadou-ba\" \/>\n<meta property=\"og:locale\" content=\"fr_FR\" \/>\n<meta property=\"og:type\" content=\"article\" \/>\n<meta property=\"og:title\" content=\"Fonds covid-19 : Aminata Tour\u00e9 et Guy Marius Sagna rappellent leur saisine \u00e0 Amadou Ba\" \/>\n<meta property=\"og:description\" content=\"Les parlementaires Aminata Toure\u0301 et Guy Marius Sagna ont conjointement adresse\u0301 une lettre ouverte au Premier minist ...\" \/>\n<meta property=\"og:url\" content=\"https:\/\/www.africa-press.net\/senegal\/politique\/fonds-covid-19-aminata-toure-et-guy-marius-sagna-rappellent-leur-saisine-a-amadou-ba\" \/>\n<meta property=\"og:site_name\" content=\"Senegal\" \/>\n<meta property=\"article:published_time\" content=\"2022-12-27T18:38:52+00:00\" \/>\n<meta property=\"article:modified_time\" content=\"2022-12-27T19:29:13+00:00\" \/>\n<meta property=\"og:image\" content=\"https:\/\/static.africa-press.net\/senegal\/sites\/13\/2022\/12\/postQueueImg_1672153834.24.jpg\" \/>\n\t<meta property=\"og:image:width\" content=\"1170\" \/>\n\t<meta property=\"og:image:height\" content=\"661\" \/>\n\t<meta property=\"og:image:type\" content=\"image\/jpeg\" \/>\n<meta name=\"author\" content=\"cfeditorfr\" \/>\n<meta name=\"twitter:card\" content=\"summary_large_image\" \/>\n<meta name=\"twitter:label1\" content=\"\u00c9crit par\" \/>\n\t<meta name=\"twitter:data1\" content=\"cfeditorfr\" \/>\n\t<meta name=\"twitter:label2\" content=\"Dur\u00e9e de lecture estim\u00e9e\" \/>\n\t<meta name=\"twitter:data2\" content=\"1 minute\" \/>\n<script type=\"application\/ld+json\" class=\"yoast-schema-graph\">{\"@context\":\"https:\/\/schema.org\",\"@graph\":[{\"@type\":\"Article\",\"@id\":\"https:\/\/www.africa-press.net\/senegal\/politique\/fonds-covid-19-aminata-toure-et-guy-marius-sagna-rappellent-leur-saisine-a-amadou-ba#article\",\"isPartOf\":{\"@id\":\"https:\/\/www.africa-press.net\/senegal\/politique\/fonds-covid-19-aminata-toure-et-guy-marius-sagna-rappellent-leur-saisine-a-amadou-ba\"},\"author\":{\"name\":\"cfeditorfr\",\"@id\":\"https:\/\/www.africa-press.net\/senegal\/#\/schema\/person\/2b1cf3cd81a31e3cd26889ca66d677f1\"},\"headline\":\"Fonds covid-19 : Aminata Tour\u00e9 et Guy Marius Sagna rappellent leur saisine \u00e0 Amadou Ba\",\"datePublished\":\"2022-12-27T18:38:52+00:00\",\"dateModified\":\"2022-12-27T19:29:13+00:00\",\"mainEntityOfPage\":{\"@id\":\"https:\/\/www.africa-press.net\/senegal\/politique\/fonds-covid-19-aminata-toure-et-guy-marius-sagna-rappellent-leur-saisine-a-amadou-ba\"},\"wordCount\":193,\"commentCount\":0,\"image\":{\"@id\":\"https:\/\/www.africa-press.net\/senegal\/politique\/fonds-covid-19-aminata-toure-et-guy-marius-sagna-rappellent-leur-saisine-a-amadou-ba#primaryimage\"},\"thumbnailUrl\":\"https:\/\/static.africa-press.net\/senegal\/sites\/13\/2022\/12\/postQueueImg_1672153834.24.jpg\",\"keywords\":[\"Africa Press\",\"Africa Press-Senegal\",\"Senegal\"],\"articleSection\":[\"Politique\",\"Toutes les actualit\u00e9s\"],\"inLanguage\":\"fr-FR\",\"potentialAction\":[{\"@type\":\"CommentAction\",\"name\":\"Comment\",\"target\":[\"https:\/\/www.africa-press.net\/senegal\/politique\/fonds-covid-19-aminata-toure-et-guy-marius-sagna-rappellent-leur-saisine-a-amadou-ba#respond\"]}]},{\"@type\":\"WebPage\",\"@id\":\"https:\/\/www.africa-press.net\/senegal\/politique\/fonds-covid-19-aminata-toure-et-guy-marius-sagna-rappellent-leur-saisine-a-amadou-ba\",\"url\":\"https:\/\/www.africa-press.net\/senegal\/politique\/fonds-covid-19-aminata-toure-et-guy-marius-sagna-rappellent-leur-saisine-a-amadou-ba\",\"name\":\"Fonds covid-19 : Aminata Tour\u00e9 et Guy Marius Sagna rappellent leur saisine \u00e0 Amadou Ba - Senegal\",\"isPartOf\":{\"@id\":\"https:\/\/www.africa-press.net\/senegal\/#website\"},\"primaryImageOfPage\":{\"@id\":\"https:\/\/www.africa-press.net\/senegal\/politique\/fonds-covid-19-aminata-toure-et-guy-marius-sagna-rappellent-leur-saisine-a-amadou-ba#primaryimage\"},\"image\":{\"@id\":\"https:\/\/www.africa-press.net\/senegal\/politique\/fonds-covid-19-aminata-toure-et-guy-marius-sagna-rappellent-leur-saisine-a-amadou-ba#primaryimage\"},\"thumbnailUrl\":\"https:\/\/static.africa-press.net\/senegal\/sites\/13\/2022\/12\/postQueueImg_1672153834.24.jpg\",\"datePublished\":\"2022-12-27T18:38:52+00:00\",\"dateModified\":\"2022-12-27T19:29:13+00:00\",\"author\":{\"@id\":\"https:\/\/www.africa-press.net\/senegal\/#\/schema\/person\/2b1cf3cd81a31e3cd26889ca66d677f1\"},\"description\":\"Les parlementaires Aminata Toure\u0301 et Guy Marius Sagna ont conjointement adresse\u0301 une lettre ouverte au Premier minist ...\",\"breadcrumb\":{\"@id\":\"https:\/\/www.africa-press.net\/senegal\/politique\/fonds-covid-19-aminata-toure-et-guy-marius-sagna-rappellent-leur-saisine-a-amadou-ba#breadcrumb\"},\"inLanguage\":\"fr-FR\",\"potentialAction\":[{\"@type\":\"ReadAction\",\"target\":[\"https:\/\/www.africa-press.net\/senegal\/politique\/fonds-covid-19-aminata-toure-et-guy-marius-sagna-rappellent-leur-saisine-a-amadou-ba\"]}]},{\"@type\":\"ImageObject\",\"inLanguage\":\"fr-FR\",\"@id\":\"https:\/\/www.africa-press.net\/senegal\/politique\/fonds-covid-19-aminata-toure-et-guy-marius-sagna-rappellent-leur-saisine-a-amadou-ba#primaryimage\",\"url\":\"https:\/\/static.africa-press.net\/senegal\/sites\/13\/2022\/12\/postQueueImg_1672153834.24.jpg\",\"contentUrl\":\"https:\/\/static.africa-press.net\/senegal\/sites\/13\/2022\/12\/postQueueImg_1672153834.24.jpg\",\"width\":1170,\"height\":661,\"caption\":\"Fonds covid-19 : Aminata Tour\u00e9 et Guy Marius Sagna rappellent leur saisine \u00e0 Amadou Ba\"},{\"@type\":\"BreadcrumbList\",\"@id\":\"https:\/\/www.africa-press.net\/senegal\/politique\/fonds-covid-19-aminata-toure-et-guy-marius-sagna-rappellent-leur-saisine-a-amadou-ba#breadcrumb\",\"itemListElement\":[{\"@type\":\"ListItem\",\"position\":1,\"name\":\"Accueil\",\"item\":\"https:\/\/www.africa-press.net\/senegal\/\"},{\"@type\":\"ListItem\",\"position\":2,\"name\":\"Fonds covid-19 : Aminata Tour\u00e9 et Guy Marius Sagna rappellent leur saisine \u00e0 Amadou Ba\"}]},{\"@type\":\"WebSite\",\"@id\":\"https:\/\/www.africa-press.net\/senegal\/#website\",\"url\":\"https:\/\/www.africa-press.net\/senegal\/\",\"name\":\"Africa Press | Senegal | Homepage\",\"description\":\"Just another Africa News Agency Sites site\",\"potentialAction\":[{\"@type\":\"SearchAction\",\"target\":{\"@type\":\"EntryPoint\",\"urlTemplate\":\"https:\/\/www.africa-press.net\/senegal\/?s={search_term_string}\"},\"query-input\":{\"@type\":\"PropertyValueSpecification\",\"valueRequired\":true,\"valueName\":\"search_term_string\"}}],\"inLanguage\":\"fr-FR\"},{\"@type\":\"Person\",\"@id\":\"https:\/\/www.africa-press.net\/senegal\/#\/schema\/person\/2b1cf3cd81a31e3cd26889ca66d677f1\",\"name\":\"cfeditorfr\",\"url\":\"https:\/\/www.africa-press.net\/senegal\/author\/cfeditorfr\"}]}<\/script>\n<!-- \/ Yoast SEO Premium plugin. -->","yoast_head_json":{"title":"Fonds covid-19 : Aminata Tour\u00e9 et Guy Marius Sagna rappellent leur saisine \u00e0 Amadou Ba - Senegal","description":"Les parlementaires Aminata Toure\u0301 et Guy Marius Sagna ont conjointement adresse\u0301 une lettre ouverte au Premier minist ...","robots":{"index":"index","follow":"follow","max-snippet":"max-snippet:-1","max-image-preview":"max-image-preview:large","max-video-preview":"max-video-preview:-1"},"canonical":"https:\/\/www.africa-press.net\/senegal\/politique\/fonds-covid-19-aminata-toure-et-guy-marius-sagna-rappellent-leur-saisine-a-amadou-ba","og_locale":"fr_FR","og_type":"article","og_title":"Fonds covid-19 : Aminata Tour\u00e9 et Guy Marius Sagna rappellent leur saisine \u00e0 Amadou Ba","og_description":"Les parlementaires Aminata Toure\u0301 et Guy Marius Sagna ont conjointement adresse\u0301 une lettre ouverte au Premier minist ...","og_url":"https:\/\/www.africa-press.net\/senegal\/politique\/fonds-covid-19-aminata-toure-et-guy-marius-sagna-rappellent-leur-saisine-a-amadou-ba","og_site_name":"Senegal","article_published_time":"2022-12-27T18:38:52+00:00","article_modified_time":"2022-12-27T19:29:13+00:00","og_image":[{"width":1170,"height":661,"url":"https:\/\/static.africa-press.net\/senegal\/sites\/13\/2022\/12\/postQueueImg_1672153834.24.jpg","type":"image\/jpeg"}],"author":"cfeditorfr","twitter_card":"summary_large_image","twitter_misc":{"\u00c9crit par":"cfeditorfr","Dur\u00e9e de lecture estim\u00e9e":"1 minute"},"schema":{"@context":"https:\/\/schema.org","@graph":[{"@type":"Article","@id":"https:\/\/www.africa-press.net\/senegal\/politique\/fonds-covid-19-aminata-toure-et-guy-marius-sagna-rappellent-leur-saisine-a-amadou-ba#article","isPartOf":{"@id":"https:\/\/www.africa-press.net\/senegal\/politique\/fonds-covid-19-aminata-toure-et-guy-marius-sagna-rappellent-leur-saisine-a-amadou-ba"},"author":{"name":"cfeditorfr","@id":"https:\/\/www.africa-press.net\/senegal\/#\/schema\/person\/2b1cf3cd81a31e3cd26889ca66d677f1"},"headline":"Fonds covid-19 : Aminata Tour\u00e9 et Guy Marius Sagna rappellent leur saisine \u00e0 Amadou Ba","datePublished":"2022-12-27T18:38:52+00:00","dateModified":"2022-12-27T19:29:13+00:00","mainEntityOfPage":{"@id":"https:\/\/www.africa-press.net\/senegal\/politique\/fonds-covid-19-aminata-toure-et-guy-marius-sagna-rappellent-leur-saisine-a-amadou-ba"},"wordCount":193,"commentCount":0,"image":{"@id":"https:\/\/www.africa-press.net\/senegal\/politique\/fonds-covid-19-aminata-toure-et-guy-marius-sagna-rappellent-leur-saisine-a-amadou-ba#primaryimage"},"thumbnailUrl":"https:\/\/static.africa-press.net\/senegal\/sites\/13\/2022\/12\/postQueueImg_1672153834.24.jpg","keywords":["Africa Press","Africa Press-Senegal","Senegal"],"articleSection":["Politique","Toutes les actualit\u00e9s"],"inLanguage":"fr-FR","potentialAction":[{"@type":"CommentAction","name":"Comment","target":["https:\/\/www.africa-press.net\/senegal\/politique\/fonds-covid-19-aminata-toure-et-guy-marius-sagna-rappellent-leur-saisine-a-amadou-ba#respond"]}]},{"@type":"WebPage","@id":"https:\/\/www.africa-press.net\/senegal\/politique\/fonds-covid-19-aminata-toure-et-guy-marius-sagna-rappellent-leur-saisine-a-amadou-ba","url":"https:\/\/www.africa-press.net\/senegal\/politique\/fonds-covid-19-aminata-toure-et-guy-marius-sagna-rappellent-leur-saisine-a-amadou-ba","name":"Fonds covid-19 : Aminata Tour\u00e9 et Guy Marius Sagna rappellent leur saisine \u00e0 Amadou Ba - Senegal","isPartOf":{"@id":"https:\/\/www.africa-press.net\/senegal\/#website"},"primaryImageOfPage":{"@id":"https:\/\/www.africa-press.net\/senegal\/politique\/fonds-covid-19-aminata-toure-et-guy-marius-sagna-rappellent-leur-saisine-a-amadou-ba#primaryimage"},"image":{"@id":"https:\/\/www.africa-press.net\/senegal\/politique\/fonds-covid-19-aminata-toure-et-guy-marius-sagna-rappellent-leur-saisine-a-amadou-ba#primaryimage"},"thumbnailUrl":"https:\/\/static.africa-press.net\/senegal\/sites\/13\/2022\/12\/postQueueImg_1672153834.24.jpg","datePublished":"2022-12-27T18:38:52+00:00","dateModified":"2022-12-27T19:29:13+00:00","author":{"@id":"https:\/\/www.africa-press.net\/senegal\/#\/schema\/person\/2b1cf3cd81a31e3cd26889ca66d677f1"},"description":"Les parlementaires Aminata Toure\u0301 et Guy Marius Sagna ont conjointement adresse\u0301 une lettre ouverte au Premier minist ...","breadcrumb":{"@id":"https:\/\/www.africa-press.net\/senegal\/politique\/fonds-covid-19-aminata-toure-et-guy-marius-sagna-rappellent-leur-saisine-a-amadou-ba#breadcrumb"},"inLanguage":"fr-FR","potentialAction":[{"@type":"ReadAction","target":["https:\/\/www.africa-press.net\/senegal\/politique\/fonds-covid-19-aminata-toure-et-guy-marius-sagna-rappellent-leur-saisine-a-amadou-ba"]}]},{"@type":"ImageObject","inLanguage":"fr-FR","@id":"https:\/\/www.africa-press.net\/senegal\/politique\/fonds-covid-19-aminata-toure-et-guy-marius-sagna-rappellent-leur-saisine-a-amadou-ba#primaryimage","url":"https:\/\/static.africa-press.net\/senegal\/sites\/13\/2022\/12\/postQueueImg_1672153834.24.jpg","contentUrl":"https:\/\/static.africa-press.net\/senegal\/sites\/13\/2022\/12\/postQueueImg_1672153834.24.jpg","width":1170,"height":661,"caption":"Fonds covid-19 : Aminata Tour\u00e9 et Guy Marius Sagna rappellent leur saisine \u00e0 Amadou Ba"},{"@type":"BreadcrumbList","@id":"https:\/\/www.africa-press.net\/senegal\/politique\/fonds-covid-19-aminata-toure-et-guy-marius-sagna-rappellent-leur-saisine-a-amadou-ba#breadcrumb","itemListElement":[{"@type":"ListItem","position":1,"name":"Accueil","item":"https:\/\/www.africa-press.net\/senegal\/"},{"@type":"ListItem","position":2,"name":"Fonds covid-19 : Aminata Tour\u00e9 et Guy Marius Sagna rappellent leur saisine \u00e0 Amadou Ba"}]},{"@type":"WebSite","@id":"https:\/\/www.africa-press.net\/senegal\/#website","url":"https:\/\/www.africa-press.net\/senegal\/","name":"Africa Press | Senegal | Homepage","description":"Just another Africa News Agency Sites site","potentialAction":[{"@type":"SearchAction","target":{"@type":"EntryPoint","urlTemplate":"https:\/\/www.africa-press.net\/senegal\/?s={search_term_string}"},"query-input":{"@type":"PropertyValueSpecification","valueRequired":true,"valueName":"search_term_string"}}],"inLanguage":"fr-FR"},{"@type":"Person","@id":"https:\/\/www.africa-press.net\/senegal\/#\/schema\/person\/2b1cf3cd81a31e3cd26889ca66d677f1","name":"cfeditorfr","url":"https:\/\/www.africa-press.net\/senegal\/author\/cfeditorfr"}]}},"_links":{"self":[{"href":"https:\/\/www.africa-press.net\/senegal\/wp-json\/wp\/v2\/posts\/37246","targetHints":{"allow":["GET"]}}],"collection":[{"href":"https:\/\/www.africa-press.net\/senegal\/wp-json\/wp\/v2\/posts"}],"about":[{"href":"https:\/\/www.africa-press.net\/senegal\/wp-json\/wp\/v2\/types\/post"}],"author":[{"embeddable":true,"href":"https:\/\/www.africa-press.net\/senegal\/wp-json\/wp\/v2\/users\/82"}],"replies":[{"embeddable":true,"href":"https:\/\/www.africa-press.net\/senegal\/wp-json\/wp\/v2\/comments?post=37246"}],"version-history":[{"count":0,"href":"https:\/\/www.africa-press.net\/senegal\/wp-json\/wp\/v2\/posts\/37246\/revisions"}],"wp:featuredmedia":[{"embeddable":true,"href":"https:\/\/www.africa-press.net\/senegal\/wp-json\/wp\/v2\/media\/37245"}],"wp:attachment":[{"href":"https:\/\/www.africa-press.net\/senegal\/wp-json\/wp\/v2\/media?parent=37246"}],"wp:term":[{"taxonomy":"category","embeddable":true,"href":"https:\/\/www.africa-press.net\/senegal\/wp-json\/wp\/v2\/categories?post=37246"},{"taxonomy":"post_tag","embeddable":true,"href":"https:\/\/www.africa-press.net\/senegal\/wp-json\/wp\/v2\/tags?post=37246"}],"curies":[{"name":"wp","href":"https:\/\/api.w.org\/{rel}","templated":true}]}}