{"id":37252,"date":"2022-12-27T18:43:14","date_gmt":"2022-12-27T18:43:14","guid":{"rendered":"https:\/\/www.africa-press.net\/senegal\/politique\/equipe-nationale-rapports-heurtes-entre-aliou-cisse-et-mayacine-mar"},"modified":"2022-12-27T19:30:24","modified_gmt":"2022-12-27T19:30:24","slug":"equipe-nationale-rapports-heurtes-entre-aliou-cisse-et-mayacine-mar","status":"publish","type":"post","link":"https:\/\/www.africa-press.net\/senegal\/sports\/equipe-nationale-rapports-heurtes-entre-aliou-cisse-et-mayacine-mar","title":{"rendered":"Equipe nationale : Rapports heurt\u00e9s entre Aliou Ciss\u00e9 et Mayacine Mar"},"content":{"rendered":"<p><span style=\"color: #ff6600\"><strong>Africa-Press &#8211; Senegal. <\/strong><\/span><b>Le Directeur technique national (DTN), Mayacine Mar, et le Se\u0301lectionneur national des Lions, Aliou Cisse\u0301, ne s\u2019entendent plus, ils ne s\u2019accordent plus leur violon. Et le Mondial qatari a e\u0301te\u0301 la goutte de trop&#8230;Avec la marginalisation des superviseurs par El Tactico. <\/b><\/p>\n<p>La distance est grande entre Aliou Cisse\u0301 et Mayacine Mar. Les deux hommes qui ont une envergure nationale sur le sport se\u0301ne\u0301galais se sont habitue\u0301s a\u0300 une collaboration silencieuse et a\u0300 distance.<\/p>\n<p>Et la marginalisation par Aliou Cisse\u0301 des superviseurs de Mayacine Mar a envenime\u0301 des relations de\u0301ja\u0300 froides depuis des lustres. C\u2019est du moins ce qu\u2019insinuent Adama Kande\u0301, journaliste sportif a\u0300 la 2STV, et Bacary Cisse\u0301, Re\u0301dacteur en chef du quotidien sportif, \u00ab Record \u00bb, interroge\u0301s mardi par iradio.<\/p>\n<p>Mettant le doigt la\u0300 ou\u0300 c\u0327a fait tre\u0300s mal pour le football se\u0301ne\u0301galais, Cisse\u0301 , e\u0301voque le \u00ab silence coupable du DTN impuissant face a\u0300 cette situation \u00bb. Mais impute aussi la responsabilite\u0301 a\u0300 la Fe\u0301de\u0301ration qui, doit e\u0302tre regardant sur les pre\u0301rogatives du DTN, loin des primes, mais tout pre\u0300s d\u2019une \u00ab mise en place d\u2019une politique sportive permettant a\u0300 notre football de sortir de l\u2019ornie\u0300re, car l\u2019Equipe nationale est aujourd\u2019hui l\u2019arbre qui cache la foret \u00bb.<\/p>\n<p>Et Kande\u0301 d\u2019ossaturer les arguments de son confre\u0300re, ajoutant qu\u2019il est en face d\u2019un ve\u0301ritable proble\u0300me. \u00ab Cette situation pourrait avoir un impact ne\u0301gatif sur le management du football se\u0301ne\u0301galais, parce que le DTN doit assurer la supervision technique de toutes les compe\u0301titions nationales \u00bb, at-il rappeler.<\/p>\n<p>En tout cas, cette froideur entre Aliou Cisse\u0301 et Mayacine Mar, affecte le football se\u0301ne\u0301galais&#8230;.<\/p>\n<p><strong>Pour plus d&rsquo;informations et d&rsquo;analyses sur la <a href=\"https:\/\/www.africa-press.net\/senegal\">Senegal<\/a>, suivez <a href=\"https:\/\/www.africa-press.net\/\">Africa-Press<\/a><\/strong><\/p>\n","protected":false},"excerpt":{"rendered":"<p>Africa-Press &#8211; Senegal. Le Directeur technique national (DTN), Mayacine Mar, et le Se\u0301lectionneur national des Lions, Aliou Cisse\u0301, ne s\u2019entendent plus, ils ne s\u2019accordent plus leur violon. Et le Mondial qatari a e\u0301te\u0301 la goutte de trop&#8230;Avec la marginalisation des superviseurs par El Tactico. La distance est grande entre Aliou Cisse\u0301 et Mayacine Mar. Les [&hellip;]<\/p>\n","protected":false},"author":82,"featured_media":37251,"comment_status":"open","ping_status":"closed","sticky":false,"template":"","format":"standard","meta":{"footnotes":""},"categories":[6,10],"tags":[43,47,44],"class_list":["post-37252","post","type-post","status-publish","format-standard","has-post-thumbnail","hentry","category-sports","category-toutes-les-actualites","tag-africa-press-2","tag-africa-press-senegal","tag-senegal-2"],"yoast_head":"<!-- This site is optimized with the Yoast SEO Premium plugin v26.1 (Yoast SEO v27.0) - https:\/\/yoast.com\/product\/yoast-seo-premium-wordpress\/ -->\n<title>Equipe nationale : Rapports heurt\u00e9s entre Aliou Ciss\u00e9 et Mayacine Mar - Senegal<\/title>\n<meta name=\"description\" content=\"Le Directeur technique national (DTN), Mayacine Mar, et le Se\u0301lectionneur national des Lions, Aliou Cisse\u0301, ne s\u2019ente ...\" \/>\n<meta name=\"robots\" content=\"index, follow, max-snippet:-1, max-image-preview:large, max-video-preview:-1\" \/>\n<link rel=\"canonical\" href=\"https:\/\/www.africa-press.net\/senegal\/sports\/equipe-nationale-rapports-heurtes-entre-aliou-cisse-et-mayacine-mar\" \/>\n<meta property=\"og:locale\" content=\"fr_FR\" \/>\n<meta property=\"og:type\" content=\"article\" \/>\n<meta property=\"og:title\" content=\"Equipe nationale : Rapports heurt\u00e9s entre Aliou Ciss\u00e9 et Mayacine Mar\" \/>\n<meta property=\"og:description\" content=\"Le Directeur technique national (DTN), Mayacine Mar, et le Se\u0301lectionneur national des Lions, Aliou Cisse\u0301, ne s\u2019ente ...\" \/>\n<meta property=\"og:url\" content=\"https:\/\/www.africa-press.net\/senegal\/sports\/equipe-nationale-rapports-heurtes-entre-aliou-cisse-et-mayacine-mar\" \/>\n<meta property=\"og:site_name\" content=\"Senegal\" \/>\n<meta property=\"article:published_time\" content=\"2022-12-27T18:43:14+00:00\" \/>\n<meta property=\"article:modified_time\" content=\"2022-12-27T19:30:24+00:00\" \/>\n<meta property=\"og:image\" content=\"https:\/\/static.africa-press.net\/senegal\/sites\/13\/2022\/12\/postQueueImg_1672154005.12.jpg\" \/>\n\t<meta property=\"og:image:width\" content=\"841\" \/>\n\t<meta property=\"og:image:height\" content=\"475\" \/>\n\t<meta property=\"og:image:type\" content=\"image\/jpeg\" \/>\n<meta name=\"author\" content=\"cfeditorfr\" \/>\n<meta name=\"twitter:card\" content=\"summary_large_image\" \/>\n<meta name=\"twitter:label1\" content=\"\u00c9crit par\" \/>\n\t<meta name=\"twitter:data1\" content=\"cfeditorfr\" \/>\n\t<meta name=\"twitter:label2\" content=\"Dur\u00e9e de lecture estim\u00e9e\" \/>\n\t<meta name=\"twitter:data2\" content=\"2 minutes\" \/>\n<script type=\"application\/ld+json\" class=\"yoast-schema-graph\">{\"@context\":\"https:\/\/schema.org\",\"@graph\":[{\"@type\":\"Article\",\"@id\":\"https:\/\/www.africa-press.net\/senegal\/sports\/equipe-nationale-rapports-heurtes-entre-aliou-cisse-et-mayacine-mar#article\",\"isPartOf\":{\"@id\":\"https:\/\/www.africa-press.net\/senegal\/sports\/equipe-nationale-rapports-heurtes-entre-aliou-cisse-et-mayacine-mar\"},\"author\":{\"name\":\"cfeditorfr\",\"@id\":\"https:\/\/www.africa-press.net\/senegal\/#\/schema\/person\/2b1cf3cd81a31e3cd26889ca66d677f1\"},\"headline\":\"Equipe nationale : Rapports heurt\u00e9s entre Aliou Ciss\u00e9 et Mayacine Mar\",\"datePublished\":\"2022-12-27T18:43:14+00:00\",\"dateModified\":\"2022-12-27T19:30:24+00:00\",\"mainEntityOfPage\":{\"@id\":\"https:\/\/www.africa-press.net\/senegal\/sports\/equipe-nationale-rapports-heurtes-entre-aliou-cisse-et-mayacine-mar\"},\"wordCount\":320,\"commentCount\":0,\"image\":{\"@id\":\"https:\/\/www.africa-press.net\/senegal\/sports\/equipe-nationale-rapports-heurtes-entre-aliou-cisse-et-mayacine-mar#primaryimage\"},\"thumbnailUrl\":\"https:\/\/static.africa-press.net\/senegal\/sites\/13\/2022\/12\/postQueueImg_1672154005.12.jpg\",\"keywords\":[\"Africa Press\",\"Africa Press-Senegal\",\"Senegal\"],\"articleSection\":[\"Sports\",\"Toutes les actualit\u00e9s\"],\"inLanguage\":\"fr-FR\",\"potentialAction\":[{\"@type\":\"CommentAction\",\"name\":\"Comment\",\"target\":[\"https:\/\/www.africa-press.net\/senegal\/sports\/equipe-nationale-rapports-heurtes-entre-aliou-cisse-et-mayacine-mar#respond\"]}]},{\"@type\":\"WebPage\",\"@id\":\"https:\/\/www.africa-press.net\/senegal\/sports\/equipe-nationale-rapports-heurtes-entre-aliou-cisse-et-mayacine-mar\",\"url\":\"https:\/\/www.africa-press.net\/senegal\/sports\/equipe-nationale-rapports-heurtes-entre-aliou-cisse-et-mayacine-mar\",\"name\":\"Equipe nationale : Rapports heurt\u00e9s entre Aliou Ciss\u00e9 et Mayacine Mar - Senegal\",\"isPartOf\":{\"@id\":\"https:\/\/www.africa-press.net\/senegal\/#website\"},\"primaryImageOfPage\":{\"@id\":\"https:\/\/www.africa-press.net\/senegal\/sports\/equipe-nationale-rapports-heurtes-entre-aliou-cisse-et-mayacine-mar#primaryimage\"},\"image\":{\"@id\":\"https:\/\/www.africa-press.net\/senegal\/sports\/equipe-nationale-rapports-heurtes-entre-aliou-cisse-et-mayacine-mar#primaryimage\"},\"thumbnailUrl\":\"https:\/\/static.africa-press.net\/senegal\/sites\/13\/2022\/12\/postQueueImg_1672154005.12.jpg\",\"datePublished\":\"2022-12-27T18:43:14+00:00\",\"dateModified\":\"2022-12-27T19:30:24+00:00\",\"author\":{\"@id\":\"https:\/\/www.africa-press.net\/senegal\/#\/schema\/person\/2b1cf3cd81a31e3cd26889ca66d677f1\"},\"description\":\"Le Directeur technique national (DTN), Mayacine Mar, et le Se\u0301lectionneur national des Lions, Aliou Cisse\u0301, ne s\u2019ente ...\",\"breadcrumb\":{\"@id\":\"https:\/\/www.africa-press.net\/senegal\/sports\/equipe-nationale-rapports-heurtes-entre-aliou-cisse-et-mayacine-mar#breadcrumb\"},\"inLanguage\":\"fr-FR\",\"potentialAction\":[{\"@type\":\"ReadAction\",\"target\":[\"https:\/\/www.africa-press.net\/senegal\/sports\/equipe-nationale-rapports-heurtes-entre-aliou-cisse-et-mayacine-mar\"]}]},{\"@type\":\"ImageObject\",\"inLanguage\":\"fr-FR\",\"@id\":\"https:\/\/www.africa-press.net\/senegal\/sports\/equipe-nationale-rapports-heurtes-entre-aliou-cisse-et-mayacine-mar#primaryimage\",\"url\":\"https:\/\/static.africa-press.net\/senegal\/sites\/13\/2022\/12\/postQueueImg_1672154005.12.jpg\",\"contentUrl\":\"https:\/\/static.africa-press.net\/senegal\/sites\/13\/2022\/12\/postQueueImg_1672154005.12.jpg\",\"width\":841,\"height\":475,\"caption\":\"Equipe nationale : Rapports heurt\u00e9s entre Aliou Ciss\u00e9 et Mayacine Mar\"},{\"@type\":\"BreadcrumbList\",\"@id\":\"https:\/\/www.africa-press.net\/senegal\/sports\/equipe-nationale-rapports-heurtes-entre-aliou-cisse-et-mayacine-mar#breadcrumb\",\"itemListElement\":[{\"@type\":\"ListItem\",\"position\":1,\"name\":\"Accueil\",\"item\":\"https:\/\/www.africa-press.net\/senegal\/\"},{\"@type\":\"ListItem\",\"position\":2,\"name\":\"Equipe nationale : Rapports heurt\u00e9s entre Aliou Ciss\u00e9 et Mayacine Mar\"}]},{\"@type\":\"WebSite\",\"@id\":\"https:\/\/www.africa-press.net\/senegal\/#website\",\"url\":\"https:\/\/www.africa-press.net\/senegal\/\",\"name\":\"Africa Press | Senegal | Homepage\",\"description\":\"Just another Africa News Agency Sites site\",\"potentialAction\":[{\"@type\":\"SearchAction\",\"target\":{\"@type\":\"EntryPoint\",\"urlTemplate\":\"https:\/\/www.africa-press.net\/senegal\/?s={search_term_string}\"},\"query-input\":{\"@type\":\"PropertyValueSpecification\",\"valueRequired\":true,\"valueName\":\"search_term_string\"}}],\"inLanguage\":\"fr-FR\"},{\"@type\":\"Person\",\"@id\":\"https:\/\/www.africa-press.net\/senegal\/#\/schema\/person\/2b1cf3cd81a31e3cd26889ca66d677f1\",\"name\":\"cfeditorfr\",\"url\":\"https:\/\/www.africa-press.net\/senegal\/author\/cfeditorfr\"}]}<\/script>\n<!-- \/ Yoast SEO Premium plugin. -->","yoast_head_json":{"title":"Equipe nationale : Rapports heurt\u00e9s entre Aliou Ciss\u00e9 et Mayacine Mar - Senegal","description":"Le Directeur technique national (DTN), Mayacine Mar, et le Se\u0301lectionneur national des Lions, Aliou Cisse\u0301, ne s\u2019ente ...","robots":{"index":"index","follow":"follow","max-snippet":"max-snippet:-1","max-image-preview":"max-image-preview:large","max-video-preview":"max-video-preview:-1"},"canonical":"https:\/\/www.africa-press.net\/senegal\/sports\/equipe-nationale-rapports-heurtes-entre-aliou-cisse-et-mayacine-mar","og_locale":"fr_FR","og_type":"article","og_title":"Equipe nationale : Rapports heurt\u00e9s entre Aliou Ciss\u00e9 et Mayacine Mar","og_description":"Le Directeur technique national (DTN), Mayacine Mar, et le Se\u0301lectionneur national des Lions, Aliou Cisse\u0301, ne s\u2019ente ...","og_url":"https:\/\/www.africa-press.net\/senegal\/sports\/equipe-nationale-rapports-heurtes-entre-aliou-cisse-et-mayacine-mar","og_site_name":"Senegal","article_published_time":"2022-12-27T18:43:14+00:00","article_modified_time":"2022-12-27T19:30:24+00:00","og_image":[{"width":841,"height":475,"url":"https:\/\/static.africa-press.net\/senegal\/sites\/13\/2022\/12\/postQueueImg_1672154005.12.jpg","type":"image\/jpeg"}],"author":"cfeditorfr","twitter_card":"summary_large_image","twitter_misc":{"\u00c9crit par":"cfeditorfr","Dur\u00e9e de lecture estim\u00e9e":"2 minutes"},"schema":{"@context":"https:\/\/schema.org","@graph":[{"@type":"Article","@id":"https:\/\/www.africa-press.net\/senegal\/sports\/equipe-nationale-rapports-heurtes-entre-aliou-cisse-et-mayacine-mar#article","isPartOf":{"@id":"https:\/\/www.africa-press.net\/senegal\/sports\/equipe-nationale-rapports-heurtes-entre-aliou-cisse-et-mayacine-mar"},"author":{"name":"cfeditorfr","@id":"https:\/\/www.africa-press.net\/senegal\/#\/schema\/person\/2b1cf3cd81a31e3cd26889ca66d677f1"},"headline":"Equipe nationale : Rapports heurt\u00e9s entre Aliou Ciss\u00e9 et Mayacine Mar","datePublished":"2022-12-27T18:43:14+00:00","dateModified":"2022-12-27T19:30:24+00:00","mainEntityOfPage":{"@id":"https:\/\/www.africa-press.net\/senegal\/sports\/equipe-nationale-rapports-heurtes-entre-aliou-cisse-et-mayacine-mar"},"wordCount":320,"commentCount":0,"image":{"@id":"https:\/\/www.africa-press.net\/senegal\/sports\/equipe-nationale-rapports-heurtes-entre-aliou-cisse-et-mayacine-mar#primaryimage"},"thumbnailUrl":"https:\/\/static.africa-press.net\/senegal\/sites\/13\/2022\/12\/postQueueImg_1672154005.12.jpg","keywords":["Africa Press","Africa Press-Senegal","Senegal"],"articleSection":["Sports","Toutes les actualit\u00e9s"],"inLanguage":"fr-FR","potentialAction":[{"@type":"CommentAction","name":"Comment","target":["https:\/\/www.africa-press.net\/senegal\/sports\/equipe-nationale-rapports-heurtes-entre-aliou-cisse-et-mayacine-mar#respond"]}]},{"@type":"WebPage","@id":"https:\/\/www.africa-press.net\/senegal\/sports\/equipe-nationale-rapports-heurtes-entre-aliou-cisse-et-mayacine-mar","url":"https:\/\/www.africa-press.net\/senegal\/sports\/equipe-nationale-rapports-heurtes-entre-aliou-cisse-et-mayacine-mar","name":"Equipe nationale : Rapports heurt\u00e9s entre Aliou Ciss\u00e9 et Mayacine Mar - Senegal","isPartOf":{"@id":"https:\/\/www.africa-press.net\/senegal\/#website"},"primaryImageOfPage":{"@id":"https:\/\/www.africa-press.net\/senegal\/sports\/equipe-nationale-rapports-heurtes-entre-aliou-cisse-et-mayacine-mar#primaryimage"},"image":{"@id":"https:\/\/www.africa-press.net\/senegal\/sports\/equipe-nationale-rapports-heurtes-entre-aliou-cisse-et-mayacine-mar#primaryimage"},"thumbnailUrl":"https:\/\/static.africa-press.net\/senegal\/sites\/13\/2022\/12\/postQueueImg_1672154005.12.jpg","datePublished":"2022-12-27T18:43:14+00:00","dateModified":"2022-12-27T19:30:24+00:00","author":{"@id":"https:\/\/www.africa-press.net\/senegal\/#\/schema\/person\/2b1cf3cd81a31e3cd26889ca66d677f1"},"description":"Le Directeur technique national (DTN), Mayacine Mar, et le Se\u0301lectionneur national des Lions, Aliou Cisse\u0301, ne s\u2019ente ...","breadcrumb":{"@id":"https:\/\/www.africa-press.net\/senegal\/sports\/equipe-nationale-rapports-heurtes-entre-aliou-cisse-et-mayacine-mar#breadcrumb"},"inLanguage":"fr-FR","potentialAction":[{"@type":"ReadAction","target":["https:\/\/www.africa-press.net\/senegal\/sports\/equipe-nationale-rapports-heurtes-entre-aliou-cisse-et-mayacine-mar"]}]},{"@type":"ImageObject","inLanguage":"fr-FR","@id":"https:\/\/www.africa-press.net\/senegal\/sports\/equipe-nationale-rapports-heurtes-entre-aliou-cisse-et-mayacine-mar#primaryimage","url":"https:\/\/static.africa-press.net\/senegal\/sites\/13\/2022\/12\/postQueueImg_1672154005.12.jpg","contentUrl":"https:\/\/static.africa-press.net\/senegal\/sites\/13\/2022\/12\/postQueueImg_1672154005.12.jpg","width":841,"height":475,"caption":"Equipe nationale : Rapports heurt\u00e9s entre Aliou Ciss\u00e9 et Mayacine Mar"},{"@type":"BreadcrumbList","@id":"https:\/\/www.africa-press.net\/senegal\/sports\/equipe-nationale-rapports-heurtes-entre-aliou-cisse-et-mayacine-mar#breadcrumb","itemListElement":[{"@type":"ListItem","position":1,"name":"Accueil","item":"https:\/\/www.africa-press.net\/senegal\/"},{"@type":"ListItem","position":2,"name":"Equipe nationale : Rapports heurt\u00e9s entre Aliou Ciss\u00e9 et Mayacine Mar"}]},{"@type":"WebSite","@id":"https:\/\/www.africa-press.net\/senegal\/#website","url":"https:\/\/www.africa-press.net\/senegal\/","name":"Africa Press | Senegal | Homepage","description":"Just another Africa News Agency Sites site","potentialAction":[{"@type":"SearchAction","target":{"@type":"EntryPoint","urlTemplate":"https:\/\/www.africa-press.net\/senegal\/?s={search_term_string}"},"query-input":{"@type":"PropertyValueSpecification","valueRequired":true,"valueName":"search_term_string"}}],"inLanguage":"fr-FR"},{"@type":"Person","@id":"https:\/\/www.africa-press.net\/senegal\/#\/schema\/person\/2b1cf3cd81a31e3cd26889ca66d677f1","name":"cfeditorfr","url":"https:\/\/www.africa-press.net\/senegal\/author\/cfeditorfr"}]}},"_links":{"self":[{"href":"https:\/\/www.africa-press.net\/senegal\/wp-json\/wp\/v2\/posts\/37252","targetHints":{"allow":["GET"]}}],"collection":[{"href":"https:\/\/www.africa-press.net\/senegal\/wp-json\/wp\/v2\/posts"}],"about":[{"href":"https:\/\/www.africa-press.net\/senegal\/wp-json\/wp\/v2\/types\/post"}],"author":[{"embeddable":true,"href":"https:\/\/www.africa-press.net\/senegal\/wp-json\/wp\/v2\/users\/82"}],"replies":[{"embeddable":true,"href":"https:\/\/www.africa-press.net\/senegal\/wp-json\/wp\/v2\/comments?post=37252"}],"version-history":[{"count":0,"href":"https:\/\/www.africa-press.net\/senegal\/wp-json\/wp\/v2\/posts\/37252\/revisions"}],"wp:featuredmedia":[{"embeddable":true,"href":"https:\/\/www.africa-press.net\/senegal\/wp-json\/wp\/v2\/media\/37251"}],"wp:attachment":[{"href":"https:\/\/www.africa-press.net\/senegal\/wp-json\/wp\/v2\/media?parent=37252"}],"wp:term":[{"taxonomy":"category","embeddable":true,"href":"https:\/\/www.africa-press.net\/senegal\/wp-json\/wp\/v2\/categories?post=37252"},{"taxonomy":"post_tag","embeddable":true,"href":"https:\/\/www.africa-press.net\/senegal\/wp-json\/wp\/v2\/tags?post=37252"}],"curies":[{"name":"wp","href":"https:\/\/api.w.org\/{rel}","templated":true}]}}