{"id":37261,"date":"2022-12-27T18:53:22","date_gmt":"2022-12-27T18:53:22","guid":{"rendered":"https:\/\/www.africa-press.net\/senegal\/politique\/camp-militaire-de-goudiry-une-infrastructure-securitaire-strategique-selon-macky-sall"},"modified":"2022-12-27T19:32:15","modified_gmt":"2022-12-27T19:32:15","slug":"camp-militaire-de-goudiry-une-infrastructure-securitaire-strategique-selon-macky-sall","status":"publish","type":"post","link":"https:\/\/www.africa-press.net\/senegal\/politique\/camp-militaire-de-goudiry-une-infrastructure-securitaire-strategique-selon-macky-sall","title":{"rendered":"Camp militaire de Goudiry : Une infrastructure s\u00e9curitaire strat\u00e9gique, selon Macky Sall"},"content":{"rendered":"<p><span style=\"color: #ff6600\"><strong>Africa-Press &#8211; Senegal. <\/strong><\/span>Macky Sall est dans le Se\u0301ne\u0301gal oriental dans le cadre d\u2019une tourne\u0301e qu&rsquo; il met a\u0300 profit pour inaugurer quelques infrastructures. Ce matin, il a proce\u0301de\u0301 a\u0300 l\u2019inauguration du camp militaire de Goudiry.<\/p>\n<p>Un choix essentiel, selon Macky Sall, au vu de la position ge\u0301ographique que Goudiry : \u00ab\u00a0il nous incombe d\u2019anticiper et de veiller pour la pre\u0301servation d\u2019un environnement de paix et de se\u0301curite\u0301, gage de la quie\u0301tude ne\u0301cessaire au de\u0301veloppement e\u0301conomique et social de notre pays.<\/p>\n<p>Le choix de Goudiry n\u2019est pas fortuit. Plus vaste de\u0301partement du Se\u0301ne\u0301gal, cette localite\u0301 est a\u0300 la confluence du chemin de fer et de la route nationale n\u00b01 qui relient Tambacounda au poste frontalier de Kidira.<\/p>\n<p>Le rede\u0301ploiement de nos forces au plus pre\u0300s des frontie\u0300res permet de\u0300s lors d\u2019adopter une posture d\u2019anticipation et de veille face aux menaces multiformes induites par les groupes arme\u0301s terroristes et la criminalite\u0301 transfrontalie\u0300re organise\u0301e\u201d.<\/p>\n<p>L\u2019e\u0301rection de cette infrastructure dans cette localite\u0301 est la suite d\u2019une se\u0301rie d\u2019initiatives destine\u0301es a\u0300 renforcer la se\u0301curite\u0301 a\u0300 l\u2019Est du territoire national.<\/p>\n<p>Le renforcement du maillage se\u0301curitaire de cette Zone militaire, qui partage une frontie\u0300re avec quatre pays limitrophes, a de\u0301bute\u0301 avec la cre\u0301ation et la monte\u0301e en puissance effective du 34e Bataillon d\u2019infanterie a\u0300 Ke\u0301dougou et l\u2019e\u0301rection en cours ou envisage\u0301e de fortes bases ope\u0301rationnelles avance\u0301es.<\/p>\n<p>La Gendarmerie nationale n\u2019est pas en reste, avec le Groupement d\u2019action rapide de surveillance et d\u2019intervention (GARSI) e\u0301tabli non loin, dans la localite\u0301 de Naye\u0301.<\/p>\n<p>\u201cTout ce dispositif permettra de renforcer la se\u0301curite\u0301 sur l\u2019axe Tambacounda \u2013 Kidira.<\/p>\n<p>De plus, dans le cadre de la coope\u0301ration ope\u0301rationnelle, fide\u0300le a\u0300 notre politique de bon voisinage, l\u2019unite\u0301 de\u0301ploye\u0301e a\u0300 Goudiry pourra mieux ope\u0301rer avec les forces de de\u0301fense et de se\u0301curite\u0301 des pays limitrophes pour juguler les trafics transfrontaliers, a\u0300 travers l\u2019organisation d\u2019activite\u0301s conjointes ou combine\u0301es\u201d, a pre\u0301cise\u0301 Macky Sall.<\/p>\n<p><strong>Pour plus d&rsquo;informations et d&rsquo;analyses sur la <a href=\"https:\/\/www.africa-press.net\/senegal\">Senegal<\/a>, suivez <a href=\"https:\/\/www.africa-press.net\/\">Africa-Press<\/a><\/strong><\/p>\n","protected":false},"excerpt":{"rendered":"<p>Africa-Press &#8211; Senegal. Macky Sall est dans le Se\u0301ne\u0301gal oriental dans le cadre d\u2019une tourne\u0301e qu&rsquo; il met a\u0300 profit pour inaugurer quelques infrastructures. Ce matin, il a proce\u0301de\u0301 a\u0300 l\u2019inauguration du camp militaire de Goudiry. Un choix essentiel, selon Macky Sall, au vu de la position ge\u0301ographique que Goudiry : \u00ab\u00a0il nous incombe d\u2019anticiper [&hellip;]<\/p>\n","protected":false},"author":82,"featured_media":37260,"comment_status":"open","ping_status":"closed","sticky":false,"template":"","format":"standard","meta":{"footnotes":""},"categories":[2,20,10],"tags":[43,47,44],"class_list":["post-37261","post","type-post","status-publish","format-standard","has-post-thumbnail","hentry","category-politique","category-top-nouvelles","category-toutes-les-actualites","tag-africa-press-2","tag-africa-press-senegal","tag-senegal-2"],"yoast_head":"<!-- This site is optimized with the Yoast SEO Premium plugin v26.1 (Yoast SEO v27.0) - https:\/\/yoast.com\/product\/yoast-seo-premium-wordpress\/ -->\n<title>Camp militaire de Goudiry : Une infrastructure s\u00e9curitaire strat\u00e9gique, selon Macky Sall - Senegal<\/title>\n<meta name=\"description\" content=\"Macky Sall est dans le Se\u0301ne\u0301gal oriental dans le cadre d\u2019une tourne\u0301e qu&#039; il met a\u0300 profit pour inaugurer quelques infr ...\" \/>\n<meta name=\"robots\" content=\"index, follow, max-snippet:-1, max-image-preview:large, max-video-preview:-1\" \/>\n<link rel=\"canonical\" href=\"https:\/\/www.africa-press.net\/senegal\/politique\/camp-militaire-de-goudiry-une-infrastructure-securitaire-strategique-selon-macky-sall\" \/>\n<meta property=\"og:locale\" content=\"fr_FR\" \/>\n<meta property=\"og:type\" content=\"article\" \/>\n<meta property=\"og:title\" content=\"Camp militaire de Goudiry : Une infrastructure s\u00e9curitaire strat\u00e9gique, selon Macky Sall\" \/>\n<meta property=\"og:description\" content=\"Macky Sall est dans le Se\u0301ne\u0301gal oriental dans le cadre d\u2019une tourne\u0301e qu&#039; il met a\u0300 profit pour inaugurer quelques infr ...\" \/>\n<meta property=\"og:url\" content=\"https:\/\/www.africa-press.net\/senegal\/politique\/camp-militaire-de-goudiry-une-infrastructure-securitaire-strategique-selon-macky-sall\" \/>\n<meta property=\"og:site_name\" content=\"Senegal\" \/>\n<meta property=\"article:published_time\" content=\"2022-12-27T18:53:22+00:00\" \/>\n<meta property=\"article:modified_time\" content=\"2022-12-27T19:32:15+00:00\" \/>\n<meta property=\"og:image\" content=\"https:\/\/static.africa-press.net\/senegal\/sites\/13\/2022\/12\/postQueueImg_1672154618.63.jpg\" \/>\n\t<meta property=\"og:image:width\" content=\"720\" \/>\n\t<meta property=\"og:image:height\" content=\"350\" \/>\n\t<meta property=\"og:image:type\" content=\"image\/jpeg\" \/>\n<meta name=\"author\" content=\"cfeditorfr\" \/>\n<meta name=\"twitter:card\" content=\"summary_large_image\" \/>\n<meta name=\"twitter:label1\" content=\"\u00c9crit par\" \/>\n\t<meta name=\"twitter:data1\" content=\"cfeditorfr\" \/>\n\t<meta name=\"twitter:label2\" content=\"Dur\u00e9e de lecture estim\u00e9e\" \/>\n\t<meta name=\"twitter:data2\" content=\"2 minutes\" \/>\n<script type=\"application\/ld+json\" class=\"yoast-schema-graph\">{\"@context\":\"https:\/\/schema.org\",\"@graph\":[{\"@type\":\"Article\",\"@id\":\"https:\/\/www.africa-press.net\/senegal\/politique\/camp-militaire-de-goudiry-une-infrastructure-securitaire-strategique-selon-macky-sall#article\",\"isPartOf\":{\"@id\":\"https:\/\/www.africa-press.net\/senegal\/politique\/camp-militaire-de-goudiry-une-infrastructure-securitaire-strategique-selon-macky-sall\"},\"author\":{\"name\":\"cfeditorfr\",\"@id\":\"https:\/\/www.africa-press.net\/senegal\/#\/schema\/person\/2b1cf3cd81a31e3cd26889ca66d677f1\"},\"headline\":\"Camp militaire de Goudiry : Une infrastructure s\u00e9curitaire strat\u00e9gique, selon Macky Sall\",\"datePublished\":\"2022-12-27T18:53:22+00:00\",\"dateModified\":\"2022-12-27T19:32:15+00:00\",\"mainEntityOfPage\":{\"@id\":\"https:\/\/www.africa-press.net\/senegal\/politique\/camp-militaire-de-goudiry-une-infrastructure-securitaire-strategique-selon-macky-sall\"},\"wordCount\":399,\"commentCount\":0,\"image\":{\"@id\":\"https:\/\/www.africa-press.net\/senegal\/politique\/camp-militaire-de-goudiry-une-infrastructure-securitaire-strategique-selon-macky-sall#primaryimage\"},\"thumbnailUrl\":\"https:\/\/static.africa-press.net\/senegal\/sites\/13\/2022\/12\/postQueueImg_1672154618.63.jpg\",\"keywords\":[\"Africa Press\",\"Africa Press-Senegal\",\"Senegal\"],\"articleSection\":[\"Politique\",\"Top Nouvelles\",\"Toutes les actualit\u00e9s\"],\"inLanguage\":\"fr-FR\",\"potentialAction\":[{\"@type\":\"CommentAction\",\"name\":\"Comment\",\"target\":[\"https:\/\/www.africa-press.net\/senegal\/politique\/camp-militaire-de-goudiry-une-infrastructure-securitaire-strategique-selon-macky-sall#respond\"]}]},{\"@type\":\"WebPage\",\"@id\":\"https:\/\/www.africa-press.net\/senegal\/politique\/camp-militaire-de-goudiry-une-infrastructure-securitaire-strategique-selon-macky-sall\",\"url\":\"https:\/\/www.africa-press.net\/senegal\/politique\/camp-militaire-de-goudiry-une-infrastructure-securitaire-strategique-selon-macky-sall\",\"name\":\"Camp militaire de Goudiry : Une infrastructure s\u00e9curitaire strat\u00e9gique, selon Macky Sall - Senegal\",\"isPartOf\":{\"@id\":\"https:\/\/www.africa-press.net\/senegal\/#website\"},\"primaryImageOfPage\":{\"@id\":\"https:\/\/www.africa-press.net\/senegal\/politique\/camp-militaire-de-goudiry-une-infrastructure-securitaire-strategique-selon-macky-sall#primaryimage\"},\"image\":{\"@id\":\"https:\/\/www.africa-press.net\/senegal\/politique\/camp-militaire-de-goudiry-une-infrastructure-securitaire-strategique-selon-macky-sall#primaryimage\"},\"thumbnailUrl\":\"https:\/\/static.africa-press.net\/senegal\/sites\/13\/2022\/12\/postQueueImg_1672154618.63.jpg\",\"datePublished\":\"2022-12-27T18:53:22+00:00\",\"dateModified\":\"2022-12-27T19:32:15+00:00\",\"author\":{\"@id\":\"https:\/\/www.africa-press.net\/senegal\/#\/schema\/person\/2b1cf3cd81a31e3cd26889ca66d677f1\"},\"description\":\"Macky Sall est dans le Se\u0301ne\u0301gal oriental dans le cadre d\u2019une tourne\u0301e qu' il met a\u0300 profit pour inaugurer quelques infr ...\",\"breadcrumb\":{\"@id\":\"https:\/\/www.africa-press.net\/senegal\/politique\/camp-militaire-de-goudiry-une-infrastructure-securitaire-strategique-selon-macky-sall#breadcrumb\"},\"inLanguage\":\"fr-FR\",\"potentialAction\":[{\"@type\":\"ReadAction\",\"target\":[\"https:\/\/www.africa-press.net\/senegal\/politique\/camp-militaire-de-goudiry-une-infrastructure-securitaire-strategique-selon-macky-sall\"]}]},{\"@type\":\"ImageObject\",\"inLanguage\":\"fr-FR\",\"@id\":\"https:\/\/www.africa-press.net\/senegal\/politique\/camp-militaire-de-goudiry-une-infrastructure-securitaire-strategique-selon-macky-sall#primaryimage\",\"url\":\"https:\/\/static.africa-press.net\/senegal\/sites\/13\/2022\/12\/postQueueImg_1672154618.63.jpg\",\"contentUrl\":\"https:\/\/static.africa-press.net\/senegal\/sites\/13\/2022\/12\/postQueueImg_1672154618.63.jpg\",\"width\":720,\"height\":350,\"caption\":\"Camp militaire de Goudiry : Une infrastructure s\u00e9curitaire strat\u00e9gique, selon Macky Sall\"},{\"@type\":\"BreadcrumbList\",\"@id\":\"https:\/\/www.africa-press.net\/senegal\/politique\/camp-militaire-de-goudiry-une-infrastructure-securitaire-strategique-selon-macky-sall#breadcrumb\",\"itemListElement\":[{\"@type\":\"ListItem\",\"position\":1,\"name\":\"Accueil\",\"item\":\"https:\/\/www.africa-press.net\/senegal\/\"},{\"@type\":\"ListItem\",\"position\":2,\"name\":\"Camp militaire de Goudiry : Une infrastructure s\u00e9curitaire strat\u00e9gique, selon Macky Sall\"}]},{\"@type\":\"WebSite\",\"@id\":\"https:\/\/www.africa-press.net\/senegal\/#website\",\"url\":\"https:\/\/www.africa-press.net\/senegal\/\",\"name\":\"Africa Press | Senegal | Homepage\",\"description\":\"Just another Africa News Agency Sites site\",\"potentialAction\":[{\"@type\":\"SearchAction\",\"target\":{\"@type\":\"EntryPoint\",\"urlTemplate\":\"https:\/\/www.africa-press.net\/senegal\/?s={search_term_string}\"},\"query-input\":{\"@type\":\"PropertyValueSpecification\",\"valueRequired\":true,\"valueName\":\"search_term_string\"}}],\"inLanguage\":\"fr-FR\"},{\"@type\":\"Person\",\"@id\":\"https:\/\/www.africa-press.net\/senegal\/#\/schema\/person\/2b1cf3cd81a31e3cd26889ca66d677f1\",\"name\":\"cfeditorfr\",\"url\":\"https:\/\/www.africa-press.net\/senegal\/author\/cfeditorfr\"}]}<\/script>\n<!-- \/ Yoast SEO Premium plugin. -->","yoast_head_json":{"title":"Camp militaire de Goudiry : Une infrastructure s\u00e9curitaire strat\u00e9gique, selon Macky Sall - Senegal","description":"Macky Sall est dans le Se\u0301ne\u0301gal oriental dans le cadre d\u2019une tourne\u0301e qu' il met a\u0300 profit pour inaugurer quelques infr ...","robots":{"index":"index","follow":"follow","max-snippet":"max-snippet:-1","max-image-preview":"max-image-preview:large","max-video-preview":"max-video-preview:-1"},"canonical":"https:\/\/www.africa-press.net\/senegal\/politique\/camp-militaire-de-goudiry-une-infrastructure-securitaire-strategique-selon-macky-sall","og_locale":"fr_FR","og_type":"article","og_title":"Camp militaire de Goudiry : Une infrastructure s\u00e9curitaire strat\u00e9gique, selon Macky Sall","og_description":"Macky Sall est dans le Se\u0301ne\u0301gal oriental dans le cadre d\u2019une tourne\u0301e qu' il met a\u0300 profit pour inaugurer quelques infr ...","og_url":"https:\/\/www.africa-press.net\/senegal\/politique\/camp-militaire-de-goudiry-une-infrastructure-securitaire-strategique-selon-macky-sall","og_site_name":"Senegal","article_published_time":"2022-12-27T18:53:22+00:00","article_modified_time":"2022-12-27T19:32:15+00:00","og_image":[{"width":720,"height":350,"url":"https:\/\/static.africa-press.net\/senegal\/sites\/13\/2022\/12\/postQueueImg_1672154618.63.jpg","type":"image\/jpeg"}],"author":"cfeditorfr","twitter_card":"summary_large_image","twitter_misc":{"\u00c9crit par":"cfeditorfr","Dur\u00e9e de lecture estim\u00e9e":"2 minutes"},"schema":{"@context":"https:\/\/schema.org","@graph":[{"@type":"Article","@id":"https:\/\/www.africa-press.net\/senegal\/politique\/camp-militaire-de-goudiry-une-infrastructure-securitaire-strategique-selon-macky-sall#article","isPartOf":{"@id":"https:\/\/www.africa-press.net\/senegal\/politique\/camp-militaire-de-goudiry-une-infrastructure-securitaire-strategique-selon-macky-sall"},"author":{"name":"cfeditorfr","@id":"https:\/\/www.africa-press.net\/senegal\/#\/schema\/person\/2b1cf3cd81a31e3cd26889ca66d677f1"},"headline":"Camp militaire de Goudiry : Une infrastructure s\u00e9curitaire strat\u00e9gique, selon Macky Sall","datePublished":"2022-12-27T18:53:22+00:00","dateModified":"2022-12-27T19:32:15+00:00","mainEntityOfPage":{"@id":"https:\/\/www.africa-press.net\/senegal\/politique\/camp-militaire-de-goudiry-une-infrastructure-securitaire-strategique-selon-macky-sall"},"wordCount":399,"commentCount":0,"image":{"@id":"https:\/\/www.africa-press.net\/senegal\/politique\/camp-militaire-de-goudiry-une-infrastructure-securitaire-strategique-selon-macky-sall#primaryimage"},"thumbnailUrl":"https:\/\/static.africa-press.net\/senegal\/sites\/13\/2022\/12\/postQueueImg_1672154618.63.jpg","keywords":["Africa Press","Africa Press-Senegal","Senegal"],"articleSection":["Politique","Top Nouvelles","Toutes les actualit\u00e9s"],"inLanguage":"fr-FR","potentialAction":[{"@type":"CommentAction","name":"Comment","target":["https:\/\/www.africa-press.net\/senegal\/politique\/camp-militaire-de-goudiry-une-infrastructure-securitaire-strategique-selon-macky-sall#respond"]}]},{"@type":"WebPage","@id":"https:\/\/www.africa-press.net\/senegal\/politique\/camp-militaire-de-goudiry-une-infrastructure-securitaire-strategique-selon-macky-sall","url":"https:\/\/www.africa-press.net\/senegal\/politique\/camp-militaire-de-goudiry-une-infrastructure-securitaire-strategique-selon-macky-sall","name":"Camp militaire de Goudiry : Une infrastructure s\u00e9curitaire strat\u00e9gique, selon Macky Sall - Senegal","isPartOf":{"@id":"https:\/\/www.africa-press.net\/senegal\/#website"},"primaryImageOfPage":{"@id":"https:\/\/www.africa-press.net\/senegal\/politique\/camp-militaire-de-goudiry-une-infrastructure-securitaire-strategique-selon-macky-sall#primaryimage"},"image":{"@id":"https:\/\/www.africa-press.net\/senegal\/politique\/camp-militaire-de-goudiry-une-infrastructure-securitaire-strategique-selon-macky-sall#primaryimage"},"thumbnailUrl":"https:\/\/static.africa-press.net\/senegal\/sites\/13\/2022\/12\/postQueueImg_1672154618.63.jpg","datePublished":"2022-12-27T18:53:22+00:00","dateModified":"2022-12-27T19:32:15+00:00","author":{"@id":"https:\/\/www.africa-press.net\/senegal\/#\/schema\/person\/2b1cf3cd81a31e3cd26889ca66d677f1"},"description":"Macky Sall est dans le Se\u0301ne\u0301gal oriental dans le cadre d\u2019une tourne\u0301e qu' il met a\u0300 profit pour inaugurer quelques infr ...","breadcrumb":{"@id":"https:\/\/www.africa-press.net\/senegal\/politique\/camp-militaire-de-goudiry-une-infrastructure-securitaire-strategique-selon-macky-sall#breadcrumb"},"inLanguage":"fr-FR","potentialAction":[{"@type":"ReadAction","target":["https:\/\/www.africa-press.net\/senegal\/politique\/camp-militaire-de-goudiry-une-infrastructure-securitaire-strategique-selon-macky-sall"]}]},{"@type":"ImageObject","inLanguage":"fr-FR","@id":"https:\/\/www.africa-press.net\/senegal\/politique\/camp-militaire-de-goudiry-une-infrastructure-securitaire-strategique-selon-macky-sall#primaryimage","url":"https:\/\/static.africa-press.net\/senegal\/sites\/13\/2022\/12\/postQueueImg_1672154618.63.jpg","contentUrl":"https:\/\/static.africa-press.net\/senegal\/sites\/13\/2022\/12\/postQueueImg_1672154618.63.jpg","width":720,"height":350,"caption":"Camp militaire de Goudiry : Une infrastructure s\u00e9curitaire strat\u00e9gique, selon Macky Sall"},{"@type":"BreadcrumbList","@id":"https:\/\/www.africa-press.net\/senegal\/politique\/camp-militaire-de-goudiry-une-infrastructure-securitaire-strategique-selon-macky-sall#breadcrumb","itemListElement":[{"@type":"ListItem","position":1,"name":"Accueil","item":"https:\/\/www.africa-press.net\/senegal\/"},{"@type":"ListItem","position":2,"name":"Camp militaire de Goudiry : Une infrastructure s\u00e9curitaire strat\u00e9gique, selon Macky Sall"}]},{"@type":"WebSite","@id":"https:\/\/www.africa-press.net\/senegal\/#website","url":"https:\/\/www.africa-press.net\/senegal\/","name":"Africa Press | Senegal | Homepage","description":"Just another Africa News Agency Sites site","potentialAction":[{"@type":"SearchAction","target":{"@type":"EntryPoint","urlTemplate":"https:\/\/www.africa-press.net\/senegal\/?s={search_term_string}"},"query-input":{"@type":"PropertyValueSpecification","valueRequired":true,"valueName":"search_term_string"}}],"inLanguage":"fr-FR"},{"@type":"Person","@id":"https:\/\/www.africa-press.net\/senegal\/#\/schema\/person\/2b1cf3cd81a31e3cd26889ca66d677f1","name":"cfeditorfr","url":"https:\/\/www.africa-press.net\/senegal\/author\/cfeditorfr"}]}},"_links":{"self":[{"href":"https:\/\/www.africa-press.net\/senegal\/wp-json\/wp\/v2\/posts\/37261","targetHints":{"allow":["GET"]}}],"collection":[{"href":"https:\/\/www.africa-press.net\/senegal\/wp-json\/wp\/v2\/posts"}],"about":[{"href":"https:\/\/www.africa-press.net\/senegal\/wp-json\/wp\/v2\/types\/post"}],"author":[{"embeddable":true,"href":"https:\/\/www.africa-press.net\/senegal\/wp-json\/wp\/v2\/users\/82"}],"replies":[{"embeddable":true,"href":"https:\/\/www.africa-press.net\/senegal\/wp-json\/wp\/v2\/comments?post=37261"}],"version-history":[{"count":0,"href":"https:\/\/www.africa-press.net\/senegal\/wp-json\/wp\/v2\/posts\/37261\/revisions"}],"wp:featuredmedia":[{"embeddable":true,"href":"https:\/\/www.africa-press.net\/senegal\/wp-json\/wp\/v2\/media\/37260"}],"wp:attachment":[{"href":"https:\/\/www.africa-press.net\/senegal\/wp-json\/wp\/v2\/media?parent=37261"}],"wp:term":[{"taxonomy":"category","embeddable":true,"href":"https:\/\/www.africa-press.net\/senegal\/wp-json\/wp\/v2\/categories?post=37261"},{"taxonomy":"post_tag","embeddable":true,"href":"https:\/\/www.africa-press.net\/senegal\/wp-json\/wp\/v2\/tags?post=37261"}],"curies":[{"name":"wp","href":"https:\/\/api.w.org\/{rel}","templated":true}]}}