{"id":37264,"date":"2022-12-27T18:54:50","date_gmt":"2022-12-27T18:54:50","guid":{"rendered":"https:\/\/www.africa-press.net\/senegal\/politique\/mal-gouvernance-scandales-financiers-linitiative-sam-sunu-senegal-portee-sur-les-fonts-baptismaux"},"modified":"2022-12-27T19:32:56","modified_gmt":"2022-12-27T19:32:56","slug":"mal-gouvernance-scandales-financiers-linitiative-sam-sunu-senegal-portee-sur-les-fonts-baptismaux","status":"publish","type":"post","link":"https:\/\/www.africa-press.net\/senegal\/politique\/mal-gouvernance-scandales-financiers-linitiative-sam-sunu-senegal-portee-sur-les-fonts-baptismaux","title":{"rendered":"Mal gouvernance, scandales financiers : l\u2019initiative Sam Sunu S\u00e9n\u00e9gal port\u00e9e sur les fonts baptismaux"},"content":{"rendered":"<p><span style=\"color: #ff6600\"><strong>Africa-Press &#8211; Senegal. <\/strong><\/span>Constatant un climat polico-sociale tendue partout a\u0300 travers le pays, une pre\u0301carite\u0301 financie\u0300re aigue\u0308, la perte des valeurs civiques et morales, des citoyens imbus d\u2019une seule volonte\u0301 de maintenir la paix dans notre pays quelque soit la divergence, ont lance\u0301 ce dimanche 25 de\u0301cembre a\u0300 Thie\u0300s un cadre national \u0153uvrant dans ce sens.<\/p>\n<p>Selon Bassirou Seck, coordinateur de la cellule de communication de l\u2019initiative de l\u2019association, Sam Sunu Se\u0301ne\u0301gal se veut e\u0302tre claire, rien ne vaudra plus que la cohe\u0301sion sociale du pays.<\/p>\n<p>Ainsi, Sam Sunu Se\u0301ne\u0301gal qui n\u2019est ni du pouvoir ni de l\u2019opposition compte prendre son ba\u0302ton de pe\u0300lerin pour apaiser tous les foyers de tensions.<\/p>\n<p>L\u2019organisation constitue\u0301e d\u2019hommes et de femmes, de jeunes et de sages de toutes contre\u0301es du pays veut ainsi influencer positivement les politiques publiques au niveau national et locale en matie\u0300re de gouvernance, l\u2019acce\u0300s aux services sociaux de base, la justice, l\u2019acce\u0300s a\u0300 l\u2019emploi et la promotion de la paix et de la se\u0301curite\u0301.<\/p>\n<p>Justement, re\u0301unis a\u0300 Thie\u0300s autour d\u2019un forum, 200 jeunes de l\u2019association Samm Sunu Se\u0301ne\u0301gal (SSS) ont passe\u0301 en revue, les questions politiques, e\u0301conomiques qui agitent la vie nationale. Selon Bassirou Seck, les audits internationaux, les chiffres de la dette, de la de\u0301mographie et du niveau de vie, laissent apparai\u0302tre une situation de\u0301sespe\u0301re\u0301e. Un de\u0301sespoir fonde\u0301 a\u0300 ses yeux, d\u2019autant plus \u00ab des institutions pour le moins importantes, ont aujourd\u2019hui perdu toute la le\u0301gitimite\u0301 et ne semblent plus mettre en avant la justice et la vertu, favorisant du coup la violence \u00bb. Il cite le spectacle de\u0301solant, re\u0301cemment offert par la repre\u0301sentation nationale, transformant l\u2019He\u0301micycle en \u00ab ring de king boxing \u00bb.<\/p>\n<p>Il note e\u0301galement les scandales financiers re\u0301ve\u0301le\u0301s au grand jour et de fac\u0327on presque concomitante par les rapports 2021 de l\u2019Autorite\u0301 de Re\u0301gulation des Marche\u0301s Publics (ARMP) et la Cour des Comptes. Et ces faits dit-il, interviennent dans un contexte d\u2019aggravation de la situation e\u0301conomique, marque\u0301e par le cho\u0302mage des jeunes, des dysfonctionnements dans les secteurs cle\u0301s de l\u2019agriculture, l\u2019industrie, le commerce exte\u0301rieur, etc. Pendant ce temps, les paysans voient leurs rendements stagner, les terres disponibles se rare\u0301fier, le couvert ve\u0301ge\u0301tal se de\u0301grader. Et c\u2019est pourquoi d\u2019ailleurs, il indique que certains n\u2019he\u0301sitent pas a\u0300 prendre les chemins de l\u2019exode, a\u0300 la que\u0302te d\u2019un probable mis-e\u0302tre e\u0301conomique. Mais dans ce cas, le re\u0302ve se transforme souvent en cauchemar et c\u2019est ainsi qu\u2019ils sombrent dans le cho\u0302mage, avant d\u2019aller lentement mais su\u0302rement vers la de\u0301rive, car e\u0301tant coupe\u0301s de leurs attaches sociales. Pour lui, ce de\u0301clin e\u0301conomique atteint force\u0301ment les structures sociales et risquerait de de\u0301sagre\u0301ger les communaute\u0301s traditionnelles et re\u0301centes. D\u2019apre\u0300s lui, la socie\u0301te\u0301 politique a e\u0301choue\u0301 dans toutes ses expe\u0301riences de redressement et c\u2019est pourquoi la socie\u0301te\u0301 citoyenne s\u2019est re\u0301veille\u0301e, pour aller a\u0300 la recherche de ses leaders. Il regrette que certains de ces leaders ne trouvent rien de mieux a\u0300 faire que de s\u2019adonner alle\u0300grement au reniement de leurs engagements les plus solennels, a\u0300 la culture de la ruse, de la manipulation des re\u0300gles et a\u0300 l\u2019affaiblissement de\u0301libe\u0301re\u0301 des institutions. Ce qui constitue a\u0300 ses yeux, un signal de\u0301vastateur donne\u0301 aux jeunes. Mais selon lui, tout n\u2019est pas de\u0301finitivement perdu, car il y a encore des lueurs d\u2019espoir. En effet, il souligne que force est de constater que de plus en plus, les dirigeants ont pris une conscience plus nette de la situation de leur pays, des erreurs du passe\u0301es et des changements a\u0300 ope\u0301rer. \u00ab Hommes et femmes, musulmans et chre\u0301tiens, jeunes, adulte, personnes du troisie\u0300me a\u0302ge, animateurs inde\u0301pendants, experts administratifs, gestionnaires financiers, responsables politiques, nous sommes saisis dans le concret de nos activite\u0301s, tous de\u0301pouille\u0301s de nos pre\u0301juge\u0301s simplificateurs, et tous en de\u0301finitive renvoye\u0301s a\u0300 l\u2019urgence d\u2019une action nouvelle, mais intelligente et praticable \u00bb a-t-il de\u0301clare\u0301.<\/p>\n<p>C\u2019est dans ce cadre que l\u2019association Samm Sunu Se\u0301ne\u0301gal (SSS) est porte\u0301e sur les fonts baptismaux, pour se positionner en alternative cre\u0301dible des leaders politique dont \u00ab la faillite morale nourrit la violence, la peur de l\u2019avenir et la de\u0301sillusion \u00bb. En tant qu\u2019acteur du grand re\u0301veil de la responsabilite\u0301 citoyenne, elle se prescrit l\u2019ambition de promouvoir le retour a\u0300 la source. Il ajoute que les discours des religieux, mais aussi des populations, traduisent de plus en plus la prise de conscience d\u2019un ve\u0301ritable impe\u0301ratif cate\u0301gorique qui s\u2019e\u0301nonce de\u0301sormais. Il s\u2019agit de la priorite\u0301 a\u0300 la paix et a\u0300 la concorde, pour sauver le pays de la de\u0301sinte\u0301gration de son tissu social. \u00ab Ce qui se joue aujourd\u2019hui au Se\u0301ne\u0301gal, ce n\u2019est pas l\u2019avenir personnel des leaders politiques au soir de leur carrie\u0300re. Ce qui est en jeu, c\u2019est la capacite\u0301 de tous les citoyens, a\u0300 arre\u0302ter d\u2019alimenter les divisions, les fractures, les ranc\u0153urs, les envies de revanche, voire de vengeance. Cette invite jettera les bases de la fabrication d\u2019une opinion collective et un courant jeune, pour la correction de la de\u0301mocratie des partis, par une de\u0301mocratie citoyenne \u00bb a-t-il indique\u0301. Il renseigne que les interventions de l\u2019association tendent vers la mobilisation, pour influencer positivement les politiques publiques au niveau national et local, en matie\u0300re de gouvernance de l\u2019acce\u0300s aux services de base, la justice, l\u2019emploi, mais aussi la promotion de la paix et de la se\u0301curite\u0301.<\/p>\n<p><strong>Pour plus d&rsquo;informations et d&rsquo;analyses sur la <a href=\"https:\/\/www.africa-press.net\/senegal\">Senegal<\/a>, suivez <a href=\"https:\/\/www.africa-press.net\/\">Africa-Press<\/a><\/strong><\/p>\n","protected":false},"excerpt":{"rendered":"<p>Africa-Press &#8211; Senegal. Constatant un climat polico-sociale tendue partout a\u0300 travers le pays, une pre\u0301carite\u0301 financie\u0300re aigue\u0308, la perte des valeurs civiques et morales, des citoyens imbus d\u2019une seule volonte\u0301 de maintenir la paix dans notre pays quelque soit la divergence, ont lance\u0301 ce dimanche 25 de\u0301cembre a\u0300 Thie\u0300s un cadre national \u0153uvrant dans ce [&hellip;]<\/p>\n","protected":false},"author":82,"featured_media":37263,"comment_status":"open","ping_status":"closed","sticky":false,"template":"","format":"standard","meta":{"footnotes":""},"categories":[2,10],"tags":[43,47,44],"class_list":["post-37264","post","type-post","status-publish","format-standard","has-post-thumbnail","hentry","category-politique","category-toutes-les-actualites","tag-africa-press-2","tag-africa-press-senegal","tag-senegal-2"],"yoast_head":"<!-- This site is optimized with the Yoast SEO Premium plugin v26.1 (Yoast SEO v27.0) - https:\/\/yoast.com\/product\/yoast-seo-premium-wordpress\/ -->\n<title>Mal gouvernance, scandales financiers : l\u2019initiative Sam Sunu S\u00e9n\u00e9gal port\u00e9e sur les fonts baptismaux - Senegal<\/title>\n<meta name=\"description\" content=\"Constatant un climat polico-sociale tendue partout a\u0300 travers le pays, une pre\u0301carite\u0301 financie\u0300re aigue\u0308, la perte des ...\" \/>\n<meta name=\"robots\" content=\"index, follow, max-snippet:-1, max-image-preview:large, max-video-preview:-1\" \/>\n<link rel=\"canonical\" href=\"https:\/\/www.africa-press.net\/senegal\/politique\/mal-gouvernance-scandales-financiers-linitiative-sam-sunu-senegal-portee-sur-les-fonts-baptismaux\" \/>\n<meta property=\"og:locale\" content=\"fr_FR\" \/>\n<meta property=\"og:type\" content=\"article\" \/>\n<meta property=\"og:title\" content=\"Mal gouvernance, scandales financiers : l\u2019initiative Sam Sunu S\u00e9n\u00e9gal port\u00e9e sur les fonts baptismaux\" \/>\n<meta property=\"og:description\" content=\"Constatant un climat polico-sociale tendue partout a\u0300 travers le pays, une pre\u0301carite\u0301 financie\u0300re aigue\u0308, la perte des ...\" \/>\n<meta property=\"og:url\" content=\"https:\/\/www.africa-press.net\/senegal\/politique\/mal-gouvernance-scandales-financiers-linitiative-sam-sunu-senegal-portee-sur-les-fonts-baptismaux\" \/>\n<meta property=\"og:site_name\" content=\"Senegal\" \/>\n<meta property=\"article:published_time\" content=\"2022-12-27T18:54:50+00:00\" \/>\n<meta property=\"article:modified_time\" content=\"2022-12-27T19:32:56+00:00\" \/>\n<meta property=\"og:image\" content=\"https:\/\/static.africa-press.net\/senegal\/sites\/13\/2022\/12\/postQueueImg_1672154699.06.jpg\" \/>\n\t<meta property=\"og:image:width\" content=\"720\" \/>\n\t<meta property=\"og:image:height\" content=\"350\" \/>\n\t<meta property=\"og:image:type\" content=\"image\/jpeg\" \/>\n<meta name=\"author\" content=\"cfeditorfr\" \/>\n<meta name=\"twitter:card\" content=\"summary_large_image\" \/>\n<meta name=\"twitter:label1\" content=\"\u00c9crit par\" \/>\n\t<meta name=\"twitter:data1\" content=\"cfeditorfr\" \/>\n\t<meta name=\"twitter:label2\" content=\"Dur\u00e9e de lecture estim\u00e9e\" \/>\n\t<meta name=\"twitter:data2\" content=\"5 minutes\" \/>\n<script type=\"application\/ld+json\" class=\"yoast-schema-graph\">{\"@context\":\"https:\/\/schema.org\",\"@graph\":[{\"@type\":\"Article\",\"@id\":\"https:\/\/www.africa-press.net\/senegal\/politique\/mal-gouvernance-scandales-financiers-linitiative-sam-sunu-senegal-portee-sur-les-fonts-baptismaux#article\",\"isPartOf\":{\"@id\":\"https:\/\/www.africa-press.net\/senegal\/politique\/mal-gouvernance-scandales-financiers-linitiative-sam-sunu-senegal-portee-sur-les-fonts-baptismaux\"},\"author\":{\"name\":\"cfeditorfr\",\"@id\":\"https:\/\/www.africa-press.net\/senegal\/#\/schema\/person\/2b1cf3cd81a31e3cd26889ca66d677f1\"},\"headline\":\"Mal gouvernance, scandales financiers : l\u2019initiative Sam Sunu S\u00e9n\u00e9gal port\u00e9e sur les fonts baptismaux\",\"datePublished\":\"2022-12-27T18:54:50+00:00\",\"dateModified\":\"2022-12-27T19:32:56+00:00\",\"mainEntityOfPage\":{\"@id\":\"https:\/\/www.africa-press.net\/senegal\/politique\/mal-gouvernance-scandales-financiers-linitiative-sam-sunu-senegal-portee-sur-les-fonts-baptismaux\"},\"wordCount\":1047,\"commentCount\":0,\"image\":{\"@id\":\"https:\/\/www.africa-press.net\/senegal\/politique\/mal-gouvernance-scandales-financiers-linitiative-sam-sunu-senegal-portee-sur-les-fonts-baptismaux#primaryimage\"},\"thumbnailUrl\":\"https:\/\/static.africa-press.net\/senegal\/sites\/13\/2022\/12\/postQueueImg_1672154699.06.jpg\",\"keywords\":[\"Africa Press\",\"Africa Press-Senegal\",\"Senegal\"],\"articleSection\":[\"Politique\",\"Toutes les actualit\u00e9s\"],\"inLanguage\":\"fr-FR\",\"potentialAction\":[{\"@type\":\"CommentAction\",\"name\":\"Comment\",\"target\":[\"https:\/\/www.africa-press.net\/senegal\/politique\/mal-gouvernance-scandales-financiers-linitiative-sam-sunu-senegal-portee-sur-les-fonts-baptismaux#respond\"]}]},{\"@type\":\"WebPage\",\"@id\":\"https:\/\/www.africa-press.net\/senegal\/politique\/mal-gouvernance-scandales-financiers-linitiative-sam-sunu-senegal-portee-sur-les-fonts-baptismaux\",\"url\":\"https:\/\/www.africa-press.net\/senegal\/politique\/mal-gouvernance-scandales-financiers-linitiative-sam-sunu-senegal-portee-sur-les-fonts-baptismaux\",\"name\":\"Mal gouvernance, scandales financiers : l\u2019initiative Sam Sunu S\u00e9n\u00e9gal port\u00e9e sur les fonts baptismaux - Senegal\",\"isPartOf\":{\"@id\":\"https:\/\/www.africa-press.net\/senegal\/#website\"},\"primaryImageOfPage\":{\"@id\":\"https:\/\/www.africa-press.net\/senegal\/politique\/mal-gouvernance-scandales-financiers-linitiative-sam-sunu-senegal-portee-sur-les-fonts-baptismaux#primaryimage\"},\"image\":{\"@id\":\"https:\/\/www.africa-press.net\/senegal\/politique\/mal-gouvernance-scandales-financiers-linitiative-sam-sunu-senegal-portee-sur-les-fonts-baptismaux#primaryimage\"},\"thumbnailUrl\":\"https:\/\/static.africa-press.net\/senegal\/sites\/13\/2022\/12\/postQueueImg_1672154699.06.jpg\",\"datePublished\":\"2022-12-27T18:54:50+00:00\",\"dateModified\":\"2022-12-27T19:32:56+00:00\",\"author\":{\"@id\":\"https:\/\/www.africa-press.net\/senegal\/#\/schema\/person\/2b1cf3cd81a31e3cd26889ca66d677f1\"},\"description\":\"Constatant un climat polico-sociale tendue partout a\u0300 travers le pays, une pre\u0301carite\u0301 financie\u0300re aigue\u0308, la perte des ...\",\"breadcrumb\":{\"@id\":\"https:\/\/www.africa-press.net\/senegal\/politique\/mal-gouvernance-scandales-financiers-linitiative-sam-sunu-senegal-portee-sur-les-fonts-baptismaux#breadcrumb\"},\"inLanguage\":\"fr-FR\",\"potentialAction\":[{\"@type\":\"ReadAction\",\"target\":[\"https:\/\/www.africa-press.net\/senegal\/politique\/mal-gouvernance-scandales-financiers-linitiative-sam-sunu-senegal-portee-sur-les-fonts-baptismaux\"]}]},{\"@type\":\"ImageObject\",\"inLanguage\":\"fr-FR\",\"@id\":\"https:\/\/www.africa-press.net\/senegal\/politique\/mal-gouvernance-scandales-financiers-linitiative-sam-sunu-senegal-portee-sur-les-fonts-baptismaux#primaryimage\",\"url\":\"https:\/\/static.africa-press.net\/senegal\/sites\/13\/2022\/12\/postQueueImg_1672154699.06.jpg\",\"contentUrl\":\"https:\/\/static.africa-press.net\/senegal\/sites\/13\/2022\/12\/postQueueImg_1672154699.06.jpg\",\"width\":720,\"height\":350,\"caption\":\"Mal gouvernance, scandales financiers : l\u2019initiative Sam Sunu S\u00e9n\u00e9gal port\u00e9e sur les fonts baptismaux\"},{\"@type\":\"BreadcrumbList\",\"@id\":\"https:\/\/www.africa-press.net\/senegal\/politique\/mal-gouvernance-scandales-financiers-linitiative-sam-sunu-senegal-portee-sur-les-fonts-baptismaux#breadcrumb\",\"itemListElement\":[{\"@type\":\"ListItem\",\"position\":1,\"name\":\"Accueil\",\"item\":\"https:\/\/www.africa-press.net\/senegal\/\"},{\"@type\":\"ListItem\",\"position\":2,\"name\":\"Mal gouvernance, scandales financiers : l\u2019initiative Sam Sunu S\u00e9n\u00e9gal port\u00e9e sur les fonts baptismaux\"}]},{\"@type\":\"WebSite\",\"@id\":\"https:\/\/www.africa-press.net\/senegal\/#website\",\"url\":\"https:\/\/www.africa-press.net\/senegal\/\",\"name\":\"Africa Press | Senegal | Homepage\",\"description\":\"Just another Africa News Agency Sites site\",\"potentialAction\":[{\"@type\":\"SearchAction\",\"target\":{\"@type\":\"EntryPoint\",\"urlTemplate\":\"https:\/\/www.africa-press.net\/senegal\/?s={search_term_string}\"},\"query-input\":{\"@type\":\"PropertyValueSpecification\",\"valueRequired\":true,\"valueName\":\"search_term_string\"}}],\"inLanguage\":\"fr-FR\"},{\"@type\":\"Person\",\"@id\":\"https:\/\/www.africa-press.net\/senegal\/#\/schema\/person\/2b1cf3cd81a31e3cd26889ca66d677f1\",\"name\":\"cfeditorfr\",\"url\":\"https:\/\/www.africa-press.net\/senegal\/author\/cfeditorfr\"}]}<\/script>\n<!-- \/ Yoast SEO Premium plugin. -->","yoast_head_json":{"title":"Mal gouvernance, scandales financiers : l\u2019initiative Sam Sunu S\u00e9n\u00e9gal port\u00e9e sur les fonts baptismaux - Senegal","description":"Constatant un climat polico-sociale tendue partout a\u0300 travers le pays, une pre\u0301carite\u0301 financie\u0300re aigue\u0308, la perte des ...","robots":{"index":"index","follow":"follow","max-snippet":"max-snippet:-1","max-image-preview":"max-image-preview:large","max-video-preview":"max-video-preview:-1"},"canonical":"https:\/\/www.africa-press.net\/senegal\/politique\/mal-gouvernance-scandales-financiers-linitiative-sam-sunu-senegal-portee-sur-les-fonts-baptismaux","og_locale":"fr_FR","og_type":"article","og_title":"Mal gouvernance, scandales financiers : l\u2019initiative Sam Sunu S\u00e9n\u00e9gal port\u00e9e sur les fonts baptismaux","og_description":"Constatant un climat polico-sociale tendue partout a\u0300 travers le pays, une pre\u0301carite\u0301 financie\u0300re aigue\u0308, la perte des ...","og_url":"https:\/\/www.africa-press.net\/senegal\/politique\/mal-gouvernance-scandales-financiers-linitiative-sam-sunu-senegal-portee-sur-les-fonts-baptismaux","og_site_name":"Senegal","article_published_time":"2022-12-27T18:54:50+00:00","article_modified_time":"2022-12-27T19:32:56+00:00","og_image":[{"width":720,"height":350,"url":"https:\/\/static.africa-press.net\/senegal\/sites\/13\/2022\/12\/postQueueImg_1672154699.06.jpg","type":"image\/jpeg"}],"author":"cfeditorfr","twitter_card":"summary_large_image","twitter_misc":{"\u00c9crit par":"cfeditorfr","Dur\u00e9e de lecture estim\u00e9e":"5 minutes"},"schema":{"@context":"https:\/\/schema.org","@graph":[{"@type":"Article","@id":"https:\/\/www.africa-press.net\/senegal\/politique\/mal-gouvernance-scandales-financiers-linitiative-sam-sunu-senegal-portee-sur-les-fonts-baptismaux#article","isPartOf":{"@id":"https:\/\/www.africa-press.net\/senegal\/politique\/mal-gouvernance-scandales-financiers-linitiative-sam-sunu-senegal-portee-sur-les-fonts-baptismaux"},"author":{"name":"cfeditorfr","@id":"https:\/\/www.africa-press.net\/senegal\/#\/schema\/person\/2b1cf3cd81a31e3cd26889ca66d677f1"},"headline":"Mal gouvernance, scandales financiers : l\u2019initiative Sam Sunu S\u00e9n\u00e9gal port\u00e9e sur les fonts baptismaux","datePublished":"2022-12-27T18:54:50+00:00","dateModified":"2022-12-27T19:32:56+00:00","mainEntityOfPage":{"@id":"https:\/\/www.africa-press.net\/senegal\/politique\/mal-gouvernance-scandales-financiers-linitiative-sam-sunu-senegal-portee-sur-les-fonts-baptismaux"},"wordCount":1047,"commentCount":0,"image":{"@id":"https:\/\/www.africa-press.net\/senegal\/politique\/mal-gouvernance-scandales-financiers-linitiative-sam-sunu-senegal-portee-sur-les-fonts-baptismaux#primaryimage"},"thumbnailUrl":"https:\/\/static.africa-press.net\/senegal\/sites\/13\/2022\/12\/postQueueImg_1672154699.06.jpg","keywords":["Africa Press","Africa Press-Senegal","Senegal"],"articleSection":["Politique","Toutes les actualit\u00e9s"],"inLanguage":"fr-FR","potentialAction":[{"@type":"CommentAction","name":"Comment","target":["https:\/\/www.africa-press.net\/senegal\/politique\/mal-gouvernance-scandales-financiers-linitiative-sam-sunu-senegal-portee-sur-les-fonts-baptismaux#respond"]}]},{"@type":"WebPage","@id":"https:\/\/www.africa-press.net\/senegal\/politique\/mal-gouvernance-scandales-financiers-linitiative-sam-sunu-senegal-portee-sur-les-fonts-baptismaux","url":"https:\/\/www.africa-press.net\/senegal\/politique\/mal-gouvernance-scandales-financiers-linitiative-sam-sunu-senegal-portee-sur-les-fonts-baptismaux","name":"Mal gouvernance, scandales financiers : l\u2019initiative Sam Sunu S\u00e9n\u00e9gal port\u00e9e sur les fonts baptismaux - Senegal","isPartOf":{"@id":"https:\/\/www.africa-press.net\/senegal\/#website"},"primaryImageOfPage":{"@id":"https:\/\/www.africa-press.net\/senegal\/politique\/mal-gouvernance-scandales-financiers-linitiative-sam-sunu-senegal-portee-sur-les-fonts-baptismaux#primaryimage"},"image":{"@id":"https:\/\/www.africa-press.net\/senegal\/politique\/mal-gouvernance-scandales-financiers-linitiative-sam-sunu-senegal-portee-sur-les-fonts-baptismaux#primaryimage"},"thumbnailUrl":"https:\/\/static.africa-press.net\/senegal\/sites\/13\/2022\/12\/postQueueImg_1672154699.06.jpg","datePublished":"2022-12-27T18:54:50+00:00","dateModified":"2022-12-27T19:32:56+00:00","author":{"@id":"https:\/\/www.africa-press.net\/senegal\/#\/schema\/person\/2b1cf3cd81a31e3cd26889ca66d677f1"},"description":"Constatant un climat polico-sociale tendue partout a\u0300 travers le pays, une pre\u0301carite\u0301 financie\u0300re aigue\u0308, la perte des ...","breadcrumb":{"@id":"https:\/\/www.africa-press.net\/senegal\/politique\/mal-gouvernance-scandales-financiers-linitiative-sam-sunu-senegal-portee-sur-les-fonts-baptismaux#breadcrumb"},"inLanguage":"fr-FR","potentialAction":[{"@type":"ReadAction","target":["https:\/\/www.africa-press.net\/senegal\/politique\/mal-gouvernance-scandales-financiers-linitiative-sam-sunu-senegal-portee-sur-les-fonts-baptismaux"]}]},{"@type":"ImageObject","inLanguage":"fr-FR","@id":"https:\/\/www.africa-press.net\/senegal\/politique\/mal-gouvernance-scandales-financiers-linitiative-sam-sunu-senegal-portee-sur-les-fonts-baptismaux#primaryimage","url":"https:\/\/static.africa-press.net\/senegal\/sites\/13\/2022\/12\/postQueueImg_1672154699.06.jpg","contentUrl":"https:\/\/static.africa-press.net\/senegal\/sites\/13\/2022\/12\/postQueueImg_1672154699.06.jpg","width":720,"height":350,"caption":"Mal gouvernance, scandales financiers : l\u2019initiative Sam Sunu S\u00e9n\u00e9gal port\u00e9e sur les fonts baptismaux"},{"@type":"BreadcrumbList","@id":"https:\/\/www.africa-press.net\/senegal\/politique\/mal-gouvernance-scandales-financiers-linitiative-sam-sunu-senegal-portee-sur-les-fonts-baptismaux#breadcrumb","itemListElement":[{"@type":"ListItem","position":1,"name":"Accueil","item":"https:\/\/www.africa-press.net\/senegal\/"},{"@type":"ListItem","position":2,"name":"Mal gouvernance, scandales financiers : l\u2019initiative Sam Sunu S\u00e9n\u00e9gal port\u00e9e sur les fonts baptismaux"}]},{"@type":"WebSite","@id":"https:\/\/www.africa-press.net\/senegal\/#website","url":"https:\/\/www.africa-press.net\/senegal\/","name":"Africa Press | Senegal | Homepage","description":"Just another Africa News Agency Sites site","potentialAction":[{"@type":"SearchAction","target":{"@type":"EntryPoint","urlTemplate":"https:\/\/www.africa-press.net\/senegal\/?s={search_term_string}"},"query-input":{"@type":"PropertyValueSpecification","valueRequired":true,"valueName":"search_term_string"}}],"inLanguage":"fr-FR"},{"@type":"Person","@id":"https:\/\/www.africa-press.net\/senegal\/#\/schema\/person\/2b1cf3cd81a31e3cd26889ca66d677f1","name":"cfeditorfr","url":"https:\/\/www.africa-press.net\/senegal\/author\/cfeditorfr"}]}},"_links":{"self":[{"href":"https:\/\/www.africa-press.net\/senegal\/wp-json\/wp\/v2\/posts\/37264","targetHints":{"allow":["GET"]}}],"collection":[{"href":"https:\/\/www.africa-press.net\/senegal\/wp-json\/wp\/v2\/posts"}],"about":[{"href":"https:\/\/www.africa-press.net\/senegal\/wp-json\/wp\/v2\/types\/post"}],"author":[{"embeddable":true,"href":"https:\/\/www.africa-press.net\/senegal\/wp-json\/wp\/v2\/users\/82"}],"replies":[{"embeddable":true,"href":"https:\/\/www.africa-press.net\/senegal\/wp-json\/wp\/v2\/comments?post=37264"}],"version-history":[{"count":0,"href":"https:\/\/www.africa-press.net\/senegal\/wp-json\/wp\/v2\/posts\/37264\/revisions"}],"wp:featuredmedia":[{"embeddable":true,"href":"https:\/\/www.africa-press.net\/senegal\/wp-json\/wp\/v2\/media\/37263"}],"wp:attachment":[{"href":"https:\/\/www.africa-press.net\/senegal\/wp-json\/wp\/v2\/media?parent=37264"}],"wp:term":[{"taxonomy":"category","embeddable":true,"href":"https:\/\/www.africa-press.net\/senegal\/wp-json\/wp\/v2\/categories?post=37264"},{"taxonomy":"post_tag","embeddable":true,"href":"https:\/\/www.africa-press.net\/senegal\/wp-json\/wp\/v2\/tags?post=37264"}],"curies":[{"name":"wp","href":"https:\/\/api.w.org\/{rel}","templated":true}]}}